{"id":9961,"date":"2018-12-14T11:00:20","date_gmt":"2018-12-14T14:00:20","guid":{"rendered":"http:\/\/www.mundoagropecuario.cl\/new\/?p=9961"},"modified":"2018-12-14T11:00:20","modified_gmt":"2018-12-14T14:00:20","slug":"cuenta-publica-de-asoex-pone-enfasis-en-los-desafios-futuros-para-la-industria-chilena-de-la-fruta-de-exportacion","status":"publish","type":"post","link":"https:\/\/www.mundoagropecuario.cl\/new\/cuenta-publica-de-asoex-pone-enfasis-en-los-desafios-futuros-para-la-industria-chilena-de-la-fruta-de-exportacion\/","title":{"rendered":"Cuenta P\u00fablica de ASOEX pone \u00e9nfasis en los desaf\u00edos futuros para la industria chilena de la fruta de exportaci\u00f3n"},"content":{"rendered":"<blockquote><p><em>En su tercera cuenta p\u00fablica, la Asociaci\u00f3n de Exportadores de Frutas de Chile, ASOEX, expuso los principales logros, actividades y desaf\u00edos del sector exportador frut\u00edcola. Ronald Bown, presidente del gremio, lament\u00f3 que en las diversas iniciativas legales de los \u00faltimos a\u00f1os, no se haya considerado la realidad del sector frut\u00edcola, como tampoco que se tenga una soluci\u00f3n definitiva a los sucesivos paros portuarios (Mundo Agropecuario).<\/em><\/p><\/blockquote>\n<p>Ante autoridades de Gobierno, asociados y personas vinculadas al sector frut\u00edcola nacional, la Asociaci\u00f3n de Exportadores de Frutas de Chile, ASOEX, realiz\u00f3 su tercera Cuenta P\u00fablica y dio cuenta de todas las actividades, logros y desaf\u00edos de la organizaci\u00f3n.<\/p>\n<p>La actividad se realiz\u00f3 en Casa Piedra y cont\u00f3 con la presencia del subsecretario de Agricultura, Alfonso Vargas; el subdirector del SAG,\u00a0 \u00d3scar Camacho; el director de INDAP, Carlos Recondo, adem\u00e1s de Jorge Valenzuela, Presidente de Fedefruta; Lina Arrieta, Presidenta de APECO; Francisco Letelier, Presidente de FDF; Rodrigo L\u00f3pez, Gerente General de OTIC- Agrocap; Carlos Descouvieres, Gerente de Desarrollo de Chilealimentos, y Rodrigo Mu\u00f1oz, secretario de la Mesa Frut\u00edcola, entre otros representantes de gobierno, entidades diplom\u00e1ticas, gremiales y empresas privadas. Adem\u00e1s, del Presidente de ASOEX, Ronald Bown y el gerente general de la entidad, Miguel Canala-Echeverr\u00eda.<\/p>\n<p>En su cuenta, Ronald Bown, destac\u00f3 el rol que cumple el gremio en la administraci\u00f3n de los convenios fitosanitarios internacionales, y en la permanente colaboraci\u00f3n en la apertura, mantenci\u00f3n y defensa de los mercados internacional. Asimismo, destac\u00f3 que en los \u00faltimos a\u00f1os, se han realizado 15 campa\u00f1as de promoci\u00f3n en diferentes mercados, \u201ccon el objetivo de fortalecer el posicionamiento de Chile como proveedor confiable de fruta fresca para el mundo y aumentar la demanda de nuestros productos en el momento exacto en que est\u00e1n disponibles en los mercado internacionales\u201d.<\/p>\n<p><strong>Desaf\u00edos futuros<\/strong><\/p>\n<p>Sin embargo, en la Cuenta P\u00fablica adem\u00e1s de detallar cada logro, y actividades, donde ha sido parte o ha promovido el gremio exportador frut\u00edcola, Ronald Bown puso especial \u00e9nfasis en los temas futuros que ocupan al gremio, se\u00f1alando por ejemplo, que pese al apoyo a la Ley de Aguas recientemente aprobada, han planteado que algunos temas deben ser objeto de mayor an\u00e1lisis, discusi\u00f3n y clarificaci\u00f3n, para generar mayor certeza jur\u00eddica.<\/p>\n<p>Lo anterior, porque de aprobarse el actual proyecto, \u201cimplicar\u00e1 la creaci\u00f3n de dos agriculturas, una con derechos permanentes y otra con derechos temporales, afectando principalmente el desarrollo agr\u00edcola del sur del pa\u00eds, porque en la zona central la gran mayor\u00eda ya est\u00e1n asignados\u201d, asegur\u00f3 Bown, quien enfatiz\u00f3 que lo anterior es una clara discriminaci\u00f3n y provocar\u00eda un efecto negativo hacia posibles inversiones en el sur, hacia donde se est\u00e1 moviendo la fruticultura nacional.<\/p>\n<p>Otro tema legislativo que est\u00e1 en la agenda de la ASOEX, es el Estatuto del Trabajador Agr\u00edcola de Temporada, destacando la diferencia del sector agr\u00edcola con otros sectores productivos, lo cual justifica que la legislaci\u00f3n laboral sea modificada.<\/p>\n<p>Ronald Bown, lament\u00f3 que en las diversas iniciativas legales de los \u00faltimos a\u00f1os, no se haya considerado la realidad del sector frut\u00edcola, \u201csiendo leyes que definitivamente s\u00f3lo consideran la situaci\u00f3n urbana de nuestro pa\u00eds\u201d.<\/p>\n<p>En este sentido, insisti\u00f3 en que la ley, que entra en vigencia el 1\u00ba de enero pr\u00f3ximo, en lo relativo al contrato por obra o faena, contempla modificaciones que provocar\u00e1n incertidumbres jur\u00eddicas y decisiones contradictorias. \u201cLa ley no fija criterios objetivos para la calificaci\u00f3n de contratos por obra o faena\u201d, asegur\u00f3 Bown, agregando que se debe evitar la creaci\u00f3n de conflictos artificiales, por lo que es primordial tener absoluta claridad.<\/p>\n<p>En relaci\u00f3n a la ley de inclusi\u00f3n laboral, Bown expuso que a\u00fan existen dudas sobre c\u00f3mo se realiza el c\u00e1lculo del 1% de discapacitados en empresa sobre 200 trabajadores. \u201cNos parece preocupante que la ley no establezca diferencia entre trabajadores permanentes y temporales para realizar el c\u00e1lculo\u201d, concluy\u00f3.<\/p>\n<p>Bown, tambi\u00e9n aprovech\u00f3 la instancia de la Cuenta P\u00fablica para se\u00f1alar que el pa\u00eds requiere una nueva y moderna pol\u00edtica migratoria. \u201cEs un hecho claro que una gran cantidad de inmigrantes ha llegado a desarrollar sus expectativas en el campo, por lo que siendo realistas, la limitaci\u00f3n a contratar solo el 15% de trabajadores extranjeros produce una limitaci\u00f3n real y un conflicto que debe solucionarse a trav\u00e9s de la modificaci\u00f3n de dicha restricci\u00f3n\u201d, estim\u00f3.<\/p>\n<p><strong>Promoci\u00f3n y Resguardo Fitosanitario <\/strong><\/p>\n<p>En este \u00e1mbito, el presidente de ASOEX, se\u00f1al\u00f3 que es fundamental incrementar esfuerzos y recursos en imagen pa\u00eds, y en la promoci\u00f3n de los productos nacionales. Lo anterior, adem\u00e1s de requerir mayores recursos por parte del Estado, tambi\u00e9n obliga a una mayor coordinaci\u00f3n del sector privado con todas las instancias p\u00fablicas.<\/p>\n<p>En relaci\u00f3n a preservar la fitosanidad, Bown enfatiz\u00f3 que es un aspecto estrat\u00e9gico para la sustentabilidad de la industria frut\u00edcola exportadora, porque \u201cya no somos la otrora denominada isla fitosanitaria\u201d, por lo que han propuesto al Gobierno fortalecer la gesti\u00f3n en este \u00e1mbito avanzando en un innovador modelo de colaboraci\u00f3n p\u00fablico-privado, donde se sumen los aportes p\u00fablicos y privados, para realizar un trabajo de mayor envergadura y dinamismo, y esperan que la implementaci\u00f3n sea en el corto plazo.<\/p>\n<p>En este mismo aspecto, Bown se\u00f1al\u00f3 la relevancia de que los controles fronterizos cuenten con el equipamiento y los profesionales para ejercer un buen control que evite el ingreso de plagas, que no est\u00e1n presentes en Chile. haciendo hincapi\u00e9 en el paso Pehuenche que no cuenta con la infraestructura.<\/p>\n<p><strong>Econom\u00eda mundial y paro portuario<\/strong><\/p>\n<p>Para concluir, Bown remarc\u00f3 la necesidad de visualizar los efectos que producir\u00e1n las proyecciones econ\u00f3micas a nivel mundial en lo que respecta a la mecanizaci\u00f3n, rob\u00f3tica y uso de inteligencia artificial.<\/p>\n<p>Asimismo, en relaci\u00f3n al paro portuario, asegur\u00f3 que en los \u00faltimos 20 a\u00f1os, la no soluci\u00f3n concreta y permanente a una actividad de relevancia para el comercio exterior ha significado millones de d\u00f3lares de p\u00e9rdida para el sector. \u201cEsta situaci\u00f3n requiere de algo que hemos preconizado, solicitado e implorado en los \u00faltimos 20 a\u00f1os, y que cada Gobierno ha postergado en forma innecesaria\u201d, asegur\u00f3 el dirigente. \u201cVan a continuar los problemas con nuestros puertos si es que no abordamos la elaboraci\u00f3n de una ley larga de puertos que considere dos fundamentos elementales. Primero la definici\u00f3n de responsabilidades claras para cada actor, as\u00ed como sanciones ejemplares respecto de su no cumplimiento. Y en segundo lugar, un trato equitativo respecto de cada uno de sus componentes: concesionarios, trabajadores y Estado\u201d. A lo anterior, sum\u00f3 la necesidad de contar con un sistema de soluci\u00f3n de controversias aceptado por las partes.<\/p>\n<p>Finalmente, Bown asegur\u00f3 que les preocupa la situaci\u00f3n de solidez econ\u00f3mica actual del pa\u00eds, la que debe estar aparejado con el nivel de optimismo que deben reflejar todos respecto del futuro.<\/p>\n<p>&nbsp;<\/p>\n<p>&nbsp;<\/p>\n<p>&nbsp;<\/p>\n","protected":false},"excerpt":{"rendered":"<p>En su tercera cuenta p\u00fablica, la Asociaci\u00f3n de Exportadores de Frutas de Chile, ASOEX, expuso los principales logros, actividades y desaf\u00edos del sector exportador frut\u00edcola. Ronald Bown, presidente del gremio,&#8230;<\/p>\n","protected":false},"author":3,"featured_media":9962,"comment_status":"closed","ping_status":"closed","sticky":false,"template":"","format":"standard","meta":{"footnotes":""},"categories":[404],"tags":[2177,2715],"class_list":["post-9961","post","type-post","status-publish","format-standard","has-post-thumbnail","hentry","category-titular-2","tag-asoex","tag-ronald-bown"],"yoast_head":"<!-- This site is optimized with the Yoast SEO plugin v26.6 - https:\/\/yoast.com\/wordpress\/plugins\/seo\/ -->\n<title>Cuenta P\u00fablica de ASOEX pone \u00e9nfasis en los desaf\u00edos futuros para la industria chilena de la fruta de exportaci\u00f3n - Mundoagropecuario<\/title>\n<meta name=\"robots\" content=\"index, follow, max-snippet:-1, max-image-preview:large, max-video-preview:-1\" \/>\n<link rel=\"canonical\" href=\"https:\/\/www.mundoagropecuario.cl\/new\/cuenta-publica-de-asoex-pone-enfasis-en-los-desafios-futuros-para-la-industria-chilena-de-la-fruta-de-exportacion\/\" \/>\n<meta property=\"og:locale\" content=\"es_ES\" \/>\n<meta property=\"og:type\" content=\"article\" \/>\n<meta property=\"og:title\" content=\"Cuenta P\u00fablica de ASOEX pone \u00e9nfasis en los desaf\u00edos futuros para la industria chilena de la fruta de exportaci\u00f3n - Mundoagropecuario\" \/>\n<meta property=\"og:description\" content=\"En su tercera cuenta p\u00fablica, la Asociaci\u00f3n de Exportadores de Frutas de Chile, ASOEX, expuso los principales logros, actividades y desaf\u00edos del sector exportador frut\u00edcola. Ronald Bown, presidente del gremio,...\" \/>\n<meta property=\"og:url\" content=\"https:\/\/www.mundoagropecuario.cl\/new\/cuenta-publica-de-asoex-pone-enfasis-en-los-desafios-futuros-para-la-industria-chilena-de-la-fruta-de-exportacion\/\" \/>\n<meta property=\"og:site_name\" content=\"Mundoagropecuario\" \/>\n<meta property=\"article:publisher\" content=\"https:\/\/www.facebook.com\/mundo.agropecuario.3\" \/>\n<meta property=\"article:published_time\" content=\"2018-12-14T14:00:20+00:00\" \/>\n<meta property=\"og:image\" content=\"https:\/\/www.mundoagropecuario.cl\/new\/wp-content\/uploads\/2018\/12\/asoex.jpg\" \/>\n\t<meta property=\"og:image:width\" content=\"896\" \/>\n\t<meta property=\"og:image:height\" content=\"672\" \/>\n\t<meta property=\"og:image:type\" content=\"image\/jpeg\" \/>\n<meta name=\"author\" content=\"periodista\" \/>\n<meta name=\"twitter:card\" content=\"summary_large_image\" \/>\n<meta name=\"twitter:creator\" content=\"@MundoAgropecuar\" \/>\n<meta name=\"twitter:site\" content=\"@MundoAgropecuar\" \/>\n<meta name=\"twitter:label1\" content=\"Escrito por\" \/>\n\t<meta name=\"twitter:data1\" content=\"periodista\" \/>\n\t<meta name=\"twitter:label2\" content=\"Tiempo de lectura\" \/>\n\t<meta name=\"twitter:data2\" content=\"6 minutos\" \/>\n<script type=\"application\/ld+json\" class=\"yoast-schema-graph\">{\"@context\":\"https:\/\/schema.org\",\"@graph\":[{\"@type\":\"Article\",\"@id\":\"https:\/\/www.mundoagropecuario.cl\/new\/cuenta-publica-de-asoex-pone-enfasis-en-los-desafios-futuros-para-la-industria-chilena-de-la-fruta-de-exportacion\/#article\",\"isPartOf\":{\"@id\":\"https:\/\/www.mundoagropecuario.cl\/new\/cuenta-publica-de-asoex-pone-enfasis-en-los-desafios-futuros-para-la-industria-chilena-de-la-fruta-de-exportacion\/\"},\"author\":{\"name\":\"periodista\",\"@id\":\"https:\/\/www.mundoagropecuario.cl\/new\/#\/schema\/person\/0c221050801c74e45256a7a9a1ff0803\"},\"headline\":\"Cuenta P\u00fablica de ASOEX pone \u00e9nfasis en los desaf\u00edos futuros para la industria chilena de la fruta de exportaci\u00f3n\",\"datePublished\":\"2018-12-14T14:00:20+00:00\",\"mainEntityOfPage\":{\"@id\":\"https:\/\/www.mundoagropecuario.cl\/new\/cuenta-publica-de-asoex-pone-enfasis-en-los-desafios-futuros-para-la-industria-chilena-de-la-fruta-de-exportacion\/\"},\"wordCount\":1219,\"publisher\":{\"@id\":\"https:\/\/www.mundoagropecuario.cl\/new\/#organization\"},\"image\":{\"@id\":\"https:\/\/www.mundoagropecuario.cl\/new\/cuenta-publica-de-asoex-pone-enfasis-en-los-desafios-futuros-para-la-industria-chilena-de-la-fruta-de-exportacion\/#primaryimage\"},\"thumbnailUrl\":\"https:\/\/www.mundoagropecuario.cl\/new\/wp-content\/uploads\/2018\/12\/asoex.jpg\",\"keywords\":[\"Asoex\",\"Ronald Bown\"],\"articleSection\":[\"Titular 2\"],\"inLanguage\":\"es\"},{\"@type\":\"WebPage\",\"@id\":\"https:\/\/www.mundoagropecuario.cl\/new\/cuenta-publica-de-asoex-pone-enfasis-en-los-desafios-futuros-para-la-industria-chilena-de-la-fruta-de-exportacion\/\",\"url\":\"https:\/\/www.mundoagropecuario.cl\/new\/cuenta-publica-de-asoex-pone-enfasis-en-los-desafios-futuros-para-la-industria-chilena-de-la-fruta-de-exportacion\/\",\"name\":\"Cuenta P\u00fablica de ASOEX pone \u00e9nfasis en los desaf\u00edos futuros para la industria chilena de la fruta de exportaci\u00f3n - Mundoagropecuario\",\"isPartOf\":{\"@id\":\"https:\/\/www.mundoagropecuario.cl\/new\/#website\"},\"primaryImageOfPage\":{\"@id\":\"https:\/\/www.mundoagropecuario.cl\/new\/cuenta-publica-de-asoex-pone-enfasis-en-los-desafios-futuros-para-la-industria-chilena-de-la-fruta-de-exportacion\/#primaryimage\"},\"image\":{\"@id\":\"https:\/\/www.mundoagropecuario.cl\/new\/cuenta-publica-de-asoex-pone-enfasis-en-los-desafios-futuros-para-la-industria-chilena-de-la-fruta-de-exportacion\/#primaryimage\"},\"thumbnailUrl\":\"https:\/\/www.mundoagropecuario.cl\/new\/wp-content\/uploads\/2018\/12\/asoex.jpg\",\"datePublished\":\"2018-12-14T14:00:20+00:00\",\"breadcrumb\":{\"@id\":\"https:\/\/www.mundoagropecuario.cl\/new\/cuenta-publica-de-asoex-pone-enfasis-en-los-desafios-futuros-para-la-industria-chilena-de-la-fruta-de-exportacion\/#breadcrumb\"},\"inLanguage\":\"es\",\"potentialAction\":[{\"@type\":\"ReadAction\",\"target\":[\"https:\/\/www.mundoagropecuario.cl\/new\/cuenta-publica-de-asoex-pone-enfasis-en-los-desafios-futuros-para-la-industria-chilena-de-la-fruta-de-exportacion\/\"]}]},{\"@type\":\"ImageObject\",\"inLanguage\":\"es\",\"@id\":\"https:\/\/www.mundoagropecuario.cl\/new\/cuenta-publica-de-asoex-pone-enfasis-en-los-desafios-futuros-para-la-industria-chilena-de-la-fruta-de-exportacion\/#primaryimage\",\"url\":\"https:\/\/www.mundoagropecuario.cl\/new\/wp-content\/uploads\/2018\/12\/asoex.jpg\",\"contentUrl\":\"https:\/\/www.mundoagropecuario.cl\/new\/wp-content\/uploads\/2018\/12\/asoex.jpg\",\"width\":533,\"height\":400},{\"@type\":\"BreadcrumbList\",\"@id\":\"https:\/\/www.mundoagropecuario.cl\/new\/cuenta-publica-de-asoex-pone-enfasis-en-los-desafios-futuros-para-la-industria-chilena-de-la-fruta-de-exportacion\/#breadcrumb\",\"itemListElement\":[{\"@type\":\"ListItem\",\"position\":1,\"name\":\"Portada\",\"item\":\"https:\/\/www.mundoagropecuario.cl\/new\/\"},{\"@type\":\"ListItem\",\"position\":2,\"name\":\"Cuenta P\u00fablica de ASOEX pone \u00e9nfasis en los desaf\u00edos futuros para la industria chilena de la fruta de exportaci\u00f3n\"}]},{\"@type\":\"WebSite\",\"@id\":\"https:\/\/www.mundoagropecuario.cl\/new\/#website\",\"url\":\"https:\/\/www.mundoagropecuario.cl\/new\/\",\"name\":\"Mundoagropecuario\",\"description\":\"Mundo Agropecuario\",\"publisher\":{\"@id\":\"https:\/\/www.mundoagropecuario.cl\/new\/#organization\"},\"potentialAction\":[{\"@type\":\"SearchAction\",\"target\":{\"@type\":\"EntryPoint\",\"urlTemplate\":\"https:\/\/www.mundoagropecuario.cl\/new\/?s={search_term_string}\"},\"query-input\":{\"@type\":\"PropertyValueSpecification\",\"valueRequired\":true,\"valueName\":\"search_term_string\"}}],\"inLanguage\":\"es\"},{\"@type\":\"Organization\",\"@id\":\"https:\/\/www.mundoagropecuario.cl\/new\/#organization\",\"name\":\"Revista de Agricultura\",\"url\":\"https:\/\/www.mundoagropecuario.cl\/new\/\",\"logo\":{\"@type\":\"ImageObject\",\"inLanguage\":\"es\",\"@id\":\"https:\/\/www.mundoagropecuario.cl\/new\/#\/schema\/logo\/image\/\",\"url\":\"https:\/\/www.mundoagropecuario.cl\/new\/wp-content\/uploads\/2020\/11\/PORTAL-1-1.png\",\"contentUrl\":\"https:\/\/www.mundoagropecuario.cl\/new\/wp-content\/uploads\/2020\/11\/PORTAL-1-1.png\",\"width\":1026,\"height\":100,\"caption\":\"Revista de Agricultura\"},\"image\":{\"@id\":\"https:\/\/www.mundoagropecuario.cl\/new\/#\/schema\/logo\/image\/\"},\"sameAs\":[\"https:\/\/www.facebook.com\/mundo.agropecuario.3\",\"https:\/\/x.com\/MundoAgropecuar\",\"https:\/\/www.linkedin.com\/in\/mundo-agropecuario-934009201\/\"]},{\"@type\":\"Person\",\"@id\":\"https:\/\/www.mundoagropecuario.cl\/new\/#\/schema\/person\/0c221050801c74e45256a7a9a1ff0803\",\"name\":\"periodista\",\"url\":\"https:\/\/www.mundoagropecuario.cl\/new\/author\/periodista\/\"}]}<\/script>\n<!-- \/ Yoast SEO plugin. -->","yoast_head_json":{"title":"Cuenta P\u00fablica de ASOEX pone \u00e9nfasis en los desaf\u00edos futuros para la industria chilena de la fruta de exportaci\u00f3n - Mundoagropecuario","robots":{"index":"index","follow":"follow","max-snippet":"max-snippet:-1","max-image-preview":"max-image-preview:large","max-video-preview":"max-video-preview:-1"},"canonical":"https:\/\/www.mundoagropecuario.cl\/new\/cuenta-publica-de-asoex-pone-enfasis-en-los-desafios-futuros-para-la-industria-chilena-de-la-fruta-de-exportacion\/","og_locale":"es_ES","og_type":"article","og_title":"Cuenta P\u00fablica de ASOEX pone \u00e9nfasis en los desaf\u00edos futuros para la industria chilena de la fruta de exportaci\u00f3n - Mundoagropecuario","og_description":"En su tercera cuenta p\u00fablica, la Asociaci\u00f3n de Exportadores de Frutas de Chile, ASOEX, expuso los principales logros, actividades y desaf\u00edos del sector exportador frut\u00edcola. Ronald Bown, presidente del gremio,...","og_url":"https:\/\/www.mundoagropecuario.cl\/new\/cuenta-publica-de-asoex-pone-enfasis-en-los-desafios-futuros-para-la-industria-chilena-de-la-fruta-de-exportacion\/","og_site_name":"Mundoagropecuario","article_publisher":"https:\/\/www.facebook.com\/mundo.agropecuario.3","article_published_time":"2018-12-14T14:00:20+00:00","og_image":[{"width":896,"height":672,"url":"https:\/\/www.mundoagropecuario.cl\/new\/wp-content\/uploads\/2018\/12\/asoex.jpg","type":"image\/jpeg"}],"author":"periodista","twitter_card":"summary_large_image","twitter_creator":"@MundoAgropecuar","twitter_site":"@MundoAgropecuar","twitter_misc":{"Escrito por":"periodista","Tiempo de lectura":"6 minutos"},"schema":{"@context":"https:\/\/schema.org","@graph":[{"@type":"Article","@id":"https:\/\/www.mundoagropecuario.cl\/new\/cuenta-publica-de-asoex-pone-enfasis-en-los-desafios-futuros-para-la-industria-chilena-de-la-fruta-de-exportacion\/#article","isPartOf":{"@id":"https:\/\/www.mundoagropecuario.cl\/new\/cuenta-publica-de-asoex-pone-enfasis-en-los-desafios-futuros-para-la-industria-chilena-de-la-fruta-de-exportacion\/"},"author":{"name":"periodista","@id":"https:\/\/www.mundoagropecuario.cl\/new\/#\/schema\/person\/0c221050801c74e45256a7a9a1ff0803"},"headline":"Cuenta P\u00fablica de ASOEX pone \u00e9nfasis en los desaf\u00edos futuros para la industria chilena de la fruta de exportaci\u00f3n","datePublished":"2018-12-14T14:00:20+00:00","mainEntityOfPage":{"@id":"https:\/\/www.mundoagropecuario.cl\/new\/cuenta-publica-de-asoex-pone-enfasis-en-los-desafios-futuros-para-la-industria-chilena-de-la-fruta-de-exportacion\/"},"wordCount":1219,"publisher":{"@id":"https:\/\/www.mundoagropecuario.cl\/new\/#organization"},"image":{"@id":"https:\/\/www.mundoagropecuario.cl\/new\/cuenta-publica-de-asoex-pone-enfasis-en-los-desafios-futuros-para-la-industria-chilena-de-la-fruta-de-exportacion\/#primaryimage"},"thumbnailUrl":"https:\/\/www.mundoagropecuario.cl\/new\/wp-content\/uploads\/2018\/12\/asoex.jpg","keywords":["Asoex","Ronald Bown"],"articleSection":["Titular 2"],"inLanguage":"es"},{"@type":"WebPage","@id":"https:\/\/www.mundoagropecuario.cl\/new\/cuenta-publica-de-asoex-pone-enfasis-en-los-desafios-futuros-para-la-industria-chilena-de-la-fruta-de-exportacion\/","url":"https:\/\/www.mundoagropecuario.cl\/new\/cuenta-publica-de-asoex-pone-enfasis-en-los-desafios-futuros-para-la-industria-chilena-de-la-fruta-de-exportacion\/","name":"Cuenta P\u00fablica de ASOEX pone \u00e9nfasis en los desaf\u00edos futuros para la industria chilena de la fruta de exportaci\u00f3n - Mundoagropecuario","isPartOf":{"@id":"https:\/\/www.mundoagropecuario.cl\/new\/#website"},"primaryImageOfPage":{"@id":"https:\/\/www.mundoagropecuario.cl\/new\/cuenta-publica-de-asoex-pone-enfasis-en-los-desafios-futuros-para-la-industria-chilena-de-la-fruta-de-exportacion\/#primaryimage"},"image":{"@id":"https:\/\/www.mundoagropecuario.cl\/new\/cuenta-publica-de-asoex-pone-enfasis-en-los-desafios-futuros-para-la-industria-chilena-de-la-fruta-de-exportacion\/#primaryimage"},"thumbnailUrl":"https:\/\/www.mundoagropecuario.cl\/new\/wp-content\/uploads\/2018\/12\/asoex.jpg","datePublished":"2018-12-14T14:00:20+00:00","breadcrumb":{"@id":"https:\/\/www.mundoagropecuario.cl\/new\/cuenta-publica-de-asoex-pone-enfasis-en-los-desafios-futuros-para-la-industria-chilena-de-la-fruta-de-exportacion\/#breadcrumb"},"inLanguage":"es","potentialAction":[{"@type":"ReadAction","target":["https:\/\/www.mundoagropecuario.cl\/new\/cuenta-publica-de-asoex-pone-enfasis-en-los-desafios-futuros-para-la-industria-chilena-de-la-fruta-de-exportacion\/"]}]},{"@type":"ImageObject","inLanguage":"es","@id":"https:\/\/www.mundoagropecuario.cl\/new\/cuenta-publica-de-asoex-pone-enfasis-en-los-desafios-futuros-para-la-industria-chilena-de-la-fruta-de-exportacion\/#primaryimage","url":"https:\/\/www.mundoagropecuario.cl\/new\/wp-content\/uploads\/2018\/12\/asoex.jpg","contentUrl":"https:\/\/www.mundoagropecuario.cl\/new\/wp-content\/uploads\/2018\/12\/asoex.jpg","width":533,"height":400},{"@type":"BreadcrumbList","@id":"https:\/\/www.mundoagropecuario.cl\/new\/cuenta-publica-de-asoex-pone-enfasis-en-los-desafios-futuros-para-la-industria-chilena-de-la-fruta-de-exportacion\/#breadcrumb","itemListElement":[{"@type":"ListItem","position":1,"name":"Portada","item":"https:\/\/www.mundoagropecuario.cl\/new\/"},{"@type":"ListItem","position":2,"name":"Cuenta P\u00fablica de ASOEX pone \u00e9nfasis en los desaf\u00edos futuros para la industria chilena de la fruta de exportaci\u00f3n"}]},{"@type":"WebSite","@id":"https:\/\/www.mundoagropecuario.cl\/new\/#website","url":"https:\/\/www.mundoagropecuario.cl\/new\/","name":"Mundoagropecuario","description":"Mundo Agropecuario","publisher":{"@id":"https:\/\/www.mundoagropecuario.cl\/new\/#organization"},"potentialAction":[{"@type":"SearchAction","target":{"@type":"EntryPoint","urlTemplate":"https:\/\/www.mundoagropecuario.cl\/new\/?s={search_term_string}"},"query-input":{"@type":"PropertyValueSpecification","valueRequired":true,"valueName":"search_term_string"}}],"inLanguage":"es"},{"@type":"Organization","@id":"https:\/\/www.mundoagropecuario.cl\/new\/#organization","name":"Revista de Agricultura","url":"https:\/\/www.mundoagropecuario.cl\/new\/","logo":{"@type":"ImageObject","inLanguage":"es","@id":"https:\/\/www.mundoagropecuario.cl\/new\/#\/schema\/logo\/image\/","url":"https:\/\/www.mundoagropecuario.cl\/new\/wp-content\/uploads\/2020\/11\/PORTAL-1-1.png","contentUrl":"https:\/\/www.mundoagropecuario.cl\/new\/wp-content\/uploads\/2020\/11\/PORTAL-1-1.png","width":1026,"height":100,"caption":"Revista de Agricultura"},"image":{"@id":"https:\/\/www.mundoagropecuario.cl\/new\/#\/schema\/logo\/image\/"},"sameAs":["https:\/\/www.facebook.com\/mundo.agropecuario.3","https:\/\/x.com\/MundoAgropecuar","https:\/\/www.linkedin.com\/in\/mundo-agropecuario-934009201\/"]},{"@type":"Person","@id":"https:\/\/www.mundoagropecuario.cl\/new\/#\/schema\/person\/0c221050801c74e45256a7a9a1ff0803","name":"periodista","url":"https:\/\/www.mundoagropecuario.cl\/new\/author\/periodista\/"}]}},"_links":{"self":[{"href":"https:\/\/www.mundoagropecuario.cl\/new\/wp-json\/wp\/v2\/posts\/9961","targetHints":{"allow":["GET"]}}],"collection":[{"href":"https:\/\/www.mundoagropecuario.cl\/new\/wp-json\/wp\/v2\/posts"}],"about":[{"href":"https:\/\/www.mundoagropecuario.cl\/new\/wp-json\/wp\/v2\/types\/post"}],"author":[{"embeddable":true,"href":"https:\/\/www.mundoagropecuario.cl\/new\/wp-json\/wp\/v2\/users\/3"}],"replies":[{"embeddable":true,"href":"https:\/\/www.mundoagropecuario.cl\/new\/wp-json\/wp\/v2\/comments?post=9961"}],"version-history":[{"count":1,"href":"https:\/\/www.mundoagropecuario.cl\/new\/wp-json\/wp\/v2\/posts\/9961\/revisions"}],"predecessor-version":[{"id":9963,"href":"https:\/\/www.mundoagropecuario.cl\/new\/wp-json\/wp\/v2\/posts\/9961\/revisions\/9963"}],"wp:featuredmedia":[{"embeddable":true,"href":"https:\/\/www.mundoagropecuario.cl\/new\/wp-json\/wp\/v2\/media\/9962"}],"wp:attachment":[{"href":"https:\/\/www.mundoagropecuario.cl\/new\/wp-json\/wp\/v2\/media?parent=9961"}],"wp:term":[{"taxonomy":"category","embeddable":true,"href":"https:\/\/www.mundoagropecuario.cl\/new\/wp-json\/wp\/v2\/categories?post=9961"},{"taxonomy":"post_tag","embeddable":true,"href":"https:\/\/www.mundoagropecuario.cl\/new\/wp-json\/wp\/v2\/tags?post=9961"}],"curies":[{"name":"wp","href":"https:\/\/api.w.org\/{rel}","templated":true}]}}