{"id":9944,"date":"2018-12-13T02:21:47","date_gmt":"2018-12-13T05:21:47","guid":{"rendered":"http:\/\/www.mundoagropecuario.cl\/new\/?p=9944"},"modified":"2018-12-13T02:21:47","modified_gmt":"2018-12-13T05:21:47","slug":"intendenta-de-magallanes-valora-esfuerzo-de-agricultores-por-mejorar-la-dieta-en-zona-austral","status":"publish","type":"post","link":"https:\/\/www.mundoagropecuario.cl\/new\/intendenta-de-magallanes-valora-esfuerzo-de-agricultores-por-mejorar-la-dieta-en-zona-austral\/","title":{"rendered":"Intendenta de Magallanes valora esfuerzo de agricultores por mejorar la dieta en zona austral"},"content":{"rendered":"<blockquote><p><em>Convenio suscrito entre INDAP y el Gobierno Regional est\u00e1 cambiando el rostro de la agricultura en el extremo austral del pa\u00eds (Mundo Agropecuario).<\/em><\/p><\/blockquote>\n<p>La intendenta de Magallanes, Mar\u00eda Teresa Casta\u00f1\u00f3n, conoci\u00f3 los avances del convenio suscrito entre INDAP y el Gobierno Regional, in\u00e9dita iniciativa que est\u00e1 cambiando el rostro de la agricultura en el extremo austral del pa\u00eds, y valor\u00f3 el esfuerzo de los agricultores por mejorar la dieta de la comunidad, \u201caportando productos sanos, frescos e inocuos\u201d.<\/p>\n<p>Tras la exhibici\u00f3n de un video en el que se pudo constatar la construcci\u00f3n de nuevos invernaderos, entrega de maquinaria agr\u00edcola, capacitaci\u00f3n, construcci\u00f3n de pozos de agua comunitarios y giras t\u00e9cnicas nacionales y al extranjero, entre otras iniciativas, la m\u00e1xima autoridad regional valor\u00f3 los avances del convenio: \u201cSabemos y reconocemos el trabajo que hace INDAP, se ve el progreso\u201d.<\/p>\n<p>Asimismo, pidi\u00f3 expresamente al seremi de Agricultura, Jos\u00e9 Fern\u00e1ndez, y al director regional (s) de INDAP, Petar Bradasic, presentes en la reuni\u00f3n, que aceleren el proyecto de comercializaci\u00f3n en Punta Arenas: \u201cNecesitamos nuestra propia Vega Central, con nuestros productos, con nuestros agricultores, de tal manera de otorgarle un sello y espacio propio a la agricultura en Magallanes\u201d.<\/p>\n<p>El convenio suscrito entre el GORE e INDAP ha incrementado en 3 mil millones de pesos los recursos disponibles para la agricultura regional en un per\u00edodo de dos a\u00f1os. A la fecha se registra casi un 60% de ejecuci\u00f3n presupuestaria, el que deber\u00eda estar finiquitado totalmente en diciembre de 2019.<\/p>\n<p>\u201cLa iniciativa beneficia a m\u00e1s de 400 familias campesinas de toda la regi\u00f3n y se ha transformado en una gran oportunidad para potenciar la infraestructura agr\u00edcola, dar capacitaciones especializadas y construir, por ejemplo, pozos profundos para asegurar agua. Sin el apoyo del Consejo Regional y sus recursos seguir\u00edamos avanzando en c\u00e1mara lenta. Nuestros recursos son insuficientes y se hace necesario un trabajo coordinado para satisfacer la demanda agr\u00edcola de la poblaci\u00f3n\u201d, explic\u00f3 Petar Bradasic.<\/p>\n<p>Actualmente la producci\u00f3n hortofrut\u00edcola apenas alcanza a satisfacer el 12% de la demanda de consumo regional. \u201cCon el convenio y su pr\u00f3rroga se espera reducir la brecha alimenticia y aumentar la producci\u00f3n\u201d, precis\u00f3 Bradasic.<\/p>\n<p>En la reuni\u00f3n informativa participaron adem\u00e1s el consejero de la provincia Ant\u00e1rtica, Marcelo Garrido, y los funcionarios de INDAP que expusieron los avances.<\/p>\n<p>&nbsp;<\/p>\n<p>&nbsp;<\/p>\n<p>&nbsp;<\/p>\n","protected":false},"excerpt":{"rendered":"<p>Convenio suscrito entre INDAP y el Gobierno Regional est\u00e1 cambiando el rostro de la agricultura en el extremo austral del pa\u00eds (Mundo Agropecuario). La intendenta de Magallanes, Mar\u00eda Teresa Casta\u00f1\u00f3n,&#8230;<\/p>\n","protected":false},"author":3,"featured_media":9945,"comment_status":"closed","ping_status":"closed","sticky":false,"template":"","format":"standard","meta":{"footnotes":""},"categories":[1945],"tags":[3034,2647,1992,2198],"class_list":["post-9944","post","type-post","status-publish","format-standard","has-post-thumbnail","hentry","category-agricultura","tag-convenio","tag-gore","tag-indap","tag-magallanes"],"yoast_head":"<!-- This site is optimized with the Yoast SEO plugin v26.6 - https:\/\/yoast.com\/wordpress\/plugins\/seo\/ -->\n<title>Intendenta de Magallanes valora esfuerzo de agricultores por mejorar la dieta en zona austral - Mundoagropecuario<\/title>\n<meta name=\"robots\" content=\"index, follow, max-snippet:-1, max-image-preview:large, max-video-preview:-1\" \/>\n<link rel=\"canonical\" href=\"https:\/\/www.mundoagropecuario.cl\/new\/intendenta-de-magallanes-valora-esfuerzo-de-agricultores-por-mejorar-la-dieta-en-zona-austral\/\" \/>\n<meta property=\"og:locale\" content=\"es_ES\" \/>\n<meta property=\"og:type\" content=\"article\" \/>\n<meta property=\"og:title\" content=\"Intendenta de Magallanes valora esfuerzo de agricultores por mejorar la dieta en zona austral - Mundoagropecuario\" \/>\n<meta property=\"og:description\" content=\"Convenio suscrito entre INDAP y el Gobierno Regional est\u00e1 cambiando el rostro de la agricultura en el extremo austral del pa\u00eds (Mundo Agropecuario). La intendenta de Magallanes, Mar\u00eda Teresa Casta\u00f1\u00f3n,...\" \/>\n<meta property=\"og:url\" content=\"https:\/\/www.mundoagropecuario.cl\/new\/intendenta-de-magallanes-valora-esfuerzo-de-agricultores-por-mejorar-la-dieta-en-zona-austral\/\" \/>\n<meta property=\"og:site_name\" content=\"Mundoagropecuario\" \/>\n<meta property=\"article:publisher\" content=\"https:\/\/www.facebook.com\/mundo.agropecuario.3\" \/>\n<meta property=\"article:published_time\" content=\"2018-12-13T05:21:47+00:00\" \/>\n<meta property=\"og:image\" content=\"https:\/\/www.mundoagropecuario.cl\/new\/wp-content\/uploads\/2018\/12\/intendenta-magallanes-agro.jpg\" \/>\n\t<meta property=\"og:image:width\" content=\"800\" \/>\n\t<meta property=\"og:image:height\" content=\"533\" \/>\n\t<meta property=\"og:image:type\" content=\"image\/jpeg\" \/>\n<meta name=\"author\" content=\"periodista\" \/>\n<meta name=\"twitter:card\" content=\"summary_large_image\" \/>\n<meta name=\"twitter:creator\" content=\"@MundoAgropecuar\" \/>\n<meta name=\"twitter:site\" content=\"@MundoAgropecuar\" \/>\n<meta name=\"twitter:label1\" content=\"Escrito por\" \/>\n\t<meta name=\"twitter:data1\" content=\"periodista\" \/>\n\t<meta name=\"twitter:label2\" content=\"Tiempo de lectura\" \/>\n\t<meta name=\"twitter:data2\" content=\"2 minutos\" \/>\n<script type=\"application\/ld+json\" class=\"yoast-schema-graph\">{\"@context\":\"https:\/\/schema.org\",\"@graph\":[{\"@type\":\"Article\",\"@id\":\"https:\/\/www.mundoagropecuario.cl\/new\/intendenta-de-magallanes-valora-esfuerzo-de-agricultores-por-mejorar-la-dieta-en-zona-austral\/#article\",\"isPartOf\":{\"@id\":\"https:\/\/www.mundoagropecuario.cl\/new\/intendenta-de-magallanes-valora-esfuerzo-de-agricultores-por-mejorar-la-dieta-en-zona-austral\/\"},\"author\":{\"name\":\"periodista\",\"@id\":\"https:\/\/www.mundoagropecuario.cl\/new\/#\/schema\/person\/0c221050801c74e45256a7a9a1ff0803\"},\"headline\":\"Intendenta de Magallanes valora esfuerzo de agricultores por mejorar la dieta en zona austral\",\"datePublished\":\"2018-12-13T05:21:47+00:00\",\"mainEntityOfPage\":{\"@id\":\"https:\/\/www.mundoagropecuario.cl\/new\/intendenta-de-magallanes-valora-esfuerzo-de-agricultores-por-mejorar-la-dieta-en-zona-austral\/\"},\"wordCount\":420,\"publisher\":{\"@id\":\"https:\/\/www.mundoagropecuario.cl\/new\/#organization\"},\"image\":{\"@id\":\"https:\/\/www.mundoagropecuario.cl\/new\/intendenta-de-magallanes-valora-esfuerzo-de-agricultores-por-mejorar-la-dieta-en-zona-austral\/#primaryimage\"},\"thumbnailUrl\":\"https:\/\/www.mundoagropecuario.cl\/new\/wp-content\/uploads\/2018\/12\/intendenta-magallanes-agro.jpg\",\"keywords\":[\"convenio\",\"GORE\",\"Indap\",\"Magallanes\"],\"articleSection\":[\"Agricultura\"],\"inLanguage\":\"es\"},{\"@type\":\"WebPage\",\"@id\":\"https:\/\/www.mundoagropecuario.cl\/new\/intendenta-de-magallanes-valora-esfuerzo-de-agricultores-por-mejorar-la-dieta-en-zona-austral\/\",\"url\":\"https:\/\/www.mundoagropecuario.cl\/new\/intendenta-de-magallanes-valora-esfuerzo-de-agricultores-por-mejorar-la-dieta-en-zona-austral\/\",\"name\":\"Intendenta de Magallanes valora esfuerzo de agricultores por mejorar la dieta en zona austral - Mundoagropecuario\",\"isPartOf\":{\"@id\":\"https:\/\/www.mundoagropecuario.cl\/new\/#website\"},\"primaryImageOfPage\":{\"@id\":\"https:\/\/www.mundoagropecuario.cl\/new\/intendenta-de-magallanes-valora-esfuerzo-de-agricultores-por-mejorar-la-dieta-en-zona-austral\/#primaryimage\"},\"image\":{\"@id\":\"https:\/\/www.mundoagropecuario.cl\/new\/intendenta-de-magallanes-valora-esfuerzo-de-agricultores-por-mejorar-la-dieta-en-zona-austral\/#primaryimage\"},\"thumbnailUrl\":\"https:\/\/www.mundoagropecuario.cl\/new\/wp-content\/uploads\/2018\/12\/intendenta-magallanes-agro.jpg\",\"datePublished\":\"2018-12-13T05:21:47+00:00\",\"breadcrumb\":{\"@id\":\"https:\/\/www.mundoagropecuario.cl\/new\/intendenta-de-magallanes-valora-esfuerzo-de-agricultores-por-mejorar-la-dieta-en-zona-austral\/#breadcrumb\"},\"inLanguage\":\"es\",\"potentialAction\":[{\"@type\":\"ReadAction\",\"target\":[\"https:\/\/www.mundoagropecuario.cl\/new\/intendenta-de-magallanes-valora-esfuerzo-de-agricultores-por-mejorar-la-dieta-en-zona-austral\/\"]}]},{\"@type\":\"ImageObject\",\"inLanguage\":\"es\",\"@id\":\"https:\/\/www.mundoagropecuario.cl\/new\/intendenta-de-magallanes-valora-esfuerzo-de-agricultores-por-mejorar-la-dieta-en-zona-austral\/#primaryimage\",\"url\":\"https:\/\/www.mundoagropecuario.cl\/new\/wp-content\/uploads\/2018\/12\/intendenta-magallanes-agro.jpg\",\"contentUrl\":\"https:\/\/www.mundoagropecuario.cl\/new\/wp-content\/uploads\/2018\/12\/intendenta-magallanes-agro.jpg\",\"width\":600,\"height\":400},{\"@type\":\"BreadcrumbList\",\"@id\":\"https:\/\/www.mundoagropecuario.cl\/new\/intendenta-de-magallanes-valora-esfuerzo-de-agricultores-por-mejorar-la-dieta-en-zona-austral\/#breadcrumb\",\"itemListElement\":[{\"@type\":\"ListItem\",\"position\":1,\"name\":\"Portada\",\"item\":\"https:\/\/www.mundoagropecuario.cl\/new\/\"},{\"@type\":\"ListItem\",\"position\":2,\"name\":\"Intendenta de Magallanes valora esfuerzo de agricultores por mejorar la dieta en zona austral\"}]},{\"@type\":\"WebSite\",\"@id\":\"https:\/\/www.mundoagropecuario.cl\/new\/#website\",\"url\":\"https:\/\/www.mundoagropecuario.cl\/new\/\",\"name\":\"Mundoagropecuario\",\"description\":\"Mundo Agropecuario\",\"publisher\":{\"@id\":\"https:\/\/www.mundoagropecuario.cl\/new\/#organization\"},\"potentialAction\":[{\"@type\":\"SearchAction\",\"target\":{\"@type\":\"EntryPoint\",\"urlTemplate\":\"https:\/\/www.mundoagropecuario.cl\/new\/?s={search_term_string}\"},\"query-input\":{\"@type\":\"PropertyValueSpecification\",\"valueRequired\":true,\"valueName\":\"search_term_string\"}}],\"inLanguage\":\"es\"},{\"@type\":\"Organization\",\"@id\":\"https:\/\/www.mundoagropecuario.cl\/new\/#organization\",\"name\":\"Revista de Agricultura\",\"url\":\"https:\/\/www.mundoagropecuario.cl\/new\/\",\"logo\":{\"@type\":\"ImageObject\",\"inLanguage\":\"es\",\"@id\":\"https:\/\/www.mundoagropecuario.cl\/new\/#\/schema\/logo\/image\/\",\"url\":\"https:\/\/www.mundoagropecuario.cl\/new\/wp-content\/uploads\/2020\/11\/PORTAL-1-1.png\",\"contentUrl\":\"https:\/\/www.mundoagropecuario.cl\/new\/wp-content\/uploads\/2020\/11\/PORTAL-1-1.png\",\"width\":1026,\"height\":100,\"caption\":\"Revista de Agricultura\"},\"image\":{\"@id\":\"https:\/\/www.mundoagropecuario.cl\/new\/#\/schema\/logo\/image\/\"},\"sameAs\":[\"https:\/\/www.facebook.com\/mundo.agropecuario.3\",\"https:\/\/x.com\/MundoAgropecuar\",\"https:\/\/www.linkedin.com\/in\/mundo-agropecuario-934009201\/\"]},{\"@type\":\"Person\",\"@id\":\"https:\/\/www.mundoagropecuario.cl\/new\/#\/schema\/person\/0c221050801c74e45256a7a9a1ff0803\",\"name\":\"periodista\",\"url\":\"https:\/\/www.mundoagropecuario.cl\/new\/author\/periodista\/\"}]}<\/script>\n<!-- \/ Yoast SEO plugin. -->","yoast_head_json":{"title":"Intendenta de Magallanes valora esfuerzo de agricultores por mejorar la dieta en zona austral - Mundoagropecuario","robots":{"index":"index","follow":"follow","max-snippet":"max-snippet:-1","max-image-preview":"max-image-preview:large","max-video-preview":"max-video-preview:-1"},"canonical":"https:\/\/www.mundoagropecuario.cl\/new\/intendenta-de-magallanes-valora-esfuerzo-de-agricultores-por-mejorar-la-dieta-en-zona-austral\/","og_locale":"es_ES","og_type":"article","og_title":"Intendenta de Magallanes valora esfuerzo de agricultores por mejorar la dieta en zona austral - Mundoagropecuario","og_description":"Convenio suscrito entre INDAP y el Gobierno Regional est\u00e1 cambiando el rostro de la agricultura en el extremo austral del pa\u00eds (Mundo Agropecuario). La intendenta de Magallanes, Mar\u00eda Teresa Casta\u00f1\u00f3n,...","og_url":"https:\/\/www.mundoagropecuario.cl\/new\/intendenta-de-magallanes-valora-esfuerzo-de-agricultores-por-mejorar-la-dieta-en-zona-austral\/","og_site_name":"Mundoagropecuario","article_publisher":"https:\/\/www.facebook.com\/mundo.agropecuario.3","article_published_time":"2018-12-13T05:21:47+00:00","og_image":[{"width":800,"height":533,"url":"https:\/\/www.mundoagropecuario.cl\/new\/wp-content\/uploads\/2018\/12\/intendenta-magallanes-agro.jpg","type":"image\/jpeg"}],"author":"periodista","twitter_card":"summary_large_image","twitter_creator":"@MundoAgropecuar","twitter_site":"@MundoAgropecuar","twitter_misc":{"Escrito por":"periodista","Tiempo de lectura":"2 minutos"},"schema":{"@context":"https:\/\/schema.org","@graph":[{"@type":"Article","@id":"https:\/\/www.mundoagropecuario.cl\/new\/intendenta-de-magallanes-valora-esfuerzo-de-agricultores-por-mejorar-la-dieta-en-zona-austral\/#article","isPartOf":{"@id":"https:\/\/www.mundoagropecuario.cl\/new\/intendenta-de-magallanes-valora-esfuerzo-de-agricultores-por-mejorar-la-dieta-en-zona-austral\/"},"author":{"name":"periodista","@id":"https:\/\/www.mundoagropecuario.cl\/new\/#\/schema\/person\/0c221050801c74e45256a7a9a1ff0803"},"headline":"Intendenta de Magallanes valora esfuerzo de agricultores por mejorar la dieta en zona austral","datePublished":"2018-12-13T05:21:47+00:00","mainEntityOfPage":{"@id":"https:\/\/www.mundoagropecuario.cl\/new\/intendenta-de-magallanes-valora-esfuerzo-de-agricultores-por-mejorar-la-dieta-en-zona-austral\/"},"wordCount":420,"publisher":{"@id":"https:\/\/www.mundoagropecuario.cl\/new\/#organization"},"image":{"@id":"https:\/\/www.mundoagropecuario.cl\/new\/intendenta-de-magallanes-valora-esfuerzo-de-agricultores-por-mejorar-la-dieta-en-zona-austral\/#primaryimage"},"thumbnailUrl":"https:\/\/www.mundoagropecuario.cl\/new\/wp-content\/uploads\/2018\/12\/intendenta-magallanes-agro.jpg","keywords":["convenio","GORE","Indap","Magallanes"],"articleSection":["Agricultura"],"inLanguage":"es"},{"@type":"WebPage","@id":"https:\/\/www.mundoagropecuario.cl\/new\/intendenta-de-magallanes-valora-esfuerzo-de-agricultores-por-mejorar-la-dieta-en-zona-austral\/","url":"https:\/\/www.mundoagropecuario.cl\/new\/intendenta-de-magallanes-valora-esfuerzo-de-agricultores-por-mejorar-la-dieta-en-zona-austral\/","name":"Intendenta de Magallanes valora esfuerzo de agricultores por mejorar la dieta en zona austral - Mundoagropecuario","isPartOf":{"@id":"https:\/\/www.mundoagropecuario.cl\/new\/#website"},"primaryImageOfPage":{"@id":"https:\/\/www.mundoagropecuario.cl\/new\/intendenta-de-magallanes-valora-esfuerzo-de-agricultores-por-mejorar-la-dieta-en-zona-austral\/#primaryimage"},"image":{"@id":"https:\/\/www.mundoagropecuario.cl\/new\/intendenta-de-magallanes-valora-esfuerzo-de-agricultores-por-mejorar-la-dieta-en-zona-austral\/#primaryimage"},"thumbnailUrl":"https:\/\/www.mundoagropecuario.cl\/new\/wp-content\/uploads\/2018\/12\/intendenta-magallanes-agro.jpg","datePublished":"2018-12-13T05:21:47+00:00","breadcrumb":{"@id":"https:\/\/www.mundoagropecuario.cl\/new\/intendenta-de-magallanes-valora-esfuerzo-de-agricultores-por-mejorar-la-dieta-en-zona-austral\/#breadcrumb"},"inLanguage":"es","potentialAction":[{"@type":"ReadAction","target":["https:\/\/www.mundoagropecuario.cl\/new\/intendenta-de-magallanes-valora-esfuerzo-de-agricultores-por-mejorar-la-dieta-en-zona-austral\/"]}]},{"@type":"ImageObject","inLanguage":"es","@id":"https:\/\/www.mundoagropecuario.cl\/new\/intendenta-de-magallanes-valora-esfuerzo-de-agricultores-por-mejorar-la-dieta-en-zona-austral\/#primaryimage","url":"https:\/\/www.mundoagropecuario.cl\/new\/wp-content\/uploads\/2018\/12\/intendenta-magallanes-agro.jpg","contentUrl":"https:\/\/www.mundoagropecuario.cl\/new\/wp-content\/uploads\/2018\/12\/intendenta-magallanes-agro.jpg","width":600,"height":400},{"@type":"BreadcrumbList","@id":"https:\/\/www.mundoagropecuario.cl\/new\/intendenta-de-magallanes-valora-esfuerzo-de-agricultores-por-mejorar-la-dieta-en-zona-austral\/#breadcrumb","itemListElement":[{"@type":"ListItem","position":1,"name":"Portada","item":"https:\/\/www.mundoagropecuario.cl\/new\/"},{"@type":"ListItem","position":2,"name":"Intendenta de Magallanes valora esfuerzo de agricultores por mejorar la dieta en zona austral"}]},{"@type":"WebSite","@id":"https:\/\/www.mundoagropecuario.cl\/new\/#website","url":"https:\/\/www.mundoagropecuario.cl\/new\/","name":"Mundoagropecuario","description":"Mundo Agropecuario","publisher":{"@id":"https:\/\/www.mundoagropecuario.cl\/new\/#organization"},"potentialAction":[{"@type":"SearchAction","target":{"@type":"EntryPoint","urlTemplate":"https:\/\/www.mundoagropecuario.cl\/new\/?s={search_term_string}"},"query-input":{"@type":"PropertyValueSpecification","valueRequired":true,"valueName":"search_term_string"}}],"inLanguage":"es"},{"@type":"Organization","@id":"https:\/\/www.mundoagropecuario.cl\/new\/#organization","name":"Revista de Agricultura","url":"https:\/\/www.mundoagropecuario.cl\/new\/","logo":{"@type":"ImageObject","inLanguage":"es","@id":"https:\/\/www.mundoagropecuario.cl\/new\/#\/schema\/logo\/image\/","url":"https:\/\/www.mundoagropecuario.cl\/new\/wp-content\/uploads\/2020\/11\/PORTAL-1-1.png","contentUrl":"https:\/\/www.mundoagropecuario.cl\/new\/wp-content\/uploads\/2020\/11\/PORTAL-1-1.png","width":1026,"height":100,"caption":"Revista de Agricultura"},"image":{"@id":"https:\/\/www.mundoagropecuario.cl\/new\/#\/schema\/logo\/image\/"},"sameAs":["https:\/\/www.facebook.com\/mundo.agropecuario.3","https:\/\/x.com\/MundoAgropecuar","https:\/\/www.linkedin.com\/in\/mundo-agropecuario-934009201\/"]},{"@type":"Person","@id":"https:\/\/www.mundoagropecuario.cl\/new\/#\/schema\/person\/0c221050801c74e45256a7a9a1ff0803","name":"periodista","url":"https:\/\/www.mundoagropecuario.cl\/new\/author\/periodista\/"}]}},"_links":{"self":[{"href":"https:\/\/www.mundoagropecuario.cl\/new\/wp-json\/wp\/v2\/posts\/9944","targetHints":{"allow":["GET"]}}],"collection":[{"href":"https:\/\/www.mundoagropecuario.cl\/new\/wp-json\/wp\/v2\/posts"}],"about":[{"href":"https:\/\/www.mundoagropecuario.cl\/new\/wp-json\/wp\/v2\/types\/post"}],"author":[{"embeddable":true,"href":"https:\/\/www.mundoagropecuario.cl\/new\/wp-json\/wp\/v2\/users\/3"}],"replies":[{"embeddable":true,"href":"https:\/\/www.mundoagropecuario.cl\/new\/wp-json\/wp\/v2\/comments?post=9944"}],"version-history":[{"count":1,"href":"https:\/\/www.mundoagropecuario.cl\/new\/wp-json\/wp\/v2\/posts\/9944\/revisions"}],"predecessor-version":[{"id":9946,"href":"https:\/\/www.mundoagropecuario.cl\/new\/wp-json\/wp\/v2\/posts\/9944\/revisions\/9946"}],"wp:featuredmedia":[{"embeddable":true,"href":"https:\/\/www.mundoagropecuario.cl\/new\/wp-json\/wp\/v2\/media\/9945"}],"wp:attachment":[{"href":"https:\/\/www.mundoagropecuario.cl\/new\/wp-json\/wp\/v2\/media?parent=9944"}],"wp:term":[{"taxonomy":"category","embeddable":true,"href":"https:\/\/www.mundoagropecuario.cl\/new\/wp-json\/wp\/v2\/categories?post=9944"},{"taxonomy":"post_tag","embeddable":true,"href":"https:\/\/www.mundoagropecuario.cl\/new\/wp-json\/wp\/v2\/tags?post=9944"}],"curies":[{"name":"wp","href":"https:\/\/api.w.org\/{rel}","templated":true}]}}