{"id":9942,"date":"2018-12-13T02:18:21","date_gmt":"2018-12-13T05:18:21","guid":{"rendered":"http:\/\/www.mundoagropecuario.cl\/new\/?p=9942"},"modified":"2018-12-13T02:18:21","modified_gmt":"2018-12-13T05:18:21","slug":"chile-mexico-y-peru-acuerdan-crear-el-consejo-agropecuario-de-la-alianza-del-pacifico","status":"publish","type":"post","link":"https:\/\/www.mundoagropecuario.cl\/new\/chile-mexico-y-peru-acuerdan-crear-el-consejo-agropecuario-de-la-alianza-del-pacifico\/","title":{"rendered":"Chile, M\u00e9xico y Per\u00fa acuerdan crear el Consejo Agropecuario de la Alianza del Pac\u00edfico"},"content":{"rendered":"<blockquote><p><em>Gobierno de Chile, con apoyo del Instituto Interamericano de Cooperaci\u00f3n para la Agricultura (IICA), fue el impulsor de la iniciativa (Estrategia.cl).<\/em><\/p><\/blockquote>\n<p>Altos funcionarios encargados de Agricultura de Chile, M\u00e9xico y Per\u00fa acordaron en Santiago la conformaci\u00f3n del Consejo Agropecuario de la Alianza del Pac\u00edfico (CAAP), foro que favorecer\u00e1 acuerdos de integraci\u00f3n e incrementar\u00e1 la coordinaci\u00f3n regional para potenciar el desarrollo rural y proyectar a los pa\u00edses como un bloque comercial protagonista hacia el Asia-Pac\u00edfico.<\/p>\n<p>El Gobierno de Chile, con apoyo del Instituto Interamericano de Cooperaci\u00f3n para la Agricultura (IICA), fue el impulsor de la iniciativa, que tambi\u00e9n compartir\u00e1 conocimientos t\u00e9cnicos y desarrollar\u00e1 capacidades mediante la cooperaci\u00f3n horizontal y el trabajo consensuado entre los Ministerios de Agricultura de los pa\u00edses integrantes del Consejo.<\/p>\n<p>El Ministro de Agricultura de Chile, Antonio Walker, quien particip\u00f3 del encuentro, valor\u00f3 el avance para la conformaci\u00f3n del Consejo, destacando la importancia que tiene para su pa\u00eds la participaci\u00f3n en alianzas que favorezcan la competitividad de los sectores exportadores. \u201cLa integraci\u00f3n es clave para el desarrollo de nuestro sector en Am\u00e9rica Latina\u201d, indic\u00f3.<\/p>\n<p>La coordinadora nacional de Chile para la Alianza del Pac\u00edfico, Elena Valpuesta Aristegui, realiz\u00f3 en la reuni\u00f3n una presentaci\u00f3n sobre la estructura de la iniciativa econ\u00f3mica y de desarrollo que, en Am\u00e9rica Latina, integran Chile, Colombia, M\u00e9xico y Per\u00fa. En ese marco, enumerando desaf\u00edos que han enfrentado otros grupos sectoriales, la funcionaria destac\u00f3 la importancia de la creaci\u00f3n del Consejo.<\/p>\n<p>La reuni\u00f3n tuvo como anfitri\u00f3n al Subsecretario de Agricultura de Chile, Alfonso Vargas, y la presencia del Viceministro de Agricultura de Per\u00fa, William Arteaga; y la Directora de Asuntos Internacionales de la Secretar\u00eda de Agricultura y Desarrollo Rural de M\u00e9xico, Mar\u00eda de Lourdes Cruz. Tambi\u00e9n asisti\u00f3 en representaci\u00f3n del Gobierno de Colombia el Director en Chile de la Oficina ProColombia, Jorge Hern\u00e1n Guti\u00e9rrez. Los funcionarios trabajaron en un primer borrador para la constituci\u00f3n y estatutos del CAAP, que ser\u00e1 ratificado en marzo del 2019 por los ministros.<\/p>\n<p>El Jefe de Gabinete de la Direcci\u00f3n General del IICA, Miguel \u00c1ngel Arvelo, present\u00f3 el compromiso del organismo especializado en agricultura del Sistema Interamericano para apoyar al nuevo Consejo a trav\u00e9s de una secretar\u00eda t\u00e9cnica.<\/p>\n<p>\u201cEl IICA tiene la experiencia de los 15 a\u00f1os del Consejo Agropecuario del Sur (CAS), que se ha transformado en un eje importante para el Cono Sur, convocando a ministerios y abordando temas estrat\u00e9gicos, trabajando en el desarrollo de bienes p\u00fablicos regionales, siendo puente pol\u00edtico y t\u00e9cnico, incluyendo a los pa\u00edses, al sector privado, la academia y a la agricultura familiar, siendo el IICA responsable de su administraci\u00f3n t\u00e9cnica-administrativa desde su fundaci\u00f3n\u201d, coment\u00f3.<\/p>\n<p>Las autoridades coincidieron en la necesidad de trabajar en conjunto y aprender de experiencias, errores y aciertos de los otros pa\u00edses, en temas como asociatividad, recursos h\u00eddricos, aranceles y generaci\u00f3n de capacidades t\u00e9cnicas, potenciando los mercados locales y externos para tomar decisiones en bloque que puedan dar respuestas a un mundo que demanda m\u00e1s y mejores alimentos, compitiendo con calidad e innovaci\u00f3n.<\/p>\n<p>&nbsp;<\/p>\n<p>&nbsp;<\/p>\n<p>&nbsp;<\/p>\n","protected":false},"excerpt":{"rendered":"<p>Gobierno de Chile, con apoyo del Instituto Interamericano de Cooperaci\u00f3n para la Agricultura (IICA), fue el impulsor de la iniciativa (Estrategia.cl). Altos funcionarios encargados de Agricultura de Chile, M\u00e9xico y&#8230;<\/p>\n","protected":false},"author":3,"featured_media":8241,"comment_status":"closed","ping_status":"closed","sticky":false,"template":"","format":"standard","meta":{"footnotes":""},"categories":[1945],"tags":[3015,2035],"class_list":["post-9942","post","type-post","status-publish","format-standard","has-post-thumbnail","hentry","category-agricultura","tag-iica","tag-minagri"],"yoast_head":"<!-- This site is optimized with the Yoast SEO plugin v26.6 - https:\/\/yoast.com\/wordpress\/plugins\/seo\/ -->\n<title>Chile, M\u00e9xico y Per\u00fa acuerdan crear el Consejo Agropecuario de la Alianza del Pac\u00edfico - Mundoagropecuario<\/title>\n<meta name=\"robots\" content=\"index, follow, max-snippet:-1, max-image-preview:large, max-video-preview:-1\" \/>\n<link rel=\"canonical\" href=\"https:\/\/www.mundoagropecuario.cl\/new\/chile-mexico-y-peru-acuerdan-crear-el-consejo-agropecuario-de-la-alianza-del-pacifico\/\" \/>\n<meta property=\"og:locale\" content=\"es_ES\" \/>\n<meta property=\"og:type\" content=\"article\" \/>\n<meta property=\"og:title\" content=\"Chile, M\u00e9xico y Per\u00fa acuerdan crear el Consejo Agropecuario de la Alianza del Pac\u00edfico - Mundoagropecuario\" \/>\n<meta property=\"og:description\" content=\"Gobierno de Chile, con apoyo del Instituto Interamericano de Cooperaci\u00f3n para la Agricultura (IICA), fue el impulsor de la iniciativa (Estrategia.cl). Altos funcionarios encargados de Agricultura de Chile, M\u00e9xico y...\" \/>\n<meta property=\"og:url\" content=\"https:\/\/www.mundoagropecuario.cl\/new\/chile-mexico-y-peru-acuerdan-crear-el-consejo-agropecuario-de-la-alianza-del-pacifico\/\" \/>\n<meta property=\"og:site_name\" content=\"Mundoagropecuario\" \/>\n<meta property=\"article:publisher\" content=\"https:\/\/www.facebook.com\/mundo.agropecuario.3\" \/>\n<meta property=\"article:published_time\" content=\"2018-12-13T05:18:21+00:00\" \/>\n<meta property=\"og:image\" content=\"https:\/\/www.mundoagropecuario.cl\/new\/wp-content\/uploads\/2018\/08\/agroseguros-1.jpg\" \/>\n\t<meta property=\"og:image:width\" content=\"900\" \/>\n\t<meta property=\"og:image:height\" content=\"678\" \/>\n\t<meta property=\"og:image:type\" content=\"image\/jpeg\" \/>\n<meta name=\"author\" content=\"periodista\" \/>\n<meta name=\"twitter:card\" content=\"summary_large_image\" \/>\n<meta name=\"twitter:creator\" content=\"@MundoAgropecuar\" \/>\n<meta name=\"twitter:site\" content=\"@MundoAgropecuar\" \/>\n<meta name=\"twitter:label1\" content=\"Escrito por\" \/>\n\t<meta name=\"twitter:data1\" content=\"periodista\" \/>\n\t<meta name=\"twitter:label2\" content=\"Tiempo de lectura\" \/>\n\t<meta name=\"twitter:data2\" content=\"3 minutos\" \/>\n<script type=\"application\/ld+json\" class=\"yoast-schema-graph\">{\"@context\":\"https:\/\/schema.org\",\"@graph\":[{\"@type\":\"Article\",\"@id\":\"https:\/\/www.mundoagropecuario.cl\/new\/chile-mexico-y-peru-acuerdan-crear-el-consejo-agropecuario-de-la-alianza-del-pacifico\/#article\",\"isPartOf\":{\"@id\":\"https:\/\/www.mundoagropecuario.cl\/new\/chile-mexico-y-peru-acuerdan-crear-el-consejo-agropecuario-de-la-alianza-del-pacifico\/\"},\"author\":{\"name\":\"periodista\",\"@id\":\"https:\/\/www.mundoagropecuario.cl\/new\/#\/schema\/person\/0c221050801c74e45256a7a9a1ff0803\"},\"headline\":\"Chile, M\u00e9xico y Per\u00fa acuerdan crear el Consejo Agropecuario de la Alianza del Pac\u00edfico\",\"datePublished\":\"2018-12-13T05:18:21+00:00\",\"mainEntityOfPage\":{\"@id\":\"https:\/\/www.mundoagropecuario.cl\/new\/chile-mexico-y-peru-acuerdan-crear-el-consejo-agropecuario-de-la-alianza-del-pacifico\/\"},\"wordCount\":566,\"publisher\":{\"@id\":\"https:\/\/www.mundoagropecuario.cl\/new\/#organization\"},\"image\":{\"@id\":\"https:\/\/www.mundoagropecuario.cl\/new\/chile-mexico-y-peru-acuerdan-crear-el-consejo-agropecuario-de-la-alianza-del-pacifico\/#primaryimage\"},\"thumbnailUrl\":\"https:\/\/www.mundoagropecuario.cl\/new\/wp-content\/uploads\/2018\/08\/agroseguros-1.jpg\",\"keywords\":[\"IICA\",\"Minagri\"],\"articleSection\":[\"Agricultura\"],\"inLanguage\":\"es\"},{\"@type\":\"WebPage\",\"@id\":\"https:\/\/www.mundoagropecuario.cl\/new\/chile-mexico-y-peru-acuerdan-crear-el-consejo-agropecuario-de-la-alianza-del-pacifico\/\",\"url\":\"https:\/\/www.mundoagropecuario.cl\/new\/chile-mexico-y-peru-acuerdan-crear-el-consejo-agropecuario-de-la-alianza-del-pacifico\/\",\"name\":\"Chile, M\u00e9xico y Per\u00fa acuerdan crear el Consejo Agropecuario de la Alianza del Pac\u00edfico - Mundoagropecuario\",\"isPartOf\":{\"@id\":\"https:\/\/www.mundoagropecuario.cl\/new\/#website\"},\"primaryImageOfPage\":{\"@id\":\"https:\/\/www.mundoagropecuario.cl\/new\/chile-mexico-y-peru-acuerdan-crear-el-consejo-agropecuario-de-la-alianza-del-pacifico\/#primaryimage\"},\"image\":{\"@id\":\"https:\/\/www.mundoagropecuario.cl\/new\/chile-mexico-y-peru-acuerdan-crear-el-consejo-agropecuario-de-la-alianza-del-pacifico\/#primaryimage\"},\"thumbnailUrl\":\"https:\/\/www.mundoagropecuario.cl\/new\/wp-content\/uploads\/2018\/08\/agroseguros-1.jpg\",\"datePublished\":\"2018-12-13T05:18:21+00:00\",\"breadcrumb\":{\"@id\":\"https:\/\/www.mundoagropecuario.cl\/new\/chile-mexico-y-peru-acuerdan-crear-el-consejo-agropecuario-de-la-alianza-del-pacifico\/#breadcrumb\"},\"inLanguage\":\"es\",\"potentialAction\":[{\"@type\":\"ReadAction\",\"target\":[\"https:\/\/www.mundoagropecuario.cl\/new\/chile-mexico-y-peru-acuerdan-crear-el-consejo-agropecuario-de-la-alianza-del-pacifico\/\"]}]},{\"@type\":\"ImageObject\",\"inLanguage\":\"es\",\"@id\":\"https:\/\/www.mundoagropecuario.cl\/new\/chile-mexico-y-peru-acuerdan-crear-el-consejo-agropecuario-de-la-alianza-del-pacifico\/#primaryimage\",\"url\":\"https:\/\/www.mundoagropecuario.cl\/new\/wp-content\/uploads\/2018\/08\/agroseguros-1.jpg\",\"contentUrl\":\"https:\/\/www.mundoagropecuario.cl\/new\/wp-content\/uploads\/2018\/08\/agroseguros-1.jpg\",\"width\":531,\"height\":400},{\"@type\":\"BreadcrumbList\",\"@id\":\"https:\/\/www.mundoagropecuario.cl\/new\/chile-mexico-y-peru-acuerdan-crear-el-consejo-agropecuario-de-la-alianza-del-pacifico\/#breadcrumb\",\"itemListElement\":[{\"@type\":\"ListItem\",\"position\":1,\"name\":\"Portada\",\"item\":\"https:\/\/www.mundoagropecuario.cl\/new\/\"},{\"@type\":\"ListItem\",\"position\":2,\"name\":\"Chile, M\u00e9xico y Per\u00fa acuerdan crear el Consejo Agropecuario de la Alianza del Pac\u00edfico\"}]},{\"@type\":\"WebSite\",\"@id\":\"https:\/\/www.mundoagropecuario.cl\/new\/#website\",\"url\":\"https:\/\/www.mundoagropecuario.cl\/new\/\",\"name\":\"Mundoagropecuario\",\"description\":\"Mundo Agropecuario\",\"publisher\":{\"@id\":\"https:\/\/www.mundoagropecuario.cl\/new\/#organization\"},\"potentialAction\":[{\"@type\":\"SearchAction\",\"target\":{\"@type\":\"EntryPoint\",\"urlTemplate\":\"https:\/\/www.mundoagropecuario.cl\/new\/?s={search_term_string}\"},\"query-input\":{\"@type\":\"PropertyValueSpecification\",\"valueRequired\":true,\"valueName\":\"search_term_string\"}}],\"inLanguage\":\"es\"},{\"@type\":\"Organization\",\"@id\":\"https:\/\/www.mundoagropecuario.cl\/new\/#organization\",\"name\":\"Revista de Agricultura\",\"url\":\"https:\/\/www.mundoagropecuario.cl\/new\/\",\"logo\":{\"@type\":\"ImageObject\",\"inLanguage\":\"es\",\"@id\":\"https:\/\/www.mundoagropecuario.cl\/new\/#\/schema\/logo\/image\/\",\"url\":\"https:\/\/www.mundoagropecuario.cl\/new\/wp-content\/uploads\/2020\/11\/PORTAL-1-1.png\",\"contentUrl\":\"https:\/\/www.mundoagropecuario.cl\/new\/wp-content\/uploads\/2020\/11\/PORTAL-1-1.png\",\"width\":1026,\"height\":100,\"caption\":\"Revista de Agricultura\"},\"image\":{\"@id\":\"https:\/\/www.mundoagropecuario.cl\/new\/#\/schema\/logo\/image\/\"},\"sameAs\":[\"https:\/\/www.facebook.com\/mundo.agropecuario.3\",\"https:\/\/x.com\/MundoAgropecuar\",\"https:\/\/www.linkedin.com\/in\/mundo-agropecuario-934009201\/\"]},{\"@type\":\"Person\",\"@id\":\"https:\/\/www.mundoagropecuario.cl\/new\/#\/schema\/person\/0c221050801c74e45256a7a9a1ff0803\",\"name\":\"periodista\",\"url\":\"https:\/\/www.mundoagropecuario.cl\/new\/author\/periodista\/\"}]}<\/script>\n<!-- \/ Yoast SEO plugin. -->","yoast_head_json":{"title":"Chile, M\u00e9xico y Per\u00fa acuerdan crear el Consejo Agropecuario de la Alianza del Pac\u00edfico - Mundoagropecuario","robots":{"index":"index","follow":"follow","max-snippet":"max-snippet:-1","max-image-preview":"max-image-preview:large","max-video-preview":"max-video-preview:-1"},"canonical":"https:\/\/www.mundoagropecuario.cl\/new\/chile-mexico-y-peru-acuerdan-crear-el-consejo-agropecuario-de-la-alianza-del-pacifico\/","og_locale":"es_ES","og_type":"article","og_title":"Chile, M\u00e9xico y Per\u00fa acuerdan crear el Consejo Agropecuario de la Alianza del Pac\u00edfico - Mundoagropecuario","og_description":"Gobierno de Chile, con apoyo del Instituto Interamericano de Cooperaci\u00f3n para la Agricultura (IICA), fue el impulsor de la iniciativa (Estrategia.cl). Altos funcionarios encargados de Agricultura de Chile, M\u00e9xico y...","og_url":"https:\/\/www.mundoagropecuario.cl\/new\/chile-mexico-y-peru-acuerdan-crear-el-consejo-agropecuario-de-la-alianza-del-pacifico\/","og_site_name":"Mundoagropecuario","article_publisher":"https:\/\/www.facebook.com\/mundo.agropecuario.3","article_published_time":"2018-12-13T05:18:21+00:00","og_image":[{"width":900,"height":678,"url":"https:\/\/www.mundoagropecuario.cl\/new\/wp-content\/uploads\/2018\/08\/agroseguros-1.jpg","type":"image\/jpeg"}],"author":"periodista","twitter_card":"summary_large_image","twitter_creator":"@MundoAgropecuar","twitter_site":"@MundoAgropecuar","twitter_misc":{"Escrito por":"periodista","Tiempo de lectura":"3 minutos"},"schema":{"@context":"https:\/\/schema.org","@graph":[{"@type":"Article","@id":"https:\/\/www.mundoagropecuario.cl\/new\/chile-mexico-y-peru-acuerdan-crear-el-consejo-agropecuario-de-la-alianza-del-pacifico\/#article","isPartOf":{"@id":"https:\/\/www.mundoagropecuario.cl\/new\/chile-mexico-y-peru-acuerdan-crear-el-consejo-agropecuario-de-la-alianza-del-pacifico\/"},"author":{"name":"periodista","@id":"https:\/\/www.mundoagropecuario.cl\/new\/#\/schema\/person\/0c221050801c74e45256a7a9a1ff0803"},"headline":"Chile, M\u00e9xico y Per\u00fa acuerdan crear el Consejo Agropecuario de la Alianza del Pac\u00edfico","datePublished":"2018-12-13T05:18:21+00:00","mainEntityOfPage":{"@id":"https:\/\/www.mundoagropecuario.cl\/new\/chile-mexico-y-peru-acuerdan-crear-el-consejo-agropecuario-de-la-alianza-del-pacifico\/"},"wordCount":566,"publisher":{"@id":"https:\/\/www.mundoagropecuario.cl\/new\/#organization"},"image":{"@id":"https:\/\/www.mundoagropecuario.cl\/new\/chile-mexico-y-peru-acuerdan-crear-el-consejo-agropecuario-de-la-alianza-del-pacifico\/#primaryimage"},"thumbnailUrl":"https:\/\/www.mundoagropecuario.cl\/new\/wp-content\/uploads\/2018\/08\/agroseguros-1.jpg","keywords":["IICA","Minagri"],"articleSection":["Agricultura"],"inLanguage":"es"},{"@type":"WebPage","@id":"https:\/\/www.mundoagropecuario.cl\/new\/chile-mexico-y-peru-acuerdan-crear-el-consejo-agropecuario-de-la-alianza-del-pacifico\/","url":"https:\/\/www.mundoagropecuario.cl\/new\/chile-mexico-y-peru-acuerdan-crear-el-consejo-agropecuario-de-la-alianza-del-pacifico\/","name":"Chile, M\u00e9xico y Per\u00fa acuerdan crear el Consejo Agropecuario de la Alianza del Pac\u00edfico - Mundoagropecuario","isPartOf":{"@id":"https:\/\/www.mundoagropecuario.cl\/new\/#website"},"primaryImageOfPage":{"@id":"https:\/\/www.mundoagropecuario.cl\/new\/chile-mexico-y-peru-acuerdan-crear-el-consejo-agropecuario-de-la-alianza-del-pacifico\/#primaryimage"},"image":{"@id":"https:\/\/www.mundoagropecuario.cl\/new\/chile-mexico-y-peru-acuerdan-crear-el-consejo-agropecuario-de-la-alianza-del-pacifico\/#primaryimage"},"thumbnailUrl":"https:\/\/www.mundoagropecuario.cl\/new\/wp-content\/uploads\/2018\/08\/agroseguros-1.jpg","datePublished":"2018-12-13T05:18:21+00:00","breadcrumb":{"@id":"https:\/\/www.mundoagropecuario.cl\/new\/chile-mexico-y-peru-acuerdan-crear-el-consejo-agropecuario-de-la-alianza-del-pacifico\/#breadcrumb"},"inLanguage":"es","potentialAction":[{"@type":"ReadAction","target":["https:\/\/www.mundoagropecuario.cl\/new\/chile-mexico-y-peru-acuerdan-crear-el-consejo-agropecuario-de-la-alianza-del-pacifico\/"]}]},{"@type":"ImageObject","inLanguage":"es","@id":"https:\/\/www.mundoagropecuario.cl\/new\/chile-mexico-y-peru-acuerdan-crear-el-consejo-agropecuario-de-la-alianza-del-pacifico\/#primaryimage","url":"https:\/\/www.mundoagropecuario.cl\/new\/wp-content\/uploads\/2018\/08\/agroseguros-1.jpg","contentUrl":"https:\/\/www.mundoagropecuario.cl\/new\/wp-content\/uploads\/2018\/08\/agroseguros-1.jpg","width":531,"height":400},{"@type":"BreadcrumbList","@id":"https:\/\/www.mundoagropecuario.cl\/new\/chile-mexico-y-peru-acuerdan-crear-el-consejo-agropecuario-de-la-alianza-del-pacifico\/#breadcrumb","itemListElement":[{"@type":"ListItem","position":1,"name":"Portada","item":"https:\/\/www.mundoagropecuario.cl\/new\/"},{"@type":"ListItem","position":2,"name":"Chile, M\u00e9xico y Per\u00fa acuerdan crear el Consejo Agropecuario de la Alianza del Pac\u00edfico"}]},{"@type":"WebSite","@id":"https:\/\/www.mundoagropecuario.cl\/new\/#website","url":"https:\/\/www.mundoagropecuario.cl\/new\/","name":"Mundoagropecuario","description":"Mundo Agropecuario","publisher":{"@id":"https:\/\/www.mundoagropecuario.cl\/new\/#organization"},"potentialAction":[{"@type":"SearchAction","target":{"@type":"EntryPoint","urlTemplate":"https:\/\/www.mundoagropecuario.cl\/new\/?s={search_term_string}"},"query-input":{"@type":"PropertyValueSpecification","valueRequired":true,"valueName":"search_term_string"}}],"inLanguage":"es"},{"@type":"Organization","@id":"https:\/\/www.mundoagropecuario.cl\/new\/#organization","name":"Revista de Agricultura","url":"https:\/\/www.mundoagropecuario.cl\/new\/","logo":{"@type":"ImageObject","inLanguage":"es","@id":"https:\/\/www.mundoagropecuario.cl\/new\/#\/schema\/logo\/image\/","url":"https:\/\/www.mundoagropecuario.cl\/new\/wp-content\/uploads\/2020\/11\/PORTAL-1-1.png","contentUrl":"https:\/\/www.mundoagropecuario.cl\/new\/wp-content\/uploads\/2020\/11\/PORTAL-1-1.png","width":1026,"height":100,"caption":"Revista de Agricultura"},"image":{"@id":"https:\/\/www.mundoagropecuario.cl\/new\/#\/schema\/logo\/image\/"},"sameAs":["https:\/\/www.facebook.com\/mundo.agropecuario.3","https:\/\/x.com\/MundoAgropecuar","https:\/\/www.linkedin.com\/in\/mundo-agropecuario-934009201\/"]},{"@type":"Person","@id":"https:\/\/www.mundoagropecuario.cl\/new\/#\/schema\/person\/0c221050801c74e45256a7a9a1ff0803","name":"periodista","url":"https:\/\/www.mundoagropecuario.cl\/new\/author\/periodista\/"}]}},"_links":{"self":[{"href":"https:\/\/www.mundoagropecuario.cl\/new\/wp-json\/wp\/v2\/posts\/9942","targetHints":{"allow":["GET"]}}],"collection":[{"href":"https:\/\/www.mundoagropecuario.cl\/new\/wp-json\/wp\/v2\/posts"}],"about":[{"href":"https:\/\/www.mundoagropecuario.cl\/new\/wp-json\/wp\/v2\/types\/post"}],"author":[{"embeddable":true,"href":"https:\/\/www.mundoagropecuario.cl\/new\/wp-json\/wp\/v2\/users\/3"}],"replies":[{"embeddable":true,"href":"https:\/\/www.mundoagropecuario.cl\/new\/wp-json\/wp\/v2\/comments?post=9942"}],"version-history":[{"count":1,"href":"https:\/\/www.mundoagropecuario.cl\/new\/wp-json\/wp\/v2\/posts\/9942\/revisions"}],"predecessor-version":[{"id":9943,"href":"https:\/\/www.mundoagropecuario.cl\/new\/wp-json\/wp\/v2\/posts\/9942\/revisions\/9943"}],"wp:featuredmedia":[{"embeddable":true,"href":"https:\/\/www.mundoagropecuario.cl\/new\/wp-json\/wp\/v2\/media\/8241"}],"wp:attachment":[{"href":"https:\/\/www.mundoagropecuario.cl\/new\/wp-json\/wp\/v2\/media?parent=9942"}],"wp:term":[{"taxonomy":"category","embeddable":true,"href":"https:\/\/www.mundoagropecuario.cl\/new\/wp-json\/wp\/v2\/categories?post=9942"},{"taxonomy":"post_tag","embeddable":true,"href":"https:\/\/www.mundoagropecuario.cl\/new\/wp-json\/wp\/v2\/tags?post=9942"}],"curies":[{"name":"wp","href":"https:\/\/api.w.org\/{rel}","templated":true}]}}