{"id":9929,"date":"2018-12-13T01:39:38","date_gmt":"2018-12-13T04:39:38","guid":{"rendered":"http:\/\/www.mundoagropecuario.cl\/new\/?p=9929"},"modified":"2018-12-14T11:52:16","modified_gmt":"2018-12-14T14:52:16","slug":"sag-se-reunio-con-poderes-compradores-de-trigo-y-laboratorios-de-ensayo-de-biobio-y-nuble","status":"publish","type":"post","link":"https:\/\/www.mundoagropecuario.cl\/new\/sag-se-reunio-con-poderes-compradores-de-trigo-y-laboratorios-de-ensayo-de-biobio-y-nuble\/","title":{"rendered":"SAG se reuni\u00f3 con poderes compradores de trigo y laboratorios de ensayo de Biob\u00edo y \u00d1uble"},"content":{"rendered":"<blockquote><p><em>En el marco de la Ley de Transacciones Comerciales de Productos Agropecuarios se inform\u00f3 a los representantes de las empresas las modificaciones al reglamento para esta temporada (Mundo Agropecuario).<\/em><\/p><\/blockquote>\n<p>Previo al inicio de la temporada de compra de trigo el Servicio Agr\u00edcola y Ganadero (SAG) organiz\u00f3 una reuni\u00f3n informativa para los representantes de las empresas compradoras de trigo y de los laboratorios de ensayo de las regiones del Biob\u00edo y \u00d1uble en el marco de la Ley N\u00b020.656 de Transacciones Comerciales de Productos Agropecuarios, la cual se realiz\u00f3 esta ma\u00f1ana en Chill\u00e1n y cont\u00f3 con la participaci\u00f3n del Seremi de Agricultura, Fernando B\u00f3rquez, y del Director Regional del SAG, Javier Capponi.<\/p>\n<p>Al respecto, el Seremi de Agricultura de \u00d1uble, destac\u00f3 que \u201cestamos pr\u00f3ximos a la cosecha y comercializaci\u00f3n del trigo, por lo tanto, es muy importante esta reuni\u00f3n, que el SAG se re\u00fana con las empresas industriales y se analice la Ley N\u00ba 20.656, sus procesos, toma de muestra y contramuestra, entre otros aspectos, que den plena garant\u00eda y transparencia del sistema a los agricultores\u201d.<\/p>\n<p>Por su parte el Director Regional del SAG de \u00d1uble se\u00f1al\u00f3 que \u201cdesde que comenz\u00f3 esta normativa, el a\u00f1o 2013, organizamos una reuni\u00f3n previa al inicio de temporada, oportunidad en la que analizamos la temporada anterior y los incumplimientos. Esta temporada las modificaciones que realicen los laboratorios, en relaci\u00f3n a personal, equipos, manuales, entre otros, se podr\u00e1n realizar a trav\u00e9s del Sistema Tr\u00e1mites en L\u00ednea del SAG, el que est\u00e1 disponible en el link <a href=\"http:\/\/tramitesenlinea.sag.gob.cl\">http:\/\/tramitesenlinea.sag.gob.cl<\/a>, previo a solicitud de clave \u00fanica en el Registro Civil\u201d.<\/p>\n<p>Asimismo, inform\u00f3 que la temporada 2017-2018 se cursaron 4 infracciones, producto de la no entrega de informaci\u00f3n al SAG, env\u00edo de resultados al productor e incumplimiento a los m\u00e9todos anal\u00edticos. En la oportunidad tambi\u00e9n se respondieron las consultas y dudas de los asistentes.<\/p>\n<p>La Ley de Transacciones Comerciales tiene como finalidad transparentar la primera transacci\u00f3n comercial entre el productor de trigo y los agroindustriales o corredores de granos, para asegurar un pago justo y transparente para el productor, de acuerdo a las caracter\u00edsticas de su producto. En este sentido el directivo del SAG indic\u00f3 que \u201ces requisito que cada agroindustrial publique un listado de precios de referencia, el que debe estar ubicado afuera de sus dependencias, permitiendo de esta forma que los productores conozcan las condiciones comerciales ofrecidas para la compra de su producto\u201d.<\/p>\n<p>La normativa tambi\u00e9n contempla que las b\u00e1sculas de pesaje est\u00e9n calibradas por un Laboratorio Calibrador autorizado por el SAG, la emisi\u00f3n de una gu\u00eda de recepci\u00f3n que incluya toda informaci\u00f3n referente a las condiciones establecidas para la comercializaci\u00f3n. Adem\u00e1s, los inspectores del SAG deben fiscalizar los env\u00edos de los resultados de los an\u00e1lisis realizados en los Laboratorios de Ensayo dentro de un plazo establecido, medida que permite al agricultor solicitar el an\u00e1lisis de una contramuestra de su producto, en caso que no est\u00e9 conforme con el resultado entregado por el Laboratorio de Ensayo, enviando la muestra a un laboratorio arbitrador autorizado por SAG, cuyo resultado dirime la controversia.<\/p>\n<p>En la regi\u00f3n del Biob\u00edo existe un universo de 10 agroindustriales y 7 laboratorios de ensayo. En el caso de la regi\u00f3n de \u00d1uble hay 22 poderes compradores y 13 laboratorios de ensayo.<\/p>\n<p>&nbsp;<\/p>\n<p>&nbsp;<\/p>\n","protected":false},"excerpt":{"rendered":"<p>En el marco de la Ley de Transacciones Comerciales de Productos Agropecuarios se inform\u00f3 a los representantes de las empresas las modificaciones al reglamento para esta temporada (Mundo Agropecuario). Previo&#8230;<\/p>\n","protected":false},"author":3,"featured_media":9930,"comment_status":"closed","ping_status":"closed","sticky":false,"template":"","format":"standard","meta":{"footnotes":""},"categories":[1945],"tags":[2622,1151,2036,2049],"class_list":["post-9929","post","type-post","status-publish","format-standard","has-post-thumbnail","hentry","category-agricultura","tag-biobio","tag-nuble","tag-sag","tag-trigo"],"yoast_head":"<!-- This site is optimized with the Yoast SEO plugin v26.6 - https:\/\/yoast.com\/wordpress\/plugins\/seo\/ -->\n<title>SAG se reuni\u00f3 con poderes compradores de trigo y laboratorios de ensayo de Biob\u00edo y \u00d1uble - Mundoagropecuario<\/title>\n<meta name=\"robots\" content=\"index, follow, max-snippet:-1, max-image-preview:large, max-video-preview:-1\" \/>\n<link rel=\"canonical\" href=\"https:\/\/www.mundoagropecuario.cl\/new\/sag-se-reunio-con-poderes-compradores-de-trigo-y-laboratorios-de-ensayo-de-biobio-y-nuble\/\" \/>\n<meta property=\"og:locale\" content=\"es_ES\" \/>\n<meta property=\"og:type\" content=\"article\" \/>\n<meta property=\"og:title\" content=\"SAG se reuni\u00f3 con poderes compradores de trigo y laboratorios de ensayo de Biob\u00edo y \u00d1uble - Mundoagropecuario\" \/>\n<meta property=\"og:description\" content=\"En el marco de la Ley de Transacciones Comerciales de Productos Agropecuarios se inform\u00f3 a los representantes de las empresas las modificaciones al reglamento para esta temporada (Mundo Agropecuario). Previo...\" \/>\n<meta property=\"og:url\" content=\"https:\/\/www.mundoagropecuario.cl\/new\/sag-se-reunio-con-poderes-compradores-de-trigo-y-laboratorios-de-ensayo-de-biobio-y-nuble\/\" \/>\n<meta property=\"og:site_name\" content=\"Mundoagropecuario\" \/>\n<meta property=\"article:publisher\" content=\"https:\/\/www.facebook.com\/mundo.agropecuario.3\" \/>\n<meta property=\"article:published_time\" content=\"2018-12-13T04:39:38+00:00\" \/>\n<meta property=\"article:modified_time\" content=\"2018-12-14T14:52:16+00:00\" \/>\n<meta property=\"og:image\" content=\"https:\/\/www.mundoagropecuario.cl\/new\/wp-content\/uploads\/2018\/12\/SAG-trigo.jpg\" \/>\n\t<meta property=\"og:image:width\" content=\"947\" \/>\n\t<meta property=\"og:image:height\" content=\"699\" \/>\n\t<meta property=\"og:image:type\" content=\"image\/jpeg\" \/>\n<meta name=\"author\" content=\"periodista\" \/>\n<meta name=\"twitter:card\" content=\"summary_large_image\" \/>\n<meta name=\"twitter:creator\" content=\"@MundoAgropecuar\" \/>\n<meta name=\"twitter:site\" content=\"@MundoAgropecuar\" \/>\n<meta name=\"twitter:label1\" content=\"Escrito por\" \/>\n\t<meta name=\"twitter:data1\" content=\"periodista\" \/>\n\t<meta name=\"twitter:label2\" content=\"Tiempo de lectura\" \/>\n\t<meta name=\"twitter:data2\" content=\"3 minutos\" \/>\n<script type=\"application\/ld+json\" class=\"yoast-schema-graph\">{\"@context\":\"https:\/\/schema.org\",\"@graph\":[{\"@type\":\"Article\",\"@id\":\"https:\/\/www.mundoagropecuario.cl\/new\/sag-se-reunio-con-poderes-compradores-de-trigo-y-laboratorios-de-ensayo-de-biobio-y-nuble\/#article\",\"isPartOf\":{\"@id\":\"https:\/\/www.mundoagropecuario.cl\/new\/sag-se-reunio-con-poderes-compradores-de-trigo-y-laboratorios-de-ensayo-de-biobio-y-nuble\/\"},\"author\":{\"name\":\"periodista\",\"@id\":\"https:\/\/www.mundoagropecuario.cl\/new\/#\/schema\/person\/0c221050801c74e45256a7a9a1ff0803\"},\"headline\":\"SAG se reuni\u00f3 con poderes compradores de trigo y laboratorios de ensayo de Biob\u00edo y \u00d1uble\",\"datePublished\":\"2018-12-13T04:39:38+00:00\",\"dateModified\":\"2018-12-14T14:52:16+00:00\",\"mainEntityOfPage\":{\"@id\":\"https:\/\/www.mundoagropecuario.cl\/new\/sag-se-reunio-con-poderes-compradores-de-trigo-y-laboratorios-de-ensayo-de-biobio-y-nuble\/\"},\"wordCount\":593,\"publisher\":{\"@id\":\"https:\/\/www.mundoagropecuario.cl\/new\/#organization\"},\"image\":{\"@id\":\"https:\/\/www.mundoagropecuario.cl\/new\/sag-se-reunio-con-poderes-compradores-de-trigo-y-laboratorios-de-ensayo-de-biobio-y-nuble\/#primaryimage\"},\"thumbnailUrl\":\"https:\/\/www.mundoagropecuario.cl\/new\/wp-content\/uploads\/2018\/12\/SAG-trigo.jpg\",\"keywords\":[\"Biob\u00edo\",\"\u00d1uble\",\"SAG\",\"Trigo\"],\"articleSection\":[\"Agricultura\"],\"inLanguage\":\"es\"},{\"@type\":\"WebPage\",\"@id\":\"https:\/\/www.mundoagropecuario.cl\/new\/sag-se-reunio-con-poderes-compradores-de-trigo-y-laboratorios-de-ensayo-de-biobio-y-nuble\/\",\"url\":\"https:\/\/www.mundoagropecuario.cl\/new\/sag-se-reunio-con-poderes-compradores-de-trigo-y-laboratorios-de-ensayo-de-biobio-y-nuble\/\",\"name\":\"SAG se reuni\u00f3 con poderes compradores de trigo y laboratorios de ensayo de Biob\u00edo y \u00d1uble - Mundoagropecuario\",\"isPartOf\":{\"@id\":\"https:\/\/www.mundoagropecuario.cl\/new\/#website\"},\"primaryImageOfPage\":{\"@id\":\"https:\/\/www.mundoagropecuario.cl\/new\/sag-se-reunio-con-poderes-compradores-de-trigo-y-laboratorios-de-ensayo-de-biobio-y-nuble\/#primaryimage\"},\"image\":{\"@id\":\"https:\/\/www.mundoagropecuario.cl\/new\/sag-se-reunio-con-poderes-compradores-de-trigo-y-laboratorios-de-ensayo-de-biobio-y-nuble\/#primaryimage\"},\"thumbnailUrl\":\"https:\/\/www.mundoagropecuario.cl\/new\/wp-content\/uploads\/2018\/12\/SAG-trigo.jpg\",\"datePublished\":\"2018-12-13T04:39:38+00:00\",\"dateModified\":\"2018-12-14T14:52:16+00:00\",\"breadcrumb\":{\"@id\":\"https:\/\/www.mundoagropecuario.cl\/new\/sag-se-reunio-con-poderes-compradores-de-trigo-y-laboratorios-de-ensayo-de-biobio-y-nuble\/#breadcrumb\"},\"inLanguage\":\"es\",\"potentialAction\":[{\"@type\":\"ReadAction\",\"target\":[\"https:\/\/www.mundoagropecuario.cl\/new\/sag-se-reunio-con-poderes-compradores-de-trigo-y-laboratorios-de-ensayo-de-biobio-y-nuble\/\"]}]},{\"@type\":\"ImageObject\",\"inLanguage\":\"es\",\"@id\":\"https:\/\/www.mundoagropecuario.cl\/new\/sag-se-reunio-con-poderes-compradores-de-trigo-y-laboratorios-de-ensayo-de-biobio-y-nuble\/#primaryimage\",\"url\":\"https:\/\/www.mundoagropecuario.cl\/new\/wp-content\/uploads\/2018\/12\/SAG-trigo.jpg\",\"contentUrl\":\"https:\/\/www.mundoagropecuario.cl\/new\/wp-content\/uploads\/2018\/12\/SAG-trigo.jpg\",\"width\":542,\"height\":400},{\"@type\":\"BreadcrumbList\",\"@id\":\"https:\/\/www.mundoagropecuario.cl\/new\/sag-se-reunio-con-poderes-compradores-de-trigo-y-laboratorios-de-ensayo-de-biobio-y-nuble\/#breadcrumb\",\"itemListElement\":[{\"@type\":\"ListItem\",\"position\":1,\"name\":\"Portada\",\"item\":\"https:\/\/www.mundoagropecuario.cl\/new\/\"},{\"@type\":\"ListItem\",\"position\":2,\"name\":\"SAG se reuni\u00f3 con poderes compradores de trigo y laboratorios de ensayo de Biob\u00edo y \u00d1uble\"}]},{\"@type\":\"WebSite\",\"@id\":\"https:\/\/www.mundoagropecuario.cl\/new\/#website\",\"url\":\"https:\/\/www.mundoagropecuario.cl\/new\/\",\"name\":\"Mundoagropecuario\",\"description\":\"Mundo Agropecuario\",\"publisher\":{\"@id\":\"https:\/\/www.mundoagropecuario.cl\/new\/#organization\"},\"potentialAction\":[{\"@type\":\"SearchAction\",\"target\":{\"@type\":\"EntryPoint\",\"urlTemplate\":\"https:\/\/www.mundoagropecuario.cl\/new\/?s={search_term_string}\"},\"query-input\":{\"@type\":\"PropertyValueSpecification\",\"valueRequired\":true,\"valueName\":\"search_term_string\"}}],\"inLanguage\":\"es\"},{\"@type\":\"Organization\",\"@id\":\"https:\/\/www.mundoagropecuario.cl\/new\/#organization\",\"name\":\"Revista de Agricultura\",\"url\":\"https:\/\/www.mundoagropecuario.cl\/new\/\",\"logo\":{\"@type\":\"ImageObject\",\"inLanguage\":\"es\",\"@id\":\"https:\/\/www.mundoagropecuario.cl\/new\/#\/schema\/logo\/image\/\",\"url\":\"https:\/\/www.mundoagropecuario.cl\/new\/wp-content\/uploads\/2020\/11\/PORTAL-1-1.png\",\"contentUrl\":\"https:\/\/www.mundoagropecuario.cl\/new\/wp-content\/uploads\/2020\/11\/PORTAL-1-1.png\",\"width\":1026,\"height\":100,\"caption\":\"Revista de Agricultura\"},\"image\":{\"@id\":\"https:\/\/www.mundoagropecuario.cl\/new\/#\/schema\/logo\/image\/\"},\"sameAs\":[\"https:\/\/www.facebook.com\/mundo.agropecuario.3\",\"https:\/\/x.com\/MundoAgropecuar\",\"https:\/\/www.linkedin.com\/in\/mundo-agropecuario-934009201\/\"]},{\"@type\":\"Person\",\"@id\":\"https:\/\/www.mundoagropecuario.cl\/new\/#\/schema\/person\/0c221050801c74e45256a7a9a1ff0803\",\"name\":\"periodista\",\"url\":\"https:\/\/www.mundoagropecuario.cl\/new\/author\/periodista\/\"}]}<\/script>\n<!-- \/ Yoast SEO plugin. -->","yoast_head_json":{"title":"SAG se reuni\u00f3 con poderes compradores de trigo y laboratorios de ensayo de Biob\u00edo y \u00d1uble - Mundoagropecuario","robots":{"index":"index","follow":"follow","max-snippet":"max-snippet:-1","max-image-preview":"max-image-preview:large","max-video-preview":"max-video-preview:-1"},"canonical":"https:\/\/www.mundoagropecuario.cl\/new\/sag-se-reunio-con-poderes-compradores-de-trigo-y-laboratorios-de-ensayo-de-biobio-y-nuble\/","og_locale":"es_ES","og_type":"article","og_title":"SAG se reuni\u00f3 con poderes compradores de trigo y laboratorios de ensayo de Biob\u00edo y \u00d1uble - Mundoagropecuario","og_description":"En el marco de la Ley de Transacciones Comerciales de Productos Agropecuarios se inform\u00f3 a los representantes de las empresas las modificaciones al reglamento para esta temporada (Mundo Agropecuario). Previo...","og_url":"https:\/\/www.mundoagropecuario.cl\/new\/sag-se-reunio-con-poderes-compradores-de-trigo-y-laboratorios-de-ensayo-de-biobio-y-nuble\/","og_site_name":"Mundoagropecuario","article_publisher":"https:\/\/www.facebook.com\/mundo.agropecuario.3","article_published_time":"2018-12-13T04:39:38+00:00","article_modified_time":"2018-12-14T14:52:16+00:00","og_image":[{"width":947,"height":699,"url":"https:\/\/www.mundoagropecuario.cl\/new\/wp-content\/uploads\/2018\/12\/SAG-trigo.jpg","type":"image\/jpeg"}],"author":"periodista","twitter_card":"summary_large_image","twitter_creator":"@MundoAgropecuar","twitter_site":"@MundoAgropecuar","twitter_misc":{"Escrito por":"periodista","Tiempo de lectura":"3 minutos"},"schema":{"@context":"https:\/\/schema.org","@graph":[{"@type":"Article","@id":"https:\/\/www.mundoagropecuario.cl\/new\/sag-se-reunio-con-poderes-compradores-de-trigo-y-laboratorios-de-ensayo-de-biobio-y-nuble\/#article","isPartOf":{"@id":"https:\/\/www.mundoagropecuario.cl\/new\/sag-se-reunio-con-poderes-compradores-de-trigo-y-laboratorios-de-ensayo-de-biobio-y-nuble\/"},"author":{"name":"periodista","@id":"https:\/\/www.mundoagropecuario.cl\/new\/#\/schema\/person\/0c221050801c74e45256a7a9a1ff0803"},"headline":"SAG se reuni\u00f3 con poderes compradores de trigo y laboratorios de ensayo de Biob\u00edo y \u00d1uble","datePublished":"2018-12-13T04:39:38+00:00","dateModified":"2018-12-14T14:52:16+00:00","mainEntityOfPage":{"@id":"https:\/\/www.mundoagropecuario.cl\/new\/sag-se-reunio-con-poderes-compradores-de-trigo-y-laboratorios-de-ensayo-de-biobio-y-nuble\/"},"wordCount":593,"publisher":{"@id":"https:\/\/www.mundoagropecuario.cl\/new\/#organization"},"image":{"@id":"https:\/\/www.mundoagropecuario.cl\/new\/sag-se-reunio-con-poderes-compradores-de-trigo-y-laboratorios-de-ensayo-de-biobio-y-nuble\/#primaryimage"},"thumbnailUrl":"https:\/\/www.mundoagropecuario.cl\/new\/wp-content\/uploads\/2018\/12\/SAG-trigo.jpg","keywords":["Biob\u00edo","\u00d1uble","SAG","Trigo"],"articleSection":["Agricultura"],"inLanguage":"es"},{"@type":"WebPage","@id":"https:\/\/www.mundoagropecuario.cl\/new\/sag-se-reunio-con-poderes-compradores-de-trigo-y-laboratorios-de-ensayo-de-biobio-y-nuble\/","url":"https:\/\/www.mundoagropecuario.cl\/new\/sag-se-reunio-con-poderes-compradores-de-trigo-y-laboratorios-de-ensayo-de-biobio-y-nuble\/","name":"SAG se reuni\u00f3 con poderes compradores de trigo y laboratorios de ensayo de Biob\u00edo y \u00d1uble - Mundoagropecuario","isPartOf":{"@id":"https:\/\/www.mundoagropecuario.cl\/new\/#website"},"primaryImageOfPage":{"@id":"https:\/\/www.mundoagropecuario.cl\/new\/sag-se-reunio-con-poderes-compradores-de-trigo-y-laboratorios-de-ensayo-de-biobio-y-nuble\/#primaryimage"},"image":{"@id":"https:\/\/www.mundoagropecuario.cl\/new\/sag-se-reunio-con-poderes-compradores-de-trigo-y-laboratorios-de-ensayo-de-biobio-y-nuble\/#primaryimage"},"thumbnailUrl":"https:\/\/www.mundoagropecuario.cl\/new\/wp-content\/uploads\/2018\/12\/SAG-trigo.jpg","datePublished":"2018-12-13T04:39:38+00:00","dateModified":"2018-12-14T14:52:16+00:00","breadcrumb":{"@id":"https:\/\/www.mundoagropecuario.cl\/new\/sag-se-reunio-con-poderes-compradores-de-trigo-y-laboratorios-de-ensayo-de-biobio-y-nuble\/#breadcrumb"},"inLanguage":"es","potentialAction":[{"@type":"ReadAction","target":["https:\/\/www.mundoagropecuario.cl\/new\/sag-se-reunio-con-poderes-compradores-de-trigo-y-laboratorios-de-ensayo-de-biobio-y-nuble\/"]}]},{"@type":"ImageObject","inLanguage":"es","@id":"https:\/\/www.mundoagropecuario.cl\/new\/sag-se-reunio-con-poderes-compradores-de-trigo-y-laboratorios-de-ensayo-de-biobio-y-nuble\/#primaryimage","url":"https:\/\/www.mundoagropecuario.cl\/new\/wp-content\/uploads\/2018\/12\/SAG-trigo.jpg","contentUrl":"https:\/\/www.mundoagropecuario.cl\/new\/wp-content\/uploads\/2018\/12\/SAG-trigo.jpg","width":542,"height":400},{"@type":"BreadcrumbList","@id":"https:\/\/www.mundoagropecuario.cl\/new\/sag-se-reunio-con-poderes-compradores-de-trigo-y-laboratorios-de-ensayo-de-biobio-y-nuble\/#breadcrumb","itemListElement":[{"@type":"ListItem","position":1,"name":"Portada","item":"https:\/\/www.mundoagropecuario.cl\/new\/"},{"@type":"ListItem","position":2,"name":"SAG se reuni\u00f3 con poderes compradores de trigo y laboratorios de ensayo de Biob\u00edo y \u00d1uble"}]},{"@type":"WebSite","@id":"https:\/\/www.mundoagropecuario.cl\/new\/#website","url":"https:\/\/www.mundoagropecuario.cl\/new\/","name":"Mundoagropecuario","description":"Mundo Agropecuario","publisher":{"@id":"https:\/\/www.mundoagropecuario.cl\/new\/#organization"},"potentialAction":[{"@type":"SearchAction","target":{"@type":"EntryPoint","urlTemplate":"https:\/\/www.mundoagropecuario.cl\/new\/?s={search_term_string}"},"query-input":{"@type":"PropertyValueSpecification","valueRequired":true,"valueName":"search_term_string"}}],"inLanguage":"es"},{"@type":"Organization","@id":"https:\/\/www.mundoagropecuario.cl\/new\/#organization","name":"Revista de Agricultura","url":"https:\/\/www.mundoagropecuario.cl\/new\/","logo":{"@type":"ImageObject","inLanguage":"es","@id":"https:\/\/www.mundoagropecuario.cl\/new\/#\/schema\/logo\/image\/","url":"https:\/\/www.mundoagropecuario.cl\/new\/wp-content\/uploads\/2020\/11\/PORTAL-1-1.png","contentUrl":"https:\/\/www.mundoagropecuario.cl\/new\/wp-content\/uploads\/2020\/11\/PORTAL-1-1.png","width":1026,"height":100,"caption":"Revista de Agricultura"},"image":{"@id":"https:\/\/www.mundoagropecuario.cl\/new\/#\/schema\/logo\/image\/"},"sameAs":["https:\/\/www.facebook.com\/mundo.agropecuario.3","https:\/\/x.com\/MundoAgropecuar","https:\/\/www.linkedin.com\/in\/mundo-agropecuario-934009201\/"]},{"@type":"Person","@id":"https:\/\/www.mundoagropecuario.cl\/new\/#\/schema\/person\/0c221050801c74e45256a7a9a1ff0803","name":"periodista","url":"https:\/\/www.mundoagropecuario.cl\/new\/author\/periodista\/"}]}},"_links":{"self":[{"href":"https:\/\/www.mundoagropecuario.cl\/new\/wp-json\/wp\/v2\/posts\/9929","targetHints":{"allow":["GET"]}}],"collection":[{"href":"https:\/\/www.mundoagropecuario.cl\/new\/wp-json\/wp\/v2\/posts"}],"about":[{"href":"https:\/\/www.mundoagropecuario.cl\/new\/wp-json\/wp\/v2\/types\/post"}],"author":[{"embeddable":true,"href":"https:\/\/www.mundoagropecuario.cl\/new\/wp-json\/wp\/v2\/users\/3"}],"replies":[{"embeddable":true,"href":"https:\/\/www.mundoagropecuario.cl\/new\/wp-json\/wp\/v2\/comments?post=9929"}],"version-history":[{"count":1,"href":"https:\/\/www.mundoagropecuario.cl\/new\/wp-json\/wp\/v2\/posts\/9929\/revisions"}],"predecessor-version":[{"id":9931,"href":"https:\/\/www.mundoagropecuario.cl\/new\/wp-json\/wp\/v2\/posts\/9929\/revisions\/9931"}],"wp:featuredmedia":[{"embeddable":true,"href":"https:\/\/www.mundoagropecuario.cl\/new\/wp-json\/wp\/v2\/media\/9930"}],"wp:attachment":[{"href":"https:\/\/www.mundoagropecuario.cl\/new\/wp-json\/wp\/v2\/media?parent=9929"}],"wp:term":[{"taxonomy":"category","embeddable":true,"href":"https:\/\/www.mundoagropecuario.cl\/new\/wp-json\/wp\/v2\/categories?post=9929"},{"taxonomy":"post_tag","embeddable":true,"href":"https:\/\/www.mundoagropecuario.cl\/new\/wp-json\/wp\/v2\/tags?post=9929"}],"curies":[{"name":"wp","href":"https:\/\/api.w.org\/{rel}","templated":true}]}}