{"id":9920,"date":"2018-12-12T11:12:34","date_gmt":"2018-12-12T14:12:34","guid":{"rendered":"http:\/\/www.mundoagropecuario.cl\/new\/?p=9920"},"modified":"2018-12-14T11:53:51","modified_gmt":"2018-12-14T14:53:51","slug":"chile-tiene-un-nuevo-parque-nacional-en-la-region-de-aysen","status":"publish","type":"post","link":"https:\/\/www.mundoagropecuario.cl\/new\/chile-tiene-un-nuevo-parque-nacional-en-la-region-de-aysen\/","title":{"rendered":"Chile tiene un nuevo parque nacional en la Regi\u00f3n de Ays\u00e9n"},"content":{"rendered":"<blockquote><p><em>El Parque Nacional Patagonia, con una superficie de 304.527,75 hect\u00e1reas, integra los terrenos donados por la Fundaci\u00f3n Tompkins Conservation, m\u00e1s las Reservas Nacionales Jeinimeni y Lago Cochrane, adem\u00e1s de terrenos fiscales, y representa un gran avance en la conservaci\u00f3n de ecosistemas (Mundo Agropecuario).<\/em><\/p><\/blockquote>\n<p>Con la creaci\u00f3n del Parque Nacional Patagonia, cuyo decreto fue publicado hoy martes 11 de diciembre en el Diario Oficial, Chile contar\u00e1 ahora con 40 parques nacionales en el Sistema Nacional de \u00c1reas Silvestres Protegidas (SNASPE), que administra CONAF y que tambi\u00e9n contempla las categor\u00edas de reservas nacionales y monumentos naturales.<\/p>\n<p>El nuevo parque nacional, con una superficie de 304.527,75 hect\u00e1reas, integra los terrenos de la ex Hacienda Chacabuco, donados por la Fundaci\u00f3n Tompkins Conservation, m\u00e1s las reservas nacionales Jeinimeni y Lago Cochrane, adem\u00e1s de terrenos fiscales, y representa un gran avance en la conservaci\u00f3n de ecosistemas, en especial de la estepa patag\u00f3nica, que hasta ahora se encuentra subrepresentada en el SNASPE. Este parque se ubica en la zona de transici\u00f3n entre la \u00e1rida estepa de la Patagonia argentina y los bosques de coig\u00fce templados de la Patagonia chilena, abarcando una gama de ecosistemas que incluye pastizales, monta\u00f1as, bosques de coig\u00fce y humedales.<\/p>\n<p>Para el director ejecutivo de CONAF, Jos\u00e9 Manuel Rebolledo, la creaci\u00f3n de este parque nacional \u201cdemuestra que iniciativas del \u00e1mbito p\u00fablico y del privado pueden transformarse en una acci\u00f3n de protecci\u00f3n de los recursos naturales renovables y tambi\u00e9n de posibilidad de desarrollo local, fomentando la visitaci\u00f3n responsable y sostenible, m\u00e1s importante a nivel nacional e internacional, como es esta iniciativa que se enmarca en la Red de Parques de la Patagonia\u201d.<\/p>\n<p>As\u00ed tambi\u00e9n lo destac\u00f3 Carolina Morgado, directora ejecutiva de Tompkins Conservation Chile, quien se\u00f1al\u00f3 que \u201ccon este nuevo parque nacional se va concretando la Red de los Parques, el puntapi\u00e9 inicial para la Ruta de los Parques de la Patagonia, un recorrido esc\u00e9nico de 17 parques nacionales y m\u00e1s de 60 comunidades aleda\u00f1as. Asimismo, este hito nos permite avanzar hacia la entrega de los parques a CONAF y la consecuente licitaci\u00f3n de la infraestructura de uso tur\u00edstico, tal como hotel, restaurante y campings\u201d.<\/p>\n<p>El nuevo parque nacional proteger\u00e1 una muestra representativa de diversidad biol\u00f3gica que se encuentran en la Regi\u00f3n de Ays\u00e9n, constituyendo el hogar de muchas especies amenazadas, como el huemul, especie emblem\u00e1tica a nivel nacional, puma, zorro, guanaco y varias especies de murci\u00e9lagos. El herb\u00edvoro m\u00e1s abundante que existe en toda la Patagonia es el guanaco, de la familia de los cam\u00e9lidos, y se alimenta del 75 % de todas las especies de plantas de la estepa patag\u00f3nica. El guanaco es una de las especies m\u00e1s fundamentales: ellos previenen que las especies de pastos dominen la tierra, act\u00faan como excelentes dispersores y fertilizadores, y tienen altos porcentajes de productividad, sirviendo de alimento para sus vecinos carn\u00edvoros, especialmente los pumas.<\/p>\n<p>Tambi\u00e9n destacan en esta unidad ecosistemas acu\u00e1ticos continentales con gran presencia de avifauna y una infraestructura de uso p\u00fablico de gran calidad y potencial para el turismo de naturaleza, destacando los senderos, lodge, restaurante, sitios de camping, museo y centro de visitantes e infraestructura mayor.<\/p>\n<p>Cabe mencionar que con la creaci\u00f3n del Parque Nacional Patagonia, que integra a las reservas nacional Jeinimeni y Lago Cochrane, ahora el sistema de \u00e1reas protegidas tendr\u00e1 oficialmente 102 unidades, de las cuales 40 son parques nacionales, 46 reservas nacionales y 16 monumentos naturales, con una superficie superior a las 15 millones de hect\u00e1reas, sobre un 20% del territorio continental nacional.<\/p>\n<p><strong>\u00a0<\/strong><\/p>\n","protected":false},"excerpt":{"rendered":"<p>El Parque Nacional Patagonia, con una superficie de 304.527,75 hect\u00e1reas, integra los terrenos donados por la Fundaci\u00f3n Tompkins Conservation, m\u00e1s las Reservas Nacionales Jeinimeni y Lago Cochrane, adem\u00e1s de terrenos&#8230;<\/p>\n","protected":false},"author":2,"featured_media":9921,"comment_status":"closed","ping_status":"closed","sticky":false,"template":"","format":"standard","meta":{"footnotes":""},"categories":[1949],"tags":[876,2553,3023],"class_list":["post-9920","post","type-post","status-publish","format-standard","has-post-thumbnail","hentry","category-forestal","tag-conaf","tag-jose-manuel-rebolledo","tag-parque-nacional-patagonia"],"yoast_head":"<!-- This site is optimized with the Yoast SEO plugin v26.6 - https:\/\/yoast.com\/wordpress\/plugins\/seo\/ -->\n<title>Chile tiene un nuevo parque nacional en la Regi\u00f3n de Ays\u00e9n - Mundoagropecuario<\/title>\n<meta name=\"robots\" content=\"index, follow, max-snippet:-1, max-image-preview:large, max-video-preview:-1\" \/>\n<link rel=\"canonical\" href=\"https:\/\/www.mundoagropecuario.cl\/new\/chile-tiene-un-nuevo-parque-nacional-en-la-region-de-aysen\/\" \/>\n<meta property=\"og:locale\" content=\"es_ES\" \/>\n<meta property=\"og:type\" content=\"article\" \/>\n<meta property=\"og:title\" content=\"Chile tiene un nuevo parque nacional en la Regi\u00f3n de Ays\u00e9n - Mundoagropecuario\" \/>\n<meta property=\"og:description\" content=\"El Parque Nacional Patagonia, con una superficie de 304.527,75 hect\u00e1reas, integra los terrenos donados por la Fundaci\u00f3n Tompkins Conservation, m\u00e1s las Reservas Nacionales Jeinimeni y Lago Cochrane, adem\u00e1s de terrenos...\" \/>\n<meta property=\"og:url\" content=\"https:\/\/www.mundoagropecuario.cl\/new\/chile-tiene-un-nuevo-parque-nacional-en-la-region-de-aysen\/\" \/>\n<meta property=\"og:site_name\" content=\"Mundoagropecuario\" \/>\n<meta property=\"article:publisher\" content=\"https:\/\/www.facebook.com\/mundo.agropecuario.3\" \/>\n<meta property=\"article:published_time\" content=\"2018-12-12T14:12:34+00:00\" \/>\n<meta property=\"article:modified_time\" content=\"2018-12-14T14:53:51+00:00\" \/>\n<meta property=\"og:image\" content=\"https:\/\/www.mundoagropecuario.cl\/new\/wp-content\/uploads\/2018\/12\/PN-Patagonia_valle-Chacabuco330-e1544624077602.jpg\" \/>\n\t<meta property=\"og:image:width\" content=\"424\" \/>\n\t<meta property=\"og:image:height\" content=\"328\" \/>\n\t<meta property=\"og:image:type\" content=\"image\/jpeg\" \/>\n<meta name=\"author\" content=\"mundo\" \/>\n<meta name=\"twitter:card\" content=\"summary_large_image\" \/>\n<meta name=\"twitter:creator\" content=\"@MundoAgropecuar\" \/>\n<meta name=\"twitter:site\" content=\"@MundoAgropecuar\" \/>\n<meta name=\"twitter:label1\" content=\"Escrito por\" \/>\n\t<meta name=\"twitter:data1\" content=\"mundo\" \/>\n\t<meta name=\"twitter:label2\" content=\"Tiempo de lectura\" \/>\n\t<meta name=\"twitter:data2\" content=\"3 minutos\" \/>\n<script type=\"application\/ld+json\" class=\"yoast-schema-graph\">{\"@context\":\"https:\/\/schema.org\",\"@graph\":[{\"@type\":\"Article\",\"@id\":\"https:\/\/www.mundoagropecuario.cl\/new\/chile-tiene-un-nuevo-parque-nacional-en-la-region-de-aysen\/#article\",\"isPartOf\":{\"@id\":\"https:\/\/www.mundoagropecuario.cl\/new\/chile-tiene-un-nuevo-parque-nacional-en-la-region-de-aysen\/\"},\"author\":{\"name\":\"mundo\",\"@id\":\"https:\/\/www.mundoagropecuario.cl\/new\/#\/schema\/person\/4e9f74a82a7dac260eb1c44b7eebeb18\"},\"headline\":\"Chile tiene un nuevo parque nacional en la Regi\u00f3n de Ays\u00e9n\",\"datePublished\":\"2018-12-12T14:12:34+00:00\",\"dateModified\":\"2018-12-14T14:53:51+00:00\",\"mainEntityOfPage\":{\"@id\":\"https:\/\/www.mundoagropecuario.cl\/new\/chile-tiene-un-nuevo-parque-nacional-en-la-region-de-aysen\/\"},\"wordCount\":622,\"publisher\":{\"@id\":\"https:\/\/www.mundoagropecuario.cl\/new\/#organization\"},\"image\":{\"@id\":\"https:\/\/www.mundoagropecuario.cl\/new\/chile-tiene-un-nuevo-parque-nacional-en-la-region-de-aysen\/#primaryimage\"},\"thumbnailUrl\":\"https:\/\/www.mundoagropecuario.cl\/new\/wp-content\/uploads\/2018\/12\/PN-Patagonia_valle-Chacabuco330-e1544624077602.jpg\",\"keywords\":[\"Conaf\",\"Jos\u00e9 Manuel Rebolledo\",\"Parque Nacional Patagonia\"],\"articleSection\":[\"Forestal\"],\"inLanguage\":\"es\"},{\"@type\":\"WebPage\",\"@id\":\"https:\/\/www.mundoagropecuario.cl\/new\/chile-tiene-un-nuevo-parque-nacional-en-la-region-de-aysen\/\",\"url\":\"https:\/\/www.mundoagropecuario.cl\/new\/chile-tiene-un-nuevo-parque-nacional-en-la-region-de-aysen\/\",\"name\":\"Chile tiene un nuevo parque nacional en la Regi\u00f3n de Ays\u00e9n - Mundoagropecuario\",\"isPartOf\":{\"@id\":\"https:\/\/www.mundoagropecuario.cl\/new\/#website\"},\"primaryImageOfPage\":{\"@id\":\"https:\/\/www.mundoagropecuario.cl\/new\/chile-tiene-un-nuevo-parque-nacional-en-la-region-de-aysen\/#primaryimage\"},\"image\":{\"@id\":\"https:\/\/www.mundoagropecuario.cl\/new\/chile-tiene-un-nuevo-parque-nacional-en-la-region-de-aysen\/#primaryimage\"},\"thumbnailUrl\":\"https:\/\/www.mundoagropecuario.cl\/new\/wp-content\/uploads\/2018\/12\/PN-Patagonia_valle-Chacabuco330-e1544624077602.jpg\",\"datePublished\":\"2018-12-12T14:12:34+00:00\",\"dateModified\":\"2018-12-14T14:53:51+00:00\",\"breadcrumb\":{\"@id\":\"https:\/\/www.mundoagropecuario.cl\/new\/chile-tiene-un-nuevo-parque-nacional-en-la-region-de-aysen\/#breadcrumb\"},\"inLanguage\":\"es\",\"potentialAction\":[{\"@type\":\"ReadAction\",\"target\":[\"https:\/\/www.mundoagropecuario.cl\/new\/chile-tiene-un-nuevo-parque-nacional-en-la-region-de-aysen\/\"]}]},{\"@type\":\"ImageObject\",\"inLanguage\":\"es\",\"@id\":\"https:\/\/www.mundoagropecuario.cl\/new\/chile-tiene-un-nuevo-parque-nacional-en-la-region-de-aysen\/#primaryimage\",\"url\":\"https:\/\/www.mundoagropecuario.cl\/new\/wp-content\/uploads\/2018\/12\/PN-Patagonia_valle-Chacabuco330-e1544624077602.jpg\",\"contentUrl\":\"https:\/\/www.mundoagropecuario.cl\/new\/wp-content\/uploads\/2018\/12\/PN-Patagonia_valle-Chacabuco330-e1544624077602.jpg\",\"width\":424,\"height\":328},{\"@type\":\"BreadcrumbList\",\"@id\":\"https:\/\/www.mundoagropecuario.cl\/new\/chile-tiene-un-nuevo-parque-nacional-en-la-region-de-aysen\/#breadcrumb\",\"itemListElement\":[{\"@type\":\"ListItem\",\"position\":1,\"name\":\"Portada\",\"item\":\"https:\/\/www.mundoagropecuario.cl\/new\/\"},{\"@type\":\"ListItem\",\"position\":2,\"name\":\"Chile tiene un nuevo parque nacional en la Regi\u00f3n de Ays\u00e9n\"}]},{\"@type\":\"WebSite\",\"@id\":\"https:\/\/www.mundoagropecuario.cl\/new\/#website\",\"url\":\"https:\/\/www.mundoagropecuario.cl\/new\/\",\"name\":\"Mundoagropecuario\",\"description\":\"Mundo Agropecuario\",\"publisher\":{\"@id\":\"https:\/\/www.mundoagropecuario.cl\/new\/#organization\"},\"potentialAction\":[{\"@type\":\"SearchAction\",\"target\":{\"@type\":\"EntryPoint\",\"urlTemplate\":\"https:\/\/www.mundoagropecuario.cl\/new\/?s={search_term_string}\"},\"query-input\":{\"@type\":\"PropertyValueSpecification\",\"valueRequired\":true,\"valueName\":\"search_term_string\"}}],\"inLanguage\":\"es\"},{\"@type\":\"Organization\",\"@id\":\"https:\/\/www.mundoagropecuario.cl\/new\/#organization\",\"name\":\"Revista de Agricultura\",\"url\":\"https:\/\/www.mundoagropecuario.cl\/new\/\",\"logo\":{\"@type\":\"ImageObject\",\"inLanguage\":\"es\",\"@id\":\"https:\/\/www.mundoagropecuario.cl\/new\/#\/schema\/logo\/image\/\",\"url\":\"https:\/\/www.mundoagropecuario.cl\/new\/wp-content\/uploads\/2020\/11\/PORTAL-1-1.png\",\"contentUrl\":\"https:\/\/www.mundoagropecuario.cl\/new\/wp-content\/uploads\/2020\/11\/PORTAL-1-1.png\",\"width\":1026,\"height\":100,\"caption\":\"Revista de Agricultura\"},\"image\":{\"@id\":\"https:\/\/www.mundoagropecuario.cl\/new\/#\/schema\/logo\/image\/\"},\"sameAs\":[\"https:\/\/www.facebook.com\/mundo.agropecuario.3\",\"https:\/\/x.com\/MundoAgropecuar\",\"https:\/\/www.linkedin.com\/in\/mundo-agropecuario-934009201\/\"]},{\"@type\":\"Person\",\"@id\":\"https:\/\/www.mundoagropecuario.cl\/new\/#\/schema\/person\/4e9f74a82a7dac260eb1c44b7eebeb18\",\"name\":\"mundo\",\"url\":\"https:\/\/www.mundoagropecuario.cl\/new\/author\/mundo\/\"}]}<\/script>\n<!-- \/ Yoast SEO plugin. -->","yoast_head_json":{"title":"Chile tiene un nuevo parque nacional en la Regi\u00f3n de Ays\u00e9n - Mundoagropecuario","robots":{"index":"index","follow":"follow","max-snippet":"max-snippet:-1","max-image-preview":"max-image-preview:large","max-video-preview":"max-video-preview:-1"},"canonical":"https:\/\/www.mundoagropecuario.cl\/new\/chile-tiene-un-nuevo-parque-nacional-en-la-region-de-aysen\/","og_locale":"es_ES","og_type":"article","og_title":"Chile tiene un nuevo parque nacional en la Regi\u00f3n de Ays\u00e9n - Mundoagropecuario","og_description":"El Parque Nacional Patagonia, con una superficie de 304.527,75 hect\u00e1reas, integra los terrenos donados por la Fundaci\u00f3n Tompkins Conservation, m\u00e1s las Reservas Nacionales Jeinimeni y Lago Cochrane, adem\u00e1s de terrenos...","og_url":"https:\/\/www.mundoagropecuario.cl\/new\/chile-tiene-un-nuevo-parque-nacional-en-la-region-de-aysen\/","og_site_name":"Mundoagropecuario","article_publisher":"https:\/\/www.facebook.com\/mundo.agropecuario.3","article_published_time":"2018-12-12T14:12:34+00:00","article_modified_time":"2018-12-14T14:53:51+00:00","og_image":[{"width":424,"height":328,"url":"https:\/\/www.mundoagropecuario.cl\/new\/wp-content\/uploads\/2018\/12\/PN-Patagonia_valle-Chacabuco330-e1544624077602.jpg","type":"image\/jpeg"}],"author":"mundo","twitter_card":"summary_large_image","twitter_creator":"@MundoAgropecuar","twitter_site":"@MundoAgropecuar","twitter_misc":{"Escrito por":"mundo","Tiempo de lectura":"3 minutos"},"schema":{"@context":"https:\/\/schema.org","@graph":[{"@type":"Article","@id":"https:\/\/www.mundoagropecuario.cl\/new\/chile-tiene-un-nuevo-parque-nacional-en-la-region-de-aysen\/#article","isPartOf":{"@id":"https:\/\/www.mundoagropecuario.cl\/new\/chile-tiene-un-nuevo-parque-nacional-en-la-region-de-aysen\/"},"author":{"name":"mundo","@id":"https:\/\/www.mundoagropecuario.cl\/new\/#\/schema\/person\/4e9f74a82a7dac260eb1c44b7eebeb18"},"headline":"Chile tiene un nuevo parque nacional en la Regi\u00f3n de Ays\u00e9n","datePublished":"2018-12-12T14:12:34+00:00","dateModified":"2018-12-14T14:53:51+00:00","mainEntityOfPage":{"@id":"https:\/\/www.mundoagropecuario.cl\/new\/chile-tiene-un-nuevo-parque-nacional-en-la-region-de-aysen\/"},"wordCount":622,"publisher":{"@id":"https:\/\/www.mundoagropecuario.cl\/new\/#organization"},"image":{"@id":"https:\/\/www.mundoagropecuario.cl\/new\/chile-tiene-un-nuevo-parque-nacional-en-la-region-de-aysen\/#primaryimage"},"thumbnailUrl":"https:\/\/www.mundoagropecuario.cl\/new\/wp-content\/uploads\/2018\/12\/PN-Patagonia_valle-Chacabuco330-e1544624077602.jpg","keywords":["Conaf","Jos\u00e9 Manuel Rebolledo","Parque Nacional Patagonia"],"articleSection":["Forestal"],"inLanguage":"es"},{"@type":"WebPage","@id":"https:\/\/www.mundoagropecuario.cl\/new\/chile-tiene-un-nuevo-parque-nacional-en-la-region-de-aysen\/","url":"https:\/\/www.mundoagropecuario.cl\/new\/chile-tiene-un-nuevo-parque-nacional-en-la-region-de-aysen\/","name":"Chile tiene un nuevo parque nacional en la Regi\u00f3n de Ays\u00e9n - Mundoagropecuario","isPartOf":{"@id":"https:\/\/www.mundoagropecuario.cl\/new\/#website"},"primaryImageOfPage":{"@id":"https:\/\/www.mundoagropecuario.cl\/new\/chile-tiene-un-nuevo-parque-nacional-en-la-region-de-aysen\/#primaryimage"},"image":{"@id":"https:\/\/www.mundoagropecuario.cl\/new\/chile-tiene-un-nuevo-parque-nacional-en-la-region-de-aysen\/#primaryimage"},"thumbnailUrl":"https:\/\/www.mundoagropecuario.cl\/new\/wp-content\/uploads\/2018\/12\/PN-Patagonia_valle-Chacabuco330-e1544624077602.jpg","datePublished":"2018-12-12T14:12:34+00:00","dateModified":"2018-12-14T14:53:51+00:00","breadcrumb":{"@id":"https:\/\/www.mundoagropecuario.cl\/new\/chile-tiene-un-nuevo-parque-nacional-en-la-region-de-aysen\/#breadcrumb"},"inLanguage":"es","potentialAction":[{"@type":"ReadAction","target":["https:\/\/www.mundoagropecuario.cl\/new\/chile-tiene-un-nuevo-parque-nacional-en-la-region-de-aysen\/"]}]},{"@type":"ImageObject","inLanguage":"es","@id":"https:\/\/www.mundoagropecuario.cl\/new\/chile-tiene-un-nuevo-parque-nacional-en-la-region-de-aysen\/#primaryimage","url":"https:\/\/www.mundoagropecuario.cl\/new\/wp-content\/uploads\/2018\/12\/PN-Patagonia_valle-Chacabuco330-e1544624077602.jpg","contentUrl":"https:\/\/www.mundoagropecuario.cl\/new\/wp-content\/uploads\/2018\/12\/PN-Patagonia_valle-Chacabuco330-e1544624077602.jpg","width":424,"height":328},{"@type":"BreadcrumbList","@id":"https:\/\/www.mundoagropecuario.cl\/new\/chile-tiene-un-nuevo-parque-nacional-en-la-region-de-aysen\/#breadcrumb","itemListElement":[{"@type":"ListItem","position":1,"name":"Portada","item":"https:\/\/www.mundoagropecuario.cl\/new\/"},{"@type":"ListItem","position":2,"name":"Chile tiene un nuevo parque nacional en la Regi\u00f3n de Ays\u00e9n"}]},{"@type":"WebSite","@id":"https:\/\/www.mundoagropecuario.cl\/new\/#website","url":"https:\/\/www.mundoagropecuario.cl\/new\/","name":"Mundoagropecuario","description":"Mundo Agropecuario","publisher":{"@id":"https:\/\/www.mundoagropecuario.cl\/new\/#organization"},"potentialAction":[{"@type":"SearchAction","target":{"@type":"EntryPoint","urlTemplate":"https:\/\/www.mundoagropecuario.cl\/new\/?s={search_term_string}"},"query-input":{"@type":"PropertyValueSpecification","valueRequired":true,"valueName":"search_term_string"}}],"inLanguage":"es"},{"@type":"Organization","@id":"https:\/\/www.mundoagropecuario.cl\/new\/#organization","name":"Revista de Agricultura","url":"https:\/\/www.mundoagropecuario.cl\/new\/","logo":{"@type":"ImageObject","inLanguage":"es","@id":"https:\/\/www.mundoagropecuario.cl\/new\/#\/schema\/logo\/image\/","url":"https:\/\/www.mundoagropecuario.cl\/new\/wp-content\/uploads\/2020\/11\/PORTAL-1-1.png","contentUrl":"https:\/\/www.mundoagropecuario.cl\/new\/wp-content\/uploads\/2020\/11\/PORTAL-1-1.png","width":1026,"height":100,"caption":"Revista de Agricultura"},"image":{"@id":"https:\/\/www.mundoagropecuario.cl\/new\/#\/schema\/logo\/image\/"},"sameAs":["https:\/\/www.facebook.com\/mundo.agropecuario.3","https:\/\/x.com\/MundoAgropecuar","https:\/\/www.linkedin.com\/in\/mundo-agropecuario-934009201\/"]},{"@type":"Person","@id":"https:\/\/www.mundoagropecuario.cl\/new\/#\/schema\/person\/4e9f74a82a7dac260eb1c44b7eebeb18","name":"mundo","url":"https:\/\/www.mundoagropecuario.cl\/new\/author\/mundo\/"}]}},"_links":{"self":[{"href":"https:\/\/www.mundoagropecuario.cl\/new\/wp-json\/wp\/v2\/posts\/9920","targetHints":{"allow":["GET"]}}],"collection":[{"href":"https:\/\/www.mundoagropecuario.cl\/new\/wp-json\/wp\/v2\/posts"}],"about":[{"href":"https:\/\/www.mundoagropecuario.cl\/new\/wp-json\/wp\/v2\/types\/post"}],"author":[{"embeddable":true,"href":"https:\/\/www.mundoagropecuario.cl\/new\/wp-json\/wp\/v2\/users\/2"}],"replies":[{"embeddable":true,"href":"https:\/\/www.mundoagropecuario.cl\/new\/wp-json\/wp\/v2\/comments?post=9920"}],"version-history":[{"count":1,"href":"https:\/\/www.mundoagropecuario.cl\/new\/wp-json\/wp\/v2\/posts\/9920\/revisions"}],"predecessor-version":[{"id":9922,"href":"https:\/\/www.mundoagropecuario.cl\/new\/wp-json\/wp\/v2\/posts\/9920\/revisions\/9922"}],"wp:featuredmedia":[{"embeddable":true,"href":"https:\/\/www.mundoagropecuario.cl\/new\/wp-json\/wp\/v2\/media\/9921"}],"wp:attachment":[{"href":"https:\/\/www.mundoagropecuario.cl\/new\/wp-json\/wp\/v2\/media?parent=9920"}],"wp:term":[{"taxonomy":"category","embeddable":true,"href":"https:\/\/www.mundoagropecuario.cl\/new\/wp-json\/wp\/v2\/categories?post=9920"},{"taxonomy":"post_tag","embeddable":true,"href":"https:\/\/www.mundoagropecuario.cl\/new\/wp-json\/wp\/v2\/tags?post=9920"}],"curies":[{"name":"wp","href":"https:\/\/api.w.org\/{rel}","templated":true}]}}