{"id":9900,"date":"2018-12-11T01:47:28","date_gmt":"2018-12-11T04:47:28","guid":{"rendered":"http:\/\/www.mundoagropecuario.cl\/new\/?p=9900"},"modified":"2018-12-11T01:47:28","modified_gmt":"2018-12-11T04:47:28","slug":"pequenos-agricultores-de-la-frontera-norte-de-chile-se-capacitaron-en-seguridad-alimentaria","status":"publish","type":"post","link":"https:\/\/www.mundoagropecuario.cl\/new\/pequenos-agricultores-de-la-frontera-norte-de-chile-se-capacitaron-en-seguridad-alimentaria\/","title":{"rendered":"Peque\u00f1os agricultores de la frontera Norte de Chile se capacitaron en seguridad alimentaria"},"content":{"rendered":"<blockquote><p><em>La convocatoria fue muy positiva, ya que m\u00e1s de 70 productores y trabajadores de los predios asistieron a cada curso (Mundo Agropecuario).<\/em><\/p><\/blockquote>\n<p>En marco del programa CuidAgro, que tiene como objetivo brindar capacitaci\u00f3n en el manejo responsable de productos para la protecci\u00f3n de cultivos, la Asociaci\u00f3n Nacional de Fabricantes e Importadores de Productos Fitosanitarios Agr\u00edcolas, Afipa, realiz\u00f3 tres cursos a la Agrupaci\u00f3n de Peque\u00f1os Agricultores de Arica y Parinacota (APAAP) sobre seguridad alimentaria.<\/p>\n<p>Buenas Pr\u00e1cticas Agr\u00edcolas (BPA), manejo de fitosanitarios y Manejo Integrado de Plagas (MIP), y calibraci\u00f3n de pulverizadores de espalda y equipo de pitones fueron los temas que se abordaron durante los tres d\u00edas que dur\u00f3 la jornada de capacitaci\u00f3n impartida por el ingeniero agr\u00f3nomo Juan Jos\u00e9 Donoso.<\/p>\n<p>M\u00e1s de 70 productores y trabajadores de los predios asistieron por d\u00eda, cifra que representa la importancia que le da esta agrupaci\u00f3n de agricultores a los temas sobre seguridad alimentaria.<\/p>\n<p><strong>Productos hortofrut\u00edcolas<\/strong><\/p>\n<p>La APAAP existe hace 5 a\u00f1os, cuando el Ministerio de Bienes Nacionales le entreg\u00f3 terrenos en Pampa Concordia, ubicada en el kil\u00f3metro 3 de Chile, en la Regi\u00f3n de Arica y Parinacota, comuna de Arica. Actualmente, est\u00e1 compuesta por 80 asociados y 350 hect\u00e1reas.<\/p>\n<p>Su producci\u00f3n est\u00e1 orientada a abastecer al mercado nacional de productos hortofrut\u00edcolas como tomates, morrones, cebollas, mangos, c\u00edtricos, entre otros, durante los meses de abril a noviembre, gracias a la \u201ceterna primavera\u201d de la que goza ese territorio.<\/p>\n","protected":false},"excerpt":{"rendered":"<p>La convocatoria fue muy positiva, ya que m\u00e1s de 70 productores y trabajadores de los predios asistieron a cada curso (Mundo Agropecuario). En marco del programa CuidAgro, que tiene como&#8230;<\/p>\n","protected":false},"author":3,"featured_media":9901,"comment_status":"closed","ping_status":"closed","sticky":false,"template":"","format":"standard","meta":{"footnotes":""},"categories":[404],"tags":[2174,2649,380,3017,2595],"class_list":["post-9900","post","type-post","status-publish","format-standard","has-post-thumbnail","hentry","category-titular-2","tag-afipa","tag-arica","tag-capacitacion","tag-cuidagro","tag-hortofruticolas"],"yoast_head":"<!-- This site is optimized with the Yoast SEO plugin v26.6 - https:\/\/yoast.com\/wordpress\/plugins\/seo\/ -->\n<title>Peque\u00f1os agricultores de la frontera Norte de Chile se capacitaron en seguridad alimentaria - Mundoagropecuario<\/title>\n<meta name=\"robots\" content=\"index, follow, max-snippet:-1, max-image-preview:large, max-video-preview:-1\" \/>\n<link rel=\"canonical\" href=\"https:\/\/www.mundoagropecuario.cl\/new\/pequenos-agricultores-de-la-frontera-norte-de-chile-se-capacitaron-en-seguridad-alimentaria\/\" \/>\n<meta property=\"og:locale\" content=\"es_ES\" \/>\n<meta property=\"og:type\" content=\"article\" \/>\n<meta property=\"og:title\" content=\"Peque\u00f1os agricultores de la frontera Norte de Chile se capacitaron en seguridad alimentaria - Mundoagropecuario\" \/>\n<meta property=\"og:description\" content=\"La convocatoria fue muy positiva, ya que m\u00e1s de 70 productores y trabajadores de los predios asistieron a cada curso (Mundo Agropecuario). En marco del programa CuidAgro, que tiene como...\" \/>\n<meta property=\"og:url\" content=\"https:\/\/www.mundoagropecuario.cl\/new\/pequenos-agricultores-de-la-frontera-norte-de-chile-se-capacitaron-en-seguridad-alimentaria\/\" \/>\n<meta property=\"og:site_name\" content=\"Mundoagropecuario\" \/>\n<meta property=\"article:publisher\" content=\"https:\/\/www.facebook.com\/mundo.agropecuario.3\" \/>\n<meta property=\"article:published_time\" content=\"2018-12-11T04:47:28+00:00\" \/>\n<meta property=\"og:image\" content=\"https:\/\/www.mundoagropecuario.cl\/new\/wp-content\/uploads\/2018\/12\/Capacitaci\u00f3n-en-terreno.jpg\" \/>\n\t<meta property=\"og:image:width\" content=\"790\" \/>\n\t<meta property=\"og:image:height\" content=\"518\" \/>\n\t<meta property=\"og:image:type\" content=\"image\/jpeg\" \/>\n<meta name=\"author\" content=\"periodista\" \/>\n<meta name=\"twitter:card\" content=\"summary_large_image\" \/>\n<meta name=\"twitter:creator\" content=\"@MundoAgropecuar\" \/>\n<meta name=\"twitter:site\" content=\"@MundoAgropecuar\" \/>\n<meta name=\"twitter:label1\" content=\"Escrito por\" \/>\n\t<meta name=\"twitter:data1\" content=\"periodista\" \/>\n\t<meta name=\"twitter:label2\" content=\"Tiempo de lectura\" \/>\n\t<meta name=\"twitter:data2\" content=\"1 minuto\" \/>\n<script type=\"application\/ld+json\" class=\"yoast-schema-graph\">{\"@context\":\"https:\/\/schema.org\",\"@graph\":[{\"@type\":\"Article\",\"@id\":\"https:\/\/www.mundoagropecuario.cl\/new\/pequenos-agricultores-de-la-frontera-norte-de-chile-se-capacitaron-en-seguridad-alimentaria\/#article\",\"isPartOf\":{\"@id\":\"https:\/\/www.mundoagropecuario.cl\/new\/pequenos-agricultores-de-la-frontera-norte-de-chile-se-capacitaron-en-seguridad-alimentaria\/\"},\"author\":{\"name\":\"periodista\",\"@id\":\"https:\/\/www.mundoagropecuario.cl\/new\/#\/schema\/person\/0c221050801c74e45256a7a9a1ff0803\"},\"headline\":\"Peque\u00f1os agricultores de la frontera Norte de Chile se capacitaron en seguridad alimentaria\",\"datePublished\":\"2018-12-11T04:47:28+00:00\",\"mainEntityOfPage\":{\"@id\":\"https:\/\/www.mundoagropecuario.cl\/new\/pequenos-agricultores-de-la-frontera-norte-de-chile-se-capacitaron-en-seguridad-alimentaria\/\"},\"wordCount\":266,\"publisher\":{\"@id\":\"https:\/\/www.mundoagropecuario.cl\/new\/#organization\"},\"image\":{\"@id\":\"https:\/\/www.mundoagropecuario.cl\/new\/pequenos-agricultores-de-la-frontera-norte-de-chile-se-capacitaron-en-seguridad-alimentaria\/#primaryimage\"},\"thumbnailUrl\":\"https:\/\/www.mundoagropecuario.cl\/new\/wp-content\/uploads\/2018\/12\/Capacitaci\u00f3n-en-terreno.jpg\",\"keywords\":[\"Afipa\",\"Arica\",\"capacitaci\u00f3n\",\"CuidAgro\",\"hortofrut\u00edcolas\"],\"articleSection\":[\"Titular 2\"],\"inLanguage\":\"es\"},{\"@type\":\"WebPage\",\"@id\":\"https:\/\/www.mundoagropecuario.cl\/new\/pequenos-agricultores-de-la-frontera-norte-de-chile-se-capacitaron-en-seguridad-alimentaria\/\",\"url\":\"https:\/\/www.mundoagropecuario.cl\/new\/pequenos-agricultores-de-la-frontera-norte-de-chile-se-capacitaron-en-seguridad-alimentaria\/\",\"name\":\"Peque\u00f1os agricultores de la frontera Norte de Chile se capacitaron en seguridad alimentaria - Mundoagropecuario\",\"isPartOf\":{\"@id\":\"https:\/\/www.mundoagropecuario.cl\/new\/#website\"},\"primaryImageOfPage\":{\"@id\":\"https:\/\/www.mundoagropecuario.cl\/new\/pequenos-agricultores-de-la-frontera-norte-de-chile-se-capacitaron-en-seguridad-alimentaria\/#primaryimage\"},\"image\":{\"@id\":\"https:\/\/www.mundoagropecuario.cl\/new\/pequenos-agricultores-de-la-frontera-norte-de-chile-se-capacitaron-en-seguridad-alimentaria\/#primaryimage\"},\"thumbnailUrl\":\"https:\/\/www.mundoagropecuario.cl\/new\/wp-content\/uploads\/2018\/12\/Capacitaci\u00f3n-en-terreno.jpg\",\"datePublished\":\"2018-12-11T04:47:28+00:00\",\"breadcrumb\":{\"@id\":\"https:\/\/www.mundoagropecuario.cl\/new\/pequenos-agricultores-de-la-frontera-norte-de-chile-se-capacitaron-en-seguridad-alimentaria\/#breadcrumb\"},\"inLanguage\":\"es\",\"potentialAction\":[{\"@type\":\"ReadAction\",\"target\":[\"https:\/\/www.mundoagropecuario.cl\/new\/pequenos-agricultores-de-la-frontera-norte-de-chile-se-capacitaron-en-seguridad-alimentaria\/\"]}]},{\"@type\":\"ImageObject\",\"inLanguage\":\"es\",\"@id\":\"https:\/\/www.mundoagropecuario.cl\/new\/pequenos-agricultores-de-la-frontera-norte-de-chile-se-capacitaron-en-seguridad-alimentaria\/#primaryimage\",\"url\":\"https:\/\/www.mundoagropecuario.cl\/new\/wp-content\/uploads\/2018\/12\/Capacitaci\u00f3n-en-terreno.jpg\",\"contentUrl\":\"https:\/\/www.mundoagropecuario.cl\/new\/wp-content\/uploads\/2018\/12\/Capacitaci\u00f3n-en-terreno.jpg\",\"width\":610,\"height\":400},{\"@type\":\"BreadcrumbList\",\"@id\":\"https:\/\/www.mundoagropecuario.cl\/new\/pequenos-agricultores-de-la-frontera-norte-de-chile-se-capacitaron-en-seguridad-alimentaria\/#breadcrumb\",\"itemListElement\":[{\"@type\":\"ListItem\",\"position\":1,\"name\":\"Portada\",\"item\":\"https:\/\/www.mundoagropecuario.cl\/new\/\"},{\"@type\":\"ListItem\",\"position\":2,\"name\":\"Peque\u00f1os agricultores de la frontera Norte de Chile se capacitaron en seguridad alimentaria\"}]},{\"@type\":\"WebSite\",\"@id\":\"https:\/\/www.mundoagropecuario.cl\/new\/#website\",\"url\":\"https:\/\/www.mundoagropecuario.cl\/new\/\",\"name\":\"Mundoagropecuario\",\"description\":\"Mundo Agropecuario\",\"publisher\":{\"@id\":\"https:\/\/www.mundoagropecuario.cl\/new\/#organization\"},\"potentialAction\":[{\"@type\":\"SearchAction\",\"target\":{\"@type\":\"EntryPoint\",\"urlTemplate\":\"https:\/\/www.mundoagropecuario.cl\/new\/?s={search_term_string}\"},\"query-input\":{\"@type\":\"PropertyValueSpecification\",\"valueRequired\":true,\"valueName\":\"search_term_string\"}}],\"inLanguage\":\"es\"},{\"@type\":\"Organization\",\"@id\":\"https:\/\/www.mundoagropecuario.cl\/new\/#organization\",\"name\":\"Revista de Agricultura\",\"url\":\"https:\/\/www.mundoagropecuario.cl\/new\/\",\"logo\":{\"@type\":\"ImageObject\",\"inLanguage\":\"es\",\"@id\":\"https:\/\/www.mundoagropecuario.cl\/new\/#\/schema\/logo\/image\/\",\"url\":\"https:\/\/www.mundoagropecuario.cl\/new\/wp-content\/uploads\/2020\/11\/PORTAL-1-1.png\",\"contentUrl\":\"https:\/\/www.mundoagropecuario.cl\/new\/wp-content\/uploads\/2020\/11\/PORTAL-1-1.png\",\"width\":1026,\"height\":100,\"caption\":\"Revista de Agricultura\"},\"image\":{\"@id\":\"https:\/\/www.mundoagropecuario.cl\/new\/#\/schema\/logo\/image\/\"},\"sameAs\":[\"https:\/\/www.facebook.com\/mundo.agropecuario.3\",\"https:\/\/x.com\/MundoAgropecuar\",\"https:\/\/www.linkedin.com\/in\/mundo-agropecuario-934009201\/\"]},{\"@type\":\"Person\",\"@id\":\"https:\/\/www.mundoagropecuario.cl\/new\/#\/schema\/person\/0c221050801c74e45256a7a9a1ff0803\",\"name\":\"periodista\",\"url\":\"https:\/\/www.mundoagropecuario.cl\/new\/author\/periodista\/\"}]}<\/script>\n<!-- \/ Yoast SEO plugin. -->","yoast_head_json":{"title":"Peque\u00f1os agricultores de la frontera Norte de Chile se capacitaron en seguridad alimentaria - Mundoagropecuario","robots":{"index":"index","follow":"follow","max-snippet":"max-snippet:-1","max-image-preview":"max-image-preview:large","max-video-preview":"max-video-preview:-1"},"canonical":"https:\/\/www.mundoagropecuario.cl\/new\/pequenos-agricultores-de-la-frontera-norte-de-chile-se-capacitaron-en-seguridad-alimentaria\/","og_locale":"es_ES","og_type":"article","og_title":"Peque\u00f1os agricultores de la frontera Norte de Chile se capacitaron en seguridad alimentaria - Mundoagropecuario","og_description":"La convocatoria fue muy positiva, ya que m\u00e1s de 70 productores y trabajadores de los predios asistieron a cada curso (Mundo Agropecuario). En marco del programa CuidAgro, que tiene como...","og_url":"https:\/\/www.mundoagropecuario.cl\/new\/pequenos-agricultores-de-la-frontera-norte-de-chile-se-capacitaron-en-seguridad-alimentaria\/","og_site_name":"Mundoagropecuario","article_publisher":"https:\/\/www.facebook.com\/mundo.agropecuario.3","article_published_time":"2018-12-11T04:47:28+00:00","og_image":[{"width":790,"height":518,"url":"https:\/\/www.mundoagropecuario.cl\/new\/wp-content\/uploads\/2018\/12\/Capacitaci\u00f3n-en-terreno.jpg","type":"image\/jpeg"}],"author":"periodista","twitter_card":"summary_large_image","twitter_creator":"@MundoAgropecuar","twitter_site":"@MundoAgropecuar","twitter_misc":{"Escrito por":"periodista","Tiempo de lectura":"1 minuto"},"schema":{"@context":"https:\/\/schema.org","@graph":[{"@type":"Article","@id":"https:\/\/www.mundoagropecuario.cl\/new\/pequenos-agricultores-de-la-frontera-norte-de-chile-se-capacitaron-en-seguridad-alimentaria\/#article","isPartOf":{"@id":"https:\/\/www.mundoagropecuario.cl\/new\/pequenos-agricultores-de-la-frontera-norte-de-chile-se-capacitaron-en-seguridad-alimentaria\/"},"author":{"name":"periodista","@id":"https:\/\/www.mundoagropecuario.cl\/new\/#\/schema\/person\/0c221050801c74e45256a7a9a1ff0803"},"headline":"Peque\u00f1os agricultores de la frontera Norte de Chile se capacitaron en seguridad alimentaria","datePublished":"2018-12-11T04:47:28+00:00","mainEntityOfPage":{"@id":"https:\/\/www.mundoagropecuario.cl\/new\/pequenos-agricultores-de-la-frontera-norte-de-chile-se-capacitaron-en-seguridad-alimentaria\/"},"wordCount":266,"publisher":{"@id":"https:\/\/www.mundoagropecuario.cl\/new\/#organization"},"image":{"@id":"https:\/\/www.mundoagropecuario.cl\/new\/pequenos-agricultores-de-la-frontera-norte-de-chile-se-capacitaron-en-seguridad-alimentaria\/#primaryimage"},"thumbnailUrl":"https:\/\/www.mundoagropecuario.cl\/new\/wp-content\/uploads\/2018\/12\/Capacitaci\u00f3n-en-terreno.jpg","keywords":["Afipa","Arica","capacitaci\u00f3n","CuidAgro","hortofrut\u00edcolas"],"articleSection":["Titular 2"],"inLanguage":"es"},{"@type":"WebPage","@id":"https:\/\/www.mundoagropecuario.cl\/new\/pequenos-agricultores-de-la-frontera-norte-de-chile-se-capacitaron-en-seguridad-alimentaria\/","url":"https:\/\/www.mundoagropecuario.cl\/new\/pequenos-agricultores-de-la-frontera-norte-de-chile-se-capacitaron-en-seguridad-alimentaria\/","name":"Peque\u00f1os agricultores de la frontera Norte de Chile se capacitaron en seguridad alimentaria - Mundoagropecuario","isPartOf":{"@id":"https:\/\/www.mundoagropecuario.cl\/new\/#website"},"primaryImageOfPage":{"@id":"https:\/\/www.mundoagropecuario.cl\/new\/pequenos-agricultores-de-la-frontera-norte-de-chile-se-capacitaron-en-seguridad-alimentaria\/#primaryimage"},"image":{"@id":"https:\/\/www.mundoagropecuario.cl\/new\/pequenos-agricultores-de-la-frontera-norte-de-chile-se-capacitaron-en-seguridad-alimentaria\/#primaryimage"},"thumbnailUrl":"https:\/\/www.mundoagropecuario.cl\/new\/wp-content\/uploads\/2018\/12\/Capacitaci\u00f3n-en-terreno.jpg","datePublished":"2018-12-11T04:47:28+00:00","breadcrumb":{"@id":"https:\/\/www.mundoagropecuario.cl\/new\/pequenos-agricultores-de-la-frontera-norte-de-chile-se-capacitaron-en-seguridad-alimentaria\/#breadcrumb"},"inLanguage":"es","potentialAction":[{"@type":"ReadAction","target":["https:\/\/www.mundoagropecuario.cl\/new\/pequenos-agricultores-de-la-frontera-norte-de-chile-se-capacitaron-en-seguridad-alimentaria\/"]}]},{"@type":"ImageObject","inLanguage":"es","@id":"https:\/\/www.mundoagropecuario.cl\/new\/pequenos-agricultores-de-la-frontera-norte-de-chile-se-capacitaron-en-seguridad-alimentaria\/#primaryimage","url":"https:\/\/www.mundoagropecuario.cl\/new\/wp-content\/uploads\/2018\/12\/Capacitaci\u00f3n-en-terreno.jpg","contentUrl":"https:\/\/www.mundoagropecuario.cl\/new\/wp-content\/uploads\/2018\/12\/Capacitaci\u00f3n-en-terreno.jpg","width":610,"height":400},{"@type":"BreadcrumbList","@id":"https:\/\/www.mundoagropecuario.cl\/new\/pequenos-agricultores-de-la-frontera-norte-de-chile-se-capacitaron-en-seguridad-alimentaria\/#breadcrumb","itemListElement":[{"@type":"ListItem","position":1,"name":"Portada","item":"https:\/\/www.mundoagropecuario.cl\/new\/"},{"@type":"ListItem","position":2,"name":"Peque\u00f1os agricultores de la frontera Norte de Chile se capacitaron en seguridad alimentaria"}]},{"@type":"WebSite","@id":"https:\/\/www.mundoagropecuario.cl\/new\/#website","url":"https:\/\/www.mundoagropecuario.cl\/new\/","name":"Mundoagropecuario","description":"Mundo Agropecuario","publisher":{"@id":"https:\/\/www.mundoagropecuario.cl\/new\/#organization"},"potentialAction":[{"@type":"SearchAction","target":{"@type":"EntryPoint","urlTemplate":"https:\/\/www.mundoagropecuario.cl\/new\/?s={search_term_string}"},"query-input":{"@type":"PropertyValueSpecification","valueRequired":true,"valueName":"search_term_string"}}],"inLanguage":"es"},{"@type":"Organization","@id":"https:\/\/www.mundoagropecuario.cl\/new\/#organization","name":"Revista de Agricultura","url":"https:\/\/www.mundoagropecuario.cl\/new\/","logo":{"@type":"ImageObject","inLanguage":"es","@id":"https:\/\/www.mundoagropecuario.cl\/new\/#\/schema\/logo\/image\/","url":"https:\/\/www.mundoagropecuario.cl\/new\/wp-content\/uploads\/2020\/11\/PORTAL-1-1.png","contentUrl":"https:\/\/www.mundoagropecuario.cl\/new\/wp-content\/uploads\/2020\/11\/PORTAL-1-1.png","width":1026,"height":100,"caption":"Revista de Agricultura"},"image":{"@id":"https:\/\/www.mundoagropecuario.cl\/new\/#\/schema\/logo\/image\/"},"sameAs":["https:\/\/www.facebook.com\/mundo.agropecuario.3","https:\/\/x.com\/MundoAgropecuar","https:\/\/www.linkedin.com\/in\/mundo-agropecuario-934009201\/"]},{"@type":"Person","@id":"https:\/\/www.mundoagropecuario.cl\/new\/#\/schema\/person\/0c221050801c74e45256a7a9a1ff0803","name":"periodista","url":"https:\/\/www.mundoagropecuario.cl\/new\/author\/periodista\/"}]}},"_links":{"self":[{"href":"https:\/\/www.mundoagropecuario.cl\/new\/wp-json\/wp\/v2\/posts\/9900","targetHints":{"allow":["GET"]}}],"collection":[{"href":"https:\/\/www.mundoagropecuario.cl\/new\/wp-json\/wp\/v2\/posts"}],"about":[{"href":"https:\/\/www.mundoagropecuario.cl\/new\/wp-json\/wp\/v2\/types\/post"}],"author":[{"embeddable":true,"href":"https:\/\/www.mundoagropecuario.cl\/new\/wp-json\/wp\/v2\/users\/3"}],"replies":[{"embeddable":true,"href":"https:\/\/www.mundoagropecuario.cl\/new\/wp-json\/wp\/v2\/comments?post=9900"}],"version-history":[{"count":1,"href":"https:\/\/www.mundoagropecuario.cl\/new\/wp-json\/wp\/v2\/posts\/9900\/revisions"}],"predecessor-version":[{"id":9902,"href":"https:\/\/www.mundoagropecuario.cl\/new\/wp-json\/wp\/v2\/posts\/9900\/revisions\/9902"}],"wp:featuredmedia":[{"embeddable":true,"href":"https:\/\/www.mundoagropecuario.cl\/new\/wp-json\/wp\/v2\/media\/9901"}],"wp:attachment":[{"href":"https:\/\/www.mundoagropecuario.cl\/new\/wp-json\/wp\/v2\/media?parent=9900"}],"wp:term":[{"taxonomy":"category","embeddable":true,"href":"https:\/\/www.mundoagropecuario.cl\/new\/wp-json\/wp\/v2\/categories?post=9900"},{"taxonomy":"post_tag","embeddable":true,"href":"https:\/\/www.mundoagropecuario.cl\/new\/wp-json\/wp\/v2\/tags?post=9900"}],"curies":[{"name":"wp","href":"https:\/\/api.w.org\/{rel}","templated":true}]}}