{"id":9888,"date":"2018-12-10T01:04:52","date_gmt":"2018-12-10T04:04:52","guid":{"rendered":"http:\/\/www.mundoagropecuario.cl\/new\/?p=9888"},"modified":"2018-12-10T01:04:52","modified_gmt":"2018-12-10T04:04:52","slug":"uct-inicio-convenio-de-colaboracion-con-el-instituto-interamericano-de-cooperacion-para-la-agricultura","status":"publish","type":"post","link":"https:\/\/www.mundoagropecuario.cl\/new\/uct-inicio-convenio-de-colaboracion-con-el-instituto-interamericano-de-cooperacion-para-la-agricultura\/","title":{"rendered":"UCT inici\u00f3 convenio de colaboraci\u00f3n con el Instituto Interamericano de Cooperaci\u00f3n para la Agricultura"},"content":{"rendered":"<blockquote><p><em>El Instituto Interamericano de Cooperaci\u00f3n para la Agricultura sell\u00f3 por medio de una firma el v\u00ednculo con la Universidad Cat\u00f3lica de Temuco para el desarrollo de proyectos agr\u00edcolas locales (Mundo Agropecuario).<\/em><\/p><\/blockquote>\n<p>En el Edificio Institucional de la UC Temuco ubicado en el campus Dr. Luis Rivas del Canto, se llev\u00f3 a cabo una importante firma que uni\u00f3 a la UC Temuco con el Instituto Interamericano de Cooperaci\u00f3n para la Agricultura (IICA) en un convenio de colaboraci\u00f3n mutua.<\/p>\n<p>Este v\u00ednculo permite avanzar, entre otras acciones, en la facilitaci\u00f3n de debates con los m\u00faltiples interesados para desarrollar directrices y documentos de consenso pertinentes a los temas de inter\u00e9s, el copatrocinio de talleres, conferencias nacionales y regionales sobre temas espec\u00edficos para facilitar el intercambio fruct\u00edfero de informaci\u00f3n, y la atracci\u00f3n de financiaci\u00f3n y la participaci\u00f3n t\u00e9cnica en la medida necesaria para alcanzar los objetivos propuestos.<\/p>\n<p>\u201cPara nosotros, como organismo internacional de cooperaci\u00f3n t\u00e9cnica, l\u00edder en el desarrollo agropecuario y rural de las Am\u00e9ricas, tener alianzas con diferentes actores, p\u00fablicos, privados y la academia, es fundamental para la sostenibilidad y \u00e9xito del os proyectos que nosotros desarrollamos de cooperaci\u00f3n t\u00e9cnica\u201d, expres\u00f3 Jaime Flores, quien es representante del IICA en Chile.<\/p>\n<p>Por su parte, el rector de la Universidad Cat\u00f3lica de Temuco, Dr. Aliro B\u00f3rquez, defini\u00f3 esta firma de convenio como \u201cel punto de partida de una gran relaci\u00f3n de trabajo colaborativo\u201d y adelant\u00f3 que el trabajo colaborativo podr\u00eda llegar a generar modelos de producci\u00f3n agr\u00edcola familiar para ser replicado en otros pa\u00edses. \u201cDe alguna manera esto ratifica nuestra capacidad en esta \u00e1rea, a trav\u00e9s del Departamento de Ciencias Agropecuarias y Acu\u00edcolas. Se ha instalado una experiencia y una capacidad que tambi\u00e9n dan garant\u00eda al IICA que el trabajo que se haga en conjunto ser\u00e1 muy exitoso por la experiencia que tiene la Universidad en este tema de la agricultura campesina\u201d, expres\u00f3.<\/p>\n<p>Cabe destacar que IICA ser\u00e1 un agente activo en la articulaci\u00f3n del Plan Impulso Araucan\u00eda, anunciado por el Presidente Sebasti\u00e1n Pi\u00f1era, para lo cual consideran que la uni\u00f3n con la UC Temuco es un hito. \u201cEl desarrollo rural no es solamente agricultura, debe obligatoriamente tambi\u00e9n incluir y vincular al sector acad\u00e9mico. Ah\u00ed est\u00e1 el conocimiento, ah\u00ed est\u00e1 la investigaci\u00f3n, ah\u00ed est\u00e1 la fuente donde podemos nosotros transferir y lograr innovaciones\u201d, concluy\u00f3 el representante nacional del IICA, Jaime Flores.<\/p>\n","protected":false},"excerpt":{"rendered":"<p>El Instituto Interamericano de Cooperaci\u00f3n para la Agricultura sell\u00f3 por medio de una firma el v\u00ednculo con la Universidad Cat\u00f3lica de Temuco para el desarrollo de proyectos agr\u00edcolas locales (Mundo&#8230;<\/p>\n","protected":false},"author":3,"featured_media":9889,"comment_status":"closed","ping_status":"closed","sticky":false,"template":"","format":"standard","meta":{"footnotes":""},"categories":[1952],"tags":[154,3015,2368,2875],"class_list":["post-9888","post","type-post","status-publish","format-standard","has-post-thumbnail","hentry","category-educacion","tag-araucania","tag-iica","tag-temuco","tag-uct"],"yoast_head":"<!-- This site is optimized with the Yoast SEO plugin v26.6 - https:\/\/yoast.com\/wordpress\/plugins\/seo\/ -->\n<title>UCT inici\u00f3 convenio de colaboraci\u00f3n con el Instituto Interamericano de Cooperaci\u00f3n para la Agricultura - Mundoagropecuario<\/title>\n<meta name=\"robots\" content=\"index, follow, max-snippet:-1, max-image-preview:large, max-video-preview:-1\" \/>\n<link rel=\"canonical\" href=\"https:\/\/www.mundoagropecuario.cl\/new\/uct-inicio-convenio-de-colaboracion-con-el-instituto-interamericano-de-cooperacion-para-la-agricultura\/\" \/>\n<meta property=\"og:locale\" content=\"es_ES\" \/>\n<meta property=\"og:type\" content=\"article\" \/>\n<meta property=\"og:title\" content=\"UCT inici\u00f3 convenio de colaboraci\u00f3n con el Instituto Interamericano de Cooperaci\u00f3n para la Agricultura - Mundoagropecuario\" \/>\n<meta property=\"og:description\" content=\"El Instituto Interamericano de Cooperaci\u00f3n para la Agricultura sell\u00f3 por medio de una firma el v\u00ednculo con la Universidad Cat\u00f3lica de Temuco para el desarrollo de proyectos agr\u00edcolas locales (Mundo...\" \/>\n<meta property=\"og:url\" content=\"https:\/\/www.mundoagropecuario.cl\/new\/uct-inicio-convenio-de-colaboracion-con-el-instituto-interamericano-de-cooperacion-para-la-agricultura\/\" \/>\n<meta property=\"og:site_name\" content=\"Mundoagropecuario\" \/>\n<meta property=\"article:publisher\" content=\"https:\/\/www.facebook.com\/mundo.agropecuario.3\" \/>\n<meta property=\"article:published_time\" content=\"2018-12-10T04:04:52+00:00\" \/>\n<meta property=\"og:image\" content=\"https:\/\/www.mundoagropecuario.cl\/new\/wp-content\/uploads\/2018\/12\/convenio-UCT.jpg\" \/>\n\t<meta property=\"og:image:width\" content=\"1024\" \/>\n\t<meta property=\"og:image:height\" content=\"683\" \/>\n\t<meta property=\"og:image:type\" content=\"image\/jpeg\" \/>\n<meta name=\"author\" content=\"periodista\" \/>\n<meta name=\"twitter:card\" content=\"summary_large_image\" \/>\n<meta name=\"twitter:creator\" content=\"@MundoAgropecuar\" \/>\n<meta name=\"twitter:site\" content=\"@MundoAgropecuar\" \/>\n<meta name=\"twitter:label1\" content=\"Escrito por\" \/>\n\t<meta name=\"twitter:data1\" content=\"periodista\" \/>\n\t<meta name=\"twitter:label2\" content=\"Tiempo de lectura\" \/>\n\t<meta name=\"twitter:data2\" content=\"2 minutos\" \/>\n<script type=\"application\/ld+json\" class=\"yoast-schema-graph\">{\"@context\":\"https:\/\/schema.org\",\"@graph\":[{\"@type\":\"Article\",\"@id\":\"https:\/\/www.mundoagropecuario.cl\/new\/uct-inicio-convenio-de-colaboracion-con-el-instituto-interamericano-de-cooperacion-para-la-agricultura\/#article\",\"isPartOf\":{\"@id\":\"https:\/\/www.mundoagropecuario.cl\/new\/uct-inicio-convenio-de-colaboracion-con-el-instituto-interamericano-de-cooperacion-para-la-agricultura\/\"},\"author\":{\"name\":\"periodista\",\"@id\":\"https:\/\/www.mundoagropecuario.cl\/new\/#\/schema\/person\/0c221050801c74e45256a7a9a1ff0803\"},\"headline\":\"UCT inici\u00f3 convenio de colaboraci\u00f3n con el Instituto Interamericano de Cooperaci\u00f3n para la Agricultura\",\"datePublished\":\"2018-12-10T04:04:52+00:00\",\"mainEntityOfPage\":{\"@id\":\"https:\/\/www.mundoagropecuario.cl\/new\/uct-inicio-convenio-de-colaboracion-con-el-instituto-interamericano-de-cooperacion-para-la-agricultura\/\"},\"wordCount\":444,\"publisher\":{\"@id\":\"https:\/\/www.mundoagropecuario.cl\/new\/#organization\"},\"image\":{\"@id\":\"https:\/\/www.mundoagropecuario.cl\/new\/uct-inicio-convenio-de-colaboracion-con-el-instituto-interamericano-de-cooperacion-para-la-agricultura\/#primaryimage\"},\"thumbnailUrl\":\"https:\/\/www.mundoagropecuario.cl\/new\/wp-content\/uploads\/2018\/12\/convenio-UCT.jpg\",\"keywords\":[\"araucan\u00eda\",\"IICA\",\"Temuco\",\"UCT\"],\"articleSection\":[\"Educaci\u00f3n\"],\"inLanguage\":\"es\"},{\"@type\":\"WebPage\",\"@id\":\"https:\/\/www.mundoagropecuario.cl\/new\/uct-inicio-convenio-de-colaboracion-con-el-instituto-interamericano-de-cooperacion-para-la-agricultura\/\",\"url\":\"https:\/\/www.mundoagropecuario.cl\/new\/uct-inicio-convenio-de-colaboracion-con-el-instituto-interamericano-de-cooperacion-para-la-agricultura\/\",\"name\":\"UCT inici\u00f3 convenio de colaboraci\u00f3n con el Instituto Interamericano de Cooperaci\u00f3n para la Agricultura - Mundoagropecuario\",\"isPartOf\":{\"@id\":\"https:\/\/www.mundoagropecuario.cl\/new\/#website\"},\"primaryImageOfPage\":{\"@id\":\"https:\/\/www.mundoagropecuario.cl\/new\/uct-inicio-convenio-de-colaboracion-con-el-instituto-interamericano-de-cooperacion-para-la-agricultura\/#primaryimage\"},\"image\":{\"@id\":\"https:\/\/www.mundoagropecuario.cl\/new\/uct-inicio-convenio-de-colaboracion-con-el-instituto-interamericano-de-cooperacion-para-la-agricultura\/#primaryimage\"},\"thumbnailUrl\":\"https:\/\/www.mundoagropecuario.cl\/new\/wp-content\/uploads\/2018\/12\/convenio-UCT.jpg\",\"datePublished\":\"2018-12-10T04:04:52+00:00\",\"breadcrumb\":{\"@id\":\"https:\/\/www.mundoagropecuario.cl\/new\/uct-inicio-convenio-de-colaboracion-con-el-instituto-interamericano-de-cooperacion-para-la-agricultura\/#breadcrumb\"},\"inLanguage\":\"es\",\"potentialAction\":[{\"@type\":\"ReadAction\",\"target\":[\"https:\/\/www.mundoagropecuario.cl\/new\/uct-inicio-convenio-de-colaboracion-con-el-instituto-interamericano-de-cooperacion-para-la-agricultura\/\"]}]},{\"@type\":\"ImageObject\",\"inLanguage\":\"es\",\"@id\":\"https:\/\/www.mundoagropecuario.cl\/new\/uct-inicio-convenio-de-colaboracion-con-el-instituto-interamericano-de-cooperacion-para-la-agricultura\/#primaryimage\",\"url\":\"https:\/\/www.mundoagropecuario.cl\/new\/wp-content\/uploads\/2018\/12\/convenio-UCT.jpg\",\"contentUrl\":\"https:\/\/www.mundoagropecuario.cl\/new\/wp-content\/uploads\/2018\/12\/convenio-UCT.jpg\",\"width\":600,\"height\":400},{\"@type\":\"BreadcrumbList\",\"@id\":\"https:\/\/www.mundoagropecuario.cl\/new\/uct-inicio-convenio-de-colaboracion-con-el-instituto-interamericano-de-cooperacion-para-la-agricultura\/#breadcrumb\",\"itemListElement\":[{\"@type\":\"ListItem\",\"position\":1,\"name\":\"Portada\",\"item\":\"https:\/\/www.mundoagropecuario.cl\/new\/\"},{\"@type\":\"ListItem\",\"position\":2,\"name\":\"UCT inici\u00f3 convenio de colaboraci\u00f3n con el Instituto Interamericano de Cooperaci\u00f3n para la Agricultura\"}]},{\"@type\":\"WebSite\",\"@id\":\"https:\/\/www.mundoagropecuario.cl\/new\/#website\",\"url\":\"https:\/\/www.mundoagropecuario.cl\/new\/\",\"name\":\"Mundoagropecuario\",\"description\":\"Mundo Agropecuario\",\"publisher\":{\"@id\":\"https:\/\/www.mundoagropecuario.cl\/new\/#organization\"},\"potentialAction\":[{\"@type\":\"SearchAction\",\"target\":{\"@type\":\"EntryPoint\",\"urlTemplate\":\"https:\/\/www.mundoagropecuario.cl\/new\/?s={search_term_string}\"},\"query-input\":{\"@type\":\"PropertyValueSpecification\",\"valueRequired\":true,\"valueName\":\"search_term_string\"}}],\"inLanguage\":\"es\"},{\"@type\":\"Organization\",\"@id\":\"https:\/\/www.mundoagropecuario.cl\/new\/#organization\",\"name\":\"Revista de Agricultura\",\"url\":\"https:\/\/www.mundoagropecuario.cl\/new\/\",\"logo\":{\"@type\":\"ImageObject\",\"inLanguage\":\"es\",\"@id\":\"https:\/\/www.mundoagropecuario.cl\/new\/#\/schema\/logo\/image\/\",\"url\":\"https:\/\/www.mundoagropecuario.cl\/new\/wp-content\/uploads\/2020\/11\/PORTAL-1-1.png\",\"contentUrl\":\"https:\/\/www.mundoagropecuario.cl\/new\/wp-content\/uploads\/2020\/11\/PORTAL-1-1.png\",\"width\":1026,\"height\":100,\"caption\":\"Revista de Agricultura\"},\"image\":{\"@id\":\"https:\/\/www.mundoagropecuario.cl\/new\/#\/schema\/logo\/image\/\"},\"sameAs\":[\"https:\/\/www.facebook.com\/mundo.agropecuario.3\",\"https:\/\/x.com\/MundoAgropecuar\",\"https:\/\/www.linkedin.com\/in\/mundo-agropecuario-934009201\/\"]},{\"@type\":\"Person\",\"@id\":\"https:\/\/www.mundoagropecuario.cl\/new\/#\/schema\/person\/0c221050801c74e45256a7a9a1ff0803\",\"name\":\"periodista\",\"url\":\"https:\/\/www.mundoagropecuario.cl\/new\/author\/periodista\/\"}]}<\/script>\n<!-- \/ Yoast SEO plugin. -->","yoast_head_json":{"title":"UCT inici\u00f3 convenio de colaboraci\u00f3n con el Instituto Interamericano de Cooperaci\u00f3n para la Agricultura - Mundoagropecuario","robots":{"index":"index","follow":"follow","max-snippet":"max-snippet:-1","max-image-preview":"max-image-preview:large","max-video-preview":"max-video-preview:-1"},"canonical":"https:\/\/www.mundoagropecuario.cl\/new\/uct-inicio-convenio-de-colaboracion-con-el-instituto-interamericano-de-cooperacion-para-la-agricultura\/","og_locale":"es_ES","og_type":"article","og_title":"UCT inici\u00f3 convenio de colaboraci\u00f3n con el Instituto Interamericano de Cooperaci\u00f3n para la Agricultura - Mundoagropecuario","og_description":"El Instituto Interamericano de Cooperaci\u00f3n para la Agricultura sell\u00f3 por medio de una firma el v\u00ednculo con la Universidad Cat\u00f3lica de Temuco para el desarrollo de proyectos agr\u00edcolas locales (Mundo...","og_url":"https:\/\/www.mundoagropecuario.cl\/new\/uct-inicio-convenio-de-colaboracion-con-el-instituto-interamericano-de-cooperacion-para-la-agricultura\/","og_site_name":"Mundoagropecuario","article_publisher":"https:\/\/www.facebook.com\/mundo.agropecuario.3","article_published_time":"2018-12-10T04:04:52+00:00","og_image":[{"width":1024,"height":683,"url":"https:\/\/www.mundoagropecuario.cl\/new\/wp-content\/uploads\/2018\/12\/convenio-UCT.jpg","type":"image\/jpeg"}],"author":"periodista","twitter_card":"summary_large_image","twitter_creator":"@MundoAgropecuar","twitter_site":"@MundoAgropecuar","twitter_misc":{"Escrito por":"periodista","Tiempo de lectura":"2 minutos"},"schema":{"@context":"https:\/\/schema.org","@graph":[{"@type":"Article","@id":"https:\/\/www.mundoagropecuario.cl\/new\/uct-inicio-convenio-de-colaboracion-con-el-instituto-interamericano-de-cooperacion-para-la-agricultura\/#article","isPartOf":{"@id":"https:\/\/www.mundoagropecuario.cl\/new\/uct-inicio-convenio-de-colaboracion-con-el-instituto-interamericano-de-cooperacion-para-la-agricultura\/"},"author":{"name":"periodista","@id":"https:\/\/www.mundoagropecuario.cl\/new\/#\/schema\/person\/0c221050801c74e45256a7a9a1ff0803"},"headline":"UCT inici\u00f3 convenio de colaboraci\u00f3n con el Instituto Interamericano de Cooperaci\u00f3n para la Agricultura","datePublished":"2018-12-10T04:04:52+00:00","mainEntityOfPage":{"@id":"https:\/\/www.mundoagropecuario.cl\/new\/uct-inicio-convenio-de-colaboracion-con-el-instituto-interamericano-de-cooperacion-para-la-agricultura\/"},"wordCount":444,"publisher":{"@id":"https:\/\/www.mundoagropecuario.cl\/new\/#organization"},"image":{"@id":"https:\/\/www.mundoagropecuario.cl\/new\/uct-inicio-convenio-de-colaboracion-con-el-instituto-interamericano-de-cooperacion-para-la-agricultura\/#primaryimage"},"thumbnailUrl":"https:\/\/www.mundoagropecuario.cl\/new\/wp-content\/uploads\/2018\/12\/convenio-UCT.jpg","keywords":["araucan\u00eda","IICA","Temuco","UCT"],"articleSection":["Educaci\u00f3n"],"inLanguage":"es"},{"@type":"WebPage","@id":"https:\/\/www.mundoagropecuario.cl\/new\/uct-inicio-convenio-de-colaboracion-con-el-instituto-interamericano-de-cooperacion-para-la-agricultura\/","url":"https:\/\/www.mundoagropecuario.cl\/new\/uct-inicio-convenio-de-colaboracion-con-el-instituto-interamericano-de-cooperacion-para-la-agricultura\/","name":"UCT inici\u00f3 convenio de colaboraci\u00f3n con el Instituto Interamericano de Cooperaci\u00f3n para la Agricultura - Mundoagropecuario","isPartOf":{"@id":"https:\/\/www.mundoagropecuario.cl\/new\/#website"},"primaryImageOfPage":{"@id":"https:\/\/www.mundoagropecuario.cl\/new\/uct-inicio-convenio-de-colaboracion-con-el-instituto-interamericano-de-cooperacion-para-la-agricultura\/#primaryimage"},"image":{"@id":"https:\/\/www.mundoagropecuario.cl\/new\/uct-inicio-convenio-de-colaboracion-con-el-instituto-interamericano-de-cooperacion-para-la-agricultura\/#primaryimage"},"thumbnailUrl":"https:\/\/www.mundoagropecuario.cl\/new\/wp-content\/uploads\/2018\/12\/convenio-UCT.jpg","datePublished":"2018-12-10T04:04:52+00:00","breadcrumb":{"@id":"https:\/\/www.mundoagropecuario.cl\/new\/uct-inicio-convenio-de-colaboracion-con-el-instituto-interamericano-de-cooperacion-para-la-agricultura\/#breadcrumb"},"inLanguage":"es","potentialAction":[{"@type":"ReadAction","target":["https:\/\/www.mundoagropecuario.cl\/new\/uct-inicio-convenio-de-colaboracion-con-el-instituto-interamericano-de-cooperacion-para-la-agricultura\/"]}]},{"@type":"ImageObject","inLanguage":"es","@id":"https:\/\/www.mundoagropecuario.cl\/new\/uct-inicio-convenio-de-colaboracion-con-el-instituto-interamericano-de-cooperacion-para-la-agricultura\/#primaryimage","url":"https:\/\/www.mundoagropecuario.cl\/new\/wp-content\/uploads\/2018\/12\/convenio-UCT.jpg","contentUrl":"https:\/\/www.mundoagropecuario.cl\/new\/wp-content\/uploads\/2018\/12\/convenio-UCT.jpg","width":600,"height":400},{"@type":"BreadcrumbList","@id":"https:\/\/www.mundoagropecuario.cl\/new\/uct-inicio-convenio-de-colaboracion-con-el-instituto-interamericano-de-cooperacion-para-la-agricultura\/#breadcrumb","itemListElement":[{"@type":"ListItem","position":1,"name":"Portada","item":"https:\/\/www.mundoagropecuario.cl\/new\/"},{"@type":"ListItem","position":2,"name":"UCT inici\u00f3 convenio de colaboraci\u00f3n con el Instituto Interamericano de Cooperaci\u00f3n para la Agricultura"}]},{"@type":"WebSite","@id":"https:\/\/www.mundoagropecuario.cl\/new\/#website","url":"https:\/\/www.mundoagropecuario.cl\/new\/","name":"Mundoagropecuario","description":"Mundo Agropecuario","publisher":{"@id":"https:\/\/www.mundoagropecuario.cl\/new\/#organization"},"potentialAction":[{"@type":"SearchAction","target":{"@type":"EntryPoint","urlTemplate":"https:\/\/www.mundoagropecuario.cl\/new\/?s={search_term_string}"},"query-input":{"@type":"PropertyValueSpecification","valueRequired":true,"valueName":"search_term_string"}}],"inLanguage":"es"},{"@type":"Organization","@id":"https:\/\/www.mundoagropecuario.cl\/new\/#organization","name":"Revista de Agricultura","url":"https:\/\/www.mundoagropecuario.cl\/new\/","logo":{"@type":"ImageObject","inLanguage":"es","@id":"https:\/\/www.mundoagropecuario.cl\/new\/#\/schema\/logo\/image\/","url":"https:\/\/www.mundoagropecuario.cl\/new\/wp-content\/uploads\/2020\/11\/PORTAL-1-1.png","contentUrl":"https:\/\/www.mundoagropecuario.cl\/new\/wp-content\/uploads\/2020\/11\/PORTAL-1-1.png","width":1026,"height":100,"caption":"Revista de Agricultura"},"image":{"@id":"https:\/\/www.mundoagropecuario.cl\/new\/#\/schema\/logo\/image\/"},"sameAs":["https:\/\/www.facebook.com\/mundo.agropecuario.3","https:\/\/x.com\/MundoAgropecuar","https:\/\/www.linkedin.com\/in\/mundo-agropecuario-934009201\/"]},{"@type":"Person","@id":"https:\/\/www.mundoagropecuario.cl\/new\/#\/schema\/person\/0c221050801c74e45256a7a9a1ff0803","name":"periodista","url":"https:\/\/www.mundoagropecuario.cl\/new\/author\/periodista\/"}]}},"_links":{"self":[{"href":"https:\/\/www.mundoagropecuario.cl\/new\/wp-json\/wp\/v2\/posts\/9888","targetHints":{"allow":["GET"]}}],"collection":[{"href":"https:\/\/www.mundoagropecuario.cl\/new\/wp-json\/wp\/v2\/posts"}],"about":[{"href":"https:\/\/www.mundoagropecuario.cl\/new\/wp-json\/wp\/v2\/types\/post"}],"author":[{"embeddable":true,"href":"https:\/\/www.mundoagropecuario.cl\/new\/wp-json\/wp\/v2\/users\/3"}],"replies":[{"embeddable":true,"href":"https:\/\/www.mundoagropecuario.cl\/new\/wp-json\/wp\/v2\/comments?post=9888"}],"version-history":[{"count":1,"href":"https:\/\/www.mundoagropecuario.cl\/new\/wp-json\/wp\/v2\/posts\/9888\/revisions"}],"predecessor-version":[{"id":9890,"href":"https:\/\/www.mundoagropecuario.cl\/new\/wp-json\/wp\/v2\/posts\/9888\/revisions\/9890"}],"wp:featuredmedia":[{"embeddable":true,"href":"https:\/\/www.mundoagropecuario.cl\/new\/wp-json\/wp\/v2\/media\/9889"}],"wp:attachment":[{"href":"https:\/\/www.mundoagropecuario.cl\/new\/wp-json\/wp\/v2\/media?parent=9888"}],"wp:term":[{"taxonomy":"category","embeddable":true,"href":"https:\/\/www.mundoagropecuario.cl\/new\/wp-json\/wp\/v2\/categories?post=9888"},{"taxonomy":"post_tag","embeddable":true,"href":"https:\/\/www.mundoagropecuario.cl\/new\/wp-json\/wp\/v2\/tags?post=9888"}],"curies":[{"name":"wp","href":"https:\/\/api.w.org\/{rel}","templated":true}]}}