{"id":9825,"date":"2018-12-06T09:22:08","date_gmt":"2018-12-06T12:22:08","guid":{"rendered":"http:\/\/www.mundoagropecuario.cl\/new\/?p=9825"},"modified":"2018-12-11T10:26:18","modified_gmt":"2018-12-11T13:26:18","slug":"gran-interes-despiertan-las-frutas-chilenas-para-principal-cadena-del-retail-de-corea-del-sur","status":"publish","type":"post","link":"https:\/\/www.mundoagropecuario.cl\/new\/gran-interes-despiertan-las-frutas-chilenas-para-principal-cadena-del-retail-de-corea-del-sur\/","title":{"rendered":"Gran inter\u00e9s despiertan las frutas chilenas para principal cadena del retail de Corea del Sur"},"content":{"rendered":"<blockquote><p><em>Jefes de tiendas y venta de E-mart recorrieron huertos y centrales frut\u00edcolas de ar\u00e1ndanos, cerezas, c\u00edtricos y uvas de mesa en diversas zonas productoras de Chile (Mundo Agropecuario).<\/em><\/p><\/blockquote>\n<p>Una intensa agenda cumplieron en Chile los representantes de la cadena de supermercados de Corea del Sur, E-mart , quienes visitaron huertos y centrales frut\u00edcolas de c\u00edtricos, ar\u00e1ndanos, cerezas y uvas de mesa a lo largo del pa\u00eds, durante la semana reci\u00e9n pasada. Visita que fue organizada por la Asociaci\u00f3n de Exportadores de Frutas de Chile AG (ASOEX), conjuntamente con ProChile, como parte de las acciones de promoci\u00f3n de la fruta nacional en los mercados de destino.<\/p>\n<p>La delegaci\u00f3n estuvo integrada por los jefes de tiendas y ventas de E-mart; Mun Buseong; Cho Donoso; You Hansuk; Oh Jaewoo; Kim Juo; Kim Kwangsu; Park Sanghoo; Choi Sungnam; Kim Yongha; Cho Jayong; Hong Sodam y la representante de la importadora ST Asia, Kang Yeonin, quienes fueron recibidos por Ignacio Caballero, Subgerente de Marketing de ASOEX y Andr\u00e9s Coloma, Analista de Marketing de la misma entidad.<\/p>\n<p>\u201cPara nosotros es muy importante organizar este tipo de visitas, pues nos permite mostrar en terreno, y de primera fuente, c\u00f3mo se produce y exporta nuestra fruta, pero adem\u00e1s contar la historia que existe detr\u00e1s de este proceso, a trav\u00e9s de los paisajes que rodean las zonas productoras, las personas que cosechan y empacan la fruta, en fin. Es una excelente oportunidad para acercar a Chile y su fruta al mundo, y en este caso en especial, a Corea del Sur\u201d, destac\u00f3 Ignacio Caballero, Subgerente de Marketing de ASOEX.<\/p>\n<p>La delegaci\u00f3n comenz\u00f3 su recorrido, visitando supermercados de Santiago, para visualizar c\u00f3mo operan \u00e9stos en Chile. Tambi\u00e9n visit\u00f3 las instalaciones del Puerto de Valpara\u00edso, donde pudieron conocer el proceso de exportaci\u00f3n de la fruta, a trav\u00e9s de una presentaci\u00f3n desarrollada por ejecutivos del puerto.<\/p>\n<p>Posteriormente, se trasladaron a un huerto y packing de c\u00edtricos en Curacav\u00ed, espec\u00edficamente de limones, donde pudieron visualizar las caracter\u00edsticas de estas ricas frutas nacionales. Durante este recorrido, la industria de c\u00edtricos de Chile inform\u00f3 a los visitantes sobre las variedades de lim\u00f3n y naranjas producidas en Chile, y las fechas de disponibilidad de estas frutas. En tanto, los representantes de E-Mart mencionaron que el tipo de lim\u00f3n que le gusta al consumidor coreano es muy jugoso y de baja acidez, por lo que ya han realizado algunas importaciones de lim\u00f3n rosado desde EEUU, fruta que ha tenido gran acogida por parte del consumidor coreano, gracias a su suave sabor.\u00a0\u201cNos llam\u00f3 mucho la atenci\u00f3n que los huertos fueran tan grandes, muy parecidos a Estados Unidos, pues en Corea son m\u00e1s peque\u00f1os&#8221;, precis\u00f3 Yeon In, Kang, Assistant Manager de ST Asia, importadora que abastece de fruta a E-Mart.<\/p>\n<p>Seg\u00fan informaci\u00f3n entregada por el Comit\u00e9 de C\u00edtircos de Chile ASOEX, durante el 2017 Corea del Sur import\u00f3 un total de 141.570 toneladas de naranjas, siendo EEUU el principal pa\u00eds importador de esta fruta con 131.675 toneladas, lo que represent\u00f3 un 93% del total de importaciones a dicho pa\u00eds. Por su parte, el total de la importaci\u00f3n de limones a Corea del Sur fue de 16.234 toneladas. De ese total, el 76% fue importado desde EEUU ocupando el primer lugar con 12.399, mientras que Chile se situ\u00f3 en el segundo lugar con el 20% total de los env\u00edos, que sum\u00f3 3.220 toneladas.<\/p>\n<p>En su tercer d\u00eda de visita, la delegaci\u00f3n se traslad\u00f3 hasta Copiap\u00f3, donde participaron en la ceremonia de lanzamiento de la temporada de cosecha de uvas de mesa de Atacama, y visitaron packing y huertos de uvas de la zona.\u00a0 \u201cFue importante contar con la visita de los representantes de este supermercado de Corea, pues si bien, nuestro principal mercado es Estados Unidos, tambi\u00e9n buscamos conocer nuevas oportunidades que nos puedan significar diversificar los destinos\u201d, precis\u00f3 Lina Arrieta, Presidenta de APECO.<\/p>\n<p>Al otro d\u00eda visitaron Linares, donde recorrieron huertos y packings de ar\u00e1ndanos y cerezas, dos frutas que despiertan gran inter\u00e9s entre los consumidores coreanos. \u201cEl consumidor coreano prefiere los productos que entreguen alg\u00fan valor o aporte para la salud por sobre otros productos. Las mujeres suelen comprar frutas saludables para los ni\u00f1os, y tambi\u00e9n por cosas de belleza para ellas\u201d, puntualiz\u00f3 So Dam , Hong,\u00a0 Asistente de Ventas Directas de E-mart.<\/p>\n<p>La representante de E-mart agreg\u00f3. \u201cActualmente estamos buscando limones, cerezas, ar\u00e1ndanos, y naranjas para llevar a nuestras tiendas\u201d.<\/p>\n<p>Por su parte Yeon In, Kang, de la importadora que abastece de fruta a E-Mart indic\u00f3: \u201cActualmente importamos frutas chilenas, pero en esta visita el enfoque estuvo en conocer el mercado y como se opera a nivel de huertos y packing. En el mes de diciembre vendr\u00e1 a Chile otro equipo de profesionales de nuestra empresa, quienes ver\u00e1n la posibilidad de aumentar los vol\u00famenes de frutas y de qu\u00e9 frutas en cuesti\u00f3n. Hoy importamos ar\u00e1ndanos, cerezas, y kiwis, principalmente tanto para distribuir a E-mark como otros\u201d.<\/p>\n<p><strong>Exportaciones<\/strong><\/p>\n<p>De acuerdo a cifras de Expordata de ASOEX; durante la temporada 2017-2018, Chile export\u00f3 a Corea 44.565 toneladas de frutas frescas. De este monto el 72,5% fue de uvas de mesa; el 8,8% limones; el 7,8% kiwis, el 5,9% cerezas, 3,4% ar\u00e1ndanos, y el 1,7% naranjas.<\/p>\n","protected":false},"excerpt":{"rendered":"<p>Jefes de tiendas y venta de E-mart recorrieron huertos y centrales frut\u00edcolas de ar\u00e1ndanos, cerezas, c\u00edtricos y uvas de mesa en diversas zonas productoras de Chile (Mundo Agropecuario). Una intensa&#8230;<\/p>\n","protected":false},"author":2,"featured_media":9826,"comment_status":"closed","ping_status":"closed","sticky":false,"template":"","format":"standard","meta":{"footnotes":""},"categories":[1986],"tags":[2177,1092,2985],"class_list":["post-9825","post","type-post","status-publish","format-standard","has-post-thumbnail","hentry","category-frutas","tag-asoex","tag-corea-del-sur","tag-frutas-chilenas"],"yoast_head":"<!-- This site is optimized with the Yoast SEO plugin v26.6 - https:\/\/yoast.com\/wordpress\/plugins\/seo\/ -->\n<title>Gran inter\u00e9s despiertan las frutas chilenas para principal cadena del retail de Corea del Sur - Mundoagropecuario<\/title>\n<meta name=\"robots\" content=\"index, follow, max-snippet:-1, max-image-preview:large, max-video-preview:-1\" \/>\n<link rel=\"canonical\" href=\"https:\/\/www.mundoagropecuario.cl\/new\/gran-interes-despiertan-las-frutas-chilenas-para-principal-cadena-del-retail-de-corea-del-sur\/\" \/>\n<meta property=\"og:locale\" content=\"es_ES\" \/>\n<meta property=\"og:type\" content=\"article\" \/>\n<meta property=\"og:title\" content=\"Gran inter\u00e9s despiertan las frutas chilenas para principal cadena del retail de Corea del Sur - Mundoagropecuario\" \/>\n<meta property=\"og:description\" content=\"Jefes de tiendas y venta de E-mart recorrieron huertos y centrales frut\u00edcolas de ar\u00e1ndanos, cerezas, c\u00edtricos y uvas de mesa en diversas zonas productoras de Chile (Mundo Agropecuario). Una intensa...\" \/>\n<meta property=\"og:url\" content=\"https:\/\/www.mundoagropecuario.cl\/new\/gran-interes-despiertan-las-frutas-chilenas-para-principal-cadena-del-retail-de-corea-del-sur\/\" \/>\n<meta property=\"og:site_name\" content=\"Mundoagropecuario\" \/>\n<meta property=\"article:publisher\" content=\"https:\/\/www.facebook.com\/mundo.agropecuario.3\" \/>\n<meta property=\"article:published_time\" content=\"2018-12-06T12:22:08+00:00\" \/>\n<meta property=\"article:modified_time\" content=\"2018-12-11T13:26:18+00:00\" \/>\n<meta property=\"og:image\" content=\"https:\/\/www.mundoagropecuario.cl\/new\/wp-content\/uploads\/2018\/12\/corea-retail-fruta-chilena.jpg\" \/>\n\t<meta property=\"og:image:width\" content=\"1024\" \/>\n\t<meta property=\"og:image:height\" content=\"768\" \/>\n\t<meta property=\"og:image:type\" content=\"image\/jpeg\" \/>\n<meta name=\"author\" content=\"mundo\" \/>\n<meta name=\"twitter:card\" content=\"summary_large_image\" \/>\n<meta name=\"twitter:creator\" content=\"@MundoAgropecuar\" \/>\n<meta name=\"twitter:site\" content=\"@MundoAgropecuar\" \/>\n<meta name=\"twitter:label1\" content=\"Escrito por\" \/>\n\t<meta name=\"twitter:data1\" content=\"mundo\" \/>\n\t<meta name=\"twitter:label2\" content=\"Tiempo de lectura\" \/>\n\t<meta name=\"twitter:data2\" content=\"4 minutos\" \/>\n<script type=\"application\/ld+json\" class=\"yoast-schema-graph\">{\"@context\":\"https:\/\/schema.org\",\"@graph\":[{\"@type\":\"Article\",\"@id\":\"https:\/\/www.mundoagropecuario.cl\/new\/gran-interes-despiertan-las-frutas-chilenas-para-principal-cadena-del-retail-de-corea-del-sur\/#article\",\"isPartOf\":{\"@id\":\"https:\/\/www.mundoagropecuario.cl\/new\/gran-interes-despiertan-las-frutas-chilenas-para-principal-cadena-del-retail-de-corea-del-sur\/\"},\"author\":{\"name\":\"mundo\",\"@id\":\"https:\/\/www.mundoagropecuario.cl\/new\/#\/schema\/person\/4e9f74a82a7dac260eb1c44b7eebeb18\"},\"headline\":\"Gran inter\u00e9s despiertan las frutas chilenas para principal cadena del retail de Corea del Sur\",\"datePublished\":\"2018-12-06T12:22:08+00:00\",\"dateModified\":\"2018-12-11T13:26:18+00:00\",\"mainEntityOfPage\":{\"@id\":\"https:\/\/www.mundoagropecuario.cl\/new\/gran-interes-despiertan-las-frutas-chilenas-para-principal-cadena-del-retail-de-corea-del-sur\/\"},\"wordCount\":910,\"publisher\":{\"@id\":\"https:\/\/www.mundoagropecuario.cl\/new\/#organization\"},\"image\":{\"@id\":\"https:\/\/www.mundoagropecuario.cl\/new\/gran-interes-despiertan-las-frutas-chilenas-para-principal-cadena-del-retail-de-corea-del-sur\/#primaryimage\"},\"thumbnailUrl\":\"https:\/\/www.mundoagropecuario.cl\/new\/wp-content\/uploads\/2018\/12\/corea-retail-fruta-chilena.jpg\",\"keywords\":[\"Asoex\",\"Corea del Sur\",\"frutas chilenas\"],\"articleSection\":[\"Frutas\"],\"inLanguage\":\"es\"},{\"@type\":\"WebPage\",\"@id\":\"https:\/\/www.mundoagropecuario.cl\/new\/gran-interes-despiertan-las-frutas-chilenas-para-principal-cadena-del-retail-de-corea-del-sur\/\",\"url\":\"https:\/\/www.mundoagropecuario.cl\/new\/gran-interes-despiertan-las-frutas-chilenas-para-principal-cadena-del-retail-de-corea-del-sur\/\",\"name\":\"Gran inter\u00e9s despiertan las frutas chilenas para principal cadena del retail de Corea del Sur - Mundoagropecuario\",\"isPartOf\":{\"@id\":\"https:\/\/www.mundoagropecuario.cl\/new\/#website\"},\"primaryImageOfPage\":{\"@id\":\"https:\/\/www.mundoagropecuario.cl\/new\/gran-interes-despiertan-las-frutas-chilenas-para-principal-cadena-del-retail-de-corea-del-sur\/#primaryimage\"},\"image\":{\"@id\":\"https:\/\/www.mundoagropecuario.cl\/new\/gran-interes-despiertan-las-frutas-chilenas-para-principal-cadena-del-retail-de-corea-del-sur\/#primaryimage\"},\"thumbnailUrl\":\"https:\/\/www.mundoagropecuario.cl\/new\/wp-content\/uploads\/2018\/12\/corea-retail-fruta-chilena.jpg\",\"datePublished\":\"2018-12-06T12:22:08+00:00\",\"dateModified\":\"2018-12-11T13:26:18+00:00\",\"breadcrumb\":{\"@id\":\"https:\/\/www.mundoagropecuario.cl\/new\/gran-interes-despiertan-las-frutas-chilenas-para-principal-cadena-del-retail-de-corea-del-sur\/#breadcrumb\"},\"inLanguage\":\"es\",\"potentialAction\":[{\"@type\":\"ReadAction\",\"target\":[\"https:\/\/www.mundoagropecuario.cl\/new\/gran-interes-despiertan-las-frutas-chilenas-para-principal-cadena-del-retail-de-corea-del-sur\/\"]}]},{\"@type\":\"ImageObject\",\"inLanguage\":\"es\",\"@id\":\"https:\/\/www.mundoagropecuario.cl\/new\/gran-interes-despiertan-las-frutas-chilenas-para-principal-cadena-del-retail-de-corea-del-sur\/#primaryimage\",\"url\":\"https:\/\/www.mundoagropecuario.cl\/new\/wp-content\/uploads\/2018\/12\/corea-retail-fruta-chilena.jpg\",\"contentUrl\":\"https:\/\/www.mundoagropecuario.cl\/new\/wp-content\/uploads\/2018\/12\/corea-retail-fruta-chilena.jpg\",\"width\":533,\"height\":400},{\"@type\":\"BreadcrumbList\",\"@id\":\"https:\/\/www.mundoagropecuario.cl\/new\/gran-interes-despiertan-las-frutas-chilenas-para-principal-cadena-del-retail-de-corea-del-sur\/#breadcrumb\",\"itemListElement\":[{\"@type\":\"ListItem\",\"position\":1,\"name\":\"Portada\",\"item\":\"https:\/\/www.mundoagropecuario.cl\/new\/\"},{\"@type\":\"ListItem\",\"position\":2,\"name\":\"Gran inter\u00e9s despiertan las frutas chilenas para principal cadena del retail de Corea del Sur\"}]},{\"@type\":\"WebSite\",\"@id\":\"https:\/\/www.mundoagropecuario.cl\/new\/#website\",\"url\":\"https:\/\/www.mundoagropecuario.cl\/new\/\",\"name\":\"Mundoagropecuario\",\"description\":\"Mundo Agropecuario\",\"publisher\":{\"@id\":\"https:\/\/www.mundoagropecuario.cl\/new\/#organization\"},\"potentialAction\":[{\"@type\":\"SearchAction\",\"target\":{\"@type\":\"EntryPoint\",\"urlTemplate\":\"https:\/\/www.mundoagropecuario.cl\/new\/?s={search_term_string}\"},\"query-input\":{\"@type\":\"PropertyValueSpecification\",\"valueRequired\":true,\"valueName\":\"search_term_string\"}}],\"inLanguage\":\"es\"},{\"@type\":\"Organization\",\"@id\":\"https:\/\/www.mundoagropecuario.cl\/new\/#organization\",\"name\":\"Revista de Agricultura\",\"url\":\"https:\/\/www.mundoagropecuario.cl\/new\/\",\"logo\":{\"@type\":\"ImageObject\",\"inLanguage\":\"es\",\"@id\":\"https:\/\/www.mundoagropecuario.cl\/new\/#\/schema\/logo\/image\/\",\"url\":\"https:\/\/www.mundoagropecuario.cl\/new\/wp-content\/uploads\/2020\/11\/PORTAL-1-1.png\",\"contentUrl\":\"https:\/\/www.mundoagropecuario.cl\/new\/wp-content\/uploads\/2020\/11\/PORTAL-1-1.png\",\"width\":1026,\"height\":100,\"caption\":\"Revista de Agricultura\"},\"image\":{\"@id\":\"https:\/\/www.mundoagropecuario.cl\/new\/#\/schema\/logo\/image\/\"},\"sameAs\":[\"https:\/\/www.facebook.com\/mundo.agropecuario.3\",\"https:\/\/x.com\/MundoAgropecuar\",\"https:\/\/www.linkedin.com\/in\/mundo-agropecuario-934009201\/\"]},{\"@type\":\"Person\",\"@id\":\"https:\/\/www.mundoagropecuario.cl\/new\/#\/schema\/person\/4e9f74a82a7dac260eb1c44b7eebeb18\",\"name\":\"mundo\",\"url\":\"https:\/\/www.mundoagropecuario.cl\/new\/author\/mundo\/\"}]}<\/script>\n<!-- \/ Yoast SEO plugin. -->","yoast_head_json":{"title":"Gran inter\u00e9s despiertan las frutas chilenas para principal cadena del retail de Corea del Sur - Mundoagropecuario","robots":{"index":"index","follow":"follow","max-snippet":"max-snippet:-1","max-image-preview":"max-image-preview:large","max-video-preview":"max-video-preview:-1"},"canonical":"https:\/\/www.mundoagropecuario.cl\/new\/gran-interes-despiertan-las-frutas-chilenas-para-principal-cadena-del-retail-de-corea-del-sur\/","og_locale":"es_ES","og_type":"article","og_title":"Gran inter\u00e9s despiertan las frutas chilenas para principal cadena del retail de Corea del Sur - Mundoagropecuario","og_description":"Jefes de tiendas y venta de E-mart recorrieron huertos y centrales frut\u00edcolas de ar\u00e1ndanos, cerezas, c\u00edtricos y uvas de mesa en diversas zonas productoras de Chile (Mundo Agropecuario). Una intensa...","og_url":"https:\/\/www.mundoagropecuario.cl\/new\/gran-interes-despiertan-las-frutas-chilenas-para-principal-cadena-del-retail-de-corea-del-sur\/","og_site_name":"Mundoagropecuario","article_publisher":"https:\/\/www.facebook.com\/mundo.agropecuario.3","article_published_time":"2018-12-06T12:22:08+00:00","article_modified_time":"2018-12-11T13:26:18+00:00","og_image":[{"width":1024,"height":768,"url":"https:\/\/www.mundoagropecuario.cl\/new\/wp-content\/uploads\/2018\/12\/corea-retail-fruta-chilena.jpg","type":"image\/jpeg"}],"author":"mundo","twitter_card":"summary_large_image","twitter_creator":"@MundoAgropecuar","twitter_site":"@MundoAgropecuar","twitter_misc":{"Escrito por":"mundo","Tiempo de lectura":"4 minutos"},"schema":{"@context":"https:\/\/schema.org","@graph":[{"@type":"Article","@id":"https:\/\/www.mundoagropecuario.cl\/new\/gran-interes-despiertan-las-frutas-chilenas-para-principal-cadena-del-retail-de-corea-del-sur\/#article","isPartOf":{"@id":"https:\/\/www.mundoagropecuario.cl\/new\/gran-interes-despiertan-las-frutas-chilenas-para-principal-cadena-del-retail-de-corea-del-sur\/"},"author":{"name":"mundo","@id":"https:\/\/www.mundoagropecuario.cl\/new\/#\/schema\/person\/4e9f74a82a7dac260eb1c44b7eebeb18"},"headline":"Gran inter\u00e9s despiertan las frutas chilenas para principal cadena del retail de Corea del Sur","datePublished":"2018-12-06T12:22:08+00:00","dateModified":"2018-12-11T13:26:18+00:00","mainEntityOfPage":{"@id":"https:\/\/www.mundoagropecuario.cl\/new\/gran-interes-despiertan-las-frutas-chilenas-para-principal-cadena-del-retail-de-corea-del-sur\/"},"wordCount":910,"publisher":{"@id":"https:\/\/www.mundoagropecuario.cl\/new\/#organization"},"image":{"@id":"https:\/\/www.mundoagropecuario.cl\/new\/gran-interes-despiertan-las-frutas-chilenas-para-principal-cadena-del-retail-de-corea-del-sur\/#primaryimage"},"thumbnailUrl":"https:\/\/www.mundoagropecuario.cl\/new\/wp-content\/uploads\/2018\/12\/corea-retail-fruta-chilena.jpg","keywords":["Asoex","Corea del Sur","frutas chilenas"],"articleSection":["Frutas"],"inLanguage":"es"},{"@type":"WebPage","@id":"https:\/\/www.mundoagropecuario.cl\/new\/gran-interes-despiertan-las-frutas-chilenas-para-principal-cadena-del-retail-de-corea-del-sur\/","url":"https:\/\/www.mundoagropecuario.cl\/new\/gran-interes-despiertan-las-frutas-chilenas-para-principal-cadena-del-retail-de-corea-del-sur\/","name":"Gran inter\u00e9s despiertan las frutas chilenas para principal cadena del retail de Corea del Sur - Mundoagropecuario","isPartOf":{"@id":"https:\/\/www.mundoagropecuario.cl\/new\/#website"},"primaryImageOfPage":{"@id":"https:\/\/www.mundoagropecuario.cl\/new\/gran-interes-despiertan-las-frutas-chilenas-para-principal-cadena-del-retail-de-corea-del-sur\/#primaryimage"},"image":{"@id":"https:\/\/www.mundoagropecuario.cl\/new\/gran-interes-despiertan-las-frutas-chilenas-para-principal-cadena-del-retail-de-corea-del-sur\/#primaryimage"},"thumbnailUrl":"https:\/\/www.mundoagropecuario.cl\/new\/wp-content\/uploads\/2018\/12\/corea-retail-fruta-chilena.jpg","datePublished":"2018-12-06T12:22:08+00:00","dateModified":"2018-12-11T13:26:18+00:00","breadcrumb":{"@id":"https:\/\/www.mundoagropecuario.cl\/new\/gran-interes-despiertan-las-frutas-chilenas-para-principal-cadena-del-retail-de-corea-del-sur\/#breadcrumb"},"inLanguage":"es","potentialAction":[{"@type":"ReadAction","target":["https:\/\/www.mundoagropecuario.cl\/new\/gran-interes-despiertan-las-frutas-chilenas-para-principal-cadena-del-retail-de-corea-del-sur\/"]}]},{"@type":"ImageObject","inLanguage":"es","@id":"https:\/\/www.mundoagropecuario.cl\/new\/gran-interes-despiertan-las-frutas-chilenas-para-principal-cadena-del-retail-de-corea-del-sur\/#primaryimage","url":"https:\/\/www.mundoagropecuario.cl\/new\/wp-content\/uploads\/2018\/12\/corea-retail-fruta-chilena.jpg","contentUrl":"https:\/\/www.mundoagropecuario.cl\/new\/wp-content\/uploads\/2018\/12\/corea-retail-fruta-chilena.jpg","width":533,"height":400},{"@type":"BreadcrumbList","@id":"https:\/\/www.mundoagropecuario.cl\/new\/gran-interes-despiertan-las-frutas-chilenas-para-principal-cadena-del-retail-de-corea-del-sur\/#breadcrumb","itemListElement":[{"@type":"ListItem","position":1,"name":"Portada","item":"https:\/\/www.mundoagropecuario.cl\/new\/"},{"@type":"ListItem","position":2,"name":"Gran inter\u00e9s despiertan las frutas chilenas para principal cadena del retail de Corea del Sur"}]},{"@type":"WebSite","@id":"https:\/\/www.mundoagropecuario.cl\/new\/#website","url":"https:\/\/www.mundoagropecuario.cl\/new\/","name":"Mundoagropecuario","description":"Mundo Agropecuario","publisher":{"@id":"https:\/\/www.mundoagropecuario.cl\/new\/#organization"},"potentialAction":[{"@type":"SearchAction","target":{"@type":"EntryPoint","urlTemplate":"https:\/\/www.mundoagropecuario.cl\/new\/?s={search_term_string}"},"query-input":{"@type":"PropertyValueSpecification","valueRequired":true,"valueName":"search_term_string"}}],"inLanguage":"es"},{"@type":"Organization","@id":"https:\/\/www.mundoagropecuario.cl\/new\/#organization","name":"Revista de Agricultura","url":"https:\/\/www.mundoagropecuario.cl\/new\/","logo":{"@type":"ImageObject","inLanguage":"es","@id":"https:\/\/www.mundoagropecuario.cl\/new\/#\/schema\/logo\/image\/","url":"https:\/\/www.mundoagropecuario.cl\/new\/wp-content\/uploads\/2020\/11\/PORTAL-1-1.png","contentUrl":"https:\/\/www.mundoagropecuario.cl\/new\/wp-content\/uploads\/2020\/11\/PORTAL-1-1.png","width":1026,"height":100,"caption":"Revista de Agricultura"},"image":{"@id":"https:\/\/www.mundoagropecuario.cl\/new\/#\/schema\/logo\/image\/"},"sameAs":["https:\/\/www.facebook.com\/mundo.agropecuario.3","https:\/\/x.com\/MundoAgropecuar","https:\/\/www.linkedin.com\/in\/mundo-agropecuario-934009201\/"]},{"@type":"Person","@id":"https:\/\/www.mundoagropecuario.cl\/new\/#\/schema\/person\/4e9f74a82a7dac260eb1c44b7eebeb18","name":"mundo","url":"https:\/\/www.mundoagropecuario.cl\/new\/author\/mundo\/"}]}},"_links":{"self":[{"href":"https:\/\/www.mundoagropecuario.cl\/new\/wp-json\/wp\/v2\/posts\/9825","targetHints":{"allow":["GET"]}}],"collection":[{"href":"https:\/\/www.mundoagropecuario.cl\/new\/wp-json\/wp\/v2\/posts"}],"about":[{"href":"https:\/\/www.mundoagropecuario.cl\/new\/wp-json\/wp\/v2\/types\/post"}],"author":[{"embeddable":true,"href":"https:\/\/www.mundoagropecuario.cl\/new\/wp-json\/wp\/v2\/users\/2"}],"replies":[{"embeddable":true,"href":"https:\/\/www.mundoagropecuario.cl\/new\/wp-json\/wp\/v2\/comments?post=9825"}],"version-history":[{"count":1,"href":"https:\/\/www.mundoagropecuario.cl\/new\/wp-json\/wp\/v2\/posts\/9825\/revisions"}],"predecessor-version":[{"id":9827,"href":"https:\/\/www.mundoagropecuario.cl\/new\/wp-json\/wp\/v2\/posts\/9825\/revisions\/9827"}],"wp:featuredmedia":[{"embeddable":true,"href":"https:\/\/www.mundoagropecuario.cl\/new\/wp-json\/wp\/v2\/media\/9826"}],"wp:attachment":[{"href":"https:\/\/www.mundoagropecuario.cl\/new\/wp-json\/wp\/v2\/media?parent=9825"}],"wp:term":[{"taxonomy":"category","embeddable":true,"href":"https:\/\/www.mundoagropecuario.cl\/new\/wp-json\/wp\/v2\/categories?post=9825"},{"taxonomy":"post_tag","embeddable":true,"href":"https:\/\/www.mundoagropecuario.cl\/new\/wp-json\/wp\/v2\/tags?post=9825"}],"curies":[{"name":"wp","href":"https:\/\/api.w.org\/{rel}","templated":true}]}}