{"id":9772,"date":"2018-12-04T01:00:16","date_gmt":"2018-12-04T04:00:16","guid":{"rendered":"http:\/\/www.mundoagropecuario.cl\/new\/?p=9772"},"modified":"2018-12-11T10:31:02","modified_gmt":"2018-12-11T13:31:02","slug":"ministro-de-agricultura-participo-en-consejo-general-de-la-sna-y-mostro-avances-en-beneficio-del-sector","status":"publish","type":"post","link":"https:\/\/www.mundoagropecuario.cl\/new\/ministro-de-agricultura-participo-en-consejo-general-de-la-sna-y-mostro-avances-en-beneficio-del-sector\/","title":{"rendered":"Ministro de Agricultura particip\u00f3 en Consejo General de la SNA y mostr\u00f3 avances en beneficio del sector"},"content":{"rendered":"<blockquote><p><em>El titular del agro adem\u00e1s se comprometi\u00f3 a acompa\u00f1ar al presidente de la SNA, Ricardo Arizt\u00eda, a las reuniones que requiera con secretarios de Estado, para abordar posibles soluciones espec\u00edficas de cada cartera (Mundo Agropecuario).<\/em><\/p><\/blockquote>\n<p>El ministro de Agricultura, Antonio Walker, particip\u00f3 la tarde de este lunes, por segunda vez durante su gesti\u00f3n, del Consejo General de la Sociedad Nacional de Agricultura (SNA), como una muestra del avance en el compromiso con el gremio y el sector.<\/p>\n<p>En la ocasi\u00f3n el secretario de Estado, dio a conocer los progresos en materia agr\u00edcola en los ocho meses que lleva en el cargo, destacando los avances en temas h\u00eddricos.<\/p>\n<p>El Ministro Walker destac\u00f3 que \u201caprobamos el plan de priorizaci\u00f3n de 23 embalses, la creaci\u00f3n de un concurso de telemetr\u00eda para pozos y la instalaci\u00f3n de la mesa de infiltraci\u00f3n de acu\u00edferos. Adem\u00e1s, queremos hacer efectivo el aumento de financiamiento de obras de riego de hasta 250.000 UF. Esto es una buena noticia, porque para estos embalses no ten\u00edamos financiamiento y esto nace de la propuesta que nos hace la SNA de que est\u00e1 dispuesta a cofinanciar a trav\u00e9s de fondos concursables que contempla la ley 18.450\u201d, precis\u00f3.<\/p>\n<p>Asimismo, destac\u00f3 avances en otras \u00e1reas de importancia para el sector, entre ellos, el mayor acceso a financiamiento, respaldados con seguros agr\u00edcolas, luego de reuniones con la banca. Tambi\u00e9n mencion\u00f3 los fondos que su cartera gestion\u00f3 para la realizaci\u00f3n del censo agropecuario en 2020.<\/p>\n<p>Por \u00faltimo, se refiri\u00f3 al Plan Impulso Araucan\u00eda, se\u00f1alando que \u201clamentamos los \u00faltimos hechos de violencia ocurridos en la regi\u00f3n, pero debemos seguir avanzando. No podemos retrasar su implementaci\u00f3n, puesto que estamos seguros de que es la v\u00eda para conseguir el progreso que se requiere\u201d.<\/p>\n<p>Por su parte, el presidente de la SNA, Ricardo Arizt\u00eda, valor\u00f3 la visita del ministro y se\u00f1al\u00f3 que la reuni\u00f3n sirvi\u00f3 para que los directores y consejeros conocieran en profundidad el avance del programa de la cartera de Agricultura y expresaran de forma transparente las preocupaciones que existen.<\/p>\n<p>Entre ellas est\u00e1 la falta de avances en la construcci\u00f3n de las carreteras de La Fruta y Santa Cruz-Pichilemu; la ausencia de restricciones a la venta de terrenos subdivididos en la Regi\u00f3n Metropolitana; la poca fiscalizaci\u00f3n ante la extracci\u00f3n de \u00e1ridos en los r\u00edos y que entre otros afecta las bocatomas de los canales, generando grandes costos para los agricultores; y lo inviables que son para el sector, cumplir las normativas de gu\u00eda de despacho electr\u00f3nica y pronto pago.<\/p>\n<p>El presidente de la SNA, Ricardo Arizt\u00eda dijo que \u201ccreemos que todas estas problem\u00e1ticas pueden ser resueltas por las autoridades, por eso se las planteamos al ministro Walker. No es posible que, en campos donde pr\u00e1cticamente no existe conexi\u00f3n a internet, se nos exija una gu\u00eda de despacho electr\u00f3nica. Por otra parte, con el pago a 30 d\u00edas, los agricultores no tenemos c\u00f3mo pagar a nuestros proveedores y seguir produciendo a la vez, no respetando la autonom\u00eda de las voluntades, consagradas en la Constituci\u00f3n\u201d, explic\u00f3.<\/p>\n<p>Al t\u00e9rmino de la cita, Walker se comprometi\u00f3 a acompa\u00f1ar al presidente de la SNA a las reuniones que requiera con secretarios de Estado, para abordar posibles soluciones, espec\u00edficas de cada cartera.<\/p>\n<p>Arizt\u00eda se\u00f1al\u00f3 que \u201cnos vamos con la tranquilidad de que contamos con una autoridad que comprende la realidad de nuestro sector y est\u00e1 alineada con nosotros en el objetivo de seguir potenciando el desarrollo del agro a trav\u00e9s de un trabajo de cooperaci\u00f3n mutua\u201d.<\/p>\n","protected":false},"excerpt":{"rendered":"<p>El titular del agro adem\u00e1s se comprometi\u00f3 a acompa\u00f1ar al presidente de la SNA, Ricardo Arizt\u00eda, a las reuniones que requiera con secretarios de Estado, para abordar posibles soluciones espec\u00edficas&#8230;<\/p>\n","protected":false},"author":3,"featured_media":9773,"comment_status":"closed","ping_status":"closed","sticky":false,"template":"","format":"standard","meta":{"footnotes":""},"categories":[1987],"tags":[154,2035,2448,2075],"class_list":["post-9772","post","type-post","status-publish","format-standard","has-post-thumbnail","hentry","category-instituciones","tag-araucania","tag-minagri","tag-ministro-walker","tag-sna"],"yoast_head":"<!-- This site is optimized with the Yoast SEO plugin v26.6 - https:\/\/yoast.com\/wordpress\/plugins\/seo\/ -->\n<title>Ministro de Agricultura particip\u00f3 en Consejo General de la SNA y mostr\u00f3 avances en beneficio del sector - Mundoagropecuario<\/title>\n<meta name=\"robots\" content=\"index, follow, max-snippet:-1, max-image-preview:large, max-video-preview:-1\" \/>\n<link rel=\"canonical\" href=\"https:\/\/www.mundoagropecuario.cl\/new\/ministro-de-agricultura-participo-en-consejo-general-de-la-sna-y-mostro-avances-en-beneficio-del-sector\/\" \/>\n<meta property=\"og:locale\" content=\"es_ES\" \/>\n<meta property=\"og:type\" content=\"article\" \/>\n<meta property=\"og:title\" content=\"Ministro de Agricultura particip\u00f3 en Consejo General de la SNA y mostr\u00f3 avances en beneficio del sector - Mundoagropecuario\" \/>\n<meta property=\"og:description\" content=\"El titular del agro adem\u00e1s se comprometi\u00f3 a acompa\u00f1ar al presidente de la SNA, Ricardo Arizt\u00eda, a las reuniones que requiera con secretarios de Estado, para abordar posibles soluciones espec\u00edficas...\" \/>\n<meta property=\"og:url\" content=\"https:\/\/www.mundoagropecuario.cl\/new\/ministro-de-agricultura-participo-en-consejo-general-de-la-sna-y-mostro-avances-en-beneficio-del-sector\/\" \/>\n<meta property=\"og:site_name\" content=\"Mundoagropecuario\" \/>\n<meta property=\"article:publisher\" content=\"https:\/\/www.facebook.com\/mundo.agropecuario.3\" \/>\n<meta property=\"article:published_time\" content=\"2018-12-04T04:00:16+00:00\" \/>\n<meta property=\"article:modified_time\" content=\"2018-12-11T13:31:02+00:00\" \/>\n<meta property=\"og:image\" content=\"https:\/\/www.mundoagropecuario.cl\/new\/wp-content\/uploads\/2018\/12\/sna-ministro-e1543929341653.jpg\" \/>\n\t<meta property=\"og:image:width\" content=\"896\" \/>\n\t<meta property=\"og:image:height\" content=\"680\" \/>\n\t<meta property=\"og:image:type\" content=\"image\/jpeg\" \/>\n<meta name=\"author\" content=\"periodista\" \/>\n<meta name=\"twitter:card\" content=\"summary_large_image\" \/>\n<meta name=\"twitter:creator\" content=\"@MundoAgropecuar\" \/>\n<meta name=\"twitter:site\" content=\"@MundoAgropecuar\" \/>\n<meta name=\"twitter:label1\" content=\"Escrito por\" \/>\n\t<meta name=\"twitter:data1\" content=\"periodista\" \/>\n\t<meta name=\"twitter:label2\" content=\"Tiempo de lectura\" \/>\n\t<meta name=\"twitter:data2\" content=\"3 minutos\" \/>\n<script type=\"application\/ld+json\" class=\"yoast-schema-graph\">{\"@context\":\"https:\/\/schema.org\",\"@graph\":[{\"@type\":\"Article\",\"@id\":\"https:\/\/www.mundoagropecuario.cl\/new\/ministro-de-agricultura-participo-en-consejo-general-de-la-sna-y-mostro-avances-en-beneficio-del-sector\/#article\",\"isPartOf\":{\"@id\":\"https:\/\/www.mundoagropecuario.cl\/new\/ministro-de-agricultura-participo-en-consejo-general-de-la-sna-y-mostro-avances-en-beneficio-del-sector\/\"},\"author\":{\"name\":\"periodista\",\"@id\":\"https:\/\/www.mundoagropecuario.cl\/new\/#\/schema\/person\/0c221050801c74e45256a7a9a1ff0803\"},\"headline\":\"Ministro de Agricultura particip\u00f3 en Consejo General de la SNA y mostr\u00f3 avances en beneficio del sector\",\"datePublished\":\"2018-12-04T04:00:16+00:00\",\"dateModified\":\"2018-12-11T13:31:02+00:00\",\"mainEntityOfPage\":{\"@id\":\"https:\/\/www.mundoagropecuario.cl\/new\/ministro-de-agricultura-participo-en-consejo-general-de-la-sna-y-mostro-avances-en-beneficio-del-sector\/\"},\"wordCount\":636,\"publisher\":{\"@id\":\"https:\/\/www.mundoagropecuario.cl\/new\/#organization\"},\"image\":{\"@id\":\"https:\/\/www.mundoagropecuario.cl\/new\/ministro-de-agricultura-participo-en-consejo-general-de-la-sna-y-mostro-avances-en-beneficio-del-sector\/#primaryimage\"},\"thumbnailUrl\":\"https:\/\/www.mundoagropecuario.cl\/new\/wp-content\/uploads\/2018\/12\/sna-ministro-e1543929341653.jpg\",\"keywords\":[\"araucan\u00eda\",\"Minagri\",\"Ministro Walker\",\"SNA\"],\"articleSection\":[\"Instituciones\"],\"inLanguage\":\"es\"},{\"@type\":\"WebPage\",\"@id\":\"https:\/\/www.mundoagropecuario.cl\/new\/ministro-de-agricultura-participo-en-consejo-general-de-la-sna-y-mostro-avances-en-beneficio-del-sector\/\",\"url\":\"https:\/\/www.mundoagropecuario.cl\/new\/ministro-de-agricultura-participo-en-consejo-general-de-la-sna-y-mostro-avances-en-beneficio-del-sector\/\",\"name\":\"Ministro de Agricultura particip\u00f3 en Consejo General de la SNA y mostr\u00f3 avances en beneficio del sector - Mundoagropecuario\",\"isPartOf\":{\"@id\":\"https:\/\/www.mundoagropecuario.cl\/new\/#website\"},\"primaryImageOfPage\":{\"@id\":\"https:\/\/www.mundoagropecuario.cl\/new\/ministro-de-agricultura-participo-en-consejo-general-de-la-sna-y-mostro-avances-en-beneficio-del-sector\/#primaryimage\"},\"image\":{\"@id\":\"https:\/\/www.mundoagropecuario.cl\/new\/ministro-de-agricultura-participo-en-consejo-general-de-la-sna-y-mostro-avances-en-beneficio-del-sector\/#primaryimage\"},\"thumbnailUrl\":\"https:\/\/www.mundoagropecuario.cl\/new\/wp-content\/uploads\/2018\/12\/sna-ministro-e1543929341653.jpg\",\"datePublished\":\"2018-12-04T04:00:16+00:00\",\"dateModified\":\"2018-12-11T13:31:02+00:00\",\"breadcrumb\":{\"@id\":\"https:\/\/www.mundoagropecuario.cl\/new\/ministro-de-agricultura-participo-en-consejo-general-de-la-sna-y-mostro-avances-en-beneficio-del-sector\/#breadcrumb\"},\"inLanguage\":\"es\",\"potentialAction\":[{\"@type\":\"ReadAction\",\"target\":[\"https:\/\/www.mundoagropecuario.cl\/new\/ministro-de-agricultura-participo-en-consejo-general-de-la-sna-y-mostro-avances-en-beneficio-del-sector\/\"]}]},{\"@type\":\"ImageObject\",\"inLanguage\":\"es\",\"@id\":\"https:\/\/www.mundoagropecuario.cl\/new\/ministro-de-agricultura-participo-en-consejo-general-de-la-sna-y-mostro-avances-en-beneficio-del-sector\/#primaryimage\",\"url\":\"https:\/\/www.mundoagropecuario.cl\/new\/wp-content\/uploads\/2018\/12\/sna-ministro-e1543929341653.jpg\",\"contentUrl\":\"https:\/\/www.mundoagropecuario.cl\/new\/wp-content\/uploads\/2018\/12\/sna-ministro-e1543929341653.jpg\",\"width\":527,\"height\":400},{\"@type\":\"BreadcrumbList\",\"@id\":\"https:\/\/www.mundoagropecuario.cl\/new\/ministro-de-agricultura-participo-en-consejo-general-de-la-sna-y-mostro-avances-en-beneficio-del-sector\/#breadcrumb\",\"itemListElement\":[{\"@type\":\"ListItem\",\"position\":1,\"name\":\"Portada\",\"item\":\"https:\/\/www.mundoagropecuario.cl\/new\/\"},{\"@type\":\"ListItem\",\"position\":2,\"name\":\"Ministro de Agricultura particip\u00f3 en Consejo General de la SNA y mostr\u00f3 avances en beneficio del sector\"}]},{\"@type\":\"WebSite\",\"@id\":\"https:\/\/www.mundoagropecuario.cl\/new\/#website\",\"url\":\"https:\/\/www.mundoagropecuario.cl\/new\/\",\"name\":\"Mundoagropecuario\",\"description\":\"Mundo Agropecuario\",\"publisher\":{\"@id\":\"https:\/\/www.mundoagropecuario.cl\/new\/#organization\"},\"potentialAction\":[{\"@type\":\"SearchAction\",\"target\":{\"@type\":\"EntryPoint\",\"urlTemplate\":\"https:\/\/www.mundoagropecuario.cl\/new\/?s={search_term_string}\"},\"query-input\":{\"@type\":\"PropertyValueSpecification\",\"valueRequired\":true,\"valueName\":\"search_term_string\"}}],\"inLanguage\":\"es\"},{\"@type\":\"Organization\",\"@id\":\"https:\/\/www.mundoagropecuario.cl\/new\/#organization\",\"name\":\"Revista de Agricultura\",\"url\":\"https:\/\/www.mundoagropecuario.cl\/new\/\",\"logo\":{\"@type\":\"ImageObject\",\"inLanguage\":\"es\",\"@id\":\"https:\/\/www.mundoagropecuario.cl\/new\/#\/schema\/logo\/image\/\",\"url\":\"https:\/\/www.mundoagropecuario.cl\/new\/wp-content\/uploads\/2020\/11\/PORTAL-1-1.png\",\"contentUrl\":\"https:\/\/www.mundoagropecuario.cl\/new\/wp-content\/uploads\/2020\/11\/PORTAL-1-1.png\",\"width\":1026,\"height\":100,\"caption\":\"Revista de Agricultura\"},\"image\":{\"@id\":\"https:\/\/www.mundoagropecuario.cl\/new\/#\/schema\/logo\/image\/\"},\"sameAs\":[\"https:\/\/www.facebook.com\/mundo.agropecuario.3\",\"https:\/\/x.com\/MundoAgropecuar\",\"https:\/\/www.linkedin.com\/in\/mundo-agropecuario-934009201\/\"]},{\"@type\":\"Person\",\"@id\":\"https:\/\/www.mundoagropecuario.cl\/new\/#\/schema\/person\/0c221050801c74e45256a7a9a1ff0803\",\"name\":\"periodista\",\"url\":\"https:\/\/www.mundoagropecuario.cl\/new\/author\/periodista\/\"}]}<\/script>\n<!-- \/ Yoast SEO plugin. -->","yoast_head_json":{"title":"Ministro de Agricultura particip\u00f3 en Consejo General de la SNA y mostr\u00f3 avances en beneficio del sector - Mundoagropecuario","robots":{"index":"index","follow":"follow","max-snippet":"max-snippet:-1","max-image-preview":"max-image-preview:large","max-video-preview":"max-video-preview:-1"},"canonical":"https:\/\/www.mundoagropecuario.cl\/new\/ministro-de-agricultura-participo-en-consejo-general-de-la-sna-y-mostro-avances-en-beneficio-del-sector\/","og_locale":"es_ES","og_type":"article","og_title":"Ministro de Agricultura particip\u00f3 en Consejo General de la SNA y mostr\u00f3 avances en beneficio del sector - Mundoagropecuario","og_description":"El titular del agro adem\u00e1s se comprometi\u00f3 a acompa\u00f1ar al presidente de la SNA, Ricardo Arizt\u00eda, a las reuniones que requiera con secretarios de Estado, para abordar posibles soluciones espec\u00edficas...","og_url":"https:\/\/www.mundoagropecuario.cl\/new\/ministro-de-agricultura-participo-en-consejo-general-de-la-sna-y-mostro-avances-en-beneficio-del-sector\/","og_site_name":"Mundoagropecuario","article_publisher":"https:\/\/www.facebook.com\/mundo.agropecuario.3","article_published_time":"2018-12-04T04:00:16+00:00","article_modified_time":"2018-12-11T13:31:02+00:00","og_image":[{"width":896,"height":680,"url":"https:\/\/www.mundoagropecuario.cl\/new\/wp-content\/uploads\/2018\/12\/sna-ministro-e1543929341653.jpg","type":"image\/jpeg"}],"author":"periodista","twitter_card":"summary_large_image","twitter_creator":"@MundoAgropecuar","twitter_site":"@MundoAgropecuar","twitter_misc":{"Escrito por":"periodista","Tiempo de lectura":"3 minutos"},"schema":{"@context":"https:\/\/schema.org","@graph":[{"@type":"Article","@id":"https:\/\/www.mundoagropecuario.cl\/new\/ministro-de-agricultura-participo-en-consejo-general-de-la-sna-y-mostro-avances-en-beneficio-del-sector\/#article","isPartOf":{"@id":"https:\/\/www.mundoagropecuario.cl\/new\/ministro-de-agricultura-participo-en-consejo-general-de-la-sna-y-mostro-avances-en-beneficio-del-sector\/"},"author":{"name":"periodista","@id":"https:\/\/www.mundoagropecuario.cl\/new\/#\/schema\/person\/0c221050801c74e45256a7a9a1ff0803"},"headline":"Ministro de Agricultura particip\u00f3 en Consejo General de la SNA y mostr\u00f3 avances en beneficio del sector","datePublished":"2018-12-04T04:00:16+00:00","dateModified":"2018-12-11T13:31:02+00:00","mainEntityOfPage":{"@id":"https:\/\/www.mundoagropecuario.cl\/new\/ministro-de-agricultura-participo-en-consejo-general-de-la-sna-y-mostro-avances-en-beneficio-del-sector\/"},"wordCount":636,"publisher":{"@id":"https:\/\/www.mundoagropecuario.cl\/new\/#organization"},"image":{"@id":"https:\/\/www.mundoagropecuario.cl\/new\/ministro-de-agricultura-participo-en-consejo-general-de-la-sna-y-mostro-avances-en-beneficio-del-sector\/#primaryimage"},"thumbnailUrl":"https:\/\/www.mundoagropecuario.cl\/new\/wp-content\/uploads\/2018\/12\/sna-ministro-e1543929341653.jpg","keywords":["araucan\u00eda","Minagri","Ministro Walker","SNA"],"articleSection":["Instituciones"],"inLanguage":"es"},{"@type":"WebPage","@id":"https:\/\/www.mundoagropecuario.cl\/new\/ministro-de-agricultura-participo-en-consejo-general-de-la-sna-y-mostro-avances-en-beneficio-del-sector\/","url":"https:\/\/www.mundoagropecuario.cl\/new\/ministro-de-agricultura-participo-en-consejo-general-de-la-sna-y-mostro-avances-en-beneficio-del-sector\/","name":"Ministro de Agricultura particip\u00f3 en Consejo General de la SNA y mostr\u00f3 avances en beneficio del sector - Mundoagropecuario","isPartOf":{"@id":"https:\/\/www.mundoagropecuario.cl\/new\/#website"},"primaryImageOfPage":{"@id":"https:\/\/www.mundoagropecuario.cl\/new\/ministro-de-agricultura-participo-en-consejo-general-de-la-sna-y-mostro-avances-en-beneficio-del-sector\/#primaryimage"},"image":{"@id":"https:\/\/www.mundoagropecuario.cl\/new\/ministro-de-agricultura-participo-en-consejo-general-de-la-sna-y-mostro-avances-en-beneficio-del-sector\/#primaryimage"},"thumbnailUrl":"https:\/\/www.mundoagropecuario.cl\/new\/wp-content\/uploads\/2018\/12\/sna-ministro-e1543929341653.jpg","datePublished":"2018-12-04T04:00:16+00:00","dateModified":"2018-12-11T13:31:02+00:00","breadcrumb":{"@id":"https:\/\/www.mundoagropecuario.cl\/new\/ministro-de-agricultura-participo-en-consejo-general-de-la-sna-y-mostro-avances-en-beneficio-del-sector\/#breadcrumb"},"inLanguage":"es","potentialAction":[{"@type":"ReadAction","target":["https:\/\/www.mundoagropecuario.cl\/new\/ministro-de-agricultura-participo-en-consejo-general-de-la-sna-y-mostro-avances-en-beneficio-del-sector\/"]}]},{"@type":"ImageObject","inLanguage":"es","@id":"https:\/\/www.mundoagropecuario.cl\/new\/ministro-de-agricultura-participo-en-consejo-general-de-la-sna-y-mostro-avances-en-beneficio-del-sector\/#primaryimage","url":"https:\/\/www.mundoagropecuario.cl\/new\/wp-content\/uploads\/2018\/12\/sna-ministro-e1543929341653.jpg","contentUrl":"https:\/\/www.mundoagropecuario.cl\/new\/wp-content\/uploads\/2018\/12\/sna-ministro-e1543929341653.jpg","width":527,"height":400},{"@type":"BreadcrumbList","@id":"https:\/\/www.mundoagropecuario.cl\/new\/ministro-de-agricultura-participo-en-consejo-general-de-la-sna-y-mostro-avances-en-beneficio-del-sector\/#breadcrumb","itemListElement":[{"@type":"ListItem","position":1,"name":"Portada","item":"https:\/\/www.mundoagropecuario.cl\/new\/"},{"@type":"ListItem","position":2,"name":"Ministro de Agricultura particip\u00f3 en Consejo General de la SNA y mostr\u00f3 avances en beneficio del sector"}]},{"@type":"WebSite","@id":"https:\/\/www.mundoagropecuario.cl\/new\/#website","url":"https:\/\/www.mundoagropecuario.cl\/new\/","name":"Mundoagropecuario","description":"Mundo Agropecuario","publisher":{"@id":"https:\/\/www.mundoagropecuario.cl\/new\/#organization"},"potentialAction":[{"@type":"SearchAction","target":{"@type":"EntryPoint","urlTemplate":"https:\/\/www.mundoagropecuario.cl\/new\/?s={search_term_string}"},"query-input":{"@type":"PropertyValueSpecification","valueRequired":true,"valueName":"search_term_string"}}],"inLanguage":"es"},{"@type":"Organization","@id":"https:\/\/www.mundoagropecuario.cl\/new\/#organization","name":"Revista de Agricultura","url":"https:\/\/www.mundoagropecuario.cl\/new\/","logo":{"@type":"ImageObject","inLanguage":"es","@id":"https:\/\/www.mundoagropecuario.cl\/new\/#\/schema\/logo\/image\/","url":"https:\/\/www.mundoagropecuario.cl\/new\/wp-content\/uploads\/2020\/11\/PORTAL-1-1.png","contentUrl":"https:\/\/www.mundoagropecuario.cl\/new\/wp-content\/uploads\/2020\/11\/PORTAL-1-1.png","width":1026,"height":100,"caption":"Revista de Agricultura"},"image":{"@id":"https:\/\/www.mundoagropecuario.cl\/new\/#\/schema\/logo\/image\/"},"sameAs":["https:\/\/www.facebook.com\/mundo.agropecuario.3","https:\/\/x.com\/MundoAgropecuar","https:\/\/www.linkedin.com\/in\/mundo-agropecuario-934009201\/"]},{"@type":"Person","@id":"https:\/\/www.mundoagropecuario.cl\/new\/#\/schema\/person\/0c221050801c74e45256a7a9a1ff0803","name":"periodista","url":"https:\/\/www.mundoagropecuario.cl\/new\/author\/periodista\/"}]}},"_links":{"self":[{"href":"https:\/\/www.mundoagropecuario.cl\/new\/wp-json\/wp\/v2\/posts\/9772","targetHints":{"allow":["GET"]}}],"collection":[{"href":"https:\/\/www.mundoagropecuario.cl\/new\/wp-json\/wp\/v2\/posts"}],"about":[{"href":"https:\/\/www.mundoagropecuario.cl\/new\/wp-json\/wp\/v2\/types\/post"}],"author":[{"embeddable":true,"href":"https:\/\/www.mundoagropecuario.cl\/new\/wp-json\/wp\/v2\/users\/3"}],"replies":[{"embeddable":true,"href":"https:\/\/www.mundoagropecuario.cl\/new\/wp-json\/wp\/v2\/comments?post=9772"}],"version-history":[{"count":1,"href":"https:\/\/www.mundoagropecuario.cl\/new\/wp-json\/wp\/v2\/posts\/9772\/revisions"}],"predecessor-version":[{"id":9774,"href":"https:\/\/www.mundoagropecuario.cl\/new\/wp-json\/wp\/v2\/posts\/9772\/revisions\/9774"}],"wp:featuredmedia":[{"embeddable":true,"href":"https:\/\/www.mundoagropecuario.cl\/new\/wp-json\/wp\/v2\/media\/9773"}],"wp:attachment":[{"href":"https:\/\/www.mundoagropecuario.cl\/new\/wp-json\/wp\/v2\/media?parent=9772"}],"wp:term":[{"taxonomy":"category","embeddable":true,"href":"https:\/\/www.mundoagropecuario.cl\/new\/wp-json\/wp\/v2\/categories?post=9772"},{"taxonomy":"post_tag","embeddable":true,"href":"https:\/\/www.mundoagropecuario.cl\/new\/wp-json\/wp\/v2\/tags?post=9772"}],"curies":[{"name":"wp","href":"https:\/\/api.w.org\/{rel}","templated":true}]}}