{"id":9729,"date":"2018-11-30T10:01:24","date_gmt":"2018-11-30T13:01:24","guid":{"rendered":"http:\/\/www.mundoagropecuario.cl\/new\/?p=9729"},"modified":"2018-12-04T00:05:10","modified_gmt":"2018-12-04T03:05:10","slug":"congreso-de-fitopatologia-reune-a-especialistas-nacionales-y-extranjeros-en-valdivia","status":"publish","type":"post","link":"https:\/\/www.mundoagropecuario.cl\/new\/congreso-de-fitopatologia-reune-a-especialistas-nacionales-y-extranjeros-en-valdivia\/","title":{"rendered":"Congreso de Fitopatolog\u00eda re\u00fane a especialistas nacionales y extranjeros en Valdivia"},"content":{"rendered":"<blockquote><p><em>M\u00e1s de 160 personas participan del evento cuyo tema central es el efecto del cambio clim\u00e1tico en el \u00e1rea de estudio (Mundo Agropecuario).<\/em><\/p><\/blockquote>\n<p>Durante tres d\u00edas investigadores nacionales e internacionales del \u00e1rea de fitopatolog\u00eda se re\u00fanen en Valdivia para ser parte del XXVI Congreso de la Sociedad Chilena de Fitopatolog\u00eda (SOCHIFIT) organizado por la Facultad de Ciencias Agrarias de la Universidad Austral de Chile y por el Laboratorio Regional Osorno del Servicio Agr\u00edcola y Ganadero.<\/p>\n<p>Este evento, que se efect\u00faa entre el 28 y 30 de noviembre, tiene como objetivo difundir los resultados de investigaciones cient\u00edficas y t\u00e9cnicas en el \u00e1mbito de la patolog\u00eda vegetal, incluyendo la detecci\u00f3n, diagn\u00f3stico, estudios epidemiol\u00f3gicos, moleculares y de manejo de los diferentes agentes bi\u00f3ticos que afectan a las plantas.<\/p>\n<p>Es as\u00ed como la inauguraci\u00f3n oficial del congreso se realiz\u00f3 este mi\u00e9rcoles 28 de noviembre en el Aula Magna de la UACh, contando con la participaci\u00f3n de autoridades universitarias y sector p\u00fablico y privado, encabezados por el Decano de la Facultad de Ciencias Agrarias, Dr. Rodrigo Echeverr\u00eda; la Directora de Investigaci\u00f3n de la Vicerrector\u00eda\u00a0 de Investigaci\u00f3n, Desarrollo y Creaci\u00f3n Art\u00edstica (VIDCA), el Director Regional del SAG, Sr. Jorge Oltra, representes de la Ilustre Municipalidad de Valdivia, de la Corporaci\u00f3n de Desarrollo Productivo, de la SAVAL S.A,\u00a0 y empresas e instituciones patrocinadoras, entre otros.<\/p>\n<p><a href=\"https:\/\/www.mundoagropecuario.cl\/new\/wp-content\/uploads\/2018\/11\/congreso.jpg\"><img loading=\"lazy\" decoding=\"async\" class=\"alignnone size-full wp-image-9732\" src=\"https:\/\/www.mundoagropecuario.cl\/new\/wp-content\/uploads\/2018\/11\/congreso.jpg\" alt=\"\" width=\"1024\" height=\"792\" srcset=\"https:\/\/www.mundoagropecuario.cl\/new\/wp-content\/uploads\/2018\/11\/congreso.jpg 517w, https:\/\/www.mundoagropecuario.cl\/new\/wp-content\/uploads\/2018\/11\/congreso-586x453.jpg 586w, https:\/\/www.mundoagropecuario.cl\/new\/wp-content\/uploads\/2018\/11\/congreso-768x594.jpg 768w, https:\/\/www.mundoagropecuario.cl\/new\/wp-content\/uploads\/2018\/11\/congreso-1024x792.jpg 1024w\" sizes=\"auto, (max-width: 1024px) 100vw, 1024px\" \/><\/a>Durante la ceremonia la presidenta del comit\u00e9 organizador del este Congreso y directora del Instituto de Producci\u00f3n y Sanidad Vegetal de la UACh, Dra. Erika Brice\u00f1o, dio la bienvenida a los asistentes, se\u00f1alando que este a\u00f1o el tema central del encuentro es el efecto del cambio clim\u00e1tico en distintos rubros agr\u00edcolas de la regi\u00f3n y que son importantes en la econom\u00eda local.<\/p>\n<p>\u201cPrimero veremos c\u00f3mo afecta este fen\u00f3meno, al desarrollo de nuevos des\u00f3rdenes y patolog\u00edas en el \u00e1rea forestal. En tanto, el segundo d\u00eda, se profundizar\u00e1 en la variaci\u00f3n y la dispersi\u00f3n de enfermedades cuarentenarias en cultivos de la papa y el viernes, se analizar\u00e1 c\u00f3mo afecta el cambio clim\u00e1tico a los avances de los cultivos frutales en el sur\u201d.<\/p>\n<p>A su turno, la presidenta de SOCHIFIT y Subdirectora Regional de I+D \u2013 INIA Remehue, Dra. Ivette Acu\u00f1a, record\u00f3 que esta sociedad naci\u00f3 el 25 de abril de 1958 en Santiago de Chile con el prop\u00f3sito de integrar a los profesionales del pa\u00eds relacionados con la fitopatolog\u00eda y ciencias afines para promover el desarrollo de esta \u00e1rea a nivel nacional y la diseminaci\u00f3n del conocimiento de enfermedades propias.<\/p>\n<p>\u201cEste a\u00f1o cumplimos 60 a\u00f1os como sociedad, desde entonces el aporte de SOCHIFIT al desarrollo de la fitopatolog\u00eda han sido enormes, hoy contamos con m\u00e1s de 90 socios que son parte de empresas, universidades y representantes del sector p\u00fablico y privado\u201d.<\/p>\n<p>De igual modo, agradeci\u00f3 a la Universidad Austral de Chile por apoyar este congreso as\u00ed como tambi\u00e9n al equipo organizador del mismo.<\/p>\n<p>Asimismo la Dra. Ang\u00e9lica Hidalgo, dio la bienvenida a los asistentes en nombre del Rector de la UACh, Dr. \u00d3scar Galindo y del Vicerrector de Investigaci\u00f3n, Dr. Hans Richter: \u201cla Universidad Austral de Chile es una instituci\u00f3n con una extensa trayectoria en investigaci\u00f3n, tanto b\u00e1sica como aplicada en las distintas \u00e1rea del conocimiento,\u00a0 que le ha permitido posicionarse en lugares destacados en ranking nacionales e internacionales (\u2026.) generando\u00a0 conocimiento para el bien del pa\u00eds como del mundo entero\u201d.<\/p>\n<p>\u201cLas facultades del \u00e1rea silvoagropecuaria constituyen un pilar muy importante para nuestra casa de estudios, ya que han estado presentes desde el origen de esta instituci\u00f3n generando conocimiento tanto b\u00e1sico y aplicado e innovaci\u00f3n\u201d, subray\u00f3 la Dra. Hidalgo.<\/p>\n<p>Posteriormente, la Ingeniera Agr\u00f3noma, Rina Acu\u00f1a quien present\u00f3 la charla \u201cRetrospectiva de la Fitopatolog\u00eda en Chile, explicando, entre otros aspectos, antecedentes hist\u00f3ricos y la contribuci\u00f3n de esta \u00e1rea de la sociedad al crecimiento de la agricultura nacional en el \u00e1mbitos agr\u00edcola y forestal, considerando las necesidades de prevenci\u00f3n y control de enfermedades y la protecci\u00f3n del patrimonio fitosanitario.<\/p>\n<p><strong>Sesiones y conferencias<\/strong><\/p>\n<p>Es importante destacar que este evento contempla la realizaci\u00f3n de sesiones tem\u00e1ticas abordando temas como etiolog\u00eda y diagn\u00f3stico, control biol\u00f3gico, patolog\u00edas emergentes, epidemiolog\u00eda, manejo y control.<\/p>\n<p>Adem\u00e1s cuenta con la participaci\u00f3n de los siguientes conferencistas Dr. David Shaw de Oregon State University; Dr. Rodrigo Morales de la UACh; Dr. Jean Martin van der Wolf de la Wageningen University and Research; Dra. Rina Acu\u00f1a del SAG; Dr. Fernando Latorre de la Universidad Cat\u00f3lica; Dr.Richard E. Falloon de la Lincoln University NZ y el Dr. Mauricio Lolas de la Universidad de Talca.<\/p>\n<p>Auspiciadores<\/p>\n<p>El desarrollo de esta actividad fue posible gracias al apoyo de la VIDCA, la Direcci\u00f3n de Pregrado, Relaciones P\u00fablicas, Ediciones UACh; el Consejo Regional y el Gobierno Regional a trav\u00e9s de la Corporaci\u00f3n de Desarrollo Productivo mediante su programa de iniciativa de Bienes Club, Ilustre Municipalidad de Valdivia, Ediciones Universidad Cat\u00f3lica.<\/p>\n<p>Adem\u00e1s, cont\u00f3 con las siguientes empresas auspiciadoras: Arysta, Zorvec Ecantia, Col\u00fan, El Parque, Agr\u00edcola Alas, Semillas Chile, Syngenta, Merck, Semillas Llanquihue, Nova Seed, Nutraterra, Pepsico, Invitro Lab Chile.<\/p>\n","protected":false},"excerpt":{"rendered":"<p>M\u00e1s de 160 personas participan del evento cuyo tema central es el efecto del cambio clim\u00e1tico en el \u00e1rea de estudio (Mundo Agropecuario). Durante tres d\u00edas investigadores nacionales e internacionales&#8230;<\/p>\n","protected":false},"author":3,"featured_media":9730,"comment_status":"closed","ping_status":"closed","sticky":false,"template":"","format":"gallery","meta":{"footnotes":""},"categories":[2831],"tags":[1993,2955,578,2211],"class_list":["post-9729","post","type-post","status-publish","format-gallery","has-post-thumbnail","hentry","category-eventos","tag-inia-remehue","tag-sochifit","tag-uach","tag-valdivia","post_format-post-format-gallery"],"yoast_head":"<!-- This site is optimized with the Yoast SEO plugin v26.6 - https:\/\/yoast.com\/wordpress\/plugins\/seo\/ -->\n<title>Congreso de Fitopatolog\u00eda re\u00fane a especialistas nacionales y extranjeros en Valdivia - Mundoagropecuario<\/title>\n<meta name=\"robots\" content=\"index, follow, max-snippet:-1, max-image-preview:large, max-video-preview:-1\" \/>\n<link rel=\"canonical\" href=\"https:\/\/www.mundoagropecuario.cl\/new\/congreso-de-fitopatologia-reune-a-especialistas-nacionales-y-extranjeros-en-valdivia\/\" \/>\n<meta property=\"og:locale\" content=\"es_ES\" \/>\n<meta property=\"og:type\" content=\"article\" \/>\n<meta property=\"og:title\" content=\"Congreso de Fitopatolog\u00eda re\u00fane a especialistas nacionales y extranjeros en Valdivia - Mundoagropecuario\" \/>\n<meta property=\"og:description\" content=\"M\u00e1s de 160 personas participan del evento cuyo tema central es el efecto del cambio clim\u00e1tico en el \u00e1rea de estudio (Mundo Agropecuario). Durante tres d\u00edas investigadores nacionales e internacionales...\" \/>\n<meta property=\"og:url\" content=\"https:\/\/www.mundoagropecuario.cl\/new\/congreso-de-fitopatologia-reune-a-especialistas-nacionales-y-extranjeros-en-valdivia\/\" \/>\n<meta property=\"og:site_name\" content=\"Mundoagropecuario\" \/>\n<meta property=\"article:publisher\" content=\"https:\/\/www.facebook.com\/mundo.agropecuario.3\" \/>\n<meta property=\"article:published_time\" content=\"2018-11-30T13:01:24+00:00\" \/>\n<meta property=\"article:modified_time\" content=\"2018-12-04T03:05:10+00:00\" \/>\n<meta property=\"og:image\" content=\"https:\/\/www.mundoagropecuario.cl\/new\/wp-content\/uploads\/2018\/11\/sochifit.jpg\" \/>\n\t<meta property=\"og:image:width\" content=\"1024\" \/>\n\t<meta property=\"og:image:height\" content=\"671\" \/>\n\t<meta property=\"og:image:type\" content=\"image\/jpeg\" \/>\n<meta name=\"author\" content=\"periodista\" \/>\n<meta name=\"twitter:card\" content=\"summary_large_image\" \/>\n<meta name=\"twitter:creator\" content=\"@MundoAgropecuar\" \/>\n<meta name=\"twitter:site\" content=\"@MundoAgropecuar\" \/>\n<meta name=\"twitter:label1\" content=\"Escrito por\" \/>\n\t<meta name=\"twitter:data1\" content=\"periodista\" \/>\n\t<meta name=\"twitter:label2\" content=\"Tiempo de lectura\" \/>\n\t<meta name=\"twitter:data2\" content=\"4 minutos\" \/>\n<script type=\"application\/ld+json\" class=\"yoast-schema-graph\">{\"@context\":\"https:\/\/schema.org\",\"@graph\":[{\"@type\":\"Article\",\"@id\":\"https:\/\/www.mundoagropecuario.cl\/new\/congreso-de-fitopatologia-reune-a-especialistas-nacionales-y-extranjeros-en-valdivia\/#article\",\"isPartOf\":{\"@id\":\"https:\/\/www.mundoagropecuario.cl\/new\/congreso-de-fitopatologia-reune-a-especialistas-nacionales-y-extranjeros-en-valdivia\/\"},\"author\":{\"name\":\"periodista\",\"@id\":\"https:\/\/www.mundoagropecuario.cl\/new\/#\/schema\/person\/0c221050801c74e45256a7a9a1ff0803\"},\"headline\":\"Congreso de Fitopatolog\u00eda re\u00fane a especialistas nacionales y extranjeros en Valdivia\",\"datePublished\":\"2018-11-30T13:01:24+00:00\",\"dateModified\":\"2018-12-04T03:05:10+00:00\",\"mainEntityOfPage\":{\"@id\":\"https:\/\/www.mundoagropecuario.cl\/new\/congreso-de-fitopatologia-reune-a-especialistas-nacionales-y-extranjeros-en-valdivia\/\"},\"wordCount\":912,\"publisher\":{\"@id\":\"https:\/\/www.mundoagropecuario.cl\/new\/#organization\"},\"image\":{\"@id\":\"https:\/\/www.mundoagropecuario.cl\/new\/congreso-de-fitopatologia-reune-a-especialistas-nacionales-y-extranjeros-en-valdivia\/#primaryimage\"},\"thumbnailUrl\":\"https:\/\/www.mundoagropecuario.cl\/new\/wp-content\/uploads\/2018\/11\/sochifit.jpg\",\"keywords\":[\"INIA Remehue\",\"SOCHIFIT\",\"UACh\",\"Valdivia\"],\"articleSection\":[\"Eventos\"],\"inLanguage\":\"es\"},{\"@type\":\"WebPage\",\"@id\":\"https:\/\/www.mundoagropecuario.cl\/new\/congreso-de-fitopatologia-reune-a-especialistas-nacionales-y-extranjeros-en-valdivia\/\",\"url\":\"https:\/\/www.mundoagropecuario.cl\/new\/congreso-de-fitopatologia-reune-a-especialistas-nacionales-y-extranjeros-en-valdivia\/\",\"name\":\"Congreso de Fitopatolog\u00eda re\u00fane a especialistas nacionales y extranjeros en Valdivia - Mundoagropecuario\",\"isPartOf\":{\"@id\":\"https:\/\/www.mundoagropecuario.cl\/new\/#website\"},\"primaryImageOfPage\":{\"@id\":\"https:\/\/www.mundoagropecuario.cl\/new\/congreso-de-fitopatologia-reune-a-especialistas-nacionales-y-extranjeros-en-valdivia\/#primaryimage\"},\"image\":{\"@id\":\"https:\/\/www.mundoagropecuario.cl\/new\/congreso-de-fitopatologia-reune-a-especialistas-nacionales-y-extranjeros-en-valdivia\/#primaryimage\"},\"thumbnailUrl\":\"https:\/\/www.mundoagropecuario.cl\/new\/wp-content\/uploads\/2018\/11\/sochifit.jpg\",\"datePublished\":\"2018-11-30T13:01:24+00:00\",\"dateModified\":\"2018-12-04T03:05:10+00:00\",\"breadcrumb\":{\"@id\":\"https:\/\/www.mundoagropecuario.cl\/new\/congreso-de-fitopatologia-reune-a-especialistas-nacionales-y-extranjeros-en-valdivia\/#breadcrumb\"},\"inLanguage\":\"es\",\"potentialAction\":[{\"@type\":\"ReadAction\",\"target\":[\"https:\/\/www.mundoagropecuario.cl\/new\/congreso-de-fitopatologia-reune-a-especialistas-nacionales-y-extranjeros-en-valdivia\/\"]}]},{\"@type\":\"ImageObject\",\"inLanguage\":\"es\",\"@id\":\"https:\/\/www.mundoagropecuario.cl\/new\/congreso-de-fitopatologia-reune-a-especialistas-nacionales-y-extranjeros-en-valdivia\/#primaryimage\",\"url\":\"https:\/\/www.mundoagropecuario.cl\/new\/wp-content\/uploads\/2018\/11\/sochifit.jpg\",\"contentUrl\":\"https:\/\/www.mundoagropecuario.cl\/new\/wp-content\/uploads\/2018\/11\/sochifit.jpg\",\"width\":610,\"height\":400},{\"@type\":\"BreadcrumbList\",\"@id\":\"https:\/\/www.mundoagropecuario.cl\/new\/congreso-de-fitopatologia-reune-a-especialistas-nacionales-y-extranjeros-en-valdivia\/#breadcrumb\",\"itemListElement\":[{\"@type\":\"ListItem\",\"position\":1,\"name\":\"Portada\",\"item\":\"https:\/\/www.mundoagropecuario.cl\/new\/\"},{\"@type\":\"ListItem\",\"position\":2,\"name\":\"Congreso de Fitopatolog\u00eda re\u00fane a especialistas nacionales y extranjeros en Valdivia\"}]},{\"@type\":\"WebSite\",\"@id\":\"https:\/\/www.mundoagropecuario.cl\/new\/#website\",\"url\":\"https:\/\/www.mundoagropecuario.cl\/new\/\",\"name\":\"Mundoagropecuario\",\"description\":\"Mundo Agropecuario\",\"publisher\":{\"@id\":\"https:\/\/www.mundoagropecuario.cl\/new\/#organization\"},\"potentialAction\":[{\"@type\":\"SearchAction\",\"target\":{\"@type\":\"EntryPoint\",\"urlTemplate\":\"https:\/\/www.mundoagropecuario.cl\/new\/?s={search_term_string}\"},\"query-input\":{\"@type\":\"PropertyValueSpecification\",\"valueRequired\":true,\"valueName\":\"search_term_string\"}}],\"inLanguage\":\"es\"},{\"@type\":\"Organization\",\"@id\":\"https:\/\/www.mundoagropecuario.cl\/new\/#organization\",\"name\":\"Revista de Agricultura\",\"url\":\"https:\/\/www.mundoagropecuario.cl\/new\/\",\"logo\":{\"@type\":\"ImageObject\",\"inLanguage\":\"es\",\"@id\":\"https:\/\/www.mundoagropecuario.cl\/new\/#\/schema\/logo\/image\/\",\"url\":\"https:\/\/www.mundoagropecuario.cl\/new\/wp-content\/uploads\/2020\/11\/PORTAL-1-1.png\",\"contentUrl\":\"https:\/\/www.mundoagropecuario.cl\/new\/wp-content\/uploads\/2020\/11\/PORTAL-1-1.png\",\"width\":1026,\"height\":100,\"caption\":\"Revista de Agricultura\"},\"image\":{\"@id\":\"https:\/\/www.mundoagropecuario.cl\/new\/#\/schema\/logo\/image\/\"},\"sameAs\":[\"https:\/\/www.facebook.com\/mundo.agropecuario.3\",\"https:\/\/x.com\/MundoAgropecuar\",\"https:\/\/www.linkedin.com\/in\/mundo-agropecuario-934009201\/\"]},{\"@type\":\"Person\",\"@id\":\"https:\/\/www.mundoagropecuario.cl\/new\/#\/schema\/person\/0c221050801c74e45256a7a9a1ff0803\",\"name\":\"periodista\",\"url\":\"https:\/\/www.mundoagropecuario.cl\/new\/author\/periodista\/\"}]}<\/script>\n<!-- \/ Yoast SEO plugin. -->","yoast_head_json":{"title":"Congreso de Fitopatolog\u00eda re\u00fane a especialistas nacionales y extranjeros en Valdivia - Mundoagropecuario","robots":{"index":"index","follow":"follow","max-snippet":"max-snippet:-1","max-image-preview":"max-image-preview:large","max-video-preview":"max-video-preview:-1"},"canonical":"https:\/\/www.mundoagropecuario.cl\/new\/congreso-de-fitopatologia-reune-a-especialistas-nacionales-y-extranjeros-en-valdivia\/","og_locale":"es_ES","og_type":"article","og_title":"Congreso de Fitopatolog\u00eda re\u00fane a especialistas nacionales y extranjeros en Valdivia - Mundoagropecuario","og_description":"M\u00e1s de 160 personas participan del evento cuyo tema central es el efecto del cambio clim\u00e1tico en el \u00e1rea de estudio (Mundo Agropecuario). Durante tres d\u00edas investigadores nacionales e internacionales...","og_url":"https:\/\/www.mundoagropecuario.cl\/new\/congreso-de-fitopatologia-reune-a-especialistas-nacionales-y-extranjeros-en-valdivia\/","og_site_name":"Mundoagropecuario","article_publisher":"https:\/\/www.facebook.com\/mundo.agropecuario.3","article_published_time":"2018-11-30T13:01:24+00:00","article_modified_time":"2018-12-04T03:05:10+00:00","og_image":[{"width":1024,"height":671,"url":"https:\/\/www.mundoagropecuario.cl\/new\/wp-content\/uploads\/2018\/11\/sochifit.jpg","type":"image\/jpeg"}],"author":"periodista","twitter_card":"summary_large_image","twitter_creator":"@MundoAgropecuar","twitter_site":"@MundoAgropecuar","twitter_misc":{"Escrito por":"periodista","Tiempo de lectura":"4 minutos"},"schema":{"@context":"https:\/\/schema.org","@graph":[{"@type":"Article","@id":"https:\/\/www.mundoagropecuario.cl\/new\/congreso-de-fitopatologia-reune-a-especialistas-nacionales-y-extranjeros-en-valdivia\/#article","isPartOf":{"@id":"https:\/\/www.mundoagropecuario.cl\/new\/congreso-de-fitopatologia-reune-a-especialistas-nacionales-y-extranjeros-en-valdivia\/"},"author":{"name":"periodista","@id":"https:\/\/www.mundoagropecuario.cl\/new\/#\/schema\/person\/0c221050801c74e45256a7a9a1ff0803"},"headline":"Congreso de Fitopatolog\u00eda re\u00fane a especialistas nacionales y extranjeros en Valdivia","datePublished":"2018-11-30T13:01:24+00:00","dateModified":"2018-12-04T03:05:10+00:00","mainEntityOfPage":{"@id":"https:\/\/www.mundoagropecuario.cl\/new\/congreso-de-fitopatologia-reune-a-especialistas-nacionales-y-extranjeros-en-valdivia\/"},"wordCount":912,"publisher":{"@id":"https:\/\/www.mundoagropecuario.cl\/new\/#organization"},"image":{"@id":"https:\/\/www.mundoagropecuario.cl\/new\/congreso-de-fitopatologia-reune-a-especialistas-nacionales-y-extranjeros-en-valdivia\/#primaryimage"},"thumbnailUrl":"https:\/\/www.mundoagropecuario.cl\/new\/wp-content\/uploads\/2018\/11\/sochifit.jpg","keywords":["INIA Remehue","SOCHIFIT","UACh","Valdivia"],"articleSection":["Eventos"],"inLanguage":"es"},{"@type":"WebPage","@id":"https:\/\/www.mundoagropecuario.cl\/new\/congreso-de-fitopatologia-reune-a-especialistas-nacionales-y-extranjeros-en-valdivia\/","url":"https:\/\/www.mundoagropecuario.cl\/new\/congreso-de-fitopatologia-reune-a-especialistas-nacionales-y-extranjeros-en-valdivia\/","name":"Congreso de Fitopatolog\u00eda re\u00fane a especialistas nacionales y extranjeros en Valdivia - Mundoagropecuario","isPartOf":{"@id":"https:\/\/www.mundoagropecuario.cl\/new\/#website"},"primaryImageOfPage":{"@id":"https:\/\/www.mundoagropecuario.cl\/new\/congreso-de-fitopatologia-reune-a-especialistas-nacionales-y-extranjeros-en-valdivia\/#primaryimage"},"image":{"@id":"https:\/\/www.mundoagropecuario.cl\/new\/congreso-de-fitopatologia-reune-a-especialistas-nacionales-y-extranjeros-en-valdivia\/#primaryimage"},"thumbnailUrl":"https:\/\/www.mundoagropecuario.cl\/new\/wp-content\/uploads\/2018\/11\/sochifit.jpg","datePublished":"2018-11-30T13:01:24+00:00","dateModified":"2018-12-04T03:05:10+00:00","breadcrumb":{"@id":"https:\/\/www.mundoagropecuario.cl\/new\/congreso-de-fitopatologia-reune-a-especialistas-nacionales-y-extranjeros-en-valdivia\/#breadcrumb"},"inLanguage":"es","potentialAction":[{"@type":"ReadAction","target":["https:\/\/www.mundoagropecuario.cl\/new\/congreso-de-fitopatologia-reune-a-especialistas-nacionales-y-extranjeros-en-valdivia\/"]}]},{"@type":"ImageObject","inLanguage":"es","@id":"https:\/\/www.mundoagropecuario.cl\/new\/congreso-de-fitopatologia-reune-a-especialistas-nacionales-y-extranjeros-en-valdivia\/#primaryimage","url":"https:\/\/www.mundoagropecuario.cl\/new\/wp-content\/uploads\/2018\/11\/sochifit.jpg","contentUrl":"https:\/\/www.mundoagropecuario.cl\/new\/wp-content\/uploads\/2018\/11\/sochifit.jpg","width":610,"height":400},{"@type":"BreadcrumbList","@id":"https:\/\/www.mundoagropecuario.cl\/new\/congreso-de-fitopatologia-reune-a-especialistas-nacionales-y-extranjeros-en-valdivia\/#breadcrumb","itemListElement":[{"@type":"ListItem","position":1,"name":"Portada","item":"https:\/\/www.mundoagropecuario.cl\/new\/"},{"@type":"ListItem","position":2,"name":"Congreso de Fitopatolog\u00eda re\u00fane a especialistas nacionales y extranjeros en Valdivia"}]},{"@type":"WebSite","@id":"https:\/\/www.mundoagropecuario.cl\/new\/#website","url":"https:\/\/www.mundoagropecuario.cl\/new\/","name":"Mundoagropecuario","description":"Mundo Agropecuario","publisher":{"@id":"https:\/\/www.mundoagropecuario.cl\/new\/#organization"},"potentialAction":[{"@type":"SearchAction","target":{"@type":"EntryPoint","urlTemplate":"https:\/\/www.mundoagropecuario.cl\/new\/?s={search_term_string}"},"query-input":{"@type":"PropertyValueSpecification","valueRequired":true,"valueName":"search_term_string"}}],"inLanguage":"es"},{"@type":"Organization","@id":"https:\/\/www.mundoagropecuario.cl\/new\/#organization","name":"Revista de Agricultura","url":"https:\/\/www.mundoagropecuario.cl\/new\/","logo":{"@type":"ImageObject","inLanguage":"es","@id":"https:\/\/www.mundoagropecuario.cl\/new\/#\/schema\/logo\/image\/","url":"https:\/\/www.mundoagropecuario.cl\/new\/wp-content\/uploads\/2020\/11\/PORTAL-1-1.png","contentUrl":"https:\/\/www.mundoagropecuario.cl\/new\/wp-content\/uploads\/2020\/11\/PORTAL-1-1.png","width":1026,"height":100,"caption":"Revista de Agricultura"},"image":{"@id":"https:\/\/www.mundoagropecuario.cl\/new\/#\/schema\/logo\/image\/"},"sameAs":["https:\/\/www.facebook.com\/mundo.agropecuario.3","https:\/\/x.com\/MundoAgropecuar","https:\/\/www.linkedin.com\/in\/mundo-agropecuario-934009201\/"]},{"@type":"Person","@id":"https:\/\/www.mundoagropecuario.cl\/new\/#\/schema\/person\/0c221050801c74e45256a7a9a1ff0803","name":"periodista","url":"https:\/\/www.mundoagropecuario.cl\/new\/author\/periodista\/"}]}},"_links":{"self":[{"href":"https:\/\/www.mundoagropecuario.cl\/new\/wp-json\/wp\/v2\/posts\/9729","targetHints":{"allow":["GET"]}}],"collection":[{"href":"https:\/\/www.mundoagropecuario.cl\/new\/wp-json\/wp\/v2\/posts"}],"about":[{"href":"https:\/\/www.mundoagropecuario.cl\/new\/wp-json\/wp\/v2\/types\/post"}],"author":[{"embeddable":true,"href":"https:\/\/www.mundoagropecuario.cl\/new\/wp-json\/wp\/v2\/users\/3"}],"replies":[{"embeddable":true,"href":"https:\/\/www.mundoagropecuario.cl\/new\/wp-json\/wp\/v2\/comments?post=9729"}],"version-history":[{"count":3,"href":"https:\/\/www.mundoagropecuario.cl\/new\/wp-json\/wp\/v2\/posts\/9729\/revisions"}],"predecessor-version":[{"id":9734,"href":"https:\/\/www.mundoagropecuario.cl\/new\/wp-json\/wp\/v2\/posts\/9729\/revisions\/9734"}],"wp:featuredmedia":[{"embeddable":true,"href":"https:\/\/www.mundoagropecuario.cl\/new\/wp-json\/wp\/v2\/media\/9730"}],"wp:attachment":[{"href":"https:\/\/www.mundoagropecuario.cl\/new\/wp-json\/wp\/v2\/media?parent=9729"}],"wp:term":[{"taxonomy":"category","embeddable":true,"href":"https:\/\/www.mundoagropecuario.cl\/new\/wp-json\/wp\/v2\/categories?post=9729"},{"taxonomy":"post_tag","embeddable":true,"href":"https:\/\/www.mundoagropecuario.cl\/new\/wp-json\/wp\/v2\/tags?post=9729"}],"curies":[{"name":"wp","href":"https:\/\/api.w.org\/{rel}","templated":true}]}}