{"id":9690,"date":"2018-11-28T00:33:00","date_gmt":"2018-11-28T03:33:00","guid":{"rendered":"http:\/\/www.mundoagropecuario.cl\/new\/?p=9690"},"modified":"2018-11-28T00:33:00","modified_gmt":"2018-11-28T03:33:00","slug":"profesionales-del-sag-se-capacitan-sobre-morfologia-de-cereales-en-inia-carillanca","status":"publish","type":"post","link":"https:\/\/www.mundoagropecuario.cl\/new\/profesionales-del-sag-se-capacitan-sobre-morfologia-de-cereales-en-inia-carillanca\/","title":{"rendered":"Profesionales del SAG se capacitan sobre morfolog\u00eda de cereales en INIA Carillanca"},"content":{"rendered":"<blockquote><p><em>Objetivo del curso es estudiar los descriptores morfol\u00f3gicos oficiales de la UPOV utilizados en el examen de Distinci\u00f3n, Uniformidad y Estabilidad (DUS) de las nuevas variedades de cereales (Mundo Agropecuario).<\/em><\/p><\/blockquote>\n<p>Durante dos d\u00edas y a partir de este martes, profesionales del Servicio Agr\u00edcola y Ganadero (SAG), provenientes de distintas zonas de Chile, se re\u00fanen en INIA Carilanca para participar del curso &#8220;Morfolog\u00eda de Cereales&#8221;, cuyo objetivo es estudiar los descriptores morfol\u00f3gicos oficiales de la UPOV utilizados en el examen de Distinci\u00f3n, Uniformidad y Estabilidad (DUS) de las nuevas variedades de cereales.<\/p>\n<p>Este curso te\u00f3rico\/pr\u00e1ctico tambi\u00e9n busca aunar criterios de evaluaci\u00f3n en campo y laboratorio, que faciliten la aplicaci\u00f3n de las directrices del examen DUS. Dentro de las especies estudiadas se encuentran trigo, triticale, cebada, avena y arroz. La observaci\u00f3n de descriptores se realiza a lo largo del completo ciclo fenol\u00f3gico de las variedades, aplic\u00e1ndose herramientas complementarias de laboratorio, dentro de ellas: la electroforesis de prote\u00ednas, marcadores moleculares basados en el ADN, y otras t\u00e9cnicas qu\u00edmicas. La caracterizaci\u00f3n de descriptores es relevante para el registro y protecci\u00f3n de las nuevas obtenciones vegetales.<\/p>\n<p>Los especialistas de INIA Carillanca a cargo de entregar las charlas son el Dr. Claudio Jobet, la investigadora M\u00f3nica Math\u00edas y el especialista en calidad de trigo Javier Z\u00fa\u00f1iga.<\/p>\n<p>El Instituto de Investigaciones Agropecuarias (INIA) es la principal instituci\u00f3n de investigaci\u00f3n agropecuaria de Chile, vinculada al Ministerio de Agricultura, con presencia nacional de Arica a Magallanes, a trav\u00e9s de sus 10 Centros Regionales, adem\u00e1s de oficinas t\u00e9cnicas y centros experimentales en las distintas regiones del pa\u00eds. Su misi\u00f3n es generar y transferir conocimientos y tecnolog\u00edas estrat\u00e9gicas a escala global, para producir innovaci\u00f3n y mejorar la competitividad del sector agroalimentario.<\/p>\n<p>&nbsp;<\/p>\n","protected":false},"excerpt":{"rendered":"<p>Objetivo del curso es estudiar los descriptores morfol\u00f3gicos oficiales de la UPOV utilizados en el examen de Distinci\u00f3n, Uniformidad y Estabilidad (DUS) de las nuevas variedades de cereales (Mundo Agropecuario)&#8230;.<\/p>\n","protected":false},"author":3,"featured_media":9691,"comment_status":"closed","ping_status":"closed","sticky":false,"template":"","format":"standard","meta":{"footnotes":""},"categories":[1987],"tags":[2943,2404,2036,2049],"class_list":["post-9690","post","type-post","status-publish","format-standard","has-post-thumbnail","hentry","category-instituciones","tag-cereales","tag-inia-carillanca","tag-sag","tag-trigo"],"yoast_head":"<!-- This site is optimized with the Yoast SEO plugin v26.6 - https:\/\/yoast.com\/wordpress\/plugins\/seo\/ -->\n<title>Profesionales del SAG se capacitan sobre morfolog\u00eda de cereales en INIA Carillanca - Mundoagropecuario<\/title>\n<meta name=\"robots\" content=\"index, follow, max-snippet:-1, max-image-preview:large, max-video-preview:-1\" \/>\n<link rel=\"canonical\" href=\"https:\/\/www.mundoagropecuario.cl\/new\/profesionales-del-sag-se-capacitan-sobre-morfologia-de-cereales-en-inia-carillanca\/\" \/>\n<meta property=\"og:locale\" content=\"es_ES\" \/>\n<meta property=\"og:type\" content=\"article\" \/>\n<meta property=\"og:title\" content=\"Profesionales del SAG se capacitan sobre morfolog\u00eda de cereales en INIA Carillanca - Mundoagropecuario\" \/>\n<meta property=\"og:description\" content=\"Objetivo del curso es estudiar los descriptores morfol\u00f3gicos oficiales de la UPOV utilizados en el examen de Distinci\u00f3n, Uniformidad y Estabilidad (DUS) de las nuevas variedades de cereales (Mundo Agropecuario)....\" \/>\n<meta property=\"og:url\" content=\"https:\/\/www.mundoagropecuario.cl\/new\/profesionales-del-sag-se-capacitan-sobre-morfologia-de-cereales-en-inia-carillanca\/\" \/>\n<meta property=\"og:site_name\" content=\"Mundoagropecuario\" \/>\n<meta property=\"article:publisher\" content=\"https:\/\/www.facebook.com\/mundo.agropecuario.3\" \/>\n<meta property=\"article:published_time\" content=\"2018-11-28T03:33:00+00:00\" \/>\n<meta property=\"og:image\" content=\"https:\/\/www.mundoagropecuario.cl\/new\/wp-content\/uploads\/2018\/11\/inia-carillanca-sag.jpg\" \/>\n\t<meta property=\"og:image:width\" content=\"1024\" \/>\n\t<meta property=\"og:image:height\" content=\"680\" \/>\n\t<meta property=\"og:image:type\" content=\"image\/jpeg\" \/>\n<meta name=\"author\" content=\"periodista\" \/>\n<meta name=\"twitter:card\" content=\"summary_large_image\" \/>\n<meta name=\"twitter:creator\" content=\"@MundoAgropecuar\" \/>\n<meta name=\"twitter:site\" content=\"@MundoAgropecuar\" \/>\n<meta name=\"twitter:label1\" content=\"Escrito por\" \/>\n\t<meta name=\"twitter:data1\" content=\"periodista\" \/>\n\t<meta name=\"twitter:label2\" content=\"Tiempo de lectura\" \/>\n\t<meta name=\"twitter:data2\" content=\"2 minutos\" \/>\n<script type=\"application\/ld+json\" class=\"yoast-schema-graph\">{\"@context\":\"https:\/\/schema.org\",\"@graph\":[{\"@type\":\"Article\",\"@id\":\"https:\/\/www.mundoagropecuario.cl\/new\/profesionales-del-sag-se-capacitan-sobre-morfologia-de-cereales-en-inia-carillanca\/#article\",\"isPartOf\":{\"@id\":\"https:\/\/www.mundoagropecuario.cl\/new\/profesionales-del-sag-se-capacitan-sobre-morfologia-de-cereales-en-inia-carillanca\/\"},\"author\":{\"name\":\"periodista\",\"@id\":\"https:\/\/www.mundoagropecuario.cl\/new\/#\/schema\/person\/0c221050801c74e45256a7a9a1ff0803\"},\"headline\":\"Profesionales del SAG se capacitan sobre morfolog\u00eda de cereales en INIA Carillanca\",\"datePublished\":\"2018-11-28T03:33:00+00:00\",\"mainEntityOfPage\":{\"@id\":\"https:\/\/www.mundoagropecuario.cl\/new\/profesionales-del-sag-se-capacitan-sobre-morfologia-de-cereales-en-inia-carillanca\/\"},\"wordCount\":328,\"publisher\":{\"@id\":\"https:\/\/www.mundoagropecuario.cl\/new\/#organization\"},\"image\":{\"@id\":\"https:\/\/www.mundoagropecuario.cl\/new\/profesionales-del-sag-se-capacitan-sobre-morfologia-de-cereales-en-inia-carillanca\/#primaryimage\"},\"thumbnailUrl\":\"https:\/\/www.mundoagropecuario.cl\/new\/wp-content\/uploads\/2018\/11\/inia-carillanca-sag.jpg\",\"keywords\":[\"cereales\",\"INIA Carillanca\",\"SAG\",\"Trigo\"],\"articleSection\":[\"Instituciones\"],\"inLanguage\":\"es\"},{\"@type\":\"WebPage\",\"@id\":\"https:\/\/www.mundoagropecuario.cl\/new\/profesionales-del-sag-se-capacitan-sobre-morfologia-de-cereales-en-inia-carillanca\/\",\"url\":\"https:\/\/www.mundoagropecuario.cl\/new\/profesionales-del-sag-se-capacitan-sobre-morfologia-de-cereales-en-inia-carillanca\/\",\"name\":\"Profesionales del SAG se capacitan sobre morfolog\u00eda de cereales en INIA Carillanca - Mundoagropecuario\",\"isPartOf\":{\"@id\":\"https:\/\/www.mundoagropecuario.cl\/new\/#website\"},\"primaryImageOfPage\":{\"@id\":\"https:\/\/www.mundoagropecuario.cl\/new\/profesionales-del-sag-se-capacitan-sobre-morfologia-de-cereales-en-inia-carillanca\/#primaryimage\"},\"image\":{\"@id\":\"https:\/\/www.mundoagropecuario.cl\/new\/profesionales-del-sag-se-capacitan-sobre-morfologia-de-cereales-en-inia-carillanca\/#primaryimage\"},\"thumbnailUrl\":\"https:\/\/www.mundoagropecuario.cl\/new\/wp-content\/uploads\/2018\/11\/inia-carillanca-sag.jpg\",\"datePublished\":\"2018-11-28T03:33:00+00:00\",\"breadcrumb\":{\"@id\":\"https:\/\/www.mundoagropecuario.cl\/new\/profesionales-del-sag-se-capacitan-sobre-morfologia-de-cereales-en-inia-carillanca\/#breadcrumb\"},\"inLanguage\":\"es\",\"potentialAction\":[{\"@type\":\"ReadAction\",\"target\":[\"https:\/\/www.mundoagropecuario.cl\/new\/profesionales-del-sag-se-capacitan-sobre-morfologia-de-cereales-en-inia-carillanca\/\"]}]},{\"@type\":\"ImageObject\",\"inLanguage\":\"es\",\"@id\":\"https:\/\/www.mundoagropecuario.cl\/new\/profesionales-del-sag-se-capacitan-sobre-morfologia-de-cereales-en-inia-carillanca\/#primaryimage\",\"url\":\"https:\/\/www.mundoagropecuario.cl\/new\/wp-content\/uploads\/2018\/11\/inia-carillanca-sag.jpg\",\"contentUrl\":\"https:\/\/www.mundoagropecuario.cl\/new\/wp-content\/uploads\/2018\/11\/inia-carillanca-sag.jpg\",\"width\":602,\"height\":400},{\"@type\":\"BreadcrumbList\",\"@id\":\"https:\/\/www.mundoagropecuario.cl\/new\/profesionales-del-sag-se-capacitan-sobre-morfologia-de-cereales-en-inia-carillanca\/#breadcrumb\",\"itemListElement\":[{\"@type\":\"ListItem\",\"position\":1,\"name\":\"Portada\",\"item\":\"https:\/\/www.mundoagropecuario.cl\/new\/\"},{\"@type\":\"ListItem\",\"position\":2,\"name\":\"Profesionales del SAG se capacitan sobre morfolog\u00eda de cereales en INIA Carillanca\"}]},{\"@type\":\"WebSite\",\"@id\":\"https:\/\/www.mundoagropecuario.cl\/new\/#website\",\"url\":\"https:\/\/www.mundoagropecuario.cl\/new\/\",\"name\":\"Mundoagropecuario\",\"description\":\"Mundo Agropecuario\",\"publisher\":{\"@id\":\"https:\/\/www.mundoagropecuario.cl\/new\/#organization\"},\"potentialAction\":[{\"@type\":\"SearchAction\",\"target\":{\"@type\":\"EntryPoint\",\"urlTemplate\":\"https:\/\/www.mundoagropecuario.cl\/new\/?s={search_term_string}\"},\"query-input\":{\"@type\":\"PropertyValueSpecification\",\"valueRequired\":true,\"valueName\":\"search_term_string\"}}],\"inLanguage\":\"es\"},{\"@type\":\"Organization\",\"@id\":\"https:\/\/www.mundoagropecuario.cl\/new\/#organization\",\"name\":\"Revista de Agricultura\",\"url\":\"https:\/\/www.mundoagropecuario.cl\/new\/\",\"logo\":{\"@type\":\"ImageObject\",\"inLanguage\":\"es\",\"@id\":\"https:\/\/www.mundoagropecuario.cl\/new\/#\/schema\/logo\/image\/\",\"url\":\"https:\/\/www.mundoagropecuario.cl\/new\/wp-content\/uploads\/2020\/11\/PORTAL-1-1.png\",\"contentUrl\":\"https:\/\/www.mundoagropecuario.cl\/new\/wp-content\/uploads\/2020\/11\/PORTAL-1-1.png\",\"width\":1026,\"height\":100,\"caption\":\"Revista de Agricultura\"},\"image\":{\"@id\":\"https:\/\/www.mundoagropecuario.cl\/new\/#\/schema\/logo\/image\/\"},\"sameAs\":[\"https:\/\/www.facebook.com\/mundo.agropecuario.3\",\"https:\/\/x.com\/MundoAgropecuar\",\"https:\/\/www.linkedin.com\/in\/mundo-agropecuario-934009201\/\"]},{\"@type\":\"Person\",\"@id\":\"https:\/\/www.mundoagropecuario.cl\/new\/#\/schema\/person\/0c221050801c74e45256a7a9a1ff0803\",\"name\":\"periodista\",\"url\":\"https:\/\/www.mundoagropecuario.cl\/new\/author\/periodista\/\"}]}<\/script>\n<!-- \/ Yoast SEO plugin. -->","yoast_head_json":{"title":"Profesionales del SAG se capacitan sobre morfolog\u00eda de cereales en INIA Carillanca - Mundoagropecuario","robots":{"index":"index","follow":"follow","max-snippet":"max-snippet:-1","max-image-preview":"max-image-preview:large","max-video-preview":"max-video-preview:-1"},"canonical":"https:\/\/www.mundoagropecuario.cl\/new\/profesionales-del-sag-se-capacitan-sobre-morfologia-de-cereales-en-inia-carillanca\/","og_locale":"es_ES","og_type":"article","og_title":"Profesionales del SAG se capacitan sobre morfolog\u00eda de cereales en INIA Carillanca - Mundoagropecuario","og_description":"Objetivo del curso es estudiar los descriptores morfol\u00f3gicos oficiales de la UPOV utilizados en el examen de Distinci\u00f3n, Uniformidad y Estabilidad (DUS) de las nuevas variedades de cereales (Mundo Agropecuario)....","og_url":"https:\/\/www.mundoagropecuario.cl\/new\/profesionales-del-sag-se-capacitan-sobre-morfologia-de-cereales-en-inia-carillanca\/","og_site_name":"Mundoagropecuario","article_publisher":"https:\/\/www.facebook.com\/mundo.agropecuario.3","article_published_time":"2018-11-28T03:33:00+00:00","og_image":[{"width":1024,"height":680,"url":"https:\/\/www.mundoagropecuario.cl\/new\/wp-content\/uploads\/2018\/11\/inia-carillanca-sag.jpg","type":"image\/jpeg"}],"author":"periodista","twitter_card":"summary_large_image","twitter_creator":"@MundoAgropecuar","twitter_site":"@MundoAgropecuar","twitter_misc":{"Escrito por":"periodista","Tiempo de lectura":"2 minutos"},"schema":{"@context":"https:\/\/schema.org","@graph":[{"@type":"Article","@id":"https:\/\/www.mundoagropecuario.cl\/new\/profesionales-del-sag-se-capacitan-sobre-morfologia-de-cereales-en-inia-carillanca\/#article","isPartOf":{"@id":"https:\/\/www.mundoagropecuario.cl\/new\/profesionales-del-sag-se-capacitan-sobre-morfologia-de-cereales-en-inia-carillanca\/"},"author":{"name":"periodista","@id":"https:\/\/www.mundoagropecuario.cl\/new\/#\/schema\/person\/0c221050801c74e45256a7a9a1ff0803"},"headline":"Profesionales del SAG se capacitan sobre morfolog\u00eda de cereales en INIA Carillanca","datePublished":"2018-11-28T03:33:00+00:00","mainEntityOfPage":{"@id":"https:\/\/www.mundoagropecuario.cl\/new\/profesionales-del-sag-se-capacitan-sobre-morfologia-de-cereales-en-inia-carillanca\/"},"wordCount":328,"publisher":{"@id":"https:\/\/www.mundoagropecuario.cl\/new\/#organization"},"image":{"@id":"https:\/\/www.mundoagropecuario.cl\/new\/profesionales-del-sag-se-capacitan-sobre-morfologia-de-cereales-en-inia-carillanca\/#primaryimage"},"thumbnailUrl":"https:\/\/www.mundoagropecuario.cl\/new\/wp-content\/uploads\/2018\/11\/inia-carillanca-sag.jpg","keywords":["cereales","INIA Carillanca","SAG","Trigo"],"articleSection":["Instituciones"],"inLanguage":"es"},{"@type":"WebPage","@id":"https:\/\/www.mundoagropecuario.cl\/new\/profesionales-del-sag-se-capacitan-sobre-morfologia-de-cereales-en-inia-carillanca\/","url":"https:\/\/www.mundoagropecuario.cl\/new\/profesionales-del-sag-se-capacitan-sobre-morfologia-de-cereales-en-inia-carillanca\/","name":"Profesionales del SAG se capacitan sobre morfolog\u00eda de cereales en INIA Carillanca - Mundoagropecuario","isPartOf":{"@id":"https:\/\/www.mundoagropecuario.cl\/new\/#website"},"primaryImageOfPage":{"@id":"https:\/\/www.mundoagropecuario.cl\/new\/profesionales-del-sag-se-capacitan-sobre-morfologia-de-cereales-en-inia-carillanca\/#primaryimage"},"image":{"@id":"https:\/\/www.mundoagropecuario.cl\/new\/profesionales-del-sag-se-capacitan-sobre-morfologia-de-cereales-en-inia-carillanca\/#primaryimage"},"thumbnailUrl":"https:\/\/www.mundoagropecuario.cl\/new\/wp-content\/uploads\/2018\/11\/inia-carillanca-sag.jpg","datePublished":"2018-11-28T03:33:00+00:00","breadcrumb":{"@id":"https:\/\/www.mundoagropecuario.cl\/new\/profesionales-del-sag-se-capacitan-sobre-morfologia-de-cereales-en-inia-carillanca\/#breadcrumb"},"inLanguage":"es","potentialAction":[{"@type":"ReadAction","target":["https:\/\/www.mundoagropecuario.cl\/new\/profesionales-del-sag-se-capacitan-sobre-morfologia-de-cereales-en-inia-carillanca\/"]}]},{"@type":"ImageObject","inLanguage":"es","@id":"https:\/\/www.mundoagropecuario.cl\/new\/profesionales-del-sag-se-capacitan-sobre-morfologia-de-cereales-en-inia-carillanca\/#primaryimage","url":"https:\/\/www.mundoagropecuario.cl\/new\/wp-content\/uploads\/2018\/11\/inia-carillanca-sag.jpg","contentUrl":"https:\/\/www.mundoagropecuario.cl\/new\/wp-content\/uploads\/2018\/11\/inia-carillanca-sag.jpg","width":602,"height":400},{"@type":"BreadcrumbList","@id":"https:\/\/www.mundoagropecuario.cl\/new\/profesionales-del-sag-se-capacitan-sobre-morfologia-de-cereales-en-inia-carillanca\/#breadcrumb","itemListElement":[{"@type":"ListItem","position":1,"name":"Portada","item":"https:\/\/www.mundoagropecuario.cl\/new\/"},{"@type":"ListItem","position":2,"name":"Profesionales del SAG se capacitan sobre morfolog\u00eda de cereales en INIA Carillanca"}]},{"@type":"WebSite","@id":"https:\/\/www.mundoagropecuario.cl\/new\/#website","url":"https:\/\/www.mundoagropecuario.cl\/new\/","name":"Mundoagropecuario","description":"Mundo Agropecuario","publisher":{"@id":"https:\/\/www.mundoagropecuario.cl\/new\/#organization"},"potentialAction":[{"@type":"SearchAction","target":{"@type":"EntryPoint","urlTemplate":"https:\/\/www.mundoagropecuario.cl\/new\/?s={search_term_string}"},"query-input":{"@type":"PropertyValueSpecification","valueRequired":true,"valueName":"search_term_string"}}],"inLanguage":"es"},{"@type":"Organization","@id":"https:\/\/www.mundoagropecuario.cl\/new\/#organization","name":"Revista de Agricultura","url":"https:\/\/www.mundoagropecuario.cl\/new\/","logo":{"@type":"ImageObject","inLanguage":"es","@id":"https:\/\/www.mundoagropecuario.cl\/new\/#\/schema\/logo\/image\/","url":"https:\/\/www.mundoagropecuario.cl\/new\/wp-content\/uploads\/2020\/11\/PORTAL-1-1.png","contentUrl":"https:\/\/www.mundoagropecuario.cl\/new\/wp-content\/uploads\/2020\/11\/PORTAL-1-1.png","width":1026,"height":100,"caption":"Revista de Agricultura"},"image":{"@id":"https:\/\/www.mundoagropecuario.cl\/new\/#\/schema\/logo\/image\/"},"sameAs":["https:\/\/www.facebook.com\/mundo.agropecuario.3","https:\/\/x.com\/MundoAgropecuar","https:\/\/www.linkedin.com\/in\/mundo-agropecuario-934009201\/"]},{"@type":"Person","@id":"https:\/\/www.mundoagropecuario.cl\/new\/#\/schema\/person\/0c221050801c74e45256a7a9a1ff0803","name":"periodista","url":"https:\/\/www.mundoagropecuario.cl\/new\/author\/periodista\/"}]}},"_links":{"self":[{"href":"https:\/\/www.mundoagropecuario.cl\/new\/wp-json\/wp\/v2\/posts\/9690","targetHints":{"allow":["GET"]}}],"collection":[{"href":"https:\/\/www.mundoagropecuario.cl\/new\/wp-json\/wp\/v2\/posts"}],"about":[{"href":"https:\/\/www.mundoagropecuario.cl\/new\/wp-json\/wp\/v2\/types\/post"}],"author":[{"embeddable":true,"href":"https:\/\/www.mundoagropecuario.cl\/new\/wp-json\/wp\/v2\/users\/3"}],"replies":[{"embeddable":true,"href":"https:\/\/www.mundoagropecuario.cl\/new\/wp-json\/wp\/v2\/comments?post=9690"}],"version-history":[{"count":1,"href":"https:\/\/www.mundoagropecuario.cl\/new\/wp-json\/wp\/v2\/posts\/9690\/revisions"}],"predecessor-version":[{"id":9692,"href":"https:\/\/www.mundoagropecuario.cl\/new\/wp-json\/wp\/v2\/posts\/9690\/revisions\/9692"}],"wp:featuredmedia":[{"embeddable":true,"href":"https:\/\/www.mundoagropecuario.cl\/new\/wp-json\/wp\/v2\/media\/9691"}],"wp:attachment":[{"href":"https:\/\/www.mundoagropecuario.cl\/new\/wp-json\/wp\/v2\/media?parent=9690"}],"wp:term":[{"taxonomy":"category","embeddable":true,"href":"https:\/\/www.mundoagropecuario.cl\/new\/wp-json\/wp\/v2\/categories?post=9690"},{"taxonomy":"post_tag","embeddable":true,"href":"https:\/\/www.mundoagropecuario.cl\/new\/wp-json\/wp\/v2\/tags?post=9690"}],"curies":[{"name":"wp","href":"https:\/\/api.w.org\/{rel}","templated":true}]}}