{"id":9628,"date":"2018-11-23T01:04:43","date_gmt":"2018-11-23T04:04:43","guid":{"rendered":"http:\/\/www.mundoagropecuario.cl\/new\/?p=9628"},"modified":"2018-11-26T10:07:30","modified_gmt":"2018-11-26T13:07:30","slug":"operativo-del-sag-en-puerto-montt-culmina-con-mas-de-4-mil-kilos-de-papas-retenidas","status":"publish","type":"post","link":"https:\/\/www.mundoagropecuario.cl\/new\/operativo-del-sag-en-puerto-montt-culmina-con-mas-de-4-mil-kilos-de-papas-retenidas\/","title":{"rendered":"Operativo del SAG en Puerto Montt culmina con m\u00e1s de 4 mil kilos de papas retenidas"},"content":{"rendered":"<blockquote><p><em>Instituci\u00f3n cuenta con un Programa Nacional de Sanidad de la Papa y en ese contexto se realizan fiscalizaciones permanentes al cultivo, comercio y transporte de este tub\u00e9rculo (Mundo Agropecuario).<\/em><\/p><\/blockquote>\n<p>Durante la madrugada de este jueves el Servicio Agr\u00edcola y Ganadero, SAG, regi\u00f3n de Los Lagos, realiz\u00f3 un operativo de fiscalizaci\u00f3n al transporte y comercio de papas en la comuna de Puerto Montt.<\/p>\n<p>Producto de la fiscalizaci\u00f3n, la entidad del agro levant\u00f3 3 procesos sancionatorios por no acreditar el origen de productos reglamentados hacia el \u00c1rea Libre de Plagas Cuarentenarias de la Papa. \u201cFueron retenidos 4 mil kilos de papas, los que equivalen a 158 sacos, carga que no contaba con documentaci\u00f3n que permitiera verificar el origen del producto\u201d, dijo Eduardo Monreal, Director Regional del SAG.<\/p>\n<p>\u201cTodas las papas que se transportan al sur del pa\u00eds est\u00e1n sujetas a ser fiscalizadas por el Servicio y deben venir acompa\u00f1adas de una gu\u00eda o factura, que acredite el origen de las papas. Existe el riesgo de que plagas cuarentenarias como el carb\u00f3n de la papa, la marchitez bacteriana y nematodos ingresen a la zona si agricultores, transportistas y comerciantes no respetan la normativa sanitaria vigente que proh\u00edbe ingresar a la regi\u00f3n papas, suelo y otros materiales no autorizados provenientes del \u00c1rea Contaminada por estas plagas que comprende desde el norte de la provincia de Arauco, en la regi\u00f3n del Biob\u00edo, hasta la regi\u00f3n de Arica y Parinacota\u201d, explic\u00f3 Monreal.<\/p>\n<p>\u201cQuienes no cuenten con la citada documentaci\u00f3n arriesgan multas y se exponen a la retenci\u00f3n del producto\u201d, precis\u00f3 el Director Regional del SAG, quien adem\u00e1s, agradeci\u00f3 el apoyo de personal de Carabineros de Chile durante el operativo que se extendi\u00f3 por 5 horas, desde las 3 de la madrugada hasta las 8 de la ma\u00f1ana. En la ocasi\u00f3n, tambi\u00e9n se retuvo 8 plantas de palmeras que ven\u00edan en macetas con suelo porque la misma normativa proh\u00edbe el ingreso de suelo, plantas con suelo, sacos usados, maquinaria y otros elementos que porten sustrato de suelo adherido, dado que son vectores de plagas que afectan al cultivo de la papa.<\/p>\n<p><strong>Acciones de Protecci\u00f3n<\/strong><\/p>\n<p>El incremento en las fiscalizaciones al comercio y al transporte de papas en \u00e9poca estival, es una de las medidas adoptadas por el SAG para proteger la situaci\u00f3n sanitaria de la zona.<\/p>\n<p>Eduardo Monreal expres\u00f3 que todos los a\u00f1os, en esta \u00e9poca, se incrementan las denuncias que recibimos de parte de agricultores y de comerciantes de la zona que alertan sobre la venta informal e ilegal de papas, a veces con documentaci\u00f3n adulterada, y que vienen de la zona contaminada, poniendo en riesgo la condici\u00f3n sanitaria de la regi\u00f3n.<\/p>\n<p>El SAG cuenta con un Programa Nacional de Sanidad de la Papa y en ese contexto se realizan fiscalizaciones permanentes al cultivo, comercio y transporte de este tub\u00e9rculo. Asimismo, la regi\u00f3n de Los Lagos es uno de los centros productivos m\u00e1s importantes de papa para consumo y para semilla en Chile, por ello es fundamental mantener el estatus sanitario que posee y que va en directo beneficio de quienes producen papa ya sea con fines comerciales o de autoconsumo.<\/p>\n<p><strong>Situaci\u00f3n sanitaria en la regi\u00f3n<\/strong><\/p>\n<p>Luego de la detecci\u00f3n de Marchitez bacteriana (<em>Ralstonia solanacearum<\/em>) en la regi\u00f3n de Los R\u00edos el a\u00f1o 2017 y la aparici\u00f3n de nuevos focos en el a\u00f1o 2018, el SAG trabaja intensificando la vigilancia y la fiscalizaci\u00f3n en los cultivos de papas.<\/p>\n<p>Actualmente, en la regi\u00f3n de Los R\u00edos hay 11 focos de marchitez bacteriana, que abarcan una superficie de 235 hect\u00e1reas, y est\u00e1n ubicados en las comunas de La Uni\u00f3n, Paillaco, R\u00edo Bueno, San Jos\u00e9 de la Mariquina y Lanco.<\/p>\n<p>Por su parte, la regi\u00f3n de Los Lagos se mantiene con detecci\u00f3n de Nematodo dorado y Palida (<em>G. rostochiensis<\/em> y <em>G.pallida<\/em>) existiendo 47 focos que abarcan una superficie total de 25 hect\u00e1reas en las comunas de Llanquihue, Puerto Varas, Frutillar, Castro y Chonchi. Todos estos predios se encuentran cuarentenados y el material ha sido destruido.<\/p>\n<p>En la regi\u00f3n de Los Lagos, se programan anualmente 4100 prospecciones para todas las plagas cuarentenarias, de las cuales aproximadamente 1.400 son para <em>R. solanacearum<\/em>, cuyas muestras se toman durante el cultivo y en bodegas y son analizadas en el laboratorio regional del SAG de Osorno. Otras acciones que se est\u00e1n realizando en la regi\u00f3n se relacionan con la difusi\u00f3n sobre la situaci\u00f3n de las plagas de la papa y el cumplimiento de la normativa, participando en reuniones, capacitaciones, as\u00ed como activamente en la Mesa de la Papa que preside el Seremi de Agricultura.<\/p>\n<p>&nbsp;<\/p>\n<p>&nbsp;<\/p>\n","protected":false},"excerpt":{"rendered":"<p>Instituci\u00f3n cuenta con un Programa Nacional de Sanidad de la Papa y en ese contexto se realizan fiscalizaciones permanentes al cultivo, comercio y transporte de este tub\u00e9rculo (Mundo Agropecuario). Durante&#8230;<\/p>\n","protected":false},"author":3,"featured_media":9629,"comment_status":"closed","ping_status":"closed","sticky":false,"template":"","format":"standard","meta":{"footnotes":""},"categories":[1945],"tags":[2924,2925,2234,2036],"class_list":["post-9628","post","type-post","status-publish","format-standard","has-post-thumbnail","hentry","category-agricultura","tag-cuarentena","tag-palmeras","tag-papa","tag-sag"],"yoast_head":"<!-- This site is optimized with the Yoast SEO plugin v26.6 - https:\/\/yoast.com\/wordpress\/plugins\/seo\/ -->\n<title>Operativo del SAG en Puerto Montt culmina con m\u00e1s de 4 mil kilos de papas retenidas - Mundoagropecuario<\/title>\n<meta name=\"robots\" content=\"index, follow, max-snippet:-1, max-image-preview:large, max-video-preview:-1\" \/>\n<link rel=\"canonical\" href=\"https:\/\/www.mundoagropecuario.cl\/new\/operativo-del-sag-en-puerto-montt-culmina-con-mas-de-4-mil-kilos-de-papas-retenidas\/\" \/>\n<meta property=\"og:locale\" content=\"es_ES\" \/>\n<meta property=\"og:type\" content=\"article\" \/>\n<meta property=\"og:title\" content=\"Operativo del SAG en Puerto Montt culmina con m\u00e1s de 4 mil kilos de papas retenidas - Mundoagropecuario\" \/>\n<meta property=\"og:description\" content=\"Instituci\u00f3n cuenta con un Programa Nacional de Sanidad de la Papa y en ese contexto se realizan fiscalizaciones permanentes al cultivo, comercio y transporte de este tub\u00e9rculo (Mundo Agropecuario). Durante...\" \/>\n<meta property=\"og:url\" content=\"https:\/\/www.mundoagropecuario.cl\/new\/operativo-del-sag-en-puerto-montt-culmina-con-mas-de-4-mil-kilos-de-papas-retenidas\/\" \/>\n<meta property=\"og:site_name\" content=\"Mundoagropecuario\" \/>\n<meta property=\"article:publisher\" content=\"https:\/\/www.facebook.com\/mundo.agropecuario.3\" \/>\n<meta property=\"article:published_time\" content=\"2018-11-23T04:04:43+00:00\" \/>\n<meta property=\"article:modified_time\" content=\"2018-11-26T13:07:30+00:00\" \/>\n<meta property=\"og:image\" content=\"https:\/\/www.mundoagropecuario.cl\/new\/wp-content\/uploads\/2018\/11\/palmeras-y-papas-retenidas.jpg\" \/>\n\t<meta property=\"og:image:width\" content=\"968\" \/>\n\t<meta property=\"og:image:height\" content=\"545\" \/>\n\t<meta property=\"og:image:type\" content=\"image\/jpeg\" \/>\n<meta name=\"author\" content=\"periodista\" \/>\n<meta name=\"twitter:card\" content=\"summary_large_image\" \/>\n<meta name=\"twitter:creator\" content=\"@MundoAgropecuar\" \/>\n<meta name=\"twitter:site\" content=\"@MundoAgropecuar\" \/>\n<meta name=\"twitter:label1\" content=\"Escrito por\" \/>\n\t<meta name=\"twitter:data1\" content=\"periodista\" \/>\n\t<meta name=\"twitter:label2\" content=\"Tiempo de lectura\" \/>\n\t<meta name=\"twitter:data2\" content=\"4 minutos\" \/>\n<script type=\"application\/ld+json\" class=\"yoast-schema-graph\">{\"@context\":\"https:\/\/schema.org\",\"@graph\":[{\"@type\":\"Article\",\"@id\":\"https:\/\/www.mundoagropecuario.cl\/new\/operativo-del-sag-en-puerto-montt-culmina-con-mas-de-4-mil-kilos-de-papas-retenidas\/#article\",\"isPartOf\":{\"@id\":\"https:\/\/www.mundoagropecuario.cl\/new\/operativo-del-sag-en-puerto-montt-culmina-con-mas-de-4-mil-kilos-de-papas-retenidas\/\"},\"author\":{\"name\":\"periodista\",\"@id\":\"https:\/\/www.mundoagropecuario.cl\/new\/#\/schema\/person\/0c221050801c74e45256a7a9a1ff0803\"},\"headline\":\"Operativo del SAG en Puerto Montt culmina con m\u00e1s de 4 mil kilos de papas retenidas\",\"datePublished\":\"2018-11-23T04:04:43+00:00\",\"dateModified\":\"2018-11-26T13:07:30+00:00\",\"mainEntityOfPage\":{\"@id\":\"https:\/\/www.mundoagropecuario.cl\/new\/operativo-del-sag-en-puerto-montt-culmina-con-mas-de-4-mil-kilos-de-papas-retenidas\/\"},\"wordCount\":811,\"publisher\":{\"@id\":\"https:\/\/www.mundoagropecuario.cl\/new\/#organization\"},\"image\":{\"@id\":\"https:\/\/www.mundoagropecuario.cl\/new\/operativo-del-sag-en-puerto-montt-culmina-con-mas-de-4-mil-kilos-de-papas-retenidas\/#primaryimage\"},\"thumbnailUrl\":\"https:\/\/www.mundoagropecuario.cl\/new\/wp-content\/uploads\/2018\/11\/palmeras-y-papas-retenidas.jpg\",\"keywords\":[\"cuarentena\",\"palmeras\",\"Papa\",\"SAG\"],\"articleSection\":[\"Agricultura\"],\"inLanguage\":\"es\"},{\"@type\":\"WebPage\",\"@id\":\"https:\/\/www.mundoagropecuario.cl\/new\/operativo-del-sag-en-puerto-montt-culmina-con-mas-de-4-mil-kilos-de-papas-retenidas\/\",\"url\":\"https:\/\/www.mundoagropecuario.cl\/new\/operativo-del-sag-en-puerto-montt-culmina-con-mas-de-4-mil-kilos-de-papas-retenidas\/\",\"name\":\"Operativo del SAG en Puerto Montt culmina con m\u00e1s de 4 mil kilos de papas retenidas - Mundoagropecuario\",\"isPartOf\":{\"@id\":\"https:\/\/www.mundoagropecuario.cl\/new\/#website\"},\"primaryImageOfPage\":{\"@id\":\"https:\/\/www.mundoagropecuario.cl\/new\/operativo-del-sag-en-puerto-montt-culmina-con-mas-de-4-mil-kilos-de-papas-retenidas\/#primaryimage\"},\"image\":{\"@id\":\"https:\/\/www.mundoagropecuario.cl\/new\/operativo-del-sag-en-puerto-montt-culmina-con-mas-de-4-mil-kilos-de-papas-retenidas\/#primaryimage\"},\"thumbnailUrl\":\"https:\/\/www.mundoagropecuario.cl\/new\/wp-content\/uploads\/2018\/11\/palmeras-y-papas-retenidas.jpg\",\"datePublished\":\"2018-11-23T04:04:43+00:00\",\"dateModified\":\"2018-11-26T13:07:30+00:00\",\"breadcrumb\":{\"@id\":\"https:\/\/www.mundoagropecuario.cl\/new\/operativo-del-sag-en-puerto-montt-culmina-con-mas-de-4-mil-kilos-de-papas-retenidas\/#breadcrumb\"},\"inLanguage\":\"es\",\"potentialAction\":[{\"@type\":\"ReadAction\",\"target\":[\"https:\/\/www.mundoagropecuario.cl\/new\/operativo-del-sag-en-puerto-montt-culmina-con-mas-de-4-mil-kilos-de-papas-retenidas\/\"]}]},{\"@type\":\"ImageObject\",\"inLanguage\":\"es\",\"@id\":\"https:\/\/www.mundoagropecuario.cl\/new\/operativo-del-sag-en-puerto-montt-culmina-con-mas-de-4-mil-kilos-de-papas-retenidas\/#primaryimage\",\"url\":\"https:\/\/www.mundoagropecuario.cl\/new\/wp-content\/uploads\/2018\/11\/palmeras-y-papas-retenidas.jpg\",\"contentUrl\":\"https:\/\/www.mundoagropecuario.cl\/new\/wp-content\/uploads\/2018\/11\/palmeras-y-papas-retenidas.jpg\",\"width\":710,\"height\":400},{\"@type\":\"BreadcrumbList\",\"@id\":\"https:\/\/www.mundoagropecuario.cl\/new\/operativo-del-sag-en-puerto-montt-culmina-con-mas-de-4-mil-kilos-de-papas-retenidas\/#breadcrumb\",\"itemListElement\":[{\"@type\":\"ListItem\",\"position\":1,\"name\":\"Portada\",\"item\":\"https:\/\/www.mundoagropecuario.cl\/new\/\"},{\"@type\":\"ListItem\",\"position\":2,\"name\":\"Operativo del SAG en Puerto Montt culmina con m\u00e1s de 4 mil kilos de papas retenidas\"}]},{\"@type\":\"WebSite\",\"@id\":\"https:\/\/www.mundoagropecuario.cl\/new\/#website\",\"url\":\"https:\/\/www.mundoagropecuario.cl\/new\/\",\"name\":\"Mundoagropecuario\",\"description\":\"Mundo Agropecuario\",\"publisher\":{\"@id\":\"https:\/\/www.mundoagropecuario.cl\/new\/#organization\"},\"potentialAction\":[{\"@type\":\"SearchAction\",\"target\":{\"@type\":\"EntryPoint\",\"urlTemplate\":\"https:\/\/www.mundoagropecuario.cl\/new\/?s={search_term_string}\"},\"query-input\":{\"@type\":\"PropertyValueSpecification\",\"valueRequired\":true,\"valueName\":\"search_term_string\"}}],\"inLanguage\":\"es\"},{\"@type\":\"Organization\",\"@id\":\"https:\/\/www.mundoagropecuario.cl\/new\/#organization\",\"name\":\"Revista de Agricultura\",\"url\":\"https:\/\/www.mundoagropecuario.cl\/new\/\",\"logo\":{\"@type\":\"ImageObject\",\"inLanguage\":\"es\",\"@id\":\"https:\/\/www.mundoagropecuario.cl\/new\/#\/schema\/logo\/image\/\",\"url\":\"https:\/\/www.mundoagropecuario.cl\/new\/wp-content\/uploads\/2020\/11\/PORTAL-1-1.png\",\"contentUrl\":\"https:\/\/www.mundoagropecuario.cl\/new\/wp-content\/uploads\/2020\/11\/PORTAL-1-1.png\",\"width\":1026,\"height\":100,\"caption\":\"Revista de Agricultura\"},\"image\":{\"@id\":\"https:\/\/www.mundoagropecuario.cl\/new\/#\/schema\/logo\/image\/\"},\"sameAs\":[\"https:\/\/www.facebook.com\/mundo.agropecuario.3\",\"https:\/\/x.com\/MundoAgropecuar\",\"https:\/\/www.linkedin.com\/in\/mundo-agropecuario-934009201\/\"]},{\"@type\":\"Person\",\"@id\":\"https:\/\/www.mundoagropecuario.cl\/new\/#\/schema\/person\/0c221050801c74e45256a7a9a1ff0803\",\"name\":\"periodista\",\"url\":\"https:\/\/www.mundoagropecuario.cl\/new\/author\/periodista\/\"}]}<\/script>\n<!-- \/ Yoast SEO plugin. -->","yoast_head_json":{"title":"Operativo del SAG en Puerto Montt culmina con m\u00e1s de 4 mil kilos de papas retenidas - Mundoagropecuario","robots":{"index":"index","follow":"follow","max-snippet":"max-snippet:-1","max-image-preview":"max-image-preview:large","max-video-preview":"max-video-preview:-1"},"canonical":"https:\/\/www.mundoagropecuario.cl\/new\/operativo-del-sag-en-puerto-montt-culmina-con-mas-de-4-mil-kilos-de-papas-retenidas\/","og_locale":"es_ES","og_type":"article","og_title":"Operativo del SAG en Puerto Montt culmina con m\u00e1s de 4 mil kilos de papas retenidas - Mundoagropecuario","og_description":"Instituci\u00f3n cuenta con un Programa Nacional de Sanidad de la Papa y en ese contexto se realizan fiscalizaciones permanentes al cultivo, comercio y transporte de este tub\u00e9rculo (Mundo Agropecuario). Durante...","og_url":"https:\/\/www.mundoagropecuario.cl\/new\/operativo-del-sag-en-puerto-montt-culmina-con-mas-de-4-mil-kilos-de-papas-retenidas\/","og_site_name":"Mundoagropecuario","article_publisher":"https:\/\/www.facebook.com\/mundo.agropecuario.3","article_published_time":"2018-11-23T04:04:43+00:00","article_modified_time":"2018-11-26T13:07:30+00:00","og_image":[{"width":968,"height":545,"url":"https:\/\/www.mundoagropecuario.cl\/new\/wp-content\/uploads\/2018\/11\/palmeras-y-papas-retenidas.jpg","type":"image\/jpeg"}],"author":"periodista","twitter_card":"summary_large_image","twitter_creator":"@MundoAgropecuar","twitter_site":"@MundoAgropecuar","twitter_misc":{"Escrito por":"periodista","Tiempo de lectura":"4 minutos"},"schema":{"@context":"https:\/\/schema.org","@graph":[{"@type":"Article","@id":"https:\/\/www.mundoagropecuario.cl\/new\/operativo-del-sag-en-puerto-montt-culmina-con-mas-de-4-mil-kilos-de-papas-retenidas\/#article","isPartOf":{"@id":"https:\/\/www.mundoagropecuario.cl\/new\/operativo-del-sag-en-puerto-montt-culmina-con-mas-de-4-mil-kilos-de-papas-retenidas\/"},"author":{"name":"periodista","@id":"https:\/\/www.mundoagropecuario.cl\/new\/#\/schema\/person\/0c221050801c74e45256a7a9a1ff0803"},"headline":"Operativo del SAG en Puerto Montt culmina con m\u00e1s de 4 mil kilos de papas retenidas","datePublished":"2018-11-23T04:04:43+00:00","dateModified":"2018-11-26T13:07:30+00:00","mainEntityOfPage":{"@id":"https:\/\/www.mundoagropecuario.cl\/new\/operativo-del-sag-en-puerto-montt-culmina-con-mas-de-4-mil-kilos-de-papas-retenidas\/"},"wordCount":811,"publisher":{"@id":"https:\/\/www.mundoagropecuario.cl\/new\/#organization"},"image":{"@id":"https:\/\/www.mundoagropecuario.cl\/new\/operativo-del-sag-en-puerto-montt-culmina-con-mas-de-4-mil-kilos-de-papas-retenidas\/#primaryimage"},"thumbnailUrl":"https:\/\/www.mundoagropecuario.cl\/new\/wp-content\/uploads\/2018\/11\/palmeras-y-papas-retenidas.jpg","keywords":["cuarentena","palmeras","Papa","SAG"],"articleSection":["Agricultura"],"inLanguage":"es"},{"@type":"WebPage","@id":"https:\/\/www.mundoagropecuario.cl\/new\/operativo-del-sag-en-puerto-montt-culmina-con-mas-de-4-mil-kilos-de-papas-retenidas\/","url":"https:\/\/www.mundoagropecuario.cl\/new\/operativo-del-sag-en-puerto-montt-culmina-con-mas-de-4-mil-kilos-de-papas-retenidas\/","name":"Operativo del SAG en Puerto Montt culmina con m\u00e1s de 4 mil kilos de papas retenidas - Mundoagropecuario","isPartOf":{"@id":"https:\/\/www.mundoagropecuario.cl\/new\/#website"},"primaryImageOfPage":{"@id":"https:\/\/www.mundoagropecuario.cl\/new\/operativo-del-sag-en-puerto-montt-culmina-con-mas-de-4-mil-kilos-de-papas-retenidas\/#primaryimage"},"image":{"@id":"https:\/\/www.mundoagropecuario.cl\/new\/operativo-del-sag-en-puerto-montt-culmina-con-mas-de-4-mil-kilos-de-papas-retenidas\/#primaryimage"},"thumbnailUrl":"https:\/\/www.mundoagropecuario.cl\/new\/wp-content\/uploads\/2018\/11\/palmeras-y-papas-retenidas.jpg","datePublished":"2018-11-23T04:04:43+00:00","dateModified":"2018-11-26T13:07:30+00:00","breadcrumb":{"@id":"https:\/\/www.mundoagropecuario.cl\/new\/operativo-del-sag-en-puerto-montt-culmina-con-mas-de-4-mil-kilos-de-papas-retenidas\/#breadcrumb"},"inLanguage":"es","potentialAction":[{"@type":"ReadAction","target":["https:\/\/www.mundoagropecuario.cl\/new\/operativo-del-sag-en-puerto-montt-culmina-con-mas-de-4-mil-kilos-de-papas-retenidas\/"]}]},{"@type":"ImageObject","inLanguage":"es","@id":"https:\/\/www.mundoagropecuario.cl\/new\/operativo-del-sag-en-puerto-montt-culmina-con-mas-de-4-mil-kilos-de-papas-retenidas\/#primaryimage","url":"https:\/\/www.mundoagropecuario.cl\/new\/wp-content\/uploads\/2018\/11\/palmeras-y-papas-retenidas.jpg","contentUrl":"https:\/\/www.mundoagropecuario.cl\/new\/wp-content\/uploads\/2018\/11\/palmeras-y-papas-retenidas.jpg","width":710,"height":400},{"@type":"BreadcrumbList","@id":"https:\/\/www.mundoagropecuario.cl\/new\/operativo-del-sag-en-puerto-montt-culmina-con-mas-de-4-mil-kilos-de-papas-retenidas\/#breadcrumb","itemListElement":[{"@type":"ListItem","position":1,"name":"Portada","item":"https:\/\/www.mundoagropecuario.cl\/new\/"},{"@type":"ListItem","position":2,"name":"Operativo del SAG en Puerto Montt culmina con m\u00e1s de 4 mil kilos de papas retenidas"}]},{"@type":"WebSite","@id":"https:\/\/www.mundoagropecuario.cl\/new\/#website","url":"https:\/\/www.mundoagropecuario.cl\/new\/","name":"Mundoagropecuario","description":"Mundo Agropecuario","publisher":{"@id":"https:\/\/www.mundoagropecuario.cl\/new\/#organization"},"potentialAction":[{"@type":"SearchAction","target":{"@type":"EntryPoint","urlTemplate":"https:\/\/www.mundoagropecuario.cl\/new\/?s={search_term_string}"},"query-input":{"@type":"PropertyValueSpecification","valueRequired":true,"valueName":"search_term_string"}}],"inLanguage":"es"},{"@type":"Organization","@id":"https:\/\/www.mundoagropecuario.cl\/new\/#organization","name":"Revista de Agricultura","url":"https:\/\/www.mundoagropecuario.cl\/new\/","logo":{"@type":"ImageObject","inLanguage":"es","@id":"https:\/\/www.mundoagropecuario.cl\/new\/#\/schema\/logo\/image\/","url":"https:\/\/www.mundoagropecuario.cl\/new\/wp-content\/uploads\/2020\/11\/PORTAL-1-1.png","contentUrl":"https:\/\/www.mundoagropecuario.cl\/new\/wp-content\/uploads\/2020\/11\/PORTAL-1-1.png","width":1026,"height":100,"caption":"Revista de Agricultura"},"image":{"@id":"https:\/\/www.mundoagropecuario.cl\/new\/#\/schema\/logo\/image\/"},"sameAs":["https:\/\/www.facebook.com\/mundo.agropecuario.3","https:\/\/x.com\/MundoAgropecuar","https:\/\/www.linkedin.com\/in\/mundo-agropecuario-934009201\/"]},{"@type":"Person","@id":"https:\/\/www.mundoagropecuario.cl\/new\/#\/schema\/person\/0c221050801c74e45256a7a9a1ff0803","name":"periodista","url":"https:\/\/www.mundoagropecuario.cl\/new\/author\/periodista\/"}]}},"_links":{"self":[{"href":"https:\/\/www.mundoagropecuario.cl\/new\/wp-json\/wp\/v2\/posts\/9628","targetHints":{"allow":["GET"]}}],"collection":[{"href":"https:\/\/www.mundoagropecuario.cl\/new\/wp-json\/wp\/v2\/posts"}],"about":[{"href":"https:\/\/www.mundoagropecuario.cl\/new\/wp-json\/wp\/v2\/types\/post"}],"author":[{"embeddable":true,"href":"https:\/\/www.mundoagropecuario.cl\/new\/wp-json\/wp\/v2\/users\/3"}],"replies":[{"embeddable":true,"href":"https:\/\/www.mundoagropecuario.cl\/new\/wp-json\/wp\/v2\/comments?post=9628"}],"version-history":[{"count":1,"href":"https:\/\/www.mundoagropecuario.cl\/new\/wp-json\/wp\/v2\/posts\/9628\/revisions"}],"predecessor-version":[{"id":9630,"href":"https:\/\/www.mundoagropecuario.cl\/new\/wp-json\/wp\/v2\/posts\/9628\/revisions\/9630"}],"wp:featuredmedia":[{"embeddable":true,"href":"https:\/\/www.mundoagropecuario.cl\/new\/wp-json\/wp\/v2\/media\/9629"}],"wp:attachment":[{"href":"https:\/\/www.mundoagropecuario.cl\/new\/wp-json\/wp\/v2\/media?parent=9628"}],"wp:term":[{"taxonomy":"category","embeddable":true,"href":"https:\/\/www.mundoagropecuario.cl\/new\/wp-json\/wp\/v2\/categories?post=9628"},{"taxonomy":"post_tag","embeddable":true,"href":"https:\/\/www.mundoagropecuario.cl\/new\/wp-json\/wp\/v2\/tags?post=9628"}],"curies":[{"name":"wp","href":"https:\/\/api.w.org\/{rel}","templated":true}]}}