{"id":9616,"date":"2018-11-23T01:00:36","date_gmt":"2018-11-23T04:00:36","guid":{"rendered":"http:\/\/www.mundoagropecuario.cl\/new\/?p=9616"},"modified":"2018-11-23T00:45:02","modified_gmt":"2018-11-23T03:45:02","slug":"en-la-plaza-de-armas-de-chillan-se-realiza-la-primera-expomundorural-de-la-region-de-nuble","status":"publish","type":"post","link":"https:\/\/www.mundoagropecuario.cl\/new\/en-la-plaza-de-armas-de-chillan-se-realiza-la-primera-expomundorural-de-la-region-de-nuble\/","title":{"rendered":"En la Plaza de Armas de Chill\u00e1n se realiza la primera ExpoMundoRural de la Regi\u00f3n de \u00d1uble"},"content":{"rendered":"<blockquote><p><em>Primera ExpoMundoRural del Instituto de Desarrollo Agropecuario (INDAP) en la nueva Regi\u00f3n de \u00d1uble, que contar\u00e1 con m\u00e1s de 80 emprendedores y artesanos de la zona (Mundo Agropecuario).<\/em><\/p><\/blockquote>\n<p>La explanada de la Plaza de Armas de Chill\u00e1n ser\u00e1 escenario, este viernes y s\u00e1bado, de la primera ExpoMundoRural del Instituto de Desarrollo Agropecuario (INDAP) en la nueva Regi\u00f3n de \u00d1uble, que contar\u00e1 con m\u00e1s de 80 emprendedores y artesanos de la zona, adem\u00e1s de un show art\u00edstico con las actuaciones de \u00c1ngel y Javiera Parra y su \u201cHomenaje a Violeta, El Clavel, el Ballet Chile Folk y Cantando Aprendo a Hablar.<\/p>\n<p>La feria, que ser\u00e1 animada por el popular chef Miguel \u201cSerrucho\u201d Valenzuela, del programa \u201cMucho Gusto\u201d de Mega, tiene entrada gratuita y se realizar\u00e1 de 10 a 21 horas.<\/p>\n<p>En los stands participar\u00e1n productores de las siete agencias \u00e1reas de INDAP en la regi\u00f3n -Bulnes, San Carlos, Coelemu, Quirihue, Yungay, El Carmen y Chill\u00e1n-, quienes tendr\u00e1n a la venta hortalizas, legumbres, premiados vinos de cepas patrimoniales, licores artesanales, jugos de frutas, miel y prop\u00f3leo, conservas gourmet, huevos de gallina, hongos deshidratados, hierbas medicinales, aceite de em\u00fa, artesan\u00edas en madera y lana de oveja, chupallas en paja de trigo y cosm\u00e9tica natural, entre otros productos.<\/p>\n<p>Un atractivo especial ser\u00e1 la presencia de varias vi\u00f1as que han obtenido medallas de oro y plata en el concurso internacional Catad\u2019Or Wine Awards y en Catad\u2019Or Ancestral, como Mirador del Valle, Vinos de Patio, Moscin, Valle Oculto y Don Goyo. Carlos Carrasco es el productor detr\u00e1s de esta \u00faltima empresa, que tiene menos de ocho a\u00f1os de vida, pero numerosos premios por la calidad de sus espumantes elaborados con m\u00e9todos tradicionales. \u201cYo ten\u00eda una cantina en Concepci\u00f3n, me compr\u00e9 un terreno en R\u00e1nquil, descubr\u00ed que hab\u00eda parrones y ahora produzco mis propios vinos\u201d, dijo.<\/p>\n<p>Entre los expositores tambi\u00e9n est\u00e1 Janette Venegas, hortalicera hidrop\u00f3nica de la comuna de San Carlos: \u201cEstoy muy feliz de participar de la expo, porque es una gran oportunidad para mostrar junto a mi marido el fruto de nuestro trabajo en el campo\u201d. Otra de las participantes es Mar\u00eda Sandoval, apicultora de la comuna de San Fabi\u00e1n, quien tiene muchas expectativas puestas en la feria: \u201cMe fascina lo que hago y quiero transmitir todo lo que s\u00e9 sobre las abejas a los habitantes de la ciudad, y ojal\u00e1 establecer buenos contactos comerciales\u201d, dijo.<\/p>\n<p>El objetivo de la ExpoMundoRural es acercar a los productores de la Agricultura Familiar Campesina a las ciudades para que ampl\u00eden sus canales de comercializaci\u00f3n. \u201cComo INDAP \u00d1uble nos propusimos organizar esta primera feria para dar a conocer el trabajo de nuestros agricultores y sobre todo para estimular el emprendimiento. Esperamos que sea gran ventana para que puedan generar nuevos negocios\u201d, dijo Tatiana Merino, directora (s) de la instituci\u00f3n.<\/p>\n","protected":false},"excerpt":{"rendered":"<p>Primera ExpoMundoRural del Instituto de Desarrollo Agropecuario (INDAP) en la nueva Regi\u00f3n de \u00d1uble, que contar\u00e1 con m\u00e1s de 80 emprendedores y artesanos de la zona (Mundo Agropecuario). La explanada&#8230;<\/p>\n","protected":false},"author":3,"featured_media":9617,"comment_status":"closed","ping_status":"closed","sticky":false,"template":"","format":"standard","meta":{"footnotes":""},"categories":[1987],"tags":[2074,2918,1151,2919],"class_list":["post-9616","post","type-post","status-publish","format-standard","has-post-thumbnail","hentry","category-instituciones","tag-chillan","tag-expomundorural","tag-nuble","tag-san-carlos"],"yoast_head":"<!-- This site is optimized with the Yoast SEO plugin v26.6 - https:\/\/yoast.com\/wordpress\/plugins\/seo\/ -->\n<title>En la Plaza de Armas de Chill\u00e1n se realiza la primera ExpoMundoRural de la Regi\u00f3n de \u00d1uble - Mundoagropecuario<\/title>\n<meta name=\"robots\" content=\"index, follow, max-snippet:-1, max-image-preview:large, max-video-preview:-1\" \/>\n<link rel=\"canonical\" href=\"https:\/\/www.mundoagropecuario.cl\/new\/en-la-plaza-de-armas-de-chillan-se-realiza-la-primera-expomundorural-de-la-region-de-nuble\/\" \/>\n<meta property=\"og:locale\" content=\"es_ES\" \/>\n<meta property=\"og:type\" content=\"article\" \/>\n<meta property=\"og:title\" content=\"En la Plaza de Armas de Chill\u00e1n se realiza la primera ExpoMundoRural de la Regi\u00f3n de \u00d1uble - Mundoagropecuario\" \/>\n<meta property=\"og:description\" content=\"Primera ExpoMundoRural del Instituto de Desarrollo Agropecuario (INDAP) en la nueva Regi\u00f3n de \u00d1uble, que contar\u00e1 con m\u00e1s de 80 emprendedores y artesanos de la zona (Mundo Agropecuario). La explanada...\" \/>\n<meta property=\"og:url\" content=\"https:\/\/www.mundoagropecuario.cl\/new\/en-la-plaza-de-armas-de-chillan-se-realiza-la-primera-expomundorural-de-la-region-de-nuble\/\" \/>\n<meta property=\"og:site_name\" content=\"Mundoagropecuario\" \/>\n<meta property=\"article:publisher\" content=\"https:\/\/www.facebook.com\/mundo.agropecuario.3\" \/>\n<meta property=\"article:published_time\" content=\"2018-11-23T04:00:36+00:00\" \/>\n<meta property=\"og:image\" content=\"https:\/\/www.mundoagropecuario.cl\/new\/wp-content\/uploads\/2018\/11\/EMR-Nuble-Vinos-de-Patio.jpg\" \/>\n\t<meta property=\"og:image:width\" content=\"1024\" \/>\n\t<meta property=\"og:image:height\" content=\"683\" \/>\n\t<meta property=\"og:image:type\" content=\"image\/jpeg\" \/>\n<meta name=\"author\" content=\"periodista\" \/>\n<meta name=\"twitter:card\" content=\"summary_large_image\" \/>\n<meta name=\"twitter:creator\" content=\"@MundoAgropecuar\" \/>\n<meta name=\"twitter:site\" content=\"@MundoAgropecuar\" \/>\n<meta name=\"twitter:label1\" content=\"Escrito por\" \/>\n\t<meta name=\"twitter:data1\" content=\"periodista\" \/>\n\t<meta name=\"twitter:label2\" content=\"Tiempo de lectura\" \/>\n\t<meta name=\"twitter:data2\" content=\"2 minutos\" \/>\n<script type=\"application\/ld+json\" class=\"yoast-schema-graph\">{\"@context\":\"https:\/\/schema.org\",\"@graph\":[{\"@type\":\"Article\",\"@id\":\"https:\/\/www.mundoagropecuario.cl\/new\/en-la-plaza-de-armas-de-chillan-se-realiza-la-primera-expomundorural-de-la-region-de-nuble\/#article\",\"isPartOf\":{\"@id\":\"https:\/\/www.mundoagropecuario.cl\/new\/en-la-plaza-de-armas-de-chillan-se-realiza-la-primera-expomundorural-de-la-region-de-nuble\/\"},\"author\":{\"name\":\"periodista\",\"@id\":\"https:\/\/www.mundoagropecuario.cl\/new\/#\/schema\/person\/0c221050801c74e45256a7a9a1ff0803\"},\"headline\":\"En la Plaza de Armas de Chill\u00e1n se realiza la primera ExpoMundoRural de la Regi\u00f3n de \u00d1uble\",\"datePublished\":\"2018-11-23T04:00:36+00:00\",\"mainEntityOfPage\":{\"@id\":\"https:\/\/www.mundoagropecuario.cl\/new\/en-la-plaza-de-armas-de-chillan-se-realiza-la-primera-expomundorural-de-la-region-de-nuble\/\"},\"wordCount\":507,\"publisher\":{\"@id\":\"https:\/\/www.mundoagropecuario.cl\/new\/#organization\"},\"image\":{\"@id\":\"https:\/\/www.mundoagropecuario.cl\/new\/en-la-plaza-de-armas-de-chillan-se-realiza-la-primera-expomundorural-de-la-region-de-nuble\/#primaryimage\"},\"thumbnailUrl\":\"https:\/\/www.mundoagropecuario.cl\/new\/wp-content\/uploads\/2018\/11\/EMR-Nuble-Vinos-de-Patio.jpg\",\"keywords\":[\"Chill\u00e1n\",\"ExpoMundoRural\",\"\u00d1uble\",\"San Carlos\"],\"articleSection\":[\"Instituciones\"],\"inLanguage\":\"es\"},{\"@type\":\"WebPage\",\"@id\":\"https:\/\/www.mundoagropecuario.cl\/new\/en-la-plaza-de-armas-de-chillan-se-realiza-la-primera-expomundorural-de-la-region-de-nuble\/\",\"url\":\"https:\/\/www.mundoagropecuario.cl\/new\/en-la-plaza-de-armas-de-chillan-se-realiza-la-primera-expomundorural-de-la-region-de-nuble\/\",\"name\":\"En la Plaza de Armas de Chill\u00e1n se realiza la primera ExpoMundoRural de la Regi\u00f3n de \u00d1uble - Mundoagropecuario\",\"isPartOf\":{\"@id\":\"https:\/\/www.mundoagropecuario.cl\/new\/#website\"},\"primaryImageOfPage\":{\"@id\":\"https:\/\/www.mundoagropecuario.cl\/new\/en-la-plaza-de-armas-de-chillan-se-realiza-la-primera-expomundorural-de-la-region-de-nuble\/#primaryimage\"},\"image\":{\"@id\":\"https:\/\/www.mundoagropecuario.cl\/new\/en-la-plaza-de-armas-de-chillan-se-realiza-la-primera-expomundorural-de-la-region-de-nuble\/#primaryimage\"},\"thumbnailUrl\":\"https:\/\/www.mundoagropecuario.cl\/new\/wp-content\/uploads\/2018\/11\/EMR-Nuble-Vinos-de-Patio.jpg\",\"datePublished\":\"2018-11-23T04:00:36+00:00\",\"breadcrumb\":{\"@id\":\"https:\/\/www.mundoagropecuario.cl\/new\/en-la-plaza-de-armas-de-chillan-se-realiza-la-primera-expomundorural-de-la-region-de-nuble\/#breadcrumb\"},\"inLanguage\":\"es\",\"potentialAction\":[{\"@type\":\"ReadAction\",\"target\":[\"https:\/\/www.mundoagropecuario.cl\/new\/en-la-plaza-de-armas-de-chillan-se-realiza-la-primera-expomundorural-de-la-region-de-nuble\/\"]}]},{\"@type\":\"ImageObject\",\"inLanguage\":\"es\",\"@id\":\"https:\/\/www.mundoagropecuario.cl\/new\/en-la-plaza-de-armas-de-chillan-se-realiza-la-primera-expomundorural-de-la-region-de-nuble\/#primaryimage\",\"url\":\"https:\/\/www.mundoagropecuario.cl\/new\/wp-content\/uploads\/2018\/11\/EMR-Nuble-Vinos-de-Patio.jpg\",\"contentUrl\":\"https:\/\/www.mundoagropecuario.cl\/new\/wp-content\/uploads\/2018\/11\/EMR-Nuble-Vinos-de-Patio.jpg\",\"width\":600,\"height\":400},{\"@type\":\"BreadcrumbList\",\"@id\":\"https:\/\/www.mundoagropecuario.cl\/new\/en-la-plaza-de-armas-de-chillan-se-realiza-la-primera-expomundorural-de-la-region-de-nuble\/#breadcrumb\",\"itemListElement\":[{\"@type\":\"ListItem\",\"position\":1,\"name\":\"Portada\",\"item\":\"https:\/\/www.mundoagropecuario.cl\/new\/\"},{\"@type\":\"ListItem\",\"position\":2,\"name\":\"En la Plaza de Armas de Chill\u00e1n se realiza la primera ExpoMundoRural de la Regi\u00f3n de \u00d1uble\"}]},{\"@type\":\"WebSite\",\"@id\":\"https:\/\/www.mundoagropecuario.cl\/new\/#website\",\"url\":\"https:\/\/www.mundoagropecuario.cl\/new\/\",\"name\":\"Mundoagropecuario\",\"description\":\"Mundo Agropecuario\",\"publisher\":{\"@id\":\"https:\/\/www.mundoagropecuario.cl\/new\/#organization\"},\"potentialAction\":[{\"@type\":\"SearchAction\",\"target\":{\"@type\":\"EntryPoint\",\"urlTemplate\":\"https:\/\/www.mundoagropecuario.cl\/new\/?s={search_term_string}\"},\"query-input\":{\"@type\":\"PropertyValueSpecification\",\"valueRequired\":true,\"valueName\":\"search_term_string\"}}],\"inLanguage\":\"es\"},{\"@type\":\"Organization\",\"@id\":\"https:\/\/www.mundoagropecuario.cl\/new\/#organization\",\"name\":\"Revista de Agricultura\",\"url\":\"https:\/\/www.mundoagropecuario.cl\/new\/\",\"logo\":{\"@type\":\"ImageObject\",\"inLanguage\":\"es\",\"@id\":\"https:\/\/www.mundoagropecuario.cl\/new\/#\/schema\/logo\/image\/\",\"url\":\"https:\/\/www.mundoagropecuario.cl\/new\/wp-content\/uploads\/2020\/11\/PORTAL-1-1.png\",\"contentUrl\":\"https:\/\/www.mundoagropecuario.cl\/new\/wp-content\/uploads\/2020\/11\/PORTAL-1-1.png\",\"width\":1026,\"height\":100,\"caption\":\"Revista de Agricultura\"},\"image\":{\"@id\":\"https:\/\/www.mundoagropecuario.cl\/new\/#\/schema\/logo\/image\/\"},\"sameAs\":[\"https:\/\/www.facebook.com\/mundo.agropecuario.3\",\"https:\/\/x.com\/MundoAgropecuar\",\"https:\/\/www.linkedin.com\/in\/mundo-agropecuario-934009201\/\"]},{\"@type\":\"Person\",\"@id\":\"https:\/\/www.mundoagropecuario.cl\/new\/#\/schema\/person\/0c221050801c74e45256a7a9a1ff0803\",\"name\":\"periodista\",\"url\":\"https:\/\/www.mundoagropecuario.cl\/new\/author\/periodista\/\"}]}<\/script>\n<!-- \/ Yoast SEO plugin. -->","yoast_head_json":{"title":"En la Plaza de Armas de Chill\u00e1n se realiza la primera ExpoMundoRural de la Regi\u00f3n de \u00d1uble - Mundoagropecuario","robots":{"index":"index","follow":"follow","max-snippet":"max-snippet:-1","max-image-preview":"max-image-preview:large","max-video-preview":"max-video-preview:-1"},"canonical":"https:\/\/www.mundoagropecuario.cl\/new\/en-la-plaza-de-armas-de-chillan-se-realiza-la-primera-expomundorural-de-la-region-de-nuble\/","og_locale":"es_ES","og_type":"article","og_title":"En la Plaza de Armas de Chill\u00e1n se realiza la primera ExpoMundoRural de la Regi\u00f3n de \u00d1uble - Mundoagropecuario","og_description":"Primera ExpoMundoRural del Instituto de Desarrollo Agropecuario (INDAP) en la nueva Regi\u00f3n de \u00d1uble, que contar\u00e1 con m\u00e1s de 80 emprendedores y artesanos de la zona (Mundo Agropecuario). La explanada...","og_url":"https:\/\/www.mundoagropecuario.cl\/new\/en-la-plaza-de-armas-de-chillan-se-realiza-la-primera-expomundorural-de-la-region-de-nuble\/","og_site_name":"Mundoagropecuario","article_publisher":"https:\/\/www.facebook.com\/mundo.agropecuario.3","article_published_time":"2018-11-23T04:00:36+00:00","og_image":[{"width":1024,"height":683,"url":"https:\/\/www.mundoagropecuario.cl\/new\/wp-content\/uploads\/2018\/11\/EMR-Nuble-Vinos-de-Patio.jpg","type":"image\/jpeg"}],"author":"periodista","twitter_card":"summary_large_image","twitter_creator":"@MundoAgropecuar","twitter_site":"@MundoAgropecuar","twitter_misc":{"Escrito por":"periodista","Tiempo de lectura":"2 minutos"},"schema":{"@context":"https:\/\/schema.org","@graph":[{"@type":"Article","@id":"https:\/\/www.mundoagropecuario.cl\/new\/en-la-plaza-de-armas-de-chillan-se-realiza-la-primera-expomundorural-de-la-region-de-nuble\/#article","isPartOf":{"@id":"https:\/\/www.mundoagropecuario.cl\/new\/en-la-plaza-de-armas-de-chillan-se-realiza-la-primera-expomundorural-de-la-region-de-nuble\/"},"author":{"name":"periodista","@id":"https:\/\/www.mundoagropecuario.cl\/new\/#\/schema\/person\/0c221050801c74e45256a7a9a1ff0803"},"headline":"En la Plaza de Armas de Chill\u00e1n se realiza la primera ExpoMundoRural de la Regi\u00f3n de \u00d1uble","datePublished":"2018-11-23T04:00:36+00:00","mainEntityOfPage":{"@id":"https:\/\/www.mundoagropecuario.cl\/new\/en-la-plaza-de-armas-de-chillan-se-realiza-la-primera-expomundorural-de-la-region-de-nuble\/"},"wordCount":507,"publisher":{"@id":"https:\/\/www.mundoagropecuario.cl\/new\/#organization"},"image":{"@id":"https:\/\/www.mundoagropecuario.cl\/new\/en-la-plaza-de-armas-de-chillan-se-realiza-la-primera-expomundorural-de-la-region-de-nuble\/#primaryimage"},"thumbnailUrl":"https:\/\/www.mundoagropecuario.cl\/new\/wp-content\/uploads\/2018\/11\/EMR-Nuble-Vinos-de-Patio.jpg","keywords":["Chill\u00e1n","ExpoMundoRural","\u00d1uble","San Carlos"],"articleSection":["Instituciones"],"inLanguage":"es"},{"@type":"WebPage","@id":"https:\/\/www.mundoagropecuario.cl\/new\/en-la-plaza-de-armas-de-chillan-se-realiza-la-primera-expomundorural-de-la-region-de-nuble\/","url":"https:\/\/www.mundoagropecuario.cl\/new\/en-la-plaza-de-armas-de-chillan-se-realiza-la-primera-expomundorural-de-la-region-de-nuble\/","name":"En la Plaza de Armas de Chill\u00e1n se realiza la primera ExpoMundoRural de la Regi\u00f3n de \u00d1uble - Mundoagropecuario","isPartOf":{"@id":"https:\/\/www.mundoagropecuario.cl\/new\/#website"},"primaryImageOfPage":{"@id":"https:\/\/www.mundoagropecuario.cl\/new\/en-la-plaza-de-armas-de-chillan-se-realiza-la-primera-expomundorural-de-la-region-de-nuble\/#primaryimage"},"image":{"@id":"https:\/\/www.mundoagropecuario.cl\/new\/en-la-plaza-de-armas-de-chillan-se-realiza-la-primera-expomundorural-de-la-region-de-nuble\/#primaryimage"},"thumbnailUrl":"https:\/\/www.mundoagropecuario.cl\/new\/wp-content\/uploads\/2018\/11\/EMR-Nuble-Vinos-de-Patio.jpg","datePublished":"2018-11-23T04:00:36+00:00","breadcrumb":{"@id":"https:\/\/www.mundoagropecuario.cl\/new\/en-la-plaza-de-armas-de-chillan-se-realiza-la-primera-expomundorural-de-la-region-de-nuble\/#breadcrumb"},"inLanguage":"es","potentialAction":[{"@type":"ReadAction","target":["https:\/\/www.mundoagropecuario.cl\/new\/en-la-plaza-de-armas-de-chillan-se-realiza-la-primera-expomundorural-de-la-region-de-nuble\/"]}]},{"@type":"ImageObject","inLanguage":"es","@id":"https:\/\/www.mundoagropecuario.cl\/new\/en-la-plaza-de-armas-de-chillan-se-realiza-la-primera-expomundorural-de-la-region-de-nuble\/#primaryimage","url":"https:\/\/www.mundoagropecuario.cl\/new\/wp-content\/uploads\/2018\/11\/EMR-Nuble-Vinos-de-Patio.jpg","contentUrl":"https:\/\/www.mundoagropecuario.cl\/new\/wp-content\/uploads\/2018\/11\/EMR-Nuble-Vinos-de-Patio.jpg","width":600,"height":400},{"@type":"BreadcrumbList","@id":"https:\/\/www.mundoagropecuario.cl\/new\/en-la-plaza-de-armas-de-chillan-se-realiza-la-primera-expomundorural-de-la-region-de-nuble\/#breadcrumb","itemListElement":[{"@type":"ListItem","position":1,"name":"Portada","item":"https:\/\/www.mundoagropecuario.cl\/new\/"},{"@type":"ListItem","position":2,"name":"En la Plaza de Armas de Chill\u00e1n se realiza la primera ExpoMundoRural de la Regi\u00f3n de \u00d1uble"}]},{"@type":"WebSite","@id":"https:\/\/www.mundoagropecuario.cl\/new\/#website","url":"https:\/\/www.mundoagropecuario.cl\/new\/","name":"Mundoagropecuario","description":"Mundo Agropecuario","publisher":{"@id":"https:\/\/www.mundoagropecuario.cl\/new\/#organization"},"potentialAction":[{"@type":"SearchAction","target":{"@type":"EntryPoint","urlTemplate":"https:\/\/www.mundoagropecuario.cl\/new\/?s={search_term_string}"},"query-input":{"@type":"PropertyValueSpecification","valueRequired":true,"valueName":"search_term_string"}}],"inLanguage":"es"},{"@type":"Organization","@id":"https:\/\/www.mundoagropecuario.cl\/new\/#organization","name":"Revista de Agricultura","url":"https:\/\/www.mundoagropecuario.cl\/new\/","logo":{"@type":"ImageObject","inLanguage":"es","@id":"https:\/\/www.mundoagropecuario.cl\/new\/#\/schema\/logo\/image\/","url":"https:\/\/www.mundoagropecuario.cl\/new\/wp-content\/uploads\/2020\/11\/PORTAL-1-1.png","contentUrl":"https:\/\/www.mundoagropecuario.cl\/new\/wp-content\/uploads\/2020\/11\/PORTAL-1-1.png","width":1026,"height":100,"caption":"Revista de Agricultura"},"image":{"@id":"https:\/\/www.mundoagropecuario.cl\/new\/#\/schema\/logo\/image\/"},"sameAs":["https:\/\/www.facebook.com\/mundo.agropecuario.3","https:\/\/x.com\/MundoAgropecuar","https:\/\/www.linkedin.com\/in\/mundo-agropecuario-934009201\/"]},{"@type":"Person","@id":"https:\/\/www.mundoagropecuario.cl\/new\/#\/schema\/person\/0c221050801c74e45256a7a9a1ff0803","name":"periodista","url":"https:\/\/www.mundoagropecuario.cl\/new\/author\/periodista\/"}]}},"_links":{"self":[{"href":"https:\/\/www.mundoagropecuario.cl\/new\/wp-json\/wp\/v2\/posts\/9616","targetHints":{"allow":["GET"]}}],"collection":[{"href":"https:\/\/www.mundoagropecuario.cl\/new\/wp-json\/wp\/v2\/posts"}],"about":[{"href":"https:\/\/www.mundoagropecuario.cl\/new\/wp-json\/wp\/v2\/types\/post"}],"author":[{"embeddable":true,"href":"https:\/\/www.mundoagropecuario.cl\/new\/wp-json\/wp\/v2\/users\/3"}],"replies":[{"embeddable":true,"href":"https:\/\/www.mundoagropecuario.cl\/new\/wp-json\/wp\/v2\/comments?post=9616"}],"version-history":[{"count":1,"href":"https:\/\/www.mundoagropecuario.cl\/new\/wp-json\/wp\/v2\/posts\/9616\/revisions"}],"predecessor-version":[{"id":9618,"href":"https:\/\/www.mundoagropecuario.cl\/new\/wp-json\/wp\/v2\/posts\/9616\/revisions\/9618"}],"wp:featuredmedia":[{"embeddable":true,"href":"https:\/\/www.mundoagropecuario.cl\/new\/wp-json\/wp\/v2\/media\/9617"}],"wp:attachment":[{"href":"https:\/\/www.mundoagropecuario.cl\/new\/wp-json\/wp\/v2\/media?parent=9616"}],"wp:term":[{"taxonomy":"category","embeddable":true,"href":"https:\/\/www.mundoagropecuario.cl\/new\/wp-json\/wp\/v2\/categories?post=9616"},{"taxonomy":"post_tag","embeddable":true,"href":"https:\/\/www.mundoagropecuario.cl\/new\/wp-json\/wp\/v2\/tags?post=9616"}],"curies":[{"name":"wp","href":"https:\/\/api.w.org\/{rel}","templated":true}]}}