{"id":9404,"date":"2018-11-09T12:48:35","date_gmt":"2018-11-09T15:48:35","guid":{"rendered":"http:\/\/www.mundoagropecuario.cl\/new\/?p=9404"},"modified":"2018-11-13T11:07:43","modified_gmt":"2018-11-13T14:07:43","slug":"guerra-de-la-leche-no-para-watts-acusa-a-ministerio-de-economia-de-vulnerar-principio-de-transparencia","status":"publish","type":"post","link":"https:\/\/www.mundoagropecuario.cl\/new\/guerra-de-la-leche-no-para-watts-acusa-a-ministerio-de-economia-de-vulnerar-principio-de-transparencia\/","title":{"rendered":"&#8220;Guerra de la leche&#8221; no para: Watt&#8217;s acusa a Ministerio de Econom\u00eda de vulnerar principio de transparencia"},"content":{"rendered":"<blockquote><p><em>La empresa solicit\u00f3 la memoria anual de Colun y sus estados financieros argumentando que se trata de informaci\u00f3n &#8220;que debiera ser conocida por todos los chilenos que financiamos los beneficios de esta cooperativa al eximirla de impuestos&#8221;. La cartera se neg\u00f3 (Emol.com).<\/em><\/p><\/blockquote>\n<p>Watt&#8217;s y Colun est\u00e1n lejos de poner fin a su denominada &#8220;guerra de la leche&#8221;. Tanto as\u00ed, que ahora la disputa involucra tambi\u00e9n al Consejo de Transparencia y al Ministerio de Econom\u00eda. Sucede que, tal como consign\u00f3 Pulso, ambas empresas se han enfrentado durante todo el a\u00f1o por el rechazo de Watt\u00b4s a que su rival goce de una serie de beneficios a los que accede por ser una cooperativa. Algo que, a su juicio, no corresponde ya que afirma que Colun es una compa\u00f1\u00eda privada como cualquier otra.<\/p>\n<p>En medio de este enfrentamiento, Watt\u00b4s, a trav\u00e9s de Transparencia, solicit\u00f3 al Ministerio de Econom\u00eda la memoria anual de Colun, adem\u00e1s de sus estados financieros, a lo que esa entidad no accedi\u00f3. Por ello, Watt`s decidi\u00f3 recurrir de amparo al Consejo para la Transparencia, proceso que est\u00e1 en curso y en el que la respuesta de Econom\u00eda sigue siendo negativa. Ximena Vial, jefe de la divisi\u00f3n Jur\u00eddica de la Subsecretar\u00eda de Econom\u00eda, explic\u00f3 a Pulso que &#8220;la memoria requerida contiene listado de socios y sus cuotas de participaci\u00f3n en la cooperativa lo que (&#8230;) podr\u00eda determinar lo que le corresponde a cada socio, exponiendo parte del patrimonio de una persona natural haci\u00e9ndole soportar sin fundamento, la carga de exponer parte de su patrimonio al control social, cuando no es claro el inter\u00e9s p\u00fablico de conocer el nombre de las personas naturales y parte de su patrimonio&#8221;.<\/p>\n<p>Por su parte, Watt&#8217;s acus\u00f3 a la cartera de vulnerar el principio de transparencia y argument\u00f3 que se trata de informaci\u00f3n &#8220;que debiera ser conocida por todos los chilenos que financiamos los beneficios de esta cooperativa al eximirla de impuestos&#8221;. &#8220;Nos encontramos frente a un caso donde se pretende ocultar la identidad de 50 familias poderosas que representan solamente el 7% de los miembros de la cooperativa m\u00e1s grande de Chile y que se llevan el 50% de las utilidades sin pagar impuestos&#8221;, se\u00f1alaron a Pulso fuentes de Watt`s.<\/p>\n<p>, la carga de exponer parte de su patrimonio al control social, cuando no es claro el inter\u00e9s p\u00fablico de conocer el nombre de las personas naturales y parte de su patrimonio&#8221;.<\/p>\n<p>Por su parte, Watt&#8217;s acus\u00f3 a la cartera de vulnerar el principio de transparencia y argument\u00f3 que se trata de informaci\u00f3n &#8220;que debiera ser conocida por todos los chilenos que financiamos los beneficios de esta cooperativa al eximirla de impuestos&#8221;. &#8220;Nos encontramos frente a un caso donde se pretende ocultar la identidad de 50 familias poderosas que representan solamente el 7% de los miembros de la cooperativa m\u00e1s grande de Chile y que se llevan el 50% de las utilidades sin pagar impuestos&#8221;, se\u00f1alaron a Pulso fuentes de Watt`s.<\/p>\n","protected":false},"excerpt":{"rendered":"<p>La empresa solicit\u00f3 la memoria anual de Colun y sus estados financieros argumentando que se trata de informaci\u00f3n &#8220;que debiera ser conocida por todos los chilenos que financiamos los beneficios&#8230;<\/p>\n","protected":false},"author":2,"featured_media":9405,"comment_status":"closed","ping_status":"closed","sticky":false,"template":"","format":"standard","meta":{"footnotes":""},"categories":[1946],"tags":[2034,2832,2085],"class_list":["post-9404","post","type-post","status-publish","format-standard","has-post-thumbnail","hentry","category-lacteos","tag-colun","tag-guerra-de-la-leche","tag-watts"],"yoast_head":"<!-- This site is optimized with the Yoast SEO plugin v26.6 - https:\/\/yoast.com\/wordpress\/plugins\/seo\/ -->\n<title>&quot;Guerra de la leche&quot; no para: Watt&#039;s acusa a Ministerio de Econom\u00eda de vulnerar principio de transparencia - Mundoagropecuario<\/title>\n<meta name=\"robots\" content=\"index, follow, max-snippet:-1, max-image-preview:large, max-video-preview:-1\" \/>\n<link rel=\"canonical\" href=\"https:\/\/www.mundoagropecuario.cl\/new\/guerra-de-la-leche-no-para-watts-acusa-a-ministerio-de-economia-de-vulnerar-principio-de-transparencia\/\" \/>\n<meta property=\"og:locale\" content=\"es_ES\" \/>\n<meta property=\"og:type\" content=\"article\" \/>\n<meta property=\"og:title\" content=\"&quot;Guerra de la leche&quot; no para: Watt&#039;s acusa a Ministerio de Econom\u00eda de vulnerar principio de transparencia - Mundoagropecuario\" \/>\n<meta property=\"og:description\" content=\"La empresa solicit\u00f3 la memoria anual de Colun y sus estados financieros argumentando que se trata de informaci\u00f3n &#8220;que debiera ser conocida por todos los chilenos que financiamos los beneficios...\" \/>\n<meta property=\"og:url\" content=\"https:\/\/www.mundoagropecuario.cl\/new\/guerra-de-la-leche-no-para-watts-acusa-a-ministerio-de-economia-de-vulnerar-principio-de-transparencia\/\" \/>\n<meta property=\"og:site_name\" content=\"Mundoagropecuario\" \/>\n<meta property=\"article:publisher\" content=\"https:\/\/www.facebook.com\/mundo.agropecuario.3\" \/>\n<meta property=\"article:published_time\" content=\"2018-11-09T15:48:35+00:00\" \/>\n<meta property=\"article:modified_time\" content=\"2018-11-13T14:07:43+00:00\" \/>\n<meta property=\"og:image\" content=\"https:\/\/www.mundoagropecuario.cl\/new\/wp-content\/uploads\/2018\/11\/watts-e1541778578982.jpg\" \/>\n\t<meta property=\"og:image:width\" content=\"513\" \/>\n\t<meta property=\"og:image:height\" content=\"334\" \/>\n\t<meta property=\"og:image:type\" content=\"image\/jpeg\" \/>\n<meta name=\"author\" content=\"mundo\" \/>\n<meta name=\"twitter:card\" content=\"summary_large_image\" \/>\n<meta name=\"twitter:creator\" content=\"@MundoAgropecuar\" \/>\n<meta name=\"twitter:site\" content=\"@MundoAgropecuar\" \/>\n<meta name=\"twitter:label1\" content=\"Escrito por\" \/>\n\t<meta name=\"twitter:data1\" content=\"mundo\" \/>\n\t<meta name=\"twitter:label2\" content=\"Tiempo de lectura\" \/>\n\t<meta name=\"twitter:data2\" content=\"3 minutos\" \/>\n<script type=\"application\/ld+json\" class=\"yoast-schema-graph\">{\"@context\":\"https:\/\/schema.org\",\"@graph\":[{\"@type\":\"Article\",\"@id\":\"https:\/\/www.mundoagropecuario.cl\/new\/guerra-de-la-leche-no-para-watts-acusa-a-ministerio-de-economia-de-vulnerar-principio-de-transparencia\/#article\",\"isPartOf\":{\"@id\":\"https:\/\/www.mundoagropecuario.cl\/new\/guerra-de-la-leche-no-para-watts-acusa-a-ministerio-de-economia-de-vulnerar-principio-de-transparencia\/\"},\"author\":{\"name\":\"mundo\",\"@id\":\"https:\/\/www.mundoagropecuario.cl\/new\/#\/schema\/person\/4e9f74a82a7dac260eb1c44b7eebeb18\"},\"headline\":\"&#8220;Guerra de la leche&#8221; no para: Watt&#8217;s acusa a Ministerio de Econom\u00eda de vulnerar principio de transparencia\",\"datePublished\":\"2018-11-09T15:48:35+00:00\",\"dateModified\":\"2018-11-13T14:07:43+00:00\",\"mainEntityOfPage\":{\"@id\":\"https:\/\/www.mundoagropecuario.cl\/new\/guerra-de-la-leche-no-para-watts-acusa-a-ministerio-de-economia-de-vulnerar-principio-de-transparencia\/\"},\"wordCount\":530,\"publisher\":{\"@id\":\"https:\/\/www.mundoagropecuario.cl\/new\/#organization\"},\"image\":{\"@id\":\"https:\/\/www.mundoagropecuario.cl\/new\/guerra-de-la-leche-no-para-watts-acusa-a-ministerio-de-economia-de-vulnerar-principio-de-transparencia\/#primaryimage\"},\"thumbnailUrl\":\"https:\/\/www.mundoagropecuario.cl\/new\/wp-content\/uploads\/2018\/11\/watts-e1541778578982.jpg\",\"keywords\":[\"Colun\",\"guerra de la leche\",\"Watt's\"],\"articleSection\":[\"L\u00e1cteos\"],\"inLanguage\":\"es\"},{\"@type\":\"WebPage\",\"@id\":\"https:\/\/www.mundoagropecuario.cl\/new\/guerra-de-la-leche-no-para-watts-acusa-a-ministerio-de-economia-de-vulnerar-principio-de-transparencia\/\",\"url\":\"https:\/\/www.mundoagropecuario.cl\/new\/guerra-de-la-leche-no-para-watts-acusa-a-ministerio-de-economia-de-vulnerar-principio-de-transparencia\/\",\"name\":\"\\\"Guerra de la leche\\\" no para: Watt's acusa a Ministerio de Econom\u00eda de vulnerar principio de transparencia - Mundoagropecuario\",\"isPartOf\":{\"@id\":\"https:\/\/www.mundoagropecuario.cl\/new\/#website\"},\"primaryImageOfPage\":{\"@id\":\"https:\/\/www.mundoagropecuario.cl\/new\/guerra-de-la-leche-no-para-watts-acusa-a-ministerio-de-economia-de-vulnerar-principio-de-transparencia\/#primaryimage\"},\"image\":{\"@id\":\"https:\/\/www.mundoagropecuario.cl\/new\/guerra-de-la-leche-no-para-watts-acusa-a-ministerio-de-economia-de-vulnerar-principio-de-transparencia\/#primaryimage\"},\"thumbnailUrl\":\"https:\/\/www.mundoagropecuario.cl\/new\/wp-content\/uploads\/2018\/11\/watts-e1541778578982.jpg\",\"datePublished\":\"2018-11-09T15:48:35+00:00\",\"dateModified\":\"2018-11-13T14:07:43+00:00\",\"breadcrumb\":{\"@id\":\"https:\/\/www.mundoagropecuario.cl\/new\/guerra-de-la-leche-no-para-watts-acusa-a-ministerio-de-economia-de-vulnerar-principio-de-transparencia\/#breadcrumb\"},\"inLanguage\":\"es\",\"potentialAction\":[{\"@type\":\"ReadAction\",\"target\":[\"https:\/\/www.mundoagropecuario.cl\/new\/guerra-de-la-leche-no-para-watts-acusa-a-ministerio-de-economia-de-vulnerar-principio-de-transparencia\/\"]}]},{\"@type\":\"ImageObject\",\"inLanguage\":\"es\",\"@id\":\"https:\/\/www.mundoagropecuario.cl\/new\/guerra-de-la-leche-no-para-watts-acusa-a-ministerio-de-economia-de-vulnerar-principio-de-transparencia\/#primaryimage\",\"url\":\"https:\/\/www.mundoagropecuario.cl\/new\/wp-content\/uploads\/2018\/11\/watts-e1541778578982.jpg\",\"contentUrl\":\"https:\/\/www.mundoagropecuario.cl\/new\/wp-content\/uploads\/2018\/11\/watts-e1541778578982.jpg\",\"width\":513,\"height\":334},{\"@type\":\"BreadcrumbList\",\"@id\":\"https:\/\/www.mundoagropecuario.cl\/new\/guerra-de-la-leche-no-para-watts-acusa-a-ministerio-de-economia-de-vulnerar-principio-de-transparencia\/#breadcrumb\",\"itemListElement\":[{\"@type\":\"ListItem\",\"position\":1,\"name\":\"Portada\",\"item\":\"https:\/\/www.mundoagropecuario.cl\/new\/\"},{\"@type\":\"ListItem\",\"position\":2,\"name\":\"&#8220;Guerra de la leche&#8221; no para: Watt&#8217;s acusa a Ministerio de Econom\u00eda de vulnerar principio de transparencia\"}]},{\"@type\":\"WebSite\",\"@id\":\"https:\/\/www.mundoagropecuario.cl\/new\/#website\",\"url\":\"https:\/\/www.mundoagropecuario.cl\/new\/\",\"name\":\"Mundoagropecuario\",\"description\":\"Mundo Agropecuario\",\"publisher\":{\"@id\":\"https:\/\/www.mundoagropecuario.cl\/new\/#organization\"},\"potentialAction\":[{\"@type\":\"SearchAction\",\"target\":{\"@type\":\"EntryPoint\",\"urlTemplate\":\"https:\/\/www.mundoagropecuario.cl\/new\/?s={search_term_string}\"},\"query-input\":{\"@type\":\"PropertyValueSpecification\",\"valueRequired\":true,\"valueName\":\"search_term_string\"}}],\"inLanguage\":\"es\"},{\"@type\":\"Organization\",\"@id\":\"https:\/\/www.mundoagropecuario.cl\/new\/#organization\",\"name\":\"Revista de Agricultura\",\"url\":\"https:\/\/www.mundoagropecuario.cl\/new\/\",\"logo\":{\"@type\":\"ImageObject\",\"inLanguage\":\"es\",\"@id\":\"https:\/\/www.mundoagropecuario.cl\/new\/#\/schema\/logo\/image\/\",\"url\":\"https:\/\/www.mundoagropecuario.cl\/new\/wp-content\/uploads\/2020\/11\/PORTAL-1-1.png\",\"contentUrl\":\"https:\/\/www.mundoagropecuario.cl\/new\/wp-content\/uploads\/2020\/11\/PORTAL-1-1.png\",\"width\":1026,\"height\":100,\"caption\":\"Revista de Agricultura\"},\"image\":{\"@id\":\"https:\/\/www.mundoagropecuario.cl\/new\/#\/schema\/logo\/image\/\"},\"sameAs\":[\"https:\/\/www.facebook.com\/mundo.agropecuario.3\",\"https:\/\/x.com\/MundoAgropecuar\",\"https:\/\/www.linkedin.com\/in\/mundo-agropecuario-934009201\/\"]},{\"@type\":\"Person\",\"@id\":\"https:\/\/www.mundoagropecuario.cl\/new\/#\/schema\/person\/4e9f74a82a7dac260eb1c44b7eebeb18\",\"name\":\"mundo\",\"url\":\"https:\/\/www.mundoagropecuario.cl\/new\/author\/mundo\/\"}]}<\/script>\n<!-- \/ Yoast SEO plugin. -->","yoast_head_json":{"title":"\"Guerra de la leche\" no para: Watt's acusa a Ministerio de Econom\u00eda de vulnerar principio de transparencia - Mundoagropecuario","robots":{"index":"index","follow":"follow","max-snippet":"max-snippet:-1","max-image-preview":"max-image-preview:large","max-video-preview":"max-video-preview:-1"},"canonical":"https:\/\/www.mundoagropecuario.cl\/new\/guerra-de-la-leche-no-para-watts-acusa-a-ministerio-de-economia-de-vulnerar-principio-de-transparencia\/","og_locale":"es_ES","og_type":"article","og_title":"\"Guerra de la leche\" no para: Watt's acusa a Ministerio de Econom\u00eda de vulnerar principio de transparencia - Mundoagropecuario","og_description":"La empresa solicit\u00f3 la memoria anual de Colun y sus estados financieros argumentando que se trata de informaci\u00f3n &#8220;que debiera ser conocida por todos los chilenos que financiamos los beneficios...","og_url":"https:\/\/www.mundoagropecuario.cl\/new\/guerra-de-la-leche-no-para-watts-acusa-a-ministerio-de-economia-de-vulnerar-principio-de-transparencia\/","og_site_name":"Mundoagropecuario","article_publisher":"https:\/\/www.facebook.com\/mundo.agropecuario.3","article_published_time":"2018-11-09T15:48:35+00:00","article_modified_time":"2018-11-13T14:07:43+00:00","og_image":[{"width":513,"height":334,"url":"https:\/\/www.mundoagropecuario.cl\/new\/wp-content\/uploads\/2018\/11\/watts-e1541778578982.jpg","type":"image\/jpeg"}],"author":"mundo","twitter_card":"summary_large_image","twitter_creator":"@MundoAgropecuar","twitter_site":"@MundoAgropecuar","twitter_misc":{"Escrito por":"mundo","Tiempo de lectura":"3 minutos"},"schema":{"@context":"https:\/\/schema.org","@graph":[{"@type":"Article","@id":"https:\/\/www.mundoagropecuario.cl\/new\/guerra-de-la-leche-no-para-watts-acusa-a-ministerio-de-economia-de-vulnerar-principio-de-transparencia\/#article","isPartOf":{"@id":"https:\/\/www.mundoagropecuario.cl\/new\/guerra-de-la-leche-no-para-watts-acusa-a-ministerio-de-economia-de-vulnerar-principio-de-transparencia\/"},"author":{"name":"mundo","@id":"https:\/\/www.mundoagropecuario.cl\/new\/#\/schema\/person\/4e9f74a82a7dac260eb1c44b7eebeb18"},"headline":"&#8220;Guerra de la leche&#8221; no para: Watt&#8217;s acusa a Ministerio de Econom\u00eda de vulnerar principio de transparencia","datePublished":"2018-11-09T15:48:35+00:00","dateModified":"2018-11-13T14:07:43+00:00","mainEntityOfPage":{"@id":"https:\/\/www.mundoagropecuario.cl\/new\/guerra-de-la-leche-no-para-watts-acusa-a-ministerio-de-economia-de-vulnerar-principio-de-transparencia\/"},"wordCount":530,"publisher":{"@id":"https:\/\/www.mundoagropecuario.cl\/new\/#organization"},"image":{"@id":"https:\/\/www.mundoagropecuario.cl\/new\/guerra-de-la-leche-no-para-watts-acusa-a-ministerio-de-economia-de-vulnerar-principio-de-transparencia\/#primaryimage"},"thumbnailUrl":"https:\/\/www.mundoagropecuario.cl\/new\/wp-content\/uploads\/2018\/11\/watts-e1541778578982.jpg","keywords":["Colun","guerra de la leche","Watt's"],"articleSection":["L\u00e1cteos"],"inLanguage":"es"},{"@type":"WebPage","@id":"https:\/\/www.mundoagropecuario.cl\/new\/guerra-de-la-leche-no-para-watts-acusa-a-ministerio-de-economia-de-vulnerar-principio-de-transparencia\/","url":"https:\/\/www.mundoagropecuario.cl\/new\/guerra-de-la-leche-no-para-watts-acusa-a-ministerio-de-economia-de-vulnerar-principio-de-transparencia\/","name":"\"Guerra de la leche\" no para: Watt's acusa a Ministerio de Econom\u00eda de vulnerar principio de transparencia - Mundoagropecuario","isPartOf":{"@id":"https:\/\/www.mundoagropecuario.cl\/new\/#website"},"primaryImageOfPage":{"@id":"https:\/\/www.mundoagropecuario.cl\/new\/guerra-de-la-leche-no-para-watts-acusa-a-ministerio-de-economia-de-vulnerar-principio-de-transparencia\/#primaryimage"},"image":{"@id":"https:\/\/www.mundoagropecuario.cl\/new\/guerra-de-la-leche-no-para-watts-acusa-a-ministerio-de-economia-de-vulnerar-principio-de-transparencia\/#primaryimage"},"thumbnailUrl":"https:\/\/www.mundoagropecuario.cl\/new\/wp-content\/uploads\/2018\/11\/watts-e1541778578982.jpg","datePublished":"2018-11-09T15:48:35+00:00","dateModified":"2018-11-13T14:07:43+00:00","breadcrumb":{"@id":"https:\/\/www.mundoagropecuario.cl\/new\/guerra-de-la-leche-no-para-watts-acusa-a-ministerio-de-economia-de-vulnerar-principio-de-transparencia\/#breadcrumb"},"inLanguage":"es","potentialAction":[{"@type":"ReadAction","target":["https:\/\/www.mundoagropecuario.cl\/new\/guerra-de-la-leche-no-para-watts-acusa-a-ministerio-de-economia-de-vulnerar-principio-de-transparencia\/"]}]},{"@type":"ImageObject","inLanguage":"es","@id":"https:\/\/www.mundoagropecuario.cl\/new\/guerra-de-la-leche-no-para-watts-acusa-a-ministerio-de-economia-de-vulnerar-principio-de-transparencia\/#primaryimage","url":"https:\/\/www.mundoagropecuario.cl\/new\/wp-content\/uploads\/2018\/11\/watts-e1541778578982.jpg","contentUrl":"https:\/\/www.mundoagropecuario.cl\/new\/wp-content\/uploads\/2018\/11\/watts-e1541778578982.jpg","width":513,"height":334},{"@type":"BreadcrumbList","@id":"https:\/\/www.mundoagropecuario.cl\/new\/guerra-de-la-leche-no-para-watts-acusa-a-ministerio-de-economia-de-vulnerar-principio-de-transparencia\/#breadcrumb","itemListElement":[{"@type":"ListItem","position":1,"name":"Portada","item":"https:\/\/www.mundoagropecuario.cl\/new\/"},{"@type":"ListItem","position":2,"name":"&#8220;Guerra de la leche&#8221; no para: Watt&#8217;s acusa a Ministerio de Econom\u00eda de vulnerar principio de transparencia"}]},{"@type":"WebSite","@id":"https:\/\/www.mundoagropecuario.cl\/new\/#website","url":"https:\/\/www.mundoagropecuario.cl\/new\/","name":"Mundoagropecuario","description":"Mundo Agropecuario","publisher":{"@id":"https:\/\/www.mundoagropecuario.cl\/new\/#organization"},"potentialAction":[{"@type":"SearchAction","target":{"@type":"EntryPoint","urlTemplate":"https:\/\/www.mundoagropecuario.cl\/new\/?s={search_term_string}"},"query-input":{"@type":"PropertyValueSpecification","valueRequired":true,"valueName":"search_term_string"}}],"inLanguage":"es"},{"@type":"Organization","@id":"https:\/\/www.mundoagropecuario.cl\/new\/#organization","name":"Revista de Agricultura","url":"https:\/\/www.mundoagropecuario.cl\/new\/","logo":{"@type":"ImageObject","inLanguage":"es","@id":"https:\/\/www.mundoagropecuario.cl\/new\/#\/schema\/logo\/image\/","url":"https:\/\/www.mundoagropecuario.cl\/new\/wp-content\/uploads\/2020\/11\/PORTAL-1-1.png","contentUrl":"https:\/\/www.mundoagropecuario.cl\/new\/wp-content\/uploads\/2020\/11\/PORTAL-1-1.png","width":1026,"height":100,"caption":"Revista de Agricultura"},"image":{"@id":"https:\/\/www.mundoagropecuario.cl\/new\/#\/schema\/logo\/image\/"},"sameAs":["https:\/\/www.facebook.com\/mundo.agropecuario.3","https:\/\/x.com\/MundoAgropecuar","https:\/\/www.linkedin.com\/in\/mundo-agropecuario-934009201\/"]},{"@type":"Person","@id":"https:\/\/www.mundoagropecuario.cl\/new\/#\/schema\/person\/4e9f74a82a7dac260eb1c44b7eebeb18","name":"mundo","url":"https:\/\/www.mundoagropecuario.cl\/new\/author\/mundo\/"}]}},"_links":{"self":[{"href":"https:\/\/www.mundoagropecuario.cl\/new\/wp-json\/wp\/v2\/posts\/9404","targetHints":{"allow":["GET"]}}],"collection":[{"href":"https:\/\/www.mundoagropecuario.cl\/new\/wp-json\/wp\/v2\/posts"}],"about":[{"href":"https:\/\/www.mundoagropecuario.cl\/new\/wp-json\/wp\/v2\/types\/post"}],"author":[{"embeddable":true,"href":"https:\/\/www.mundoagropecuario.cl\/new\/wp-json\/wp\/v2\/users\/2"}],"replies":[{"embeddable":true,"href":"https:\/\/www.mundoagropecuario.cl\/new\/wp-json\/wp\/v2\/comments?post=9404"}],"version-history":[{"count":1,"href":"https:\/\/www.mundoagropecuario.cl\/new\/wp-json\/wp\/v2\/posts\/9404\/revisions"}],"predecessor-version":[{"id":9406,"href":"https:\/\/www.mundoagropecuario.cl\/new\/wp-json\/wp\/v2\/posts\/9404\/revisions\/9406"}],"wp:featuredmedia":[{"embeddable":true,"href":"https:\/\/www.mundoagropecuario.cl\/new\/wp-json\/wp\/v2\/media\/9405"}],"wp:attachment":[{"href":"https:\/\/www.mundoagropecuario.cl\/new\/wp-json\/wp\/v2\/media?parent=9404"}],"wp:term":[{"taxonomy":"category","embeddable":true,"href":"https:\/\/www.mundoagropecuario.cl\/new\/wp-json\/wp\/v2\/categories?post=9404"},{"taxonomy":"post_tag","embeddable":true,"href":"https:\/\/www.mundoagropecuario.cl\/new\/wp-json\/wp\/v2\/tags?post=9404"}],"curies":[{"name":"wp","href":"https:\/\/api.w.org\/{rel}","templated":true}]}}