{"id":9375,"date":"2018-11-09T09:09:02","date_gmt":"2018-11-09T12:09:02","guid":{"rendered":"http:\/\/www.mundoagropecuario.cl\/new\/?p=9375"},"modified":"2018-11-09T10:15:50","modified_gmt":"2018-11-09T13:15:50","slug":"sag-trabaja-plan-de-contingencia-por-alerta-mundial-de-peste-porcina-africana","status":"publish","type":"post","link":"https:\/\/www.mundoagropecuario.cl\/new\/sag-trabaja-plan-de-contingencia-por-alerta-mundial-de-peste-porcina-africana\/","title":{"rendered":"SAG trabaja plan de contingencia por alerta mundial de peste porcina africana"},"content":{"rendered":"<blockquote><p><em>Profesionales del \u00e1rea de Protecci\u00f3n Pecuaria que integran el Grupo de Tarea de Respuesta Temprana del Servicio se reunieron esta semana en la regi\u00f3n del Biob\u00edo (Mundo Agropecuario).<\/em><\/p><\/blockquote>\n<p>Definir el riesgo de ingreso y desarrollar el plan de contingencia para controlar un eventual foco de peste porcina africana, enfermedad viral ex\u00f3tica para Chile y que afecta a cerdos y jabal\u00edes, fueron los principales objetivos de la reuni\u00f3n de trabajo de los profesionales del Servicio Agr\u00edcola y Ganadero (SAG) que integran el Grupo de Tarea de Respuesta Temprana del \u00e1rea de Protecci\u00f3n Pecuaria, la cual se realiz\u00f3 en la regi\u00f3n del Biob\u00edo.<\/p>\n<p>\u201cLa peste porcina africana es una enfermedad provocada por un virus que afecta s\u00f3lo a los suidos (cerdos y jabal\u00ed), en ning\u00fan caso a las personas ni por consumir productos o por estar en contactos con los cerdos, pero es muy grave ya que provoca alta mortalidad en los animales y es muy complicada de controlar, por lo cual estamos trabajando en establecer las medidas de prevenci\u00f3n y de control en el menor tiempo posible en caso de un eventual foco\u201d, explic\u00f3 Jos\u00e9 Herrera, Jefe del Departamento de Sanidad Animal del SAG.<\/p>\n<p>Precis\u00f3 que \u201cestamos elaborando un plan de contingencia acorde a los lineamientos que estamos siguiendo en el enfrentamiento de emergencias en el caso de enfermedades en animales. En los \u00faltimos a\u00f1os hemos cambiado el enfoque de trabajo, lo estamos acomodando a la realidad nacional y estamos definiendo un plan con directrices generales para enfrentar una posible emergencia en Chile. Cuando ocurren los problemas, los procedimientos deben estar claros en forma previa. No se pueden improvisar las medidas para enfrentar una enfermedad como esta, se debe hacer en base a la preparaci\u00f3n, lo que permite responder de manera r\u00e1pida y efectiva\u201d.<\/p>\n<p>Producto del aumento de los casos de peste porcina africana en diversos pa\u00edses, especialmente Europa y Asia, y a la importancia de la industria porcina en Chile, que se ubica dentro de las mayores exportadoras del mundo, el SAG ha adoptado medidas para prevenir su ingreso, entre las que se encuentra la prohibici\u00f3n a los pasajeros de traer desde el extranjero productos porcinos desde pa\u00edses que est\u00e1n infectados, como por ejemplo, jam\u00f3n serrano con hueso. Para mayor informaci\u00f3n sobre los productos autorizados para ingresar a Chile se debe visitar la p\u00e1gina web del SAG www.sag.cl.<\/p>\n<p>Asimismo, el profesional del SAG destac\u00f3 el trabajo conjunto con el sector privado en esta materia, se\u00f1alando que \u201cestamos trabajando en forma coordinada con la Asociaci\u00f3n de Productores de Cerdo en un plan de prevenci\u00f3n y de respuesta en caso de una emergencia, en el cual hay varias l\u00edneas de trabajo, que incluyen vigilancia para sensibilizar el sistema, reconocer la enfermedad, adem\u00e1s de elaborar un plan de comunicacional, entre otras l\u00edneas de acci\u00f3n\u201d.<\/p>\n<p>Finalmente, Jos\u00e9 Herrera indic\u00f3 que se est\u00e1 realizando una evaluaci\u00f3n del riesgo para priorizar las zonas de mayor riesgo en el pa\u00eds, en las que se aplicar\u00e1 una estrategia diferenciada por \u00e1rea e incluso dentro de las mismas regiones.<\/p>\n","protected":false},"excerpt":{"rendered":"<p>Profesionales del \u00e1rea de Protecci\u00f3n Pecuaria que integran el Grupo de Tarea de Respuesta Temprana del Servicio se reunieron esta semana en la regi\u00f3n del Biob\u00edo (Mundo Agropecuario). Definir el&#8230;<\/p>\n","protected":false},"author":2,"featured_media":9376,"comment_status":"closed","ping_status":"closed","sticky":false,"template":"","format":"gallery","meta":{"footnotes":""},"categories":[1944],"tags":[2817,2816,2815,2036],"class_list":["post-9375","post","type-post","status-publish","format-gallery","has-post-thumbnail","hentry","category-ganaderia","tag-asociacion-de-productores-de-cerdo","tag-departamento-de-sanidad-animal-del-sag","tag-peste-porcina-africana","tag-sag","post_format-post-format-gallery"],"yoast_head":"<!-- This site is optimized with the Yoast SEO plugin v26.6 - https:\/\/yoast.com\/wordpress\/plugins\/seo\/ -->\n<title>SAG trabaja plan de contingencia por alerta mundial de peste porcina africana - Mundoagropecuario<\/title>\n<meta name=\"robots\" content=\"index, follow, max-snippet:-1, max-image-preview:large, max-video-preview:-1\" \/>\n<link rel=\"canonical\" href=\"https:\/\/www.mundoagropecuario.cl\/new\/sag-trabaja-plan-de-contingencia-por-alerta-mundial-de-peste-porcina-africana\/\" \/>\n<meta property=\"og:locale\" content=\"es_ES\" \/>\n<meta property=\"og:type\" content=\"article\" \/>\n<meta property=\"og:title\" content=\"SAG trabaja plan de contingencia por alerta mundial de peste porcina africana - Mundoagropecuario\" \/>\n<meta property=\"og:description\" content=\"Profesionales del \u00e1rea de Protecci\u00f3n Pecuaria que integran el Grupo de Tarea de Respuesta Temprana del Servicio se reunieron esta semana en la regi\u00f3n del Biob\u00edo (Mundo Agropecuario). Definir el...\" \/>\n<meta property=\"og:url\" content=\"https:\/\/www.mundoagropecuario.cl\/new\/sag-trabaja-plan-de-contingencia-por-alerta-mundial-de-peste-porcina-africana\/\" \/>\n<meta property=\"og:site_name\" content=\"Mundoagropecuario\" \/>\n<meta property=\"article:publisher\" content=\"https:\/\/www.facebook.com\/mundo.agropecuario.3\" \/>\n<meta property=\"article:published_time\" content=\"2018-11-09T12:09:02+00:00\" \/>\n<meta property=\"article:modified_time\" content=\"2018-11-09T13:15:50+00:00\" \/>\n<meta property=\"og:image\" content=\"https:\/\/www.mundoagropecuario.cl\/new\/wp-content\/uploads\/2018\/11\/IMG_9322.jpg\" \/>\n\t<meta property=\"og:image:width\" content=\"1024\" \/>\n\t<meta property=\"og:image:height\" content=\"683\" \/>\n\t<meta property=\"og:image:type\" content=\"image\/jpeg\" \/>\n<meta name=\"author\" content=\"mundo\" \/>\n<meta name=\"twitter:card\" content=\"summary_large_image\" \/>\n<meta name=\"twitter:creator\" content=\"@MundoAgropecuar\" \/>\n<meta name=\"twitter:site\" content=\"@MundoAgropecuar\" \/>\n<meta name=\"twitter:label1\" content=\"Escrito por\" \/>\n\t<meta name=\"twitter:data1\" content=\"mundo\" \/>\n\t<meta name=\"twitter:label2\" content=\"Tiempo de lectura\" \/>\n\t<meta name=\"twitter:data2\" content=\"3 minutos\" \/>\n<script type=\"application\/ld+json\" class=\"yoast-schema-graph\">{\"@context\":\"https:\/\/schema.org\",\"@graph\":[{\"@type\":\"Article\",\"@id\":\"https:\/\/www.mundoagropecuario.cl\/new\/sag-trabaja-plan-de-contingencia-por-alerta-mundial-de-peste-porcina-africana\/#article\",\"isPartOf\":{\"@id\":\"https:\/\/www.mundoagropecuario.cl\/new\/sag-trabaja-plan-de-contingencia-por-alerta-mundial-de-peste-porcina-africana\/\"},\"author\":{\"name\":\"mundo\",\"@id\":\"https:\/\/www.mundoagropecuario.cl\/new\/#\/schema\/person\/4e9f74a82a7dac260eb1c44b7eebeb18\"},\"headline\":\"SAG trabaja plan de contingencia por alerta mundial de peste porcina africana\",\"datePublished\":\"2018-11-09T12:09:02+00:00\",\"dateModified\":\"2018-11-09T13:15:50+00:00\",\"mainEntityOfPage\":{\"@id\":\"https:\/\/www.mundoagropecuario.cl\/new\/sag-trabaja-plan-de-contingencia-por-alerta-mundial-de-peste-porcina-africana\/\"},\"wordCount\":546,\"publisher\":{\"@id\":\"https:\/\/www.mundoagropecuario.cl\/new\/#organization\"},\"image\":{\"@id\":\"https:\/\/www.mundoagropecuario.cl\/new\/sag-trabaja-plan-de-contingencia-por-alerta-mundial-de-peste-porcina-africana\/#primaryimage\"},\"thumbnailUrl\":\"https:\/\/www.mundoagropecuario.cl\/new\/wp-content\/uploads\/2018\/11\/IMG_9322.jpg\",\"keywords\":[\"Asociaci\u00f3n de Productores de Cerdo\",\"Departamento de Sanidad Animal del SAG\",\"peste porcina africana\",\"SAG\"],\"articleSection\":[\"Ganader\u00eda\"],\"inLanguage\":\"es\"},{\"@type\":\"WebPage\",\"@id\":\"https:\/\/www.mundoagropecuario.cl\/new\/sag-trabaja-plan-de-contingencia-por-alerta-mundial-de-peste-porcina-africana\/\",\"url\":\"https:\/\/www.mundoagropecuario.cl\/new\/sag-trabaja-plan-de-contingencia-por-alerta-mundial-de-peste-porcina-africana\/\",\"name\":\"SAG trabaja plan de contingencia por alerta mundial de peste porcina africana - Mundoagropecuario\",\"isPartOf\":{\"@id\":\"https:\/\/www.mundoagropecuario.cl\/new\/#website\"},\"primaryImageOfPage\":{\"@id\":\"https:\/\/www.mundoagropecuario.cl\/new\/sag-trabaja-plan-de-contingencia-por-alerta-mundial-de-peste-porcina-africana\/#primaryimage\"},\"image\":{\"@id\":\"https:\/\/www.mundoagropecuario.cl\/new\/sag-trabaja-plan-de-contingencia-por-alerta-mundial-de-peste-porcina-africana\/#primaryimage\"},\"thumbnailUrl\":\"https:\/\/www.mundoagropecuario.cl\/new\/wp-content\/uploads\/2018\/11\/IMG_9322.jpg\",\"datePublished\":\"2018-11-09T12:09:02+00:00\",\"dateModified\":\"2018-11-09T13:15:50+00:00\",\"breadcrumb\":{\"@id\":\"https:\/\/www.mundoagropecuario.cl\/new\/sag-trabaja-plan-de-contingencia-por-alerta-mundial-de-peste-porcina-africana\/#breadcrumb\"},\"inLanguage\":\"es\",\"potentialAction\":[{\"@type\":\"ReadAction\",\"target\":[\"https:\/\/www.mundoagropecuario.cl\/new\/sag-trabaja-plan-de-contingencia-por-alerta-mundial-de-peste-porcina-africana\/\"]}]},{\"@type\":\"ImageObject\",\"inLanguage\":\"es\",\"@id\":\"https:\/\/www.mundoagropecuario.cl\/new\/sag-trabaja-plan-de-contingencia-por-alerta-mundial-de-peste-porcina-africana\/#primaryimage\",\"url\":\"https:\/\/www.mundoagropecuario.cl\/new\/wp-content\/uploads\/2018\/11\/IMG_9322.jpg\",\"contentUrl\":\"https:\/\/www.mundoagropecuario.cl\/new\/wp-content\/uploads\/2018\/11\/IMG_9322.jpg\",\"width\":600,\"height\":400},{\"@type\":\"BreadcrumbList\",\"@id\":\"https:\/\/www.mundoagropecuario.cl\/new\/sag-trabaja-plan-de-contingencia-por-alerta-mundial-de-peste-porcina-africana\/#breadcrumb\",\"itemListElement\":[{\"@type\":\"ListItem\",\"position\":1,\"name\":\"Portada\",\"item\":\"https:\/\/www.mundoagropecuario.cl\/new\/\"},{\"@type\":\"ListItem\",\"position\":2,\"name\":\"SAG trabaja plan de contingencia por alerta mundial de peste porcina africana\"}]},{\"@type\":\"WebSite\",\"@id\":\"https:\/\/www.mundoagropecuario.cl\/new\/#website\",\"url\":\"https:\/\/www.mundoagropecuario.cl\/new\/\",\"name\":\"Mundoagropecuario\",\"description\":\"Mundo Agropecuario\",\"publisher\":{\"@id\":\"https:\/\/www.mundoagropecuario.cl\/new\/#organization\"},\"potentialAction\":[{\"@type\":\"SearchAction\",\"target\":{\"@type\":\"EntryPoint\",\"urlTemplate\":\"https:\/\/www.mundoagropecuario.cl\/new\/?s={search_term_string}\"},\"query-input\":{\"@type\":\"PropertyValueSpecification\",\"valueRequired\":true,\"valueName\":\"search_term_string\"}}],\"inLanguage\":\"es\"},{\"@type\":\"Organization\",\"@id\":\"https:\/\/www.mundoagropecuario.cl\/new\/#organization\",\"name\":\"Revista de Agricultura\",\"url\":\"https:\/\/www.mundoagropecuario.cl\/new\/\",\"logo\":{\"@type\":\"ImageObject\",\"inLanguage\":\"es\",\"@id\":\"https:\/\/www.mundoagropecuario.cl\/new\/#\/schema\/logo\/image\/\",\"url\":\"https:\/\/www.mundoagropecuario.cl\/new\/wp-content\/uploads\/2020\/11\/PORTAL-1-1.png\",\"contentUrl\":\"https:\/\/www.mundoagropecuario.cl\/new\/wp-content\/uploads\/2020\/11\/PORTAL-1-1.png\",\"width\":1026,\"height\":100,\"caption\":\"Revista de Agricultura\"},\"image\":{\"@id\":\"https:\/\/www.mundoagropecuario.cl\/new\/#\/schema\/logo\/image\/\"},\"sameAs\":[\"https:\/\/www.facebook.com\/mundo.agropecuario.3\",\"https:\/\/x.com\/MundoAgropecuar\",\"https:\/\/www.linkedin.com\/in\/mundo-agropecuario-934009201\/\"]},{\"@type\":\"Person\",\"@id\":\"https:\/\/www.mundoagropecuario.cl\/new\/#\/schema\/person\/4e9f74a82a7dac260eb1c44b7eebeb18\",\"name\":\"mundo\",\"url\":\"https:\/\/www.mundoagropecuario.cl\/new\/author\/mundo\/\"}]}<\/script>\n<!-- \/ Yoast SEO plugin. -->","yoast_head_json":{"title":"SAG trabaja plan de contingencia por alerta mundial de peste porcina africana - Mundoagropecuario","robots":{"index":"index","follow":"follow","max-snippet":"max-snippet:-1","max-image-preview":"max-image-preview:large","max-video-preview":"max-video-preview:-1"},"canonical":"https:\/\/www.mundoagropecuario.cl\/new\/sag-trabaja-plan-de-contingencia-por-alerta-mundial-de-peste-porcina-africana\/","og_locale":"es_ES","og_type":"article","og_title":"SAG trabaja plan de contingencia por alerta mundial de peste porcina africana - Mundoagropecuario","og_description":"Profesionales del \u00e1rea de Protecci\u00f3n Pecuaria que integran el Grupo de Tarea de Respuesta Temprana del Servicio se reunieron esta semana en la regi\u00f3n del Biob\u00edo (Mundo Agropecuario). Definir el...","og_url":"https:\/\/www.mundoagropecuario.cl\/new\/sag-trabaja-plan-de-contingencia-por-alerta-mundial-de-peste-porcina-africana\/","og_site_name":"Mundoagropecuario","article_publisher":"https:\/\/www.facebook.com\/mundo.agropecuario.3","article_published_time":"2018-11-09T12:09:02+00:00","article_modified_time":"2018-11-09T13:15:50+00:00","og_image":[{"width":1024,"height":683,"url":"https:\/\/www.mundoagropecuario.cl\/new\/wp-content\/uploads\/2018\/11\/IMG_9322.jpg","type":"image\/jpeg"}],"author":"mundo","twitter_card":"summary_large_image","twitter_creator":"@MundoAgropecuar","twitter_site":"@MundoAgropecuar","twitter_misc":{"Escrito por":"mundo","Tiempo de lectura":"3 minutos"},"schema":{"@context":"https:\/\/schema.org","@graph":[{"@type":"Article","@id":"https:\/\/www.mundoagropecuario.cl\/new\/sag-trabaja-plan-de-contingencia-por-alerta-mundial-de-peste-porcina-africana\/#article","isPartOf":{"@id":"https:\/\/www.mundoagropecuario.cl\/new\/sag-trabaja-plan-de-contingencia-por-alerta-mundial-de-peste-porcina-africana\/"},"author":{"name":"mundo","@id":"https:\/\/www.mundoagropecuario.cl\/new\/#\/schema\/person\/4e9f74a82a7dac260eb1c44b7eebeb18"},"headline":"SAG trabaja plan de contingencia por alerta mundial de peste porcina africana","datePublished":"2018-11-09T12:09:02+00:00","dateModified":"2018-11-09T13:15:50+00:00","mainEntityOfPage":{"@id":"https:\/\/www.mundoagropecuario.cl\/new\/sag-trabaja-plan-de-contingencia-por-alerta-mundial-de-peste-porcina-africana\/"},"wordCount":546,"publisher":{"@id":"https:\/\/www.mundoagropecuario.cl\/new\/#organization"},"image":{"@id":"https:\/\/www.mundoagropecuario.cl\/new\/sag-trabaja-plan-de-contingencia-por-alerta-mundial-de-peste-porcina-africana\/#primaryimage"},"thumbnailUrl":"https:\/\/www.mundoagropecuario.cl\/new\/wp-content\/uploads\/2018\/11\/IMG_9322.jpg","keywords":["Asociaci\u00f3n de Productores de Cerdo","Departamento de Sanidad Animal del SAG","peste porcina africana","SAG"],"articleSection":["Ganader\u00eda"],"inLanguage":"es"},{"@type":"WebPage","@id":"https:\/\/www.mundoagropecuario.cl\/new\/sag-trabaja-plan-de-contingencia-por-alerta-mundial-de-peste-porcina-africana\/","url":"https:\/\/www.mundoagropecuario.cl\/new\/sag-trabaja-plan-de-contingencia-por-alerta-mundial-de-peste-porcina-africana\/","name":"SAG trabaja plan de contingencia por alerta mundial de peste porcina africana - Mundoagropecuario","isPartOf":{"@id":"https:\/\/www.mundoagropecuario.cl\/new\/#website"},"primaryImageOfPage":{"@id":"https:\/\/www.mundoagropecuario.cl\/new\/sag-trabaja-plan-de-contingencia-por-alerta-mundial-de-peste-porcina-africana\/#primaryimage"},"image":{"@id":"https:\/\/www.mundoagropecuario.cl\/new\/sag-trabaja-plan-de-contingencia-por-alerta-mundial-de-peste-porcina-africana\/#primaryimage"},"thumbnailUrl":"https:\/\/www.mundoagropecuario.cl\/new\/wp-content\/uploads\/2018\/11\/IMG_9322.jpg","datePublished":"2018-11-09T12:09:02+00:00","dateModified":"2018-11-09T13:15:50+00:00","breadcrumb":{"@id":"https:\/\/www.mundoagropecuario.cl\/new\/sag-trabaja-plan-de-contingencia-por-alerta-mundial-de-peste-porcina-africana\/#breadcrumb"},"inLanguage":"es","potentialAction":[{"@type":"ReadAction","target":["https:\/\/www.mundoagropecuario.cl\/new\/sag-trabaja-plan-de-contingencia-por-alerta-mundial-de-peste-porcina-africana\/"]}]},{"@type":"ImageObject","inLanguage":"es","@id":"https:\/\/www.mundoagropecuario.cl\/new\/sag-trabaja-plan-de-contingencia-por-alerta-mundial-de-peste-porcina-africana\/#primaryimage","url":"https:\/\/www.mundoagropecuario.cl\/new\/wp-content\/uploads\/2018\/11\/IMG_9322.jpg","contentUrl":"https:\/\/www.mundoagropecuario.cl\/new\/wp-content\/uploads\/2018\/11\/IMG_9322.jpg","width":600,"height":400},{"@type":"BreadcrumbList","@id":"https:\/\/www.mundoagropecuario.cl\/new\/sag-trabaja-plan-de-contingencia-por-alerta-mundial-de-peste-porcina-africana\/#breadcrumb","itemListElement":[{"@type":"ListItem","position":1,"name":"Portada","item":"https:\/\/www.mundoagropecuario.cl\/new\/"},{"@type":"ListItem","position":2,"name":"SAG trabaja plan de contingencia por alerta mundial de peste porcina africana"}]},{"@type":"WebSite","@id":"https:\/\/www.mundoagropecuario.cl\/new\/#website","url":"https:\/\/www.mundoagropecuario.cl\/new\/","name":"Mundoagropecuario","description":"Mundo Agropecuario","publisher":{"@id":"https:\/\/www.mundoagropecuario.cl\/new\/#organization"},"potentialAction":[{"@type":"SearchAction","target":{"@type":"EntryPoint","urlTemplate":"https:\/\/www.mundoagropecuario.cl\/new\/?s={search_term_string}"},"query-input":{"@type":"PropertyValueSpecification","valueRequired":true,"valueName":"search_term_string"}}],"inLanguage":"es"},{"@type":"Organization","@id":"https:\/\/www.mundoagropecuario.cl\/new\/#organization","name":"Revista de Agricultura","url":"https:\/\/www.mundoagropecuario.cl\/new\/","logo":{"@type":"ImageObject","inLanguage":"es","@id":"https:\/\/www.mundoagropecuario.cl\/new\/#\/schema\/logo\/image\/","url":"https:\/\/www.mundoagropecuario.cl\/new\/wp-content\/uploads\/2020\/11\/PORTAL-1-1.png","contentUrl":"https:\/\/www.mundoagropecuario.cl\/new\/wp-content\/uploads\/2020\/11\/PORTAL-1-1.png","width":1026,"height":100,"caption":"Revista de Agricultura"},"image":{"@id":"https:\/\/www.mundoagropecuario.cl\/new\/#\/schema\/logo\/image\/"},"sameAs":["https:\/\/www.facebook.com\/mundo.agropecuario.3","https:\/\/x.com\/MundoAgropecuar","https:\/\/www.linkedin.com\/in\/mundo-agropecuario-934009201\/"]},{"@type":"Person","@id":"https:\/\/www.mundoagropecuario.cl\/new\/#\/schema\/person\/4e9f74a82a7dac260eb1c44b7eebeb18","name":"mundo","url":"https:\/\/www.mundoagropecuario.cl\/new\/author\/mundo\/"}]}},"_links":{"self":[{"href":"https:\/\/www.mundoagropecuario.cl\/new\/wp-json\/wp\/v2\/posts\/9375","targetHints":{"allow":["GET"]}}],"collection":[{"href":"https:\/\/www.mundoagropecuario.cl\/new\/wp-json\/wp\/v2\/posts"}],"about":[{"href":"https:\/\/www.mundoagropecuario.cl\/new\/wp-json\/wp\/v2\/types\/post"}],"author":[{"embeddable":true,"href":"https:\/\/www.mundoagropecuario.cl\/new\/wp-json\/wp\/v2\/users\/2"}],"replies":[{"embeddable":true,"href":"https:\/\/www.mundoagropecuario.cl\/new\/wp-json\/wp\/v2\/comments?post=9375"}],"version-history":[{"count":1,"href":"https:\/\/www.mundoagropecuario.cl\/new\/wp-json\/wp\/v2\/posts\/9375\/revisions"}],"predecessor-version":[{"id":9378,"href":"https:\/\/www.mundoagropecuario.cl\/new\/wp-json\/wp\/v2\/posts\/9375\/revisions\/9378"}],"wp:featuredmedia":[{"embeddable":true,"href":"https:\/\/www.mundoagropecuario.cl\/new\/wp-json\/wp\/v2\/media\/9376"}],"wp:attachment":[{"href":"https:\/\/www.mundoagropecuario.cl\/new\/wp-json\/wp\/v2\/media?parent=9375"}],"wp:term":[{"taxonomy":"category","embeddable":true,"href":"https:\/\/www.mundoagropecuario.cl\/new\/wp-json\/wp\/v2\/categories?post=9375"},{"taxonomy":"post_tag","embeddable":true,"href":"https:\/\/www.mundoagropecuario.cl\/new\/wp-json\/wp\/v2\/tags?post=9375"}],"curies":[{"name":"wp","href":"https:\/\/api.w.org\/{rel}","templated":true}]}}