{"id":9370,"date":"2018-11-08T10:31:33","date_gmt":"2018-11-08T13:31:33","guid":{"rendered":"http:\/\/www.mundoagropecuario.cl\/new\/?p=9370"},"modified":"2018-11-08T10:31:33","modified_gmt":"2018-11-08T13:31:33","slug":"ministro-alfredo-moreno-sesiono-en-inia-carillanca-en-1ra-reunion-en-regiones-de-la-mesa-nacional-de-pueblos-indigenas","status":"publish","type":"post","link":"https:\/\/www.mundoagropecuario.cl\/new\/ministro-alfredo-moreno-sesiono-en-inia-carillanca-en-1ra-reunion-en-regiones-de-la-mesa-nacional-de-pueblos-indigenas\/","title":{"rendered":"Ministro Alfredo Moreno sesion\u00f3 en INIA Carillanca, en 1ra reuni\u00f3n en regiones de la Mesa Nacional de Pueblos Ind\u00edgenas"},"content":{"rendered":"<blockquote><p><em>La instancia tiene como misi\u00f3n sacar adelante a m\u00e1s de 250 mil personas de este grupo vulnerable en La Araucan\u00eda (Mundo Agropecuario).<\/em><\/p><\/blockquote>\n<p>La actividad se desarroll\u00f3 en dependencias del Centro Regional del Instituto de Investigaciones Agropecuarias, INIA Carillanca, en la comuna de Vilc\u00fan, y cont\u00f3 con la presencia de representantes del ministerio de Desarrollo Social, Conadi, la sociedad civil y el mundo privado. La autoridad fue recibida en INIA Carillanca por su Directora Regional Elizabeth Kehr y el Subdirector de I+D, Jaime Mej\u00edas.<\/p>\n<p>El secretario de Estado indic\u00f3 que espera incluir pronto a personas del pueblo mapuche a la mesa de trabajo.<\/p>\n<p>En la Regi\u00f3n de La Araucan\u00eda hay m\u00e1s de 250 mil personas pertenecientes a pueblos ind\u00edgenas en el 40% m\u00e1s vulnerable de la poblaci\u00f3n. Para ayudarlos a salir adelante, el programa Compromiso Pa\u00eds los incluy\u00f3 entre los 16 grupos del mapa de la vulnerabilidad que coordina el ministerio de Desarrollo Social. Este 7 de noviembre, el ministro Alfredo Moreno encabez\u00f3 la primera sesi\u00f3n de la mesa de trabajo que buscar\u00e1 soluciones colaborativas a las carencias de este grupo.<\/p>\n<p>La instancia, que contar\u00e1 con representantes de la sociedad civil, del Estado, de la academia, del mundo privado y de los propios usuarios, cont\u00f3 con la presencia de Andr\u00e9s Cort\u00e9s, coordinador de la Unidad de Asuntos Ind\u00edgenas del ministerio de Desarrollo Social; Cristi\u00e1n Goldberg, presidente de Desaf\u00edo Levantemos Chile; el empresario Juan Sutil; y Rodrigo Carrasco, Seremi de Desarrollo Social de La Araucan\u00eda.<\/p>\n<p>Al finalizar la cita, el ministro Alfredo Moreno se\u00f1al\u00f3 que \u201cen Compromiso Pa\u00eds vemos la pobreza en un concepto mucho m\u00e1s amplio, no solo como las personas que no pueden terminar el mes. A veces los problemas son de otra naturaleza, por ejemplo, en el sentido de no poder salir de una condici\u00f3n muy dura. Uno de los grupos de Compromiso Pa\u00eds es el de los pueblos originarios que viven en pobreza. Vamos a incorporar personas del pueblo mapuche a la mesa de trabajo y nuestra idea es ponernos a trabajar con todos los pueblos originarios en todo el pa\u00eds\u201d.<\/p>\n<p>Sobre los focos que tendr\u00e1 esta mesa de trabajo, tanto Juan Sutil como Cristi\u00e1n Goldberg manifestaron en los \u00faltimos d\u00edas la necesidad de abordar en conjunto la precariedad de la educaci\u00f3n primaria en La Araucan\u00eda y mejorar el \u00e1mbito productivo. Ambos temas fueron abordados en la reuni\u00f3n de esta ma\u00f1ana y ya se proyecta la implementaci\u00f3n de programas piloto que aborden estas problem\u00e1ticas en al menos dos comunas de la regi\u00f3n. Una de ellas podr\u00eda ser Ercilla.<\/p>\n<p>Seg\u00fan los datos de Casen 2017, el grupo de personas pertenecientes a pueblos ind\u00edgenas en el 40% de menores ingresos es el segundo grupo vulnerable m\u00e1s grande en la regi\u00f3n, solo superado por las personas mayores de 18 a\u00f1os sin escolaridad completa que no est\u00e1n estudiando. En tanto, el tercer lugar son las personas que residen en una vivienda sin servicios sanitarios b\u00e1sicos.<\/p>\n<p>Antes de la sesi\u00f3n de la mesa de trabajo, el ministro Alfredo Moreno lleg\u00f3 hasta el Fundo El Natre, un lugar ubicado en la comuna de Vilc\u00fan para entregar a la Cooperativa El Natre un terreno de 4 hect\u00e1reas que pertenec\u00eda al ministerio de Bienes Nacionales. Esta entrega simboliza el trabajo de la alianza p\u00fablico privada en la zona, pues la cooperativa su vez ceder\u00e1 parte del espacio a otra agrupaci\u00f3n, la Cooperativa de floristas Mail\u00e9n, y con ayuda de Desaf\u00edo Levantemos Chile se construir\u00e1 un vivero. Cabe indicar que la Cooperativa el Natre trabaja estrechamente con INIA Carillanca a trav\u00e9s de un GTT hort\u00edcola.<\/p>\n","protected":false},"excerpt":{"rendered":"<p>La instancia tiene como misi\u00f3n sacar adelante a m\u00e1s de 250 mil personas de este grupo vulnerable en La Araucan\u00eda (Mundo Agropecuario). La actividad se desarroll\u00f3 en dependencias del Centro&#8230;<\/p>\n","protected":false},"author":2,"featured_media":9371,"comment_status":"closed","ping_status":"closed","sticky":false,"template":"","format":"standard","meta":{"footnotes":""},"categories":[1987],"tags":[2812,2538,2404,2814,2811,2813],"class_list":["post-9370","post","type-post","status-publish","format-standard","has-post-thumbnail","hentry","category-instituciones","tag-directora-regional","tag-elizabeth-kehr","tag-inia-carillanca","tag-jaime-mejias","tag-ministro-alfredo-moreno","tag-subdirector"],"yoast_head":"<!-- This site is optimized with the Yoast SEO plugin v26.6 - https:\/\/yoast.com\/wordpress\/plugins\/seo\/ -->\n<title>Ministro Alfredo Moreno sesion\u00f3 en INIA Carillanca, en 1ra reuni\u00f3n en regiones de la Mesa Nacional de Pueblos Ind\u00edgenas - Mundoagropecuario<\/title>\n<meta name=\"robots\" content=\"index, follow, max-snippet:-1, max-image-preview:large, max-video-preview:-1\" \/>\n<link rel=\"canonical\" href=\"https:\/\/www.mundoagropecuario.cl\/new\/ministro-alfredo-moreno-sesiono-en-inia-carillanca-en-1ra-reunion-en-regiones-de-la-mesa-nacional-de-pueblos-indigenas\/\" \/>\n<meta property=\"og:locale\" content=\"es_ES\" \/>\n<meta property=\"og:type\" content=\"article\" \/>\n<meta property=\"og:title\" content=\"Ministro Alfredo Moreno sesion\u00f3 en INIA Carillanca, en 1ra reuni\u00f3n en regiones de la Mesa Nacional de Pueblos Ind\u00edgenas - Mundoagropecuario\" \/>\n<meta property=\"og:description\" content=\"La instancia tiene como misi\u00f3n sacar adelante a m\u00e1s de 250 mil personas de este grupo vulnerable en La Araucan\u00eda (Mundo Agropecuario). La actividad se desarroll\u00f3 en dependencias del Centro...\" \/>\n<meta property=\"og:url\" content=\"https:\/\/www.mundoagropecuario.cl\/new\/ministro-alfredo-moreno-sesiono-en-inia-carillanca-en-1ra-reunion-en-regiones-de-la-mesa-nacional-de-pueblos-indigenas\/\" \/>\n<meta property=\"og:site_name\" content=\"Mundoagropecuario\" \/>\n<meta property=\"article:publisher\" content=\"https:\/\/www.facebook.com\/mundo.agropecuario.3\" \/>\n<meta property=\"article:published_time\" content=\"2018-11-08T13:31:33+00:00\" \/>\n<meta property=\"og:image\" content=\"https:\/\/www.mundoagropecuario.cl\/new\/wp-content\/uploads\/2018\/11\/Carillanca-0b.jpg\" \/>\n\t<meta property=\"og:image:width\" content=\"919\" \/>\n\t<meta property=\"og:image:height\" content=\"500\" \/>\n\t<meta property=\"og:image:type\" content=\"image\/jpeg\" \/>\n<meta name=\"author\" content=\"mundo\" \/>\n<meta name=\"twitter:card\" content=\"summary_large_image\" \/>\n<meta name=\"twitter:creator\" content=\"@MundoAgropecuar\" \/>\n<meta name=\"twitter:site\" content=\"@MundoAgropecuar\" \/>\n<meta name=\"twitter:label1\" content=\"Escrito por\" \/>\n\t<meta name=\"twitter:data1\" content=\"mundo\" \/>\n\t<meta name=\"twitter:label2\" content=\"Tiempo de lectura\" \/>\n\t<meta name=\"twitter:data2\" content=\"3 minutos\" \/>\n<script type=\"application\/ld+json\" class=\"yoast-schema-graph\">{\"@context\":\"https:\/\/schema.org\",\"@graph\":[{\"@type\":\"Article\",\"@id\":\"https:\/\/www.mundoagropecuario.cl\/new\/ministro-alfredo-moreno-sesiono-en-inia-carillanca-en-1ra-reunion-en-regiones-de-la-mesa-nacional-de-pueblos-indigenas\/#article\",\"isPartOf\":{\"@id\":\"https:\/\/www.mundoagropecuario.cl\/new\/ministro-alfredo-moreno-sesiono-en-inia-carillanca-en-1ra-reunion-en-regiones-de-la-mesa-nacional-de-pueblos-indigenas\/\"},\"author\":{\"name\":\"mundo\",\"@id\":\"https:\/\/www.mundoagropecuario.cl\/new\/#\/schema\/person\/4e9f74a82a7dac260eb1c44b7eebeb18\"},\"headline\":\"Ministro Alfredo Moreno sesion\u00f3 en INIA Carillanca, en 1ra reuni\u00f3n en regiones de la Mesa Nacional de Pueblos Ind\u00edgenas\",\"datePublished\":\"2018-11-08T13:31:33+00:00\",\"mainEntityOfPage\":{\"@id\":\"https:\/\/www.mundoagropecuario.cl\/new\/ministro-alfredo-moreno-sesiono-en-inia-carillanca-en-1ra-reunion-en-regiones-de-la-mesa-nacional-de-pueblos-indigenas\/\"},\"wordCount\":653,\"publisher\":{\"@id\":\"https:\/\/www.mundoagropecuario.cl\/new\/#organization\"},\"image\":{\"@id\":\"https:\/\/www.mundoagropecuario.cl\/new\/ministro-alfredo-moreno-sesiono-en-inia-carillanca-en-1ra-reunion-en-regiones-de-la-mesa-nacional-de-pueblos-indigenas\/#primaryimage\"},\"thumbnailUrl\":\"https:\/\/www.mundoagropecuario.cl\/new\/wp-content\/uploads\/2018\/11\/Carillanca-0b.jpg\",\"keywords\":[\"Directora Regional\",\"Elizabeth Kehr.\",\"INIA Carillanca\",\"jaime Mej\u00edas.\",\"Ministro Alfredo Moreno\",\"Subdirector\"],\"articleSection\":[\"Instituciones\"],\"inLanguage\":\"es\"},{\"@type\":\"WebPage\",\"@id\":\"https:\/\/www.mundoagropecuario.cl\/new\/ministro-alfredo-moreno-sesiono-en-inia-carillanca-en-1ra-reunion-en-regiones-de-la-mesa-nacional-de-pueblos-indigenas\/\",\"url\":\"https:\/\/www.mundoagropecuario.cl\/new\/ministro-alfredo-moreno-sesiono-en-inia-carillanca-en-1ra-reunion-en-regiones-de-la-mesa-nacional-de-pueblos-indigenas\/\",\"name\":\"Ministro Alfredo Moreno sesion\u00f3 en INIA Carillanca, en 1ra reuni\u00f3n en regiones de la Mesa Nacional de Pueblos Ind\u00edgenas - Mundoagropecuario\",\"isPartOf\":{\"@id\":\"https:\/\/www.mundoagropecuario.cl\/new\/#website\"},\"primaryImageOfPage\":{\"@id\":\"https:\/\/www.mundoagropecuario.cl\/new\/ministro-alfredo-moreno-sesiono-en-inia-carillanca-en-1ra-reunion-en-regiones-de-la-mesa-nacional-de-pueblos-indigenas\/#primaryimage\"},\"image\":{\"@id\":\"https:\/\/www.mundoagropecuario.cl\/new\/ministro-alfredo-moreno-sesiono-en-inia-carillanca-en-1ra-reunion-en-regiones-de-la-mesa-nacional-de-pueblos-indigenas\/#primaryimage\"},\"thumbnailUrl\":\"https:\/\/www.mundoagropecuario.cl\/new\/wp-content\/uploads\/2018\/11\/Carillanca-0b.jpg\",\"datePublished\":\"2018-11-08T13:31:33+00:00\",\"breadcrumb\":{\"@id\":\"https:\/\/www.mundoagropecuario.cl\/new\/ministro-alfredo-moreno-sesiono-en-inia-carillanca-en-1ra-reunion-en-regiones-de-la-mesa-nacional-de-pueblos-indigenas\/#breadcrumb\"},\"inLanguage\":\"es\",\"potentialAction\":[{\"@type\":\"ReadAction\",\"target\":[\"https:\/\/www.mundoagropecuario.cl\/new\/ministro-alfredo-moreno-sesiono-en-inia-carillanca-en-1ra-reunion-en-regiones-de-la-mesa-nacional-de-pueblos-indigenas\/\"]}]},{\"@type\":\"ImageObject\",\"inLanguage\":\"es\",\"@id\":\"https:\/\/www.mundoagropecuario.cl\/new\/ministro-alfredo-moreno-sesiono-en-inia-carillanca-en-1ra-reunion-en-regiones-de-la-mesa-nacional-de-pueblos-indigenas\/#primaryimage\",\"url\":\"https:\/\/www.mundoagropecuario.cl\/new\/wp-content\/uploads\/2018\/11\/Carillanca-0b.jpg\",\"contentUrl\":\"https:\/\/www.mundoagropecuario.cl\/new\/wp-content\/uploads\/2018\/11\/Carillanca-0b.jpg\",\"width\":720,\"height\":392},{\"@type\":\"BreadcrumbList\",\"@id\":\"https:\/\/www.mundoagropecuario.cl\/new\/ministro-alfredo-moreno-sesiono-en-inia-carillanca-en-1ra-reunion-en-regiones-de-la-mesa-nacional-de-pueblos-indigenas\/#breadcrumb\",\"itemListElement\":[{\"@type\":\"ListItem\",\"position\":1,\"name\":\"Portada\",\"item\":\"https:\/\/www.mundoagropecuario.cl\/new\/\"},{\"@type\":\"ListItem\",\"position\":2,\"name\":\"Ministro Alfredo Moreno sesion\u00f3 en INIA Carillanca, en 1ra reuni\u00f3n en regiones de la Mesa Nacional de Pueblos Ind\u00edgenas\"}]},{\"@type\":\"WebSite\",\"@id\":\"https:\/\/www.mundoagropecuario.cl\/new\/#website\",\"url\":\"https:\/\/www.mundoagropecuario.cl\/new\/\",\"name\":\"Mundoagropecuario\",\"description\":\"Mundo Agropecuario\",\"publisher\":{\"@id\":\"https:\/\/www.mundoagropecuario.cl\/new\/#organization\"},\"potentialAction\":[{\"@type\":\"SearchAction\",\"target\":{\"@type\":\"EntryPoint\",\"urlTemplate\":\"https:\/\/www.mundoagropecuario.cl\/new\/?s={search_term_string}\"},\"query-input\":{\"@type\":\"PropertyValueSpecification\",\"valueRequired\":true,\"valueName\":\"search_term_string\"}}],\"inLanguage\":\"es\"},{\"@type\":\"Organization\",\"@id\":\"https:\/\/www.mundoagropecuario.cl\/new\/#organization\",\"name\":\"Revista de Agricultura\",\"url\":\"https:\/\/www.mundoagropecuario.cl\/new\/\",\"logo\":{\"@type\":\"ImageObject\",\"inLanguage\":\"es\",\"@id\":\"https:\/\/www.mundoagropecuario.cl\/new\/#\/schema\/logo\/image\/\",\"url\":\"https:\/\/www.mundoagropecuario.cl\/new\/wp-content\/uploads\/2020\/11\/PORTAL-1-1.png\",\"contentUrl\":\"https:\/\/www.mundoagropecuario.cl\/new\/wp-content\/uploads\/2020\/11\/PORTAL-1-1.png\",\"width\":1026,\"height\":100,\"caption\":\"Revista de Agricultura\"},\"image\":{\"@id\":\"https:\/\/www.mundoagropecuario.cl\/new\/#\/schema\/logo\/image\/\"},\"sameAs\":[\"https:\/\/www.facebook.com\/mundo.agropecuario.3\",\"https:\/\/x.com\/MundoAgropecuar\",\"https:\/\/www.linkedin.com\/in\/mundo-agropecuario-934009201\/\"]},{\"@type\":\"Person\",\"@id\":\"https:\/\/www.mundoagropecuario.cl\/new\/#\/schema\/person\/4e9f74a82a7dac260eb1c44b7eebeb18\",\"name\":\"mundo\",\"url\":\"https:\/\/www.mundoagropecuario.cl\/new\/author\/mundo\/\"}]}<\/script>\n<!-- \/ Yoast SEO plugin. -->","yoast_head_json":{"title":"Ministro Alfredo Moreno sesion\u00f3 en INIA Carillanca, en 1ra reuni\u00f3n en regiones de la Mesa Nacional de Pueblos Ind\u00edgenas - Mundoagropecuario","robots":{"index":"index","follow":"follow","max-snippet":"max-snippet:-1","max-image-preview":"max-image-preview:large","max-video-preview":"max-video-preview:-1"},"canonical":"https:\/\/www.mundoagropecuario.cl\/new\/ministro-alfredo-moreno-sesiono-en-inia-carillanca-en-1ra-reunion-en-regiones-de-la-mesa-nacional-de-pueblos-indigenas\/","og_locale":"es_ES","og_type":"article","og_title":"Ministro Alfredo Moreno sesion\u00f3 en INIA Carillanca, en 1ra reuni\u00f3n en regiones de la Mesa Nacional de Pueblos Ind\u00edgenas - Mundoagropecuario","og_description":"La instancia tiene como misi\u00f3n sacar adelante a m\u00e1s de 250 mil personas de este grupo vulnerable en La Araucan\u00eda (Mundo Agropecuario). La actividad se desarroll\u00f3 en dependencias del Centro...","og_url":"https:\/\/www.mundoagropecuario.cl\/new\/ministro-alfredo-moreno-sesiono-en-inia-carillanca-en-1ra-reunion-en-regiones-de-la-mesa-nacional-de-pueblos-indigenas\/","og_site_name":"Mundoagropecuario","article_publisher":"https:\/\/www.facebook.com\/mundo.agropecuario.3","article_published_time":"2018-11-08T13:31:33+00:00","og_image":[{"width":919,"height":500,"url":"https:\/\/www.mundoagropecuario.cl\/new\/wp-content\/uploads\/2018\/11\/Carillanca-0b.jpg","type":"image\/jpeg"}],"author":"mundo","twitter_card":"summary_large_image","twitter_creator":"@MundoAgropecuar","twitter_site":"@MundoAgropecuar","twitter_misc":{"Escrito por":"mundo","Tiempo de lectura":"3 minutos"},"schema":{"@context":"https:\/\/schema.org","@graph":[{"@type":"Article","@id":"https:\/\/www.mundoagropecuario.cl\/new\/ministro-alfredo-moreno-sesiono-en-inia-carillanca-en-1ra-reunion-en-regiones-de-la-mesa-nacional-de-pueblos-indigenas\/#article","isPartOf":{"@id":"https:\/\/www.mundoagropecuario.cl\/new\/ministro-alfredo-moreno-sesiono-en-inia-carillanca-en-1ra-reunion-en-regiones-de-la-mesa-nacional-de-pueblos-indigenas\/"},"author":{"name":"mundo","@id":"https:\/\/www.mundoagropecuario.cl\/new\/#\/schema\/person\/4e9f74a82a7dac260eb1c44b7eebeb18"},"headline":"Ministro Alfredo Moreno sesion\u00f3 en INIA Carillanca, en 1ra reuni\u00f3n en regiones de la Mesa Nacional de Pueblos Ind\u00edgenas","datePublished":"2018-11-08T13:31:33+00:00","mainEntityOfPage":{"@id":"https:\/\/www.mundoagropecuario.cl\/new\/ministro-alfredo-moreno-sesiono-en-inia-carillanca-en-1ra-reunion-en-regiones-de-la-mesa-nacional-de-pueblos-indigenas\/"},"wordCount":653,"publisher":{"@id":"https:\/\/www.mundoagropecuario.cl\/new\/#organization"},"image":{"@id":"https:\/\/www.mundoagropecuario.cl\/new\/ministro-alfredo-moreno-sesiono-en-inia-carillanca-en-1ra-reunion-en-regiones-de-la-mesa-nacional-de-pueblos-indigenas\/#primaryimage"},"thumbnailUrl":"https:\/\/www.mundoagropecuario.cl\/new\/wp-content\/uploads\/2018\/11\/Carillanca-0b.jpg","keywords":["Directora Regional","Elizabeth Kehr.","INIA Carillanca","jaime Mej\u00edas.","Ministro Alfredo Moreno","Subdirector"],"articleSection":["Instituciones"],"inLanguage":"es"},{"@type":"WebPage","@id":"https:\/\/www.mundoagropecuario.cl\/new\/ministro-alfredo-moreno-sesiono-en-inia-carillanca-en-1ra-reunion-en-regiones-de-la-mesa-nacional-de-pueblos-indigenas\/","url":"https:\/\/www.mundoagropecuario.cl\/new\/ministro-alfredo-moreno-sesiono-en-inia-carillanca-en-1ra-reunion-en-regiones-de-la-mesa-nacional-de-pueblos-indigenas\/","name":"Ministro Alfredo Moreno sesion\u00f3 en INIA Carillanca, en 1ra reuni\u00f3n en regiones de la Mesa Nacional de Pueblos Ind\u00edgenas - Mundoagropecuario","isPartOf":{"@id":"https:\/\/www.mundoagropecuario.cl\/new\/#website"},"primaryImageOfPage":{"@id":"https:\/\/www.mundoagropecuario.cl\/new\/ministro-alfredo-moreno-sesiono-en-inia-carillanca-en-1ra-reunion-en-regiones-de-la-mesa-nacional-de-pueblos-indigenas\/#primaryimage"},"image":{"@id":"https:\/\/www.mundoagropecuario.cl\/new\/ministro-alfredo-moreno-sesiono-en-inia-carillanca-en-1ra-reunion-en-regiones-de-la-mesa-nacional-de-pueblos-indigenas\/#primaryimage"},"thumbnailUrl":"https:\/\/www.mundoagropecuario.cl\/new\/wp-content\/uploads\/2018\/11\/Carillanca-0b.jpg","datePublished":"2018-11-08T13:31:33+00:00","breadcrumb":{"@id":"https:\/\/www.mundoagropecuario.cl\/new\/ministro-alfredo-moreno-sesiono-en-inia-carillanca-en-1ra-reunion-en-regiones-de-la-mesa-nacional-de-pueblos-indigenas\/#breadcrumb"},"inLanguage":"es","potentialAction":[{"@type":"ReadAction","target":["https:\/\/www.mundoagropecuario.cl\/new\/ministro-alfredo-moreno-sesiono-en-inia-carillanca-en-1ra-reunion-en-regiones-de-la-mesa-nacional-de-pueblos-indigenas\/"]}]},{"@type":"ImageObject","inLanguage":"es","@id":"https:\/\/www.mundoagropecuario.cl\/new\/ministro-alfredo-moreno-sesiono-en-inia-carillanca-en-1ra-reunion-en-regiones-de-la-mesa-nacional-de-pueblos-indigenas\/#primaryimage","url":"https:\/\/www.mundoagropecuario.cl\/new\/wp-content\/uploads\/2018\/11\/Carillanca-0b.jpg","contentUrl":"https:\/\/www.mundoagropecuario.cl\/new\/wp-content\/uploads\/2018\/11\/Carillanca-0b.jpg","width":720,"height":392},{"@type":"BreadcrumbList","@id":"https:\/\/www.mundoagropecuario.cl\/new\/ministro-alfredo-moreno-sesiono-en-inia-carillanca-en-1ra-reunion-en-regiones-de-la-mesa-nacional-de-pueblos-indigenas\/#breadcrumb","itemListElement":[{"@type":"ListItem","position":1,"name":"Portada","item":"https:\/\/www.mundoagropecuario.cl\/new\/"},{"@type":"ListItem","position":2,"name":"Ministro Alfredo Moreno sesion\u00f3 en INIA Carillanca, en 1ra reuni\u00f3n en regiones de la Mesa Nacional de Pueblos Ind\u00edgenas"}]},{"@type":"WebSite","@id":"https:\/\/www.mundoagropecuario.cl\/new\/#website","url":"https:\/\/www.mundoagropecuario.cl\/new\/","name":"Mundoagropecuario","description":"Mundo Agropecuario","publisher":{"@id":"https:\/\/www.mundoagropecuario.cl\/new\/#organization"},"potentialAction":[{"@type":"SearchAction","target":{"@type":"EntryPoint","urlTemplate":"https:\/\/www.mundoagropecuario.cl\/new\/?s={search_term_string}"},"query-input":{"@type":"PropertyValueSpecification","valueRequired":true,"valueName":"search_term_string"}}],"inLanguage":"es"},{"@type":"Organization","@id":"https:\/\/www.mundoagropecuario.cl\/new\/#organization","name":"Revista de Agricultura","url":"https:\/\/www.mundoagropecuario.cl\/new\/","logo":{"@type":"ImageObject","inLanguage":"es","@id":"https:\/\/www.mundoagropecuario.cl\/new\/#\/schema\/logo\/image\/","url":"https:\/\/www.mundoagropecuario.cl\/new\/wp-content\/uploads\/2020\/11\/PORTAL-1-1.png","contentUrl":"https:\/\/www.mundoagropecuario.cl\/new\/wp-content\/uploads\/2020\/11\/PORTAL-1-1.png","width":1026,"height":100,"caption":"Revista de Agricultura"},"image":{"@id":"https:\/\/www.mundoagropecuario.cl\/new\/#\/schema\/logo\/image\/"},"sameAs":["https:\/\/www.facebook.com\/mundo.agropecuario.3","https:\/\/x.com\/MundoAgropecuar","https:\/\/www.linkedin.com\/in\/mundo-agropecuario-934009201\/"]},{"@type":"Person","@id":"https:\/\/www.mundoagropecuario.cl\/new\/#\/schema\/person\/4e9f74a82a7dac260eb1c44b7eebeb18","name":"mundo","url":"https:\/\/www.mundoagropecuario.cl\/new\/author\/mundo\/"}]}},"_links":{"self":[{"href":"https:\/\/www.mundoagropecuario.cl\/new\/wp-json\/wp\/v2\/posts\/9370","targetHints":{"allow":["GET"]}}],"collection":[{"href":"https:\/\/www.mundoagropecuario.cl\/new\/wp-json\/wp\/v2\/posts"}],"about":[{"href":"https:\/\/www.mundoagropecuario.cl\/new\/wp-json\/wp\/v2\/types\/post"}],"author":[{"embeddable":true,"href":"https:\/\/www.mundoagropecuario.cl\/new\/wp-json\/wp\/v2\/users\/2"}],"replies":[{"embeddable":true,"href":"https:\/\/www.mundoagropecuario.cl\/new\/wp-json\/wp\/v2\/comments?post=9370"}],"version-history":[{"count":1,"href":"https:\/\/www.mundoagropecuario.cl\/new\/wp-json\/wp\/v2\/posts\/9370\/revisions"}],"predecessor-version":[{"id":9372,"href":"https:\/\/www.mundoagropecuario.cl\/new\/wp-json\/wp\/v2\/posts\/9370\/revisions\/9372"}],"wp:featuredmedia":[{"embeddable":true,"href":"https:\/\/www.mundoagropecuario.cl\/new\/wp-json\/wp\/v2\/media\/9371"}],"wp:attachment":[{"href":"https:\/\/www.mundoagropecuario.cl\/new\/wp-json\/wp\/v2\/media?parent=9370"}],"wp:term":[{"taxonomy":"category","embeddable":true,"href":"https:\/\/www.mundoagropecuario.cl\/new\/wp-json\/wp\/v2\/categories?post=9370"},{"taxonomy":"post_tag","embeddable":true,"href":"https:\/\/www.mundoagropecuario.cl\/new\/wp-json\/wp\/v2\/tags?post=9370"}],"curies":[{"name":"wp","href":"https:\/\/api.w.org\/{rel}","templated":true}]}}