{"id":9339,"date":"2018-11-07T09:51:46","date_gmt":"2018-11-07T12:51:46","guid":{"rendered":"http:\/\/www.mundoagropecuario.cl\/new\/?p=9339"},"modified":"2018-11-09T10:28:36","modified_gmt":"2018-11-09T13:28:36","slug":"fruit-attraction-2018-uno-de-los-principales-eventos-mundiales-del-sector-hortofruticola","status":"publish","type":"post","link":"https:\/\/www.mundoagropecuario.cl\/new\/fruit-attraction-2018-uno-de-los-principales-eventos-mundiales-del-sector-hortofruticola\/","title":{"rendered":"Fruit Attraction 2018 uno de los principales eventos mundiales del sector hortofrut\u00edcola"},"content":{"rendered":"<blockquote><p><em>En Madrid,\u00a0 la feria super\u00f3 ampliamente todos sus par\u00e1metros de participaci\u00f3n con la asistencia de 81.235 profesionales de 122 pa\u00edses, un 19% m\u00e1s que el a\u00f1o anterior, y 1.621 empresas de 40 pa\u00edses referentes para la comercializaci\u00f3n hortofrut\u00edcola global (Mundo Agropecuario)<\/em><\/p><\/blockquote>\n<p>Fruit Attraction 2018 ha cerrado las puertas de su 10\u00aa edici\u00f3n con la participaci\u00f3n de 81.235 profesionales de 122 pa\u00edses, lo que supone un crecimiento del 19% respecto al a\u00f1o anterior. Esta convocatoria ha sido determinante para el conjunto de la industria por su capacidad para reunir a la producci\u00f3n y al canal distribuidor de frutas y hortalizas. La Feria se confirma as\u00ed como punto de encuentro internacional del conjunto de los profesionales que integran toda la cadena de suministro; el lugar adecuado en el momento oportuno.<\/p>\n<p>Organizada por IFEMA y FEPEX, Fruit Attraction 2018, que se celebr\u00f3 del 23 al 25 de octubre, present\u00f3 la mayor y m\u00e1s competa de todas sus ediciones con la participaci\u00f3n de 1.621 empresas de 40 pa\u00edses, y una ocupaci\u00f3n de 51.400 metros cuadrados netos de oferta sectorial \u2013un 15% m\u00e1s que la \u00faltima convocatoria-.<\/p>\n<p>El cambio de d\u00edas de celebraci\u00f3n de martes a jueves, en lugar de mi\u00e9rcoles a viernes como ven\u00eda siendo habitual, ha sido un \u00e9xito rotundo, aspecto que se ha reflejado\u00a0 en un crecimiento del 69% de los visitantes el \u00faltimo d\u00eda de feria. Unos datos que confirman la eficacia de ampliar a tres d\u00edas completos la actividad con el objetivo fundamental de potenciar el tiempo comercial \u00fatil del evento.<\/p>\n<p>Uno de los par\u00e1metros m\u00e1s destacados ha sido el notable aumento de los participantes internacionales que, registrando un total de 27.994 profesionales procedentes de 122 pa\u00edses, ha supuesto un incremento superior al 40%. Un a\u00f1o m\u00e1s, los procedentes de Europa fueron los m\u00e1s numerosos, muy especialmente los llegados desde Italia, Francia, Portugal, Reino Unido, Pa\u00edses Bajos, Alemania, Polonia y B\u00e9lgica, lo que confirma a la Feria como un punto de encuentro fundamental para la\u00a0 comercializaci\u00f3n y distribuci\u00f3n europea. En esta ocasi\u00f3n, cabe destacar igualmente los profesionales que asistieron desde Brasil, Chile, Marruecos, Per\u00fa y Sud\u00e1frica.<\/p>\n<p>Asimismo, los participantes del programa Mercado Importador Invitado, coorganizado con el ICEX Espa\u00f1a Exportaci\u00f3n e Inversiones, y que en est\u00e1 ocasi\u00f3n fueron Canad\u00e1 y la zona de la Pen\u00ednsula Ar\u00e1biga, alcanzaron los 374 profesionales procedentes de Canad\u00e1; Arabia Saud\u00ed; Emiratos \u00c1rabes Unidos; Jordania; Kuwait; Om\u00e1n y Qatar.<\/p>\n<p>En cuanto a los expositores, la participaci\u00f3n internacional supuso el 36% del total, con 580 empresas de 40 pa\u00edses, destacando las procedentes de Holanda, Italia, Portugal, Polonia, Grecia, y el fuerte crecimiento de Francia, as\u00ed como de pa\u00edses no comunitarios como Chile, Brasil, Per\u00fa, Costa Rica, Colombia, Argentina o Sud\u00e1frica, entre otros, creando por primera vez un \u00e1rea completa del hemisferio sur. Adem\u00e1s, Angola, Emiratos \u00c1rabes, Finlandia, India, Ir\u00e1n, Mali, Malta, Rusia y Serbia participaron por primera vez en el Sal\u00f3n.<\/p>\n<p>Una vez m\u00e1s, el \u00e1rea expositiva de productores, Fresh Produce, registr\u00f3 el segmento de mayor representaci\u00f3n con la participaci\u00f3n de 1.143 expositores. Tambi\u00e9n cont\u00f3 con un importante peso la industria auxiliar, con 417 empresas, mostrando toda la fortaleza de la cadena del sector hortofrut\u00edcola.<\/p>\n<p><strong>Flower&amp;Garden Attraction<\/strong><\/p>\n<p>Como novedad, este a\u00f1o la feria acogi\u00f3 el sector de flor y planta en Flower&amp;Garden Attraction. Un nuevo evento clave dentro de esta industria, al que se le ha dedicado en exclusiva el pabell\u00f3n 1 de IFEMA.<\/p>\n<p>En palabras de Guillermo Mart\u00ednez, de Sisanflor, \u201cel cara a cara es por lo que apostamos y estamos muy contentos en esta primera edici\u00f3n y esperamos venir muchos m\u00e1s a\u00f1os\u201d. Por su parte,\u00a0 Antonio Almagro, de Moldeados Pl\u00e1sticos Alber, afirma que \u201cquer\u00edamos probar. Es una apuesta muy fuerte como empresa peque\u00f1a pero necesaria si queremos expandirnos\u201d.\u00a0 \u201cAsistimos a Flower&amp;Garden Attraction especialmente por la exportaci\u00f3n, hacer contacto con gente de otros pa\u00edses. Y el mercado nacional, al estar en la zona centro tambi\u00e9n hay un volumen importante de asistentes\u201d, aporta Vicente Gil-Mascarell, de semillas Mascarell. \u201cEl tipo de cliente que viene es diferente a otras ferias, m\u00e1s enfocado al tema de la distribuci\u00f3n, las grandes superficies, cadenas de supermercados; un p\u00fablico diferente al que hay tambi\u00e9n que llegar\u201d, a\u00f1ade Andr\u00e9s Guzman, de Viveros Guzman. Y Jos\u00e9 Luis Taboada, de Viveros Taboada, apunta que \u201cvenimos a la feria para darnos a conocer y ense\u00f1ar el producto y su calidad\u201d.<\/p>\n<p><strong>\u00c1reas expositivas en la Feria<\/strong><\/p>\n<p>En esta ocasi\u00f3n, la Feria ha potenciado \u00e1reas como Organic Hub, dedicado a empresas de productos hortofrut\u00edcolas biol\u00f3gicos; el espacio Smart Agro, centrado en la aplicaci\u00f3n de nuevas tecnolog\u00edas, y el \u00e1rea Nuts Hub, destinada a los frutos secos. The Innovation Hub y Foro Innova fueron las \u00e1reas dedicadas a la innovaci\u00f3n y novedades empresariales en el sector.<\/p>\n<p>En este \u00e1mbito, la feria acogi\u00f3 los Premios Accelera a la Innovaci\u00f3n y el Emprendimiento, de 39 empresas participantes, las ganadoras fueron UNITEC, con su producto Blueberry Vision 2 Unitec Technology y RIJK ZWAAN IBERICA S.A., con Lechuga Snack.<\/p>\n<p><strong>Programa de Jornadas T\u00e9cnicas<\/strong><\/p>\n<p>De forma paralela a la exposici\u00f3n comercial, Fruit Attraction tambi\u00e9n fue escenario de celebraci\u00f3n de un amplio programa de jornadas t\u00e9cnicas y actividades, que ofrecieron a los profesionales un espacio de debate e intercambio de conocimientos.<\/p>\n<p>Entre otras, destac\u00f3 el World Fresh Forum, coorganizado con el ICEX, como espacio de networking empresarial e institucional para aprovechar las oportunidades en la pen\u00ednsula ar\u00e1biga y Canad\u00e1. Tambi\u00e9n el Biofruit Congress, que debati\u00f3 sobre el futuro de los mercados ecol\u00f3gicos; la jornada Walnut Attraction que analiz\u00f3 la realidad del sector de la nuez en Espa\u00f1a y en Europa; el Congreso Internacional del Kaki, Kaki Attraction; el V Congreso Internacional de uva de mesa sin semilla, Grape Attraction; Digital Attraction, experiencias, innovaci\u00f3n y oportunidades de internacionalizaci\u00f3n en Smart Agro; Technology Attraction, debati\u00f3 sobre nuevas oportunidades de la biolog\u00eda vegetal. Tambi\u00e9n acogi\u00f3 otras sesiones como Apertura de nuevos mercados: negociaciones bilaterales y log\u00edstica y Presentaci\u00f3n de la Alianza para la agricultura sostenible. Asimismo, Fruit Attraction fue marco de la entrega de premios de la Asociaci\u00f3n de Periodistas Agroalimentarios de Espa\u00f1a \u2013APAE-, y de Fruit Attraction, que este a\u00f1o han reca\u00eddo en los periodistas David Centellas Navas y Manuel Ansede y en la revista francesa Vegetable.<\/p>\n<p>Organizada por IFEMA y FEPEX, la 10\u00aa edici\u00f3n de Fruit Attraction tuvo lugar en los pabellones 1, 3, 5, 6, 7, 8, 9 y 10 de Feria de Madrid, del 23 al 25 de octubre y fue inaugurada por el ministro de Agricultura y Pesca, Alimentaci\u00f3n y Medio Ambiente, Luis Planas.<\/p>\n<p>La pr\u00f3xima edici\u00f3n de Fruit Attraction se celebrar\u00e1 del 22 al 24 de octubre de 2019.<\/p>\n<p>&nbsp;<\/p>\n","protected":false},"excerpt":{"rendered":"<p>En Madrid,\u00a0 la feria super\u00f3 ampliamente todos sus par\u00e1metros de participaci\u00f3n con la asistencia de 81.235 profesionales de 122 pa\u00edses, un 19% m\u00e1s que el a\u00f1o anterior, y 1.621 empresas&#8230;<\/p>\n","protected":false},"author":2,"featured_media":9340,"comment_status":"closed","ping_status":"closed","sticky":false,"template":"","format":"gallery","meta":{"footnotes":""},"categories":[2831],"tags":[2786,2784,2782,2783,2785],"class_list":["post-9339","post","type-post","status-publish","format-gallery","has-post-thumbnail","hentry","category-eventos","tag-coorganizado-con-el-icex","tag-flowergarden-attraction","tag-fruit-attraction-2018","tag-ifema-y-fepex","tag-world-fresh-forum","post_format-post-format-gallery"],"yoast_head":"<!-- This site is optimized with the Yoast SEO plugin v26.6 - https:\/\/yoast.com\/wordpress\/plugins\/seo\/ -->\n<title>Fruit Attraction 2018 uno de los principales eventos mundiales del sector hortofrut\u00edcola - Mundoagropecuario<\/title>\n<meta name=\"robots\" content=\"index, follow, max-snippet:-1, max-image-preview:large, max-video-preview:-1\" \/>\n<link rel=\"canonical\" href=\"https:\/\/www.mundoagropecuario.cl\/new\/fruit-attraction-2018-uno-de-los-principales-eventos-mundiales-del-sector-hortofruticola\/\" \/>\n<meta property=\"og:locale\" content=\"es_ES\" \/>\n<meta property=\"og:type\" content=\"article\" \/>\n<meta property=\"og:title\" content=\"Fruit Attraction 2018 uno de los principales eventos mundiales del sector hortofrut\u00edcola - Mundoagropecuario\" \/>\n<meta property=\"og:description\" content=\"En Madrid,\u00a0 la feria super\u00f3 ampliamente todos sus par\u00e1metros de participaci\u00f3n con la asistencia de 81.235 profesionales de 122 pa\u00edses, un 19% m\u00e1s que el a\u00f1o anterior, y 1.621 empresas...\" \/>\n<meta property=\"og:url\" content=\"https:\/\/www.mundoagropecuario.cl\/new\/fruit-attraction-2018-uno-de-los-principales-eventos-mundiales-del-sector-hortofruticola\/\" \/>\n<meta property=\"og:site_name\" content=\"Mundoagropecuario\" \/>\n<meta property=\"article:publisher\" content=\"https:\/\/www.facebook.com\/mundo.agropecuario.3\" \/>\n<meta property=\"article:published_time\" content=\"2018-11-07T12:51:46+00:00\" \/>\n<meta property=\"article:modified_time\" content=\"2018-11-09T13:28:36+00:00\" \/>\n<meta property=\"og:image\" content=\"https:\/\/www.mundoagropecuario.cl\/new\/wp-content\/uploads\/2018\/11\/Feria-.jpg\" \/>\n\t<meta property=\"og:image:width\" content=\"800\" \/>\n\t<meta property=\"og:image:height\" content=\"533\" \/>\n\t<meta property=\"og:image:type\" content=\"image\/jpeg\" \/>\n<meta name=\"author\" content=\"mundo\" \/>\n<meta name=\"twitter:card\" content=\"summary_large_image\" \/>\n<meta name=\"twitter:creator\" content=\"@MundoAgropecuar\" \/>\n<meta name=\"twitter:site\" content=\"@MundoAgropecuar\" \/>\n<meta name=\"twitter:label1\" content=\"Escrito por\" \/>\n\t<meta name=\"twitter:data1\" content=\"mundo\" \/>\n\t<meta name=\"twitter:label2\" content=\"Tiempo de lectura\" \/>\n\t<meta name=\"twitter:data2\" content=\"6 minutos\" \/>\n<script type=\"application\/ld+json\" class=\"yoast-schema-graph\">{\"@context\":\"https:\/\/schema.org\",\"@graph\":[{\"@type\":\"Article\",\"@id\":\"https:\/\/www.mundoagropecuario.cl\/new\/fruit-attraction-2018-uno-de-los-principales-eventos-mundiales-del-sector-hortofruticola\/#article\",\"isPartOf\":{\"@id\":\"https:\/\/www.mundoagropecuario.cl\/new\/fruit-attraction-2018-uno-de-los-principales-eventos-mundiales-del-sector-hortofruticola\/\"},\"author\":{\"name\":\"mundo\",\"@id\":\"https:\/\/www.mundoagropecuario.cl\/new\/#\/schema\/person\/4e9f74a82a7dac260eb1c44b7eebeb18\"},\"headline\":\"Fruit Attraction 2018 uno de los principales eventos mundiales del sector hortofrut\u00edcola\",\"datePublished\":\"2018-11-07T12:51:46+00:00\",\"dateModified\":\"2018-11-09T13:28:36+00:00\",\"mainEntityOfPage\":{\"@id\":\"https:\/\/www.mundoagropecuario.cl\/new\/fruit-attraction-2018-uno-de-los-principales-eventos-mundiales-del-sector-hortofruticola\/\"},\"wordCount\":1167,\"publisher\":{\"@id\":\"https:\/\/www.mundoagropecuario.cl\/new\/#organization\"},\"image\":{\"@id\":\"https:\/\/www.mundoagropecuario.cl\/new\/fruit-attraction-2018-uno-de-los-principales-eventos-mundiales-del-sector-hortofruticola\/#primaryimage\"},\"thumbnailUrl\":\"https:\/\/www.mundoagropecuario.cl\/new\/wp-content\/uploads\/2018\/11\/Feria-.jpg\",\"keywords\":[\"coorganizado con el ICEX\",\"Flower&amp;Garden Attraction\",\"Fruit Attraction 2018\",\"IFEMA y FEPEX\",\"World Fresh Forum\"],\"articleSection\":[\"Eventos\"],\"inLanguage\":\"es\"},{\"@type\":\"WebPage\",\"@id\":\"https:\/\/www.mundoagropecuario.cl\/new\/fruit-attraction-2018-uno-de-los-principales-eventos-mundiales-del-sector-hortofruticola\/\",\"url\":\"https:\/\/www.mundoagropecuario.cl\/new\/fruit-attraction-2018-uno-de-los-principales-eventos-mundiales-del-sector-hortofruticola\/\",\"name\":\"Fruit Attraction 2018 uno de los principales eventos mundiales del sector hortofrut\u00edcola - Mundoagropecuario\",\"isPartOf\":{\"@id\":\"https:\/\/www.mundoagropecuario.cl\/new\/#website\"},\"primaryImageOfPage\":{\"@id\":\"https:\/\/www.mundoagropecuario.cl\/new\/fruit-attraction-2018-uno-de-los-principales-eventos-mundiales-del-sector-hortofruticola\/#primaryimage\"},\"image\":{\"@id\":\"https:\/\/www.mundoagropecuario.cl\/new\/fruit-attraction-2018-uno-de-los-principales-eventos-mundiales-del-sector-hortofruticola\/#primaryimage\"},\"thumbnailUrl\":\"https:\/\/www.mundoagropecuario.cl\/new\/wp-content\/uploads\/2018\/11\/Feria-.jpg\",\"datePublished\":\"2018-11-07T12:51:46+00:00\",\"dateModified\":\"2018-11-09T13:28:36+00:00\",\"breadcrumb\":{\"@id\":\"https:\/\/www.mundoagropecuario.cl\/new\/fruit-attraction-2018-uno-de-los-principales-eventos-mundiales-del-sector-hortofruticola\/#breadcrumb\"},\"inLanguage\":\"es\",\"potentialAction\":[{\"@type\":\"ReadAction\",\"target\":[\"https:\/\/www.mundoagropecuario.cl\/new\/fruit-attraction-2018-uno-de-los-principales-eventos-mundiales-del-sector-hortofruticola\/\"]}]},{\"@type\":\"ImageObject\",\"inLanguage\":\"es\",\"@id\":\"https:\/\/www.mundoagropecuario.cl\/new\/fruit-attraction-2018-uno-de-los-principales-eventos-mundiales-del-sector-hortofruticola\/#primaryimage\",\"url\":\"https:\/\/www.mundoagropecuario.cl\/new\/wp-content\/uploads\/2018\/11\/Feria-.jpg\",\"contentUrl\":\"https:\/\/www.mundoagropecuario.cl\/new\/wp-content\/uploads\/2018\/11\/Feria-.jpg\",\"width\":600,\"height\":400},{\"@type\":\"BreadcrumbList\",\"@id\":\"https:\/\/www.mundoagropecuario.cl\/new\/fruit-attraction-2018-uno-de-los-principales-eventos-mundiales-del-sector-hortofruticola\/#breadcrumb\",\"itemListElement\":[{\"@type\":\"ListItem\",\"position\":1,\"name\":\"Portada\",\"item\":\"https:\/\/www.mundoagropecuario.cl\/new\/\"},{\"@type\":\"ListItem\",\"position\":2,\"name\":\"Fruit Attraction 2018 uno de los principales eventos mundiales del sector hortofrut\u00edcola\"}]},{\"@type\":\"WebSite\",\"@id\":\"https:\/\/www.mundoagropecuario.cl\/new\/#website\",\"url\":\"https:\/\/www.mundoagropecuario.cl\/new\/\",\"name\":\"Mundoagropecuario\",\"description\":\"Mundo Agropecuario\",\"publisher\":{\"@id\":\"https:\/\/www.mundoagropecuario.cl\/new\/#organization\"},\"potentialAction\":[{\"@type\":\"SearchAction\",\"target\":{\"@type\":\"EntryPoint\",\"urlTemplate\":\"https:\/\/www.mundoagropecuario.cl\/new\/?s={search_term_string}\"},\"query-input\":{\"@type\":\"PropertyValueSpecification\",\"valueRequired\":true,\"valueName\":\"search_term_string\"}}],\"inLanguage\":\"es\"},{\"@type\":\"Organization\",\"@id\":\"https:\/\/www.mundoagropecuario.cl\/new\/#organization\",\"name\":\"Revista de Agricultura\",\"url\":\"https:\/\/www.mundoagropecuario.cl\/new\/\",\"logo\":{\"@type\":\"ImageObject\",\"inLanguage\":\"es\",\"@id\":\"https:\/\/www.mundoagropecuario.cl\/new\/#\/schema\/logo\/image\/\",\"url\":\"https:\/\/www.mundoagropecuario.cl\/new\/wp-content\/uploads\/2020\/11\/PORTAL-1-1.png\",\"contentUrl\":\"https:\/\/www.mundoagropecuario.cl\/new\/wp-content\/uploads\/2020\/11\/PORTAL-1-1.png\",\"width\":1026,\"height\":100,\"caption\":\"Revista de Agricultura\"},\"image\":{\"@id\":\"https:\/\/www.mundoagropecuario.cl\/new\/#\/schema\/logo\/image\/\"},\"sameAs\":[\"https:\/\/www.facebook.com\/mundo.agropecuario.3\",\"https:\/\/x.com\/MundoAgropecuar\",\"https:\/\/www.linkedin.com\/in\/mundo-agropecuario-934009201\/\"]},{\"@type\":\"Person\",\"@id\":\"https:\/\/www.mundoagropecuario.cl\/new\/#\/schema\/person\/4e9f74a82a7dac260eb1c44b7eebeb18\",\"name\":\"mundo\",\"url\":\"https:\/\/www.mundoagropecuario.cl\/new\/author\/mundo\/\"}]}<\/script>\n<!-- \/ Yoast SEO plugin. -->","yoast_head_json":{"title":"Fruit Attraction 2018 uno de los principales eventos mundiales del sector hortofrut\u00edcola - Mundoagropecuario","robots":{"index":"index","follow":"follow","max-snippet":"max-snippet:-1","max-image-preview":"max-image-preview:large","max-video-preview":"max-video-preview:-1"},"canonical":"https:\/\/www.mundoagropecuario.cl\/new\/fruit-attraction-2018-uno-de-los-principales-eventos-mundiales-del-sector-hortofruticola\/","og_locale":"es_ES","og_type":"article","og_title":"Fruit Attraction 2018 uno de los principales eventos mundiales del sector hortofrut\u00edcola - Mundoagropecuario","og_description":"En Madrid,\u00a0 la feria super\u00f3 ampliamente todos sus par\u00e1metros de participaci\u00f3n con la asistencia de 81.235 profesionales de 122 pa\u00edses, un 19% m\u00e1s que el a\u00f1o anterior, y 1.621 empresas...","og_url":"https:\/\/www.mundoagropecuario.cl\/new\/fruit-attraction-2018-uno-de-los-principales-eventos-mundiales-del-sector-hortofruticola\/","og_site_name":"Mundoagropecuario","article_publisher":"https:\/\/www.facebook.com\/mundo.agropecuario.3","article_published_time":"2018-11-07T12:51:46+00:00","article_modified_time":"2018-11-09T13:28:36+00:00","og_image":[{"width":800,"height":533,"url":"https:\/\/www.mundoagropecuario.cl\/new\/wp-content\/uploads\/2018\/11\/Feria-.jpg","type":"image\/jpeg"}],"author":"mundo","twitter_card":"summary_large_image","twitter_creator":"@MundoAgropecuar","twitter_site":"@MundoAgropecuar","twitter_misc":{"Escrito por":"mundo","Tiempo de lectura":"6 minutos"},"schema":{"@context":"https:\/\/schema.org","@graph":[{"@type":"Article","@id":"https:\/\/www.mundoagropecuario.cl\/new\/fruit-attraction-2018-uno-de-los-principales-eventos-mundiales-del-sector-hortofruticola\/#article","isPartOf":{"@id":"https:\/\/www.mundoagropecuario.cl\/new\/fruit-attraction-2018-uno-de-los-principales-eventos-mundiales-del-sector-hortofruticola\/"},"author":{"name":"mundo","@id":"https:\/\/www.mundoagropecuario.cl\/new\/#\/schema\/person\/4e9f74a82a7dac260eb1c44b7eebeb18"},"headline":"Fruit Attraction 2018 uno de los principales eventos mundiales del sector hortofrut\u00edcola","datePublished":"2018-11-07T12:51:46+00:00","dateModified":"2018-11-09T13:28:36+00:00","mainEntityOfPage":{"@id":"https:\/\/www.mundoagropecuario.cl\/new\/fruit-attraction-2018-uno-de-los-principales-eventos-mundiales-del-sector-hortofruticola\/"},"wordCount":1167,"publisher":{"@id":"https:\/\/www.mundoagropecuario.cl\/new\/#organization"},"image":{"@id":"https:\/\/www.mundoagropecuario.cl\/new\/fruit-attraction-2018-uno-de-los-principales-eventos-mundiales-del-sector-hortofruticola\/#primaryimage"},"thumbnailUrl":"https:\/\/www.mundoagropecuario.cl\/new\/wp-content\/uploads\/2018\/11\/Feria-.jpg","keywords":["coorganizado con el ICEX","Flower&amp;Garden Attraction","Fruit Attraction 2018","IFEMA y FEPEX","World Fresh Forum"],"articleSection":["Eventos"],"inLanguage":"es"},{"@type":"WebPage","@id":"https:\/\/www.mundoagropecuario.cl\/new\/fruit-attraction-2018-uno-de-los-principales-eventos-mundiales-del-sector-hortofruticola\/","url":"https:\/\/www.mundoagropecuario.cl\/new\/fruit-attraction-2018-uno-de-los-principales-eventos-mundiales-del-sector-hortofruticola\/","name":"Fruit Attraction 2018 uno de los principales eventos mundiales del sector hortofrut\u00edcola - Mundoagropecuario","isPartOf":{"@id":"https:\/\/www.mundoagropecuario.cl\/new\/#website"},"primaryImageOfPage":{"@id":"https:\/\/www.mundoagropecuario.cl\/new\/fruit-attraction-2018-uno-de-los-principales-eventos-mundiales-del-sector-hortofruticola\/#primaryimage"},"image":{"@id":"https:\/\/www.mundoagropecuario.cl\/new\/fruit-attraction-2018-uno-de-los-principales-eventos-mundiales-del-sector-hortofruticola\/#primaryimage"},"thumbnailUrl":"https:\/\/www.mundoagropecuario.cl\/new\/wp-content\/uploads\/2018\/11\/Feria-.jpg","datePublished":"2018-11-07T12:51:46+00:00","dateModified":"2018-11-09T13:28:36+00:00","breadcrumb":{"@id":"https:\/\/www.mundoagropecuario.cl\/new\/fruit-attraction-2018-uno-de-los-principales-eventos-mundiales-del-sector-hortofruticola\/#breadcrumb"},"inLanguage":"es","potentialAction":[{"@type":"ReadAction","target":["https:\/\/www.mundoagropecuario.cl\/new\/fruit-attraction-2018-uno-de-los-principales-eventos-mundiales-del-sector-hortofruticola\/"]}]},{"@type":"ImageObject","inLanguage":"es","@id":"https:\/\/www.mundoagropecuario.cl\/new\/fruit-attraction-2018-uno-de-los-principales-eventos-mundiales-del-sector-hortofruticola\/#primaryimage","url":"https:\/\/www.mundoagropecuario.cl\/new\/wp-content\/uploads\/2018\/11\/Feria-.jpg","contentUrl":"https:\/\/www.mundoagropecuario.cl\/new\/wp-content\/uploads\/2018\/11\/Feria-.jpg","width":600,"height":400},{"@type":"BreadcrumbList","@id":"https:\/\/www.mundoagropecuario.cl\/new\/fruit-attraction-2018-uno-de-los-principales-eventos-mundiales-del-sector-hortofruticola\/#breadcrumb","itemListElement":[{"@type":"ListItem","position":1,"name":"Portada","item":"https:\/\/www.mundoagropecuario.cl\/new\/"},{"@type":"ListItem","position":2,"name":"Fruit Attraction 2018 uno de los principales eventos mundiales del sector hortofrut\u00edcola"}]},{"@type":"WebSite","@id":"https:\/\/www.mundoagropecuario.cl\/new\/#website","url":"https:\/\/www.mundoagropecuario.cl\/new\/","name":"Mundoagropecuario","description":"Mundo Agropecuario","publisher":{"@id":"https:\/\/www.mundoagropecuario.cl\/new\/#organization"},"potentialAction":[{"@type":"SearchAction","target":{"@type":"EntryPoint","urlTemplate":"https:\/\/www.mundoagropecuario.cl\/new\/?s={search_term_string}"},"query-input":{"@type":"PropertyValueSpecification","valueRequired":true,"valueName":"search_term_string"}}],"inLanguage":"es"},{"@type":"Organization","@id":"https:\/\/www.mundoagropecuario.cl\/new\/#organization","name":"Revista de Agricultura","url":"https:\/\/www.mundoagropecuario.cl\/new\/","logo":{"@type":"ImageObject","inLanguage":"es","@id":"https:\/\/www.mundoagropecuario.cl\/new\/#\/schema\/logo\/image\/","url":"https:\/\/www.mundoagropecuario.cl\/new\/wp-content\/uploads\/2020\/11\/PORTAL-1-1.png","contentUrl":"https:\/\/www.mundoagropecuario.cl\/new\/wp-content\/uploads\/2020\/11\/PORTAL-1-1.png","width":1026,"height":100,"caption":"Revista de Agricultura"},"image":{"@id":"https:\/\/www.mundoagropecuario.cl\/new\/#\/schema\/logo\/image\/"},"sameAs":["https:\/\/www.facebook.com\/mundo.agropecuario.3","https:\/\/x.com\/MundoAgropecuar","https:\/\/www.linkedin.com\/in\/mundo-agropecuario-934009201\/"]},{"@type":"Person","@id":"https:\/\/www.mundoagropecuario.cl\/new\/#\/schema\/person\/4e9f74a82a7dac260eb1c44b7eebeb18","name":"mundo","url":"https:\/\/www.mundoagropecuario.cl\/new\/author\/mundo\/"}]}},"_links":{"self":[{"href":"https:\/\/www.mundoagropecuario.cl\/new\/wp-json\/wp\/v2\/posts\/9339","targetHints":{"allow":["GET"]}}],"collection":[{"href":"https:\/\/www.mundoagropecuario.cl\/new\/wp-json\/wp\/v2\/posts"}],"about":[{"href":"https:\/\/www.mundoagropecuario.cl\/new\/wp-json\/wp\/v2\/types\/post"}],"author":[{"embeddable":true,"href":"https:\/\/www.mundoagropecuario.cl\/new\/wp-json\/wp\/v2\/users\/2"}],"replies":[{"embeddable":true,"href":"https:\/\/www.mundoagropecuario.cl\/new\/wp-json\/wp\/v2\/comments?post=9339"}],"version-history":[{"count":1,"href":"https:\/\/www.mundoagropecuario.cl\/new\/wp-json\/wp\/v2\/posts\/9339\/revisions"}],"predecessor-version":[{"id":9341,"href":"https:\/\/www.mundoagropecuario.cl\/new\/wp-json\/wp\/v2\/posts\/9339\/revisions\/9341"}],"wp:featuredmedia":[{"embeddable":true,"href":"https:\/\/www.mundoagropecuario.cl\/new\/wp-json\/wp\/v2\/media\/9340"}],"wp:attachment":[{"href":"https:\/\/www.mundoagropecuario.cl\/new\/wp-json\/wp\/v2\/media?parent=9339"}],"wp:term":[{"taxonomy":"category","embeddable":true,"href":"https:\/\/www.mundoagropecuario.cl\/new\/wp-json\/wp\/v2\/categories?post=9339"},{"taxonomy":"post_tag","embeddable":true,"href":"https:\/\/www.mundoagropecuario.cl\/new\/wp-json\/wp\/v2\/tags?post=9339"}],"curies":[{"name":"wp","href":"https:\/\/api.w.org\/{rel}","templated":true}]}}