{"id":9259,"date":"2018-10-30T10:07:31","date_gmt":"2018-10-30T13:07:31","guid":{"rendered":"http:\/\/www.mundoagropecuario.cl\/new\/?p=9259"},"modified":"2018-11-05T11:31:14","modified_gmt":"2018-11-05T14:31:14","slug":"se-concreta-ultima-entrega-de-papa-semilla-certificada-a-pequenos-agricultores-de-magallanes","status":"publish","type":"post","link":"https:\/\/www.mundoagropecuario.cl\/new\/se-concreta-ultima-entrega-de-papa-semilla-certificada-a-pequenos-agricultores-de-magallanes\/","title":{"rendered":"Se concreta \u00faltima entrega de papa semilla certificada a peque\u00f1os agricultores de Magallanes"},"content":{"rendered":"<blockquote><p><em>Iniciativa busca el autoabastecimiento de papas para consumo, a trav\u00e9s de la producci\u00f3n y distribuci\u00f3n de papa semilla certificada a la agricultura regional (Mundo Agropecuario).<\/em><\/p><\/blockquote>\n<p>Un centenar de agricultores de las comunas de Punta Arenas, Natales, Porvenir y Cabo de Hornos fueron beneficiados con 10.000 kilos de papas semilla certificada, durante los a\u00f1os 2016, 2017 y 2018.<\/p>\n<p>As\u00ed culmina despu\u00e9s de 4 a\u00f1os el programa \u201cRecuperaci\u00f3n de la producci\u00f3n y sanidad de la papa en Magallanes\u201d, ejecutado por el Centro Regional de Investigaci\u00f3n INIA Kampenaike con financiamiento del Gobierno Regional, que busca el autoabastecimiento de papas para consumo, a trav\u00e9s de la producci\u00f3n y distribuci\u00f3n de papa semilla certificada a la agricultura regional. La iniciativa permiti\u00f3 asegurar un alto rendimiento, calidad y sanidad de las papas producidas, ya que se valid\u00f3 y difundi\u00f3 la tecnolog\u00eda apropiada para este cultivo como es el uso de cortavientos, riego y fertilizaci\u00f3n, entre otras.<\/p>\n<p>La introducci\u00f3n de nuevas variedades de papa semilla certificada, como Kar\u00fa-INIA, Pukar\u00e1-INIA, Patagonia-INIA, Puyehue-INIA y Yagana-INIA, que cuentan con un alto potencial productivo y que han permitido aumentar los rendimientos de 6,8 toneladas por hect\u00e1rea (t\/ha) a 35 t\/ha en promedio, llegando incluso a 60 t\/ha en los m\u00f3dulos demostrativos, posibilit\u00f3 un salto econ\u00f3mico significativo en el ingreso de los productores asociados al programa.<\/p>\n<p>La investigadora Carolla Mart\u00ednez, profesional de INIA a cargo de esta iniciativa, se\u00f1al\u00f3 \u201ccomo instituci\u00f3n estamos muy satisfechos con los resultados alcanzados en esta primera etapa y esperamos ansiosos el apoyo del Gobierno Regional para poder dar continuidad al desarrollo de este rubro, a trav\u00e9s de la ejecuci\u00f3n del proyecto \u2018Transferencia y aplicaci\u00f3n de tecnolog\u00edas para potenciar la producci\u00f3n de papas en la agricultura de Magallanes\u2019, que permitir\u00e1 dar sustentabilidad al desarrollo de este alimento tan importante para la regi\u00f3n\u201d.<\/p>\n<p>Para los agricultores este programa fue muy importante, ya que en muchos casos signific\u00f3 retomar un cultivo que se hab\u00eda abandonado, debido a los rendimientos cada vez m\u00e1s bajos a causa de la falta de semilla adecuada a las condiciones clim\u00e1ticas y de calidad. Esto, sin contar con las constantes heladas, la falta de tecnolog\u00eda y manejos apropiados.<\/p>\n<p>Carolina Pacheco, productora de Puerto Natales, manifest\u00f3 estar muy agradecida, ya que \u201cnosotros no ten\u00edamos papas, s\u00f3lo hortalizas bajo pl\u00e1stico y logramos cosechar 2.000 kilos en 300 metros plantados. Fueron unas papas muy sanas y bonitas. Utilizamos riego y cortavientos; adem\u00e1s, nos signific\u00f3 un aumento en los ingresos\u201d. Por otra parte, Karen Vargas, agricultora de Punta Arenas y dirigente de la agrupaci\u00f3n Le\u00f1adura, destac\u00f3 el financiamiento del Gobierno Regional para este programa y la labor desarrollada por los profesionales de INIA, ya que junto con el valor de contar con semilla certificada, \u201cfue un proyecto integral al recibir capacitaciones en riego, fertilizaci\u00f3n, c\u00f3mo plantar y c\u00f3mo cosechar. As\u00ed que felices recibiremos una segunda patita de este programa, para poder seguir creciendo\u201d.<\/p>\n<p>&nbsp;<\/p>\n<p>&nbsp;<\/p>\n<p>&nbsp;<\/p>\n","protected":false},"excerpt":{"rendered":"<p>Iniciativa busca el autoabastecimiento de papas para consumo, a trav\u00e9s de la producci\u00f3n y distribuci\u00f3n de papa semilla certificada a la agricultura regional (Mundo Agropecuario). Un centenar de agricultores de&#8230;<\/p>\n","protected":false},"author":3,"featured_media":9260,"comment_status":"closed","ping_status":"closed","sticky":false,"template":"","format":"gallery","meta":{"footnotes":""},"categories":[1945],"tags":[2052,2167,2198,2128,878,2746],"class_list":["post-9259","post","type-post","status-publish","format-gallery","has-post-thumbnail","hentry","category-agricultura","tag-inia","tag-inia-kampenaike","tag-magallanes","tag-papas","tag-puerto-natales","tag-semilla","post_format-post-format-gallery"],"yoast_head":"<!-- This site is optimized with the Yoast SEO plugin v26.6 - https:\/\/yoast.com\/wordpress\/plugins\/seo\/ -->\n<title>Se concreta \u00faltima entrega de papa semilla certificada a peque\u00f1os agricultores de Magallanes - Mundoagropecuario<\/title>\n<meta name=\"robots\" content=\"index, follow, max-snippet:-1, max-image-preview:large, max-video-preview:-1\" \/>\n<link rel=\"canonical\" href=\"https:\/\/www.mundoagropecuario.cl\/new\/se-concreta-ultima-entrega-de-papa-semilla-certificada-a-pequenos-agricultores-de-magallanes\/\" \/>\n<meta property=\"og:locale\" content=\"es_ES\" \/>\n<meta property=\"og:type\" content=\"article\" \/>\n<meta property=\"og:title\" content=\"Se concreta \u00faltima entrega de papa semilla certificada a peque\u00f1os agricultores de Magallanes - Mundoagropecuario\" \/>\n<meta property=\"og:description\" content=\"Iniciativa busca el autoabastecimiento de papas para consumo, a trav\u00e9s de la producci\u00f3n y distribuci\u00f3n de papa semilla certificada a la agricultura regional (Mundo Agropecuario). Un centenar de agricultores de...\" \/>\n<meta property=\"og:url\" content=\"https:\/\/www.mundoagropecuario.cl\/new\/se-concreta-ultima-entrega-de-papa-semilla-certificada-a-pequenos-agricultores-de-magallanes\/\" \/>\n<meta property=\"og:site_name\" content=\"Mundoagropecuario\" \/>\n<meta property=\"article:publisher\" content=\"https:\/\/www.facebook.com\/mundo.agropecuario.3\" \/>\n<meta property=\"article:published_time\" content=\"2018-10-30T13:07:31+00:00\" \/>\n<meta property=\"article:modified_time\" content=\"2018-11-05T14:31:14+00:00\" \/>\n<meta property=\"og:image\" content=\"https:\/\/www.mundoagropecuario.cl\/new\/wp-content\/uploads\/2018\/10\/papa-Magallanes.jpg\" \/>\n\t<meta property=\"og:image:width\" content=\"1024\" \/>\n\t<meta property=\"og:image:height\" content=\"568\" \/>\n\t<meta property=\"og:image:type\" content=\"image\/jpeg\" \/>\n<meta name=\"author\" content=\"periodista\" \/>\n<meta name=\"twitter:card\" content=\"summary_large_image\" \/>\n<meta name=\"twitter:creator\" content=\"@MundoAgropecuar\" \/>\n<meta name=\"twitter:site\" content=\"@MundoAgropecuar\" \/>\n<meta name=\"twitter:label1\" content=\"Escrito por\" \/>\n\t<meta name=\"twitter:data1\" content=\"periodista\" \/>\n\t<meta name=\"twitter:label2\" content=\"Tiempo de lectura\" \/>\n\t<meta name=\"twitter:data2\" content=\"3 minutos\" \/>\n<script type=\"application\/ld+json\" class=\"yoast-schema-graph\">{\"@context\":\"https:\/\/schema.org\",\"@graph\":[{\"@type\":\"Article\",\"@id\":\"https:\/\/www.mundoagropecuario.cl\/new\/se-concreta-ultima-entrega-de-papa-semilla-certificada-a-pequenos-agricultores-de-magallanes\/#article\",\"isPartOf\":{\"@id\":\"https:\/\/www.mundoagropecuario.cl\/new\/se-concreta-ultima-entrega-de-papa-semilla-certificada-a-pequenos-agricultores-de-magallanes\/\"},\"author\":{\"name\":\"periodista\",\"@id\":\"https:\/\/www.mundoagropecuario.cl\/new\/#\/schema\/person\/0c221050801c74e45256a7a9a1ff0803\"},\"headline\":\"Se concreta \u00faltima entrega de papa semilla certificada a peque\u00f1os agricultores de Magallanes\",\"datePublished\":\"2018-10-30T13:07:31+00:00\",\"dateModified\":\"2018-11-05T14:31:14+00:00\",\"mainEntityOfPage\":{\"@id\":\"https:\/\/www.mundoagropecuario.cl\/new\/se-concreta-ultima-entrega-de-papa-semilla-certificada-a-pequenos-agricultores-de-magallanes\/\"},\"wordCount\":525,\"publisher\":{\"@id\":\"https:\/\/www.mundoagropecuario.cl\/new\/#organization\"},\"image\":{\"@id\":\"https:\/\/www.mundoagropecuario.cl\/new\/se-concreta-ultima-entrega-de-papa-semilla-certificada-a-pequenos-agricultores-de-magallanes\/#primaryimage\"},\"thumbnailUrl\":\"https:\/\/www.mundoagropecuario.cl\/new\/wp-content\/uploads\/2018\/10\/papa-Magallanes.jpg\",\"keywords\":[\"INIA\",\"INIA Kampenaike\",\"Magallanes\",\"Papas\",\"Puerto Natales\",\"semilla\"],\"articleSection\":[\"Agricultura\"],\"inLanguage\":\"es\"},{\"@type\":\"WebPage\",\"@id\":\"https:\/\/www.mundoagropecuario.cl\/new\/se-concreta-ultima-entrega-de-papa-semilla-certificada-a-pequenos-agricultores-de-magallanes\/\",\"url\":\"https:\/\/www.mundoagropecuario.cl\/new\/se-concreta-ultima-entrega-de-papa-semilla-certificada-a-pequenos-agricultores-de-magallanes\/\",\"name\":\"Se concreta \u00faltima entrega de papa semilla certificada a peque\u00f1os agricultores de Magallanes - Mundoagropecuario\",\"isPartOf\":{\"@id\":\"https:\/\/www.mundoagropecuario.cl\/new\/#website\"},\"primaryImageOfPage\":{\"@id\":\"https:\/\/www.mundoagropecuario.cl\/new\/se-concreta-ultima-entrega-de-papa-semilla-certificada-a-pequenos-agricultores-de-magallanes\/#primaryimage\"},\"image\":{\"@id\":\"https:\/\/www.mundoagropecuario.cl\/new\/se-concreta-ultima-entrega-de-papa-semilla-certificada-a-pequenos-agricultores-de-magallanes\/#primaryimage\"},\"thumbnailUrl\":\"https:\/\/www.mundoagropecuario.cl\/new\/wp-content\/uploads\/2018\/10\/papa-Magallanes.jpg\",\"datePublished\":\"2018-10-30T13:07:31+00:00\",\"dateModified\":\"2018-11-05T14:31:14+00:00\",\"breadcrumb\":{\"@id\":\"https:\/\/www.mundoagropecuario.cl\/new\/se-concreta-ultima-entrega-de-papa-semilla-certificada-a-pequenos-agricultores-de-magallanes\/#breadcrumb\"},\"inLanguage\":\"es\",\"potentialAction\":[{\"@type\":\"ReadAction\",\"target\":[\"https:\/\/www.mundoagropecuario.cl\/new\/se-concreta-ultima-entrega-de-papa-semilla-certificada-a-pequenos-agricultores-de-magallanes\/\"]}]},{\"@type\":\"ImageObject\",\"inLanguage\":\"es\",\"@id\":\"https:\/\/www.mundoagropecuario.cl\/new\/se-concreta-ultima-entrega-de-papa-semilla-certificada-a-pequenos-agricultores-de-magallanes\/#primaryimage\",\"url\":\"https:\/\/www.mundoagropecuario.cl\/new\/wp-content\/uploads\/2018\/10\/papa-Magallanes.jpg\",\"contentUrl\":\"https:\/\/www.mundoagropecuario.cl\/new\/wp-content\/uploads\/2018\/10\/papa-Magallanes.jpg\",\"width\":720,\"height\":400},{\"@type\":\"BreadcrumbList\",\"@id\":\"https:\/\/www.mundoagropecuario.cl\/new\/se-concreta-ultima-entrega-de-papa-semilla-certificada-a-pequenos-agricultores-de-magallanes\/#breadcrumb\",\"itemListElement\":[{\"@type\":\"ListItem\",\"position\":1,\"name\":\"Portada\",\"item\":\"https:\/\/www.mundoagropecuario.cl\/new\/\"},{\"@type\":\"ListItem\",\"position\":2,\"name\":\"Se concreta \u00faltima entrega de papa semilla certificada a peque\u00f1os agricultores de Magallanes\"}]},{\"@type\":\"WebSite\",\"@id\":\"https:\/\/www.mundoagropecuario.cl\/new\/#website\",\"url\":\"https:\/\/www.mundoagropecuario.cl\/new\/\",\"name\":\"Mundoagropecuario\",\"description\":\"Mundo Agropecuario\",\"publisher\":{\"@id\":\"https:\/\/www.mundoagropecuario.cl\/new\/#organization\"},\"potentialAction\":[{\"@type\":\"SearchAction\",\"target\":{\"@type\":\"EntryPoint\",\"urlTemplate\":\"https:\/\/www.mundoagropecuario.cl\/new\/?s={search_term_string}\"},\"query-input\":{\"@type\":\"PropertyValueSpecification\",\"valueRequired\":true,\"valueName\":\"search_term_string\"}}],\"inLanguage\":\"es\"},{\"@type\":\"Organization\",\"@id\":\"https:\/\/www.mundoagropecuario.cl\/new\/#organization\",\"name\":\"Revista de Agricultura\",\"url\":\"https:\/\/www.mundoagropecuario.cl\/new\/\",\"logo\":{\"@type\":\"ImageObject\",\"inLanguage\":\"es\",\"@id\":\"https:\/\/www.mundoagropecuario.cl\/new\/#\/schema\/logo\/image\/\",\"url\":\"https:\/\/www.mundoagropecuario.cl\/new\/wp-content\/uploads\/2020\/11\/PORTAL-1-1.png\",\"contentUrl\":\"https:\/\/www.mundoagropecuario.cl\/new\/wp-content\/uploads\/2020\/11\/PORTAL-1-1.png\",\"width\":1026,\"height\":100,\"caption\":\"Revista de Agricultura\"},\"image\":{\"@id\":\"https:\/\/www.mundoagropecuario.cl\/new\/#\/schema\/logo\/image\/\"},\"sameAs\":[\"https:\/\/www.facebook.com\/mundo.agropecuario.3\",\"https:\/\/x.com\/MundoAgropecuar\",\"https:\/\/www.linkedin.com\/in\/mundo-agropecuario-934009201\/\"]},{\"@type\":\"Person\",\"@id\":\"https:\/\/www.mundoagropecuario.cl\/new\/#\/schema\/person\/0c221050801c74e45256a7a9a1ff0803\",\"name\":\"periodista\",\"url\":\"https:\/\/www.mundoagropecuario.cl\/new\/author\/periodista\/\"}]}<\/script>\n<!-- \/ Yoast SEO plugin. -->","yoast_head_json":{"title":"Se concreta \u00faltima entrega de papa semilla certificada a peque\u00f1os agricultores de Magallanes - Mundoagropecuario","robots":{"index":"index","follow":"follow","max-snippet":"max-snippet:-1","max-image-preview":"max-image-preview:large","max-video-preview":"max-video-preview:-1"},"canonical":"https:\/\/www.mundoagropecuario.cl\/new\/se-concreta-ultima-entrega-de-papa-semilla-certificada-a-pequenos-agricultores-de-magallanes\/","og_locale":"es_ES","og_type":"article","og_title":"Se concreta \u00faltima entrega de papa semilla certificada a peque\u00f1os agricultores de Magallanes - Mundoagropecuario","og_description":"Iniciativa busca el autoabastecimiento de papas para consumo, a trav\u00e9s de la producci\u00f3n y distribuci\u00f3n de papa semilla certificada a la agricultura regional (Mundo Agropecuario). Un centenar de agricultores de...","og_url":"https:\/\/www.mundoagropecuario.cl\/new\/se-concreta-ultima-entrega-de-papa-semilla-certificada-a-pequenos-agricultores-de-magallanes\/","og_site_name":"Mundoagropecuario","article_publisher":"https:\/\/www.facebook.com\/mundo.agropecuario.3","article_published_time":"2018-10-30T13:07:31+00:00","article_modified_time":"2018-11-05T14:31:14+00:00","og_image":[{"width":1024,"height":568,"url":"https:\/\/www.mundoagropecuario.cl\/new\/wp-content\/uploads\/2018\/10\/papa-Magallanes.jpg","type":"image\/jpeg"}],"author":"periodista","twitter_card":"summary_large_image","twitter_creator":"@MundoAgropecuar","twitter_site":"@MundoAgropecuar","twitter_misc":{"Escrito por":"periodista","Tiempo de lectura":"3 minutos"},"schema":{"@context":"https:\/\/schema.org","@graph":[{"@type":"Article","@id":"https:\/\/www.mundoagropecuario.cl\/new\/se-concreta-ultima-entrega-de-papa-semilla-certificada-a-pequenos-agricultores-de-magallanes\/#article","isPartOf":{"@id":"https:\/\/www.mundoagropecuario.cl\/new\/se-concreta-ultima-entrega-de-papa-semilla-certificada-a-pequenos-agricultores-de-magallanes\/"},"author":{"name":"periodista","@id":"https:\/\/www.mundoagropecuario.cl\/new\/#\/schema\/person\/0c221050801c74e45256a7a9a1ff0803"},"headline":"Se concreta \u00faltima entrega de papa semilla certificada a peque\u00f1os agricultores de Magallanes","datePublished":"2018-10-30T13:07:31+00:00","dateModified":"2018-11-05T14:31:14+00:00","mainEntityOfPage":{"@id":"https:\/\/www.mundoagropecuario.cl\/new\/se-concreta-ultima-entrega-de-papa-semilla-certificada-a-pequenos-agricultores-de-magallanes\/"},"wordCount":525,"publisher":{"@id":"https:\/\/www.mundoagropecuario.cl\/new\/#organization"},"image":{"@id":"https:\/\/www.mundoagropecuario.cl\/new\/se-concreta-ultima-entrega-de-papa-semilla-certificada-a-pequenos-agricultores-de-magallanes\/#primaryimage"},"thumbnailUrl":"https:\/\/www.mundoagropecuario.cl\/new\/wp-content\/uploads\/2018\/10\/papa-Magallanes.jpg","keywords":["INIA","INIA Kampenaike","Magallanes","Papas","Puerto Natales","semilla"],"articleSection":["Agricultura"],"inLanguage":"es"},{"@type":"WebPage","@id":"https:\/\/www.mundoagropecuario.cl\/new\/se-concreta-ultima-entrega-de-papa-semilla-certificada-a-pequenos-agricultores-de-magallanes\/","url":"https:\/\/www.mundoagropecuario.cl\/new\/se-concreta-ultima-entrega-de-papa-semilla-certificada-a-pequenos-agricultores-de-magallanes\/","name":"Se concreta \u00faltima entrega de papa semilla certificada a peque\u00f1os agricultores de Magallanes - Mundoagropecuario","isPartOf":{"@id":"https:\/\/www.mundoagropecuario.cl\/new\/#website"},"primaryImageOfPage":{"@id":"https:\/\/www.mundoagropecuario.cl\/new\/se-concreta-ultima-entrega-de-papa-semilla-certificada-a-pequenos-agricultores-de-magallanes\/#primaryimage"},"image":{"@id":"https:\/\/www.mundoagropecuario.cl\/new\/se-concreta-ultima-entrega-de-papa-semilla-certificada-a-pequenos-agricultores-de-magallanes\/#primaryimage"},"thumbnailUrl":"https:\/\/www.mundoagropecuario.cl\/new\/wp-content\/uploads\/2018\/10\/papa-Magallanes.jpg","datePublished":"2018-10-30T13:07:31+00:00","dateModified":"2018-11-05T14:31:14+00:00","breadcrumb":{"@id":"https:\/\/www.mundoagropecuario.cl\/new\/se-concreta-ultima-entrega-de-papa-semilla-certificada-a-pequenos-agricultores-de-magallanes\/#breadcrumb"},"inLanguage":"es","potentialAction":[{"@type":"ReadAction","target":["https:\/\/www.mundoagropecuario.cl\/new\/se-concreta-ultima-entrega-de-papa-semilla-certificada-a-pequenos-agricultores-de-magallanes\/"]}]},{"@type":"ImageObject","inLanguage":"es","@id":"https:\/\/www.mundoagropecuario.cl\/new\/se-concreta-ultima-entrega-de-papa-semilla-certificada-a-pequenos-agricultores-de-magallanes\/#primaryimage","url":"https:\/\/www.mundoagropecuario.cl\/new\/wp-content\/uploads\/2018\/10\/papa-Magallanes.jpg","contentUrl":"https:\/\/www.mundoagropecuario.cl\/new\/wp-content\/uploads\/2018\/10\/papa-Magallanes.jpg","width":720,"height":400},{"@type":"BreadcrumbList","@id":"https:\/\/www.mundoagropecuario.cl\/new\/se-concreta-ultima-entrega-de-papa-semilla-certificada-a-pequenos-agricultores-de-magallanes\/#breadcrumb","itemListElement":[{"@type":"ListItem","position":1,"name":"Portada","item":"https:\/\/www.mundoagropecuario.cl\/new\/"},{"@type":"ListItem","position":2,"name":"Se concreta \u00faltima entrega de papa semilla certificada a peque\u00f1os agricultores de Magallanes"}]},{"@type":"WebSite","@id":"https:\/\/www.mundoagropecuario.cl\/new\/#website","url":"https:\/\/www.mundoagropecuario.cl\/new\/","name":"Mundoagropecuario","description":"Mundo Agropecuario","publisher":{"@id":"https:\/\/www.mundoagropecuario.cl\/new\/#organization"},"potentialAction":[{"@type":"SearchAction","target":{"@type":"EntryPoint","urlTemplate":"https:\/\/www.mundoagropecuario.cl\/new\/?s={search_term_string}"},"query-input":{"@type":"PropertyValueSpecification","valueRequired":true,"valueName":"search_term_string"}}],"inLanguage":"es"},{"@type":"Organization","@id":"https:\/\/www.mundoagropecuario.cl\/new\/#organization","name":"Revista de Agricultura","url":"https:\/\/www.mundoagropecuario.cl\/new\/","logo":{"@type":"ImageObject","inLanguage":"es","@id":"https:\/\/www.mundoagropecuario.cl\/new\/#\/schema\/logo\/image\/","url":"https:\/\/www.mundoagropecuario.cl\/new\/wp-content\/uploads\/2020\/11\/PORTAL-1-1.png","contentUrl":"https:\/\/www.mundoagropecuario.cl\/new\/wp-content\/uploads\/2020\/11\/PORTAL-1-1.png","width":1026,"height":100,"caption":"Revista de Agricultura"},"image":{"@id":"https:\/\/www.mundoagropecuario.cl\/new\/#\/schema\/logo\/image\/"},"sameAs":["https:\/\/www.facebook.com\/mundo.agropecuario.3","https:\/\/x.com\/MundoAgropecuar","https:\/\/www.linkedin.com\/in\/mundo-agropecuario-934009201\/"]},{"@type":"Person","@id":"https:\/\/www.mundoagropecuario.cl\/new\/#\/schema\/person\/0c221050801c74e45256a7a9a1ff0803","name":"periodista","url":"https:\/\/www.mundoagropecuario.cl\/new\/author\/periodista\/"}]}},"_links":{"self":[{"href":"https:\/\/www.mundoagropecuario.cl\/new\/wp-json\/wp\/v2\/posts\/9259","targetHints":{"allow":["GET"]}}],"collection":[{"href":"https:\/\/www.mundoagropecuario.cl\/new\/wp-json\/wp\/v2\/posts"}],"about":[{"href":"https:\/\/www.mundoagropecuario.cl\/new\/wp-json\/wp\/v2\/types\/post"}],"author":[{"embeddable":true,"href":"https:\/\/www.mundoagropecuario.cl\/new\/wp-json\/wp\/v2\/users\/3"}],"replies":[{"embeddable":true,"href":"https:\/\/www.mundoagropecuario.cl\/new\/wp-json\/wp\/v2\/comments?post=9259"}],"version-history":[{"count":1,"href":"https:\/\/www.mundoagropecuario.cl\/new\/wp-json\/wp\/v2\/posts\/9259\/revisions"}],"predecessor-version":[{"id":9261,"href":"https:\/\/www.mundoagropecuario.cl\/new\/wp-json\/wp\/v2\/posts\/9259\/revisions\/9261"}],"wp:featuredmedia":[{"embeddable":true,"href":"https:\/\/www.mundoagropecuario.cl\/new\/wp-json\/wp\/v2\/media\/9260"}],"wp:attachment":[{"href":"https:\/\/www.mundoagropecuario.cl\/new\/wp-json\/wp\/v2\/media?parent=9259"}],"wp:term":[{"taxonomy":"category","embeddable":true,"href":"https:\/\/www.mundoagropecuario.cl\/new\/wp-json\/wp\/v2\/categories?post=9259"},{"taxonomy":"post_tag","embeddable":true,"href":"https:\/\/www.mundoagropecuario.cl\/new\/wp-json\/wp\/v2\/tags?post=9259"}],"curies":[{"name":"wp","href":"https:\/\/api.w.org\/{rel}","templated":true}]}}