{"id":9177,"date":"2018-10-24T11:31:30","date_gmt":"2018-10-24T14:31:30","guid":{"rendered":"http:\/\/www.mundoagropecuario.cl\/new\/?p=9177"},"modified":"2018-10-25T11:08:25","modified_gmt":"2018-10-25T14:08:25","slug":"presidente-de-asoex-en-enagro-es-necesario-que-la-imagen-pais-tenga-consistencia-y-un-mensaje-claro","status":"publish","type":"post","link":"https:\/\/www.mundoagropecuario.cl\/new\/presidente-de-asoex-en-enagro-es-necesario-que-la-imagen-pais-tenga-consistencia-y-un-mensaje-claro\/","title":{"rendered":"Presidente de ASOEX en Enagro: \u201cEs necesario que la Imagen Pa\u00eds tenga consistencia y un mensaje claro\u201d"},"content":{"rendered":"<blockquote><p><em>En el marco de una nueva versi\u00f3n de Enagro, Ronald Bown, destac\u00f3 la importancia que ProChile e Imagen Pa\u00eds trabajen en conjunto para posicionar a Chile y sus productos en los mercados de inter\u00e9s internacional (Mundo Agropecuario).<\/em><\/p><\/blockquote>\n<p>Durante el Encuentro Nacional del Agro, Enagro, cuyo tema central fue \u201cAbonos para una agricultura f\u00e9rtil\u201d, el presidente de la Asociaci\u00f3n de Exportadores de Frutas de Chile AG, ASOEX, Ronald Bown -en su intervenci\u00f3n- se refiri\u00f3 a la marca pa\u00eds como motor de oportunidades para el agro. Bown realiz\u00f3 un completo an\u00e1lisis del trabajo que se ha realizado en materia de la \u201cImagen Pa\u00eds\u201d, enfatizando en que se debe construir una imagen pa\u00eds que muestre a Chile de una manera s\u00f3lida, que represente a un pa\u00eds que cumple sus compromisos y que sus productos trascienden m\u00e1s all\u00e1 de un grupo de productos.<\/p>\n<p>Bown precis\u00f3 que es importante ser consistentes en el mensaje, tanto a nivel de contenido como a nivel de logos o im\u00e1genes, pues el impacto que se persigue, finalmente se pierde. \u201cFalta una unidad conceptual entre imagen y concepto en lo que se ha hecho hasta ahora\u201d, destac\u00f3.<\/p>\n<p>&nbsp;<\/p>\n<p>Es as\u00ed, que el representante de los exportadores enfatiz\u00f3 en la importancia que entidades como ProChile e Imagen Pa\u00eds trabajen conjuntamente y con una sola visi\u00f3n, dado que el objetivo final es posicionar a Chile y sus productos en los mercados de inter\u00e9s internacional.<\/p>\n<p>Finalmente, Ronald Bown, concluy\u00f3 que es clave definir con claridad d\u00f3nde \u201cnos interesa lograr un respetable reconocimiento y aceptable imagen. Creo que, si bien se puede utilizar a chilenos que viven en el extranjero, el impacto es mayor cuando personas extranjeras, hablan bien de Chile, y as\u00ed lo ha sido, por ejemplo, en el turismo\u201d.<\/p>\n<p>&nbsp;<\/p>\n<p>&nbsp;<\/p>\n<p>&nbsp;<\/p>\n","protected":false},"excerpt":{"rendered":"<p>En el marco de una nueva versi\u00f3n de Enagro, Ronald Bown, destac\u00f3 la importancia que ProChile e Imagen Pa\u00eds trabajen en conjunto para posicionar a Chile y sus productos en&#8230;<\/p>\n","protected":false},"author":3,"featured_media":9178,"comment_status":"closed","ping_status":"closed","sticky":false,"template":"","format":"standard","meta":{"footnotes":""},"categories":[1986],"tags":[2177,2706,2716,601,2715],"class_list":["post-9177","post","type-post","status-publish","format-standard","has-post-thumbnail","hentry","category-frutas","tag-asoex","tag-eneagro","tag-imagen-pais","tag-prochile","tag-ronald-bown"],"yoast_head":"<!-- This site is optimized with the Yoast SEO plugin v26.6 - https:\/\/yoast.com\/wordpress\/plugins\/seo\/ -->\n<title>Presidente de ASOEX en Enagro: \u201cEs necesario que la Imagen Pa\u00eds tenga consistencia y un mensaje claro\u201d - Mundoagropecuario<\/title>\n<meta name=\"robots\" content=\"index, follow, max-snippet:-1, max-image-preview:large, max-video-preview:-1\" \/>\n<link rel=\"canonical\" href=\"https:\/\/www.mundoagropecuario.cl\/new\/presidente-de-asoex-en-enagro-es-necesario-que-la-imagen-pais-tenga-consistencia-y-un-mensaje-claro\/\" \/>\n<meta property=\"og:locale\" content=\"es_ES\" \/>\n<meta property=\"og:type\" content=\"article\" \/>\n<meta property=\"og:title\" content=\"Presidente de ASOEX en Enagro: \u201cEs necesario que la Imagen Pa\u00eds tenga consistencia y un mensaje claro\u201d - Mundoagropecuario\" \/>\n<meta property=\"og:description\" content=\"En el marco de una nueva versi\u00f3n de Enagro, Ronald Bown, destac\u00f3 la importancia que ProChile e Imagen Pa\u00eds trabajen en conjunto para posicionar a Chile y sus productos en...\" \/>\n<meta property=\"og:url\" content=\"https:\/\/www.mundoagropecuario.cl\/new\/presidente-de-asoex-en-enagro-es-necesario-que-la-imagen-pais-tenga-consistencia-y-un-mensaje-claro\/\" \/>\n<meta property=\"og:site_name\" content=\"Mundoagropecuario\" \/>\n<meta property=\"article:publisher\" content=\"https:\/\/www.facebook.com\/mundo.agropecuario.3\" \/>\n<meta property=\"article:published_time\" content=\"2018-10-24T14:31:30+00:00\" \/>\n<meta property=\"article:modified_time\" content=\"2018-10-25T14:08:25+00:00\" \/>\n<meta property=\"og:image\" content=\"https:\/\/www.mundoagropecuario.cl\/new\/wp-content\/uploads\/2018\/10\/asoex.jpg\" \/>\n\t<meta property=\"og:image:width\" content=\"1001\" \/>\n\t<meta property=\"og:image:height\" content=\"574\" \/>\n\t<meta property=\"og:image:type\" content=\"image\/jpeg\" \/>\n<meta name=\"author\" content=\"periodista\" \/>\n<meta name=\"twitter:card\" content=\"summary_large_image\" \/>\n<meta name=\"twitter:creator\" content=\"@MundoAgropecuar\" \/>\n<meta name=\"twitter:site\" content=\"@MundoAgropecuar\" \/>\n<meta name=\"twitter:label1\" content=\"Escrito por\" \/>\n\t<meta name=\"twitter:data1\" content=\"periodista\" \/>\n\t<meta name=\"twitter:label2\" content=\"Tiempo de lectura\" \/>\n\t<meta name=\"twitter:data2\" content=\"2 minutos\" \/>\n<script type=\"application\/ld+json\" class=\"yoast-schema-graph\">{\"@context\":\"https:\/\/schema.org\",\"@graph\":[{\"@type\":\"Article\",\"@id\":\"https:\/\/www.mundoagropecuario.cl\/new\/presidente-de-asoex-en-enagro-es-necesario-que-la-imagen-pais-tenga-consistencia-y-un-mensaje-claro\/#article\",\"isPartOf\":{\"@id\":\"https:\/\/www.mundoagropecuario.cl\/new\/presidente-de-asoex-en-enagro-es-necesario-que-la-imagen-pais-tenga-consistencia-y-un-mensaje-claro\/\"},\"author\":{\"name\":\"periodista\",\"@id\":\"https:\/\/www.mundoagropecuario.cl\/new\/#\/schema\/person\/0c221050801c74e45256a7a9a1ff0803\"},\"headline\":\"Presidente de ASOEX en Enagro: \u201cEs necesario que la Imagen Pa\u00eds tenga consistencia y un mensaje claro\u201d\",\"datePublished\":\"2018-10-24T14:31:30+00:00\",\"dateModified\":\"2018-10-25T14:08:25+00:00\",\"mainEntityOfPage\":{\"@id\":\"https:\/\/www.mundoagropecuario.cl\/new\/presidente-de-asoex-en-enagro-es-necesario-que-la-imagen-pais-tenga-consistencia-y-un-mensaje-claro\/\"},\"wordCount\":326,\"publisher\":{\"@id\":\"https:\/\/www.mundoagropecuario.cl\/new\/#organization\"},\"image\":{\"@id\":\"https:\/\/www.mundoagropecuario.cl\/new\/presidente-de-asoex-en-enagro-es-necesario-que-la-imagen-pais-tenga-consistencia-y-un-mensaje-claro\/#primaryimage\"},\"thumbnailUrl\":\"https:\/\/www.mundoagropecuario.cl\/new\/wp-content\/uploads\/2018\/10\/asoex.jpg\",\"keywords\":[\"Asoex\",\"eneagro\",\"Imagen Pa\u00eds\",\"ProChile\",\"Ronald Bown\"],\"articleSection\":[\"Frutas\"],\"inLanguage\":\"es\"},{\"@type\":\"WebPage\",\"@id\":\"https:\/\/www.mundoagropecuario.cl\/new\/presidente-de-asoex-en-enagro-es-necesario-que-la-imagen-pais-tenga-consistencia-y-un-mensaje-claro\/\",\"url\":\"https:\/\/www.mundoagropecuario.cl\/new\/presidente-de-asoex-en-enagro-es-necesario-que-la-imagen-pais-tenga-consistencia-y-un-mensaje-claro\/\",\"name\":\"Presidente de ASOEX en Enagro: \u201cEs necesario que la Imagen Pa\u00eds tenga consistencia y un mensaje claro\u201d - Mundoagropecuario\",\"isPartOf\":{\"@id\":\"https:\/\/www.mundoagropecuario.cl\/new\/#website\"},\"primaryImageOfPage\":{\"@id\":\"https:\/\/www.mundoagropecuario.cl\/new\/presidente-de-asoex-en-enagro-es-necesario-que-la-imagen-pais-tenga-consistencia-y-un-mensaje-claro\/#primaryimage\"},\"image\":{\"@id\":\"https:\/\/www.mundoagropecuario.cl\/new\/presidente-de-asoex-en-enagro-es-necesario-que-la-imagen-pais-tenga-consistencia-y-un-mensaje-claro\/#primaryimage\"},\"thumbnailUrl\":\"https:\/\/www.mundoagropecuario.cl\/new\/wp-content\/uploads\/2018\/10\/asoex.jpg\",\"datePublished\":\"2018-10-24T14:31:30+00:00\",\"dateModified\":\"2018-10-25T14:08:25+00:00\",\"breadcrumb\":{\"@id\":\"https:\/\/www.mundoagropecuario.cl\/new\/presidente-de-asoex-en-enagro-es-necesario-que-la-imagen-pais-tenga-consistencia-y-un-mensaje-claro\/#breadcrumb\"},\"inLanguage\":\"es\",\"potentialAction\":[{\"@type\":\"ReadAction\",\"target\":[\"https:\/\/www.mundoagropecuario.cl\/new\/presidente-de-asoex-en-enagro-es-necesario-que-la-imagen-pais-tenga-consistencia-y-un-mensaje-claro\/\"]}]},{\"@type\":\"ImageObject\",\"inLanguage\":\"es\",\"@id\":\"https:\/\/www.mundoagropecuario.cl\/new\/presidente-de-asoex-en-enagro-es-necesario-que-la-imagen-pais-tenga-consistencia-y-un-mensaje-claro\/#primaryimage\",\"url\":\"https:\/\/www.mundoagropecuario.cl\/new\/wp-content\/uploads\/2018\/10\/asoex.jpg\",\"contentUrl\":\"https:\/\/www.mundoagropecuario.cl\/new\/wp-content\/uploads\/2018\/10\/asoex.jpg\",\"width\":698,\"height\":400},{\"@type\":\"BreadcrumbList\",\"@id\":\"https:\/\/www.mundoagropecuario.cl\/new\/presidente-de-asoex-en-enagro-es-necesario-que-la-imagen-pais-tenga-consistencia-y-un-mensaje-claro\/#breadcrumb\",\"itemListElement\":[{\"@type\":\"ListItem\",\"position\":1,\"name\":\"Portada\",\"item\":\"https:\/\/www.mundoagropecuario.cl\/new\/\"},{\"@type\":\"ListItem\",\"position\":2,\"name\":\"Presidente de ASOEX en Enagro: \u201cEs necesario que la Imagen Pa\u00eds tenga consistencia y un mensaje claro\u201d\"}]},{\"@type\":\"WebSite\",\"@id\":\"https:\/\/www.mundoagropecuario.cl\/new\/#website\",\"url\":\"https:\/\/www.mundoagropecuario.cl\/new\/\",\"name\":\"Mundoagropecuario\",\"description\":\"Mundo Agropecuario\",\"publisher\":{\"@id\":\"https:\/\/www.mundoagropecuario.cl\/new\/#organization\"},\"potentialAction\":[{\"@type\":\"SearchAction\",\"target\":{\"@type\":\"EntryPoint\",\"urlTemplate\":\"https:\/\/www.mundoagropecuario.cl\/new\/?s={search_term_string}\"},\"query-input\":{\"@type\":\"PropertyValueSpecification\",\"valueRequired\":true,\"valueName\":\"search_term_string\"}}],\"inLanguage\":\"es\"},{\"@type\":\"Organization\",\"@id\":\"https:\/\/www.mundoagropecuario.cl\/new\/#organization\",\"name\":\"Revista de Agricultura\",\"url\":\"https:\/\/www.mundoagropecuario.cl\/new\/\",\"logo\":{\"@type\":\"ImageObject\",\"inLanguage\":\"es\",\"@id\":\"https:\/\/www.mundoagropecuario.cl\/new\/#\/schema\/logo\/image\/\",\"url\":\"https:\/\/www.mundoagropecuario.cl\/new\/wp-content\/uploads\/2020\/11\/PORTAL-1-1.png\",\"contentUrl\":\"https:\/\/www.mundoagropecuario.cl\/new\/wp-content\/uploads\/2020\/11\/PORTAL-1-1.png\",\"width\":1026,\"height\":100,\"caption\":\"Revista de Agricultura\"},\"image\":{\"@id\":\"https:\/\/www.mundoagropecuario.cl\/new\/#\/schema\/logo\/image\/\"},\"sameAs\":[\"https:\/\/www.facebook.com\/mundo.agropecuario.3\",\"https:\/\/x.com\/MundoAgropecuar\",\"https:\/\/www.linkedin.com\/in\/mundo-agropecuario-934009201\/\"]},{\"@type\":\"Person\",\"@id\":\"https:\/\/www.mundoagropecuario.cl\/new\/#\/schema\/person\/0c221050801c74e45256a7a9a1ff0803\",\"name\":\"periodista\",\"url\":\"https:\/\/www.mundoagropecuario.cl\/new\/author\/periodista\/\"}]}<\/script>\n<!-- \/ Yoast SEO plugin. -->","yoast_head_json":{"title":"Presidente de ASOEX en Enagro: \u201cEs necesario que la Imagen Pa\u00eds tenga consistencia y un mensaje claro\u201d - Mundoagropecuario","robots":{"index":"index","follow":"follow","max-snippet":"max-snippet:-1","max-image-preview":"max-image-preview:large","max-video-preview":"max-video-preview:-1"},"canonical":"https:\/\/www.mundoagropecuario.cl\/new\/presidente-de-asoex-en-enagro-es-necesario-que-la-imagen-pais-tenga-consistencia-y-un-mensaje-claro\/","og_locale":"es_ES","og_type":"article","og_title":"Presidente de ASOEX en Enagro: \u201cEs necesario que la Imagen Pa\u00eds tenga consistencia y un mensaje claro\u201d - Mundoagropecuario","og_description":"En el marco de una nueva versi\u00f3n de Enagro, Ronald Bown, destac\u00f3 la importancia que ProChile e Imagen Pa\u00eds trabajen en conjunto para posicionar a Chile y sus productos en...","og_url":"https:\/\/www.mundoagropecuario.cl\/new\/presidente-de-asoex-en-enagro-es-necesario-que-la-imagen-pais-tenga-consistencia-y-un-mensaje-claro\/","og_site_name":"Mundoagropecuario","article_publisher":"https:\/\/www.facebook.com\/mundo.agropecuario.3","article_published_time":"2018-10-24T14:31:30+00:00","article_modified_time":"2018-10-25T14:08:25+00:00","og_image":[{"width":1001,"height":574,"url":"https:\/\/www.mundoagropecuario.cl\/new\/wp-content\/uploads\/2018\/10\/asoex.jpg","type":"image\/jpeg"}],"author":"periodista","twitter_card":"summary_large_image","twitter_creator":"@MundoAgropecuar","twitter_site":"@MundoAgropecuar","twitter_misc":{"Escrito por":"periodista","Tiempo de lectura":"2 minutos"},"schema":{"@context":"https:\/\/schema.org","@graph":[{"@type":"Article","@id":"https:\/\/www.mundoagropecuario.cl\/new\/presidente-de-asoex-en-enagro-es-necesario-que-la-imagen-pais-tenga-consistencia-y-un-mensaje-claro\/#article","isPartOf":{"@id":"https:\/\/www.mundoagropecuario.cl\/new\/presidente-de-asoex-en-enagro-es-necesario-que-la-imagen-pais-tenga-consistencia-y-un-mensaje-claro\/"},"author":{"name":"periodista","@id":"https:\/\/www.mundoagropecuario.cl\/new\/#\/schema\/person\/0c221050801c74e45256a7a9a1ff0803"},"headline":"Presidente de ASOEX en Enagro: \u201cEs necesario que la Imagen Pa\u00eds tenga consistencia y un mensaje claro\u201d","datePublished":"2018-10-24T14:31:30+00:00","dateModified":"2018-10-25T14:08:25+00:00","mainEntityOfPage":{"@id":"https:\/\/www.mundoagropecuario.cl\/new\/presidente-de-asoex-en-enagro-es-necesario-que-la-imagen-pais-tenga-consistencia-y-un-mensaje-claro\/"},"wordCount":326,"publisher":{"@id":"https:\/\/www.mundoagropecuario.cl\/new\/#organization"},"image":{"@id":"https:\/\/www.mundoagropecuario.cl\/new\/presidente-de-asoex-en-enagro-es-necesario-que-la-imagen-pais-tenga-consistencia-y-un-mensaje-claro\/#primaryimage"},"thumbnailUrl":"https:\/\/www.mundoagropecuario.cl\/new\/wp-content\/uploads\/2018\/10\/asoex.jpg","keywords":["Asoex","eneagro","Imagen Pa\u00eds","ProChile","Ronald Bown"],"articleSection":["Frutas"],"inLanguage":"es"},{"@type":"WebPage","@id":"https:\/\/www.mundoagropecuario.cl\/new\/presidente-de-asoex-en-enagro-es-necesario-que-la-imagen-pais-tenga-consistencia-y-un-mensaje-claro\/","url":"https:\/\/www.mundoagropecuario.cl\/new\/presidente-de-asoex-en-enagro-es-necesario-que-la-imagen-pais-tenga-consistencia-y-un-mensaje-claro\/","name":"Presidente de ASOEX en Enagro: \u201cEs necesario que la Imagen Pa\u00eds tenga consistencia y un mensaje claro\u201d - Mundoagropecuario","isPartOf":{"@id":"https:\/\/www.mundoagropecuario.cl\/new\/#website"},"primaryImageOfPage":{"@id":"https:\/\/www.mundoagropecuario.cl\/new\/presidente-de-asoex-en-enagro-es-necesario-que-la-imagen-pais-tenga-consistencia-y-un-mensaje-claro\/#primaryimage"},"image":{"@id":"https:\/\/www.mundoagropecuario.cl\/new\/presidente-de-asoex-en-enagro-es-necesario-que-la-imagen-pais-tenga-consistencia-y-un-mensaje-claro\/#primaryimage"},"thumbnailUrl":"https:\/\/www.mundoagropecuario.cl\/new\/wp-content\/uploads\/2018\/10\/asoex.jpg","datePublished":"2018-10-24T14:31:30+00:00","dateModified":"2018-10-25T14:08:25+00:00","breadcrumb":{"@id":"https:\/\/www.mundoagropecuario.cl\/new\/presidente-de-asoex-en-enagro-es-necesario-que-la-imagen-pais-tenga-consistencia-y-un-mensaje-claro\/#breadcrumb"},"inLanguage":"es","potentialAction":[{"@type":"ReadAction","target":["https:\/\/www.mundoagropecuario.cl\/new\/presidente-de-asoex-en-enagro-es-necesario-que-la-imagen-pais-tenga-consistencia-y-un-mensaje-claro\/"]}]},{"@type":"ImageObject","inLanguage":"es","@id":"https:\/\/www.mundoagropecuario.cl\/new\/presidente-de-asoex-en-enagro-es-necesario-que-la-imagen-pais-tenga-consistencia-y-un-mensaje-claro\/#primaryimage","url":"https:\/\/www.mundoagropecuario.cl\/new\/wp-content\/uploads\/2018\/10\/asoex.jpg","contentUrl":"https:\/\/www.mundoagropecuario.cl\/new\/wp-content\/uploads\/2018\/10\/asoex.jpg","width":698,"height":400},{"@type":"BreadcrumbList","@id":"https:\/\/www.mundoagropecuario.cl\/new\/presidente-de-asoex-en-enagro-es-necesario-que-la-imagen-pais-tenga-consistencia-y-un-mensaje-claro\/#breadcrumb","itemListElement":[{"@type":"ListItem","position":1,"name":"Portada","item":"https:\/\/www.mundoagropecuario.cl\/new\/"},{"@type":"ListItem","position":2,"name":"Presidente de ASOEX en Enagro: \u201cEs necesario que la Imagen Pa\u00eds tenga consistencia y un mensaje claro\u201d"}]},{"@type":"WebSite","@id":"https:\/\/www.mundoagropecuario.cl\/new\/#website","url":"https:\/\/www.mundoagropecuario.cl\/new\/","name":"Mundoagropecuario","description":"Mundo Agropecuario","publisher":{"@id":"https:\/\/www.mundoagropecuario.cl\/new\/#organization"},"potentialAction":[{"@type":"SearchAction","target":{"@type":"EntryPoint","urlTemplate":"https:\/\/www.mundoagropecuario.cl\/new\/?s={search_term_string}"},"query-input":{"@type":"PropertyValueSpecification","valueRequired":true,"valueName":"search_term_string"}}],"inLanguage":"es"},{"@type":"Organization","@id":"https:\/\/www.mundoagropecuario.cl\/new\/#organization","name":"Revista de Agricultura","url":"https:\/\/www.mundoagropecuario.cl\/new\/","logo":{"@type":"ImageObject","inLanguage":"es","@id":"https:\/\/www.mundoagropecuario.cl\/new\/#\/schema\/logo\/image\/","url":"https:\/\/www.mundoagropecuario.cl\/new\/wp-content\/uploads\/2020\/11\/PORTAL-1-1.png","contentUrl":"https:\/\/www.mundoagropecuario.cl\/new\/wp-content\/uploads\/2020\/11\/PORTAL-1-1.png","width":1026,"height":100,"caption":"Revista de Agricultura"},"image":{"@id":"https:\/\/www.mundoagropecuario.cl\/new\/#\/schema\/logo\/image\/"},"sameAs":["https:\/\/www.facebook.com\/mundo.agropecuario.3","https:\/\/x.com\/MundoAgropecuar","https:\/\/www.linkedin.com\/in\/mundo-agropecuario-934009201\/"]},{"@type":"Person","@id":"https:\/\/www.mundoagropecuario.cl\/new\/#\/schema\/person\/0c221050801c74e45256a7a9a1ff0803","name":"periodista","url":"https:\/\/www.mundoagropecuario.cl\/new\/author\/periodista\/"}]}},"_links":{"self":[{"href":"https:\/\/www.mundoagropecuario.cl\/new\/wp-json\/wp\/v2\/posts\/9177","targetHints":{"allow":["GET"]}}],"collection":[{"href":"https:\/\/www.mundoagropecuario.cl\/new\/wp-json\/wp\/v2\/posts"}],"about":[{"href":"https:\/\/www.mundoagropecuario.cl\/new\/wp-json\/wp\/v2\/types\/post"}],"author":[{"embeddable":true,"href":"https:\/\/www.mundoagropecuario.cl\/new\/wp-json\/wp\/v2\/users\/3"}],"replies":[{"embeddable":true,"href":"https:\/\/www.mundoagropecuario.cl\/new\/wp-json\/wp\/v2\/comments?post=9177"}],"version-history":[{"count":1,"href":"https:\/\/www.mundoagropecuario.cl\/new\/wp-json\/wp\/v2\/posts\/9177\/revisions"}],"predecessor-version":[{"id":9179,"href":"https:\/\/www.mundoagropecuario.cl\/new\/wp-json\/wp\/v2\/posts\/9177\/revisions\/9179"}],"wp:featuredmedia":[{"embeddable":true,"href":"https:\/\/www.mundoagropecuario.cl\/new\/wp-json\/wp\/v2\/media\/9178"}],"wp:attachment":[{"href":"https:\/\/www.mundoagropecuario.cl\/new\/wp-json\/wp\/v2\/media?parent=9177"}],"wp:term":[{"taxonomy":"category","embeddable":true,"href":"https:\/\/www.mundoagropecuario.cl\/new\/wp-json\/wp\/v2\/categories?post=9177"},{"taxonomy":"post_tag","embeddable":true,"href":"https:\/\/www.mundoagropecuario.cl\/new\/wp-json\/wp\/v2\/tags?post=9177"}],"curies":[{"name":"wp","href":"https:\/\/api.w.org\/{rel}","templated":true}]}}