{"id":9143,"date":"2018-10-23T01:41:32","date_gmt":"2018-10-23T04:41:32","guid":{"rendered":"http:\/\/www.mundoagropecuario.cl\/new\/?p=9143"},"modified":"2018-10-25T11:09:10","modified_gmt":"2018-10-25T14:09:10","slug":"inia-realiza-gira-nacional-de-charlas-sobre-valorizacion-de-los-resultados-de-la-investigacion","status":"publish","type":"post","link":"https:\/\/www.mundoagropecuario.cl\/new\/inia-realiza-gira-nacional-de-charlas-sobre-valorizacion-de-los-resultados-de-la-investigacion\/","title":{"rendered":"INIA realiza gira nacional de charlas sobre valorizaci\u00f3n de los resultados de la investigaci\u00f3n"},"content":{"rendered":"<blockquote><p><em>Se trata de un ciclo de seminarios para abordar la generaci\u00f3n de productos derivados del trabajo investigativo que realiza la instituci\u00f3n con una mirada de mercado para generar un mayor impacto en el resultado final (Mundo Agropecuario).<\/em><\/p><\/blockquote>\n<p>La generaci\u00f3n de innovaci\u00f3n por parte de INIA, est\u00e1 ligado permanentemente a la capacidad de efectuar nuevas invenciones, donde cada producto o servicio que se genera sea el resultado de una larga cadena de investigaciones realizadas por sus cient\u00edficos y profesionales. Ese es el foco que quiere comenzar a potenciar la Direcci\u00f3n Nacional de la instituci\u00f3n, a trav\u00e9s de la Unidad de Propiedad Intelectual, la cual est\u00e1 encargada de gestionar los registros y la protecci\u00f3n de las invenciones generadas por los investigadores del Instituto. Por ese motivo, se dio inicio a una gira de charlas de car\u00e1cter nacional para reforzar conceptos vinculados a la propiedad intelectual a los investigadores de INIA con el fin de valorizar los resultados de los proyectos en ejecuci\u00f3n y los que vengan a futuro.<\/p>\n<p>El ciclo de charlas comenz\u00f3 en el Centro Regional de Investigaci\u00f3n INIA la Platina, ubicado en la Regi\u00f3n Metropolitana, a donde lleg\u00f3 el Jefe Nacional de Propiedad Intelectual y Licenciamiento de INIA, Carlos Fern\u00e1ndez, acompa\u00f1ado de Johanna Mill\u00e1n, Encargada de Vigilancia Tecnol\u00f3gica del \u00e1rea y de Lorena Barra, destacada investigadora del CRI Quilamapu. El seminario tuvo como t\u00edtulo \u201cApoyo a la valoraci\u00f3n de la investigaci\u00f3n\u201d y se trataron importantes temas como la Protecci\u00f3n de las invenciones y creaciones, Proceso para el desarrollo de productos con mirada de mercado, Vinculaci\u00f3n con terceros y Vigilancia Tecnol\u00f3gica, entre otros.<\/p>\n<p>El grupo de profesionales fueron los encargados de exponer las tem\u00e1ticas relacionadas a la protecci\u00f3n de los resultados de investigaci\u00f3n, no s\u00f3lo mediante patente, sino tambi\u00e9n mediante el uso de otros derechos de Propiedad intelectual, como marcas comerciales. Durante la jornada se recalc\u00f3 la importancia de proteger y registrar las indicaciones geogr\u00e1ficas y denominaciones de origen para ciertos productos, as\u00ed como el establecimiento de nuevos procedimientos para generar proyectos de investigaci\u00f3n teniendo como foco la generaci\u00f3n de un producto que tenga mayores probabilidades de \u2013 llegar al mercado.<\/p>\n<p>Al respecto el Jefe Nacional de Propiedad Intelectual y Licenciamiento de INIA, Carlos Fern\u00e1ndez, destac\u00f3 la relevancia de este proceso el cual calific\u00f3 como multidisciplinario, complejo, pero con un impacto de mucho valor una vez que un determinado producto INIA llegue al mercado. \u201cEstamos comenzando este ciclo de charlas para compartir y refrescar una serie de conceptos vinculados a la propiedad intelectual con nuestros investigadores de INIA a lo largo de todo Chile. Sin duda que estos conceptos valorizan los resultados que desarrollan nuestros colegas y por eso estamos en este plan de comunicar estas ideas en todos los Centros Regionales. Estoy muy contento por la buena recepci\u00f3n de los investigadores durante la charla y quiero destacar la participaci\u00f3n de Lorena Barra y la demostraci\u00f3n realizada por Johana Mill\u00e1n sobre un nuevo software que permite hacer vigilancia tecnol\u00f3gica y ver el estado del arte de distintas tecnolog\u00edas. Es una herramienta tremendamente potente y algunos investigadores est\u00e1n interioriz\u00e1ndose para pedir su uso y fortalecer los proyectos de investigaci\u00f3n\u201d, se\u00f1al\u00f3 Fern\u00e1ndez.<\/p>\n<p>La gira de seminarios de Propiedad Intelectual seguir\u00e1 durante el mes de Noviembre \u2013 por los diferentes Centros de Investigaci\u00f3n de INIA a lo largo del pa\u00eds, teniendo como pr\u00f3xima estaci\u00f3n el Centro Regional INIA Quilamapu, ubicado en Chill\u00e1n, regi\u00f3n de \u00d1uble.<\/p>\n<p>La Unidad de Propiedad Intelectual de INIA est\u00e1 encargada de gestionar los registros y la protecci\u00f3n de las invenciones generadas por los investigadores del Instituto. Su prop\u00f3sito es detectar tempranamente las oportunidades de negocio para aquellas tecnolog\u00edas con potencial de comercializaci\u00f3n, y proteger las invenciones y creaciones intelectuales de INIA. Asimismo, entrega apoyo en la b\u00fasqueda de informaci\u00f3n cient\u00edfica y de patentes a nivel mundial, y proporciona apoyo a iniciativas vinculantes con otras instituciones p\u00fablicas o privadas para facilitar la transferencia de informaci\u00f3n, comercializaci\u00f3n de productos y creaciones intelectuales de inter\u00e9s para INIA.<\/p>\n","protected":false},"excerpt":{"rendered":"<p>Se trata de un ciclo de seminarios para abordar la generaci\u00f3n de productos derivados del trabajo investigativo que realiza la instituci\u00f3n con una mirada de mercado para generar un mayor&#8230;<\/p>\n","protected":false},"author":3,"featured_media":9144,"comment_status":"closed","ping_status":"closed","sticky":false,"template":"","format":"standard","meta":{"footnotes":""},"categories":[1945],"tags":[2052,1859],"class_list":["post-9143","post","type-post","status-publish","format-standard","has-post-thumbnail","hentry","category-agricultura","tag-inia","tag-investigacion"],"yoast_head":"<!-- This site is optimized with the Yoast SEO plugin v26.6 - https:\/\/yoast.com\/wordpress\/plugins\/seo\/ -->\n<title>INIA realiza gira nacional de charlas sobre valorizaci\u00f3n de los resultados de la investigaci\u00f3n - Mundoagropecuario<\/title>\n<meta name=\"robots\" content=\"index, follow, max-snippet:-1, max-image-preview:large, max-video-preview:-1\" \/>\n<link rel=\"canonical\" href=\"https:\/\/www.mundoagropecuario.cl\/new\/inia-realiza-gira-nacional-de-charlas-sobre-valorizacion-de-los-resultados-de-la-investigacion\/\" \/>\n<meta property=\"og:locale\" content=\"es_ES\" \/>\n<meta property=\"og:type\" content=\"article\" \/>\n<meta property=\"og:title\" content=\"INIA realiza gira nacional de charlas sobre valorizaci\u00f3n de los resultados de la investigaci\u00f3n - Mundoagropecuario\" \/>\n<meta property=\"og:description\" content=\"Se trata de un ciclo de seminarios para abordar la generaci\u00f3n de productos derivados del trabajo investigativo que realiza la instituci\u00f3n con una mirada de mercado para generar un mayor...\" \/>\n<meta property=\"og:url\" content=\"https:\/\/www.mundoagropecuario.cl\/new\/inia-realiza-gira-nacional-de-charlas-sobre-valorizacion-de-los-resultados-de-la-investigacion\/\" \/>\n<meta property=\"og:site_name\" content=\"Mundoagropecuario\" \/>\n<meta property=\"article:publisher\" content=\"https:\/\/www.facebook.com\/mundo.agropecuario.3\" \/>\n<meta property=\"article:published_time\" content=\"2018-10-23T04:41:32+00:00\" \/>\n<meta property=\"article:modified_time\" content=\"2018-10-25T14:09:10+00:00\" \/>\n<meta property=\"og:image\" content=\"https:\/\/www.mundoagropecuario.cl\/new\/wp-content\/uploads\/2018\/10\/inia-quilamapu.jpg\" \/>\n\t<meta property=\"og:image:width\" content=\"1024\" \/>\n\t<meta property=\"og:image:height\" content=\"683\" \/>\n\t<meta property=\"og:image:type\" content=\"image\/jpeg\" \/>\n<meta name=\"author\" content=\"periodista\" \/>\n<meta name=\"twitter:card\" content=\"summary_large_image\" \/>\n<meta name=\"twitter:creator\" content=\"@MundoAgropecuar\" \/>\n<meta name=\"twitter:site\" content=\"@MundoAgropecuar\" \/>\n<meta name=\"twitter:label1\" content=\"Escrito por\" \/>\n\t<meta name=\"twitter:data1\" content=\"periodista\" \/>\n\t<meta name=\"twitter:label2\" content=\"Tiempo de lectura\" \/>\n\t<meta name=\"twitter:data2\" content=\"4 minutos\" \/>\n<script type=\"application\/ld+json\" class=\"yoast-schema-graph\">{\"@context\":\"https:\/\/schema.org\",\"@graph\":[{\"@type\":\"Article\",\"@id\":\"https:\/\/www.mundoagropecuario.cl\/new\/inia-realiza-gira-nacional-de-charlas-sobre-valorizacion-de-los-resultados-de-la-investigacion\/#article\",\"isPartOf\":{\"@id\":\"https:\/\/www.mundoagropecuario.cl\/new\/inia-realiza-gira-nacional-de-charlas-sobre-valorizacion-de-los-resultados-de-la-investigacion\/\"},\"author\":{\"name\":\"periodista\",\"@id\":\"https:\/\/www.mundoagropecuario.cl\/new\/#\/schema\/person\/0c221050801c74e45256a7a9a1ff0803\"},\"headline\":\"INIA realiza gira nacional de charlas sobre valorizaci\u00f3n de los resultados de la investigaci\u00f3n\",\"datePublished\":\"2018-10-23T04:41:32+00:00\",\"dateModified\":\"2018-10-25T14:09:10+00:00\",\"mainEntityOfPage\":{\"@id\":\"https:\/\/www.mundoagropecuario.cl\/new\/inia-realiza-gira-nacional-de-charlas-sobre-valorizacion-de-los-resultados-de-la-investigacion\/\"},\"wordCount\":728,\"publisher\":{\"@id\":\"https:\/\/www.mundoagropecuario.cl\/new\/#organization\"},\"image\":{\"@id\":\"https:\/\/www.mundoagropecuario.cl\/new\/inia-realiza-gira-nacional-de-charlas-sobre-valorizacion-de-los-resultados-de-la-investigacion\/#primaryimage\"},\"thumbnailUrl\":\"https:\/\/www.mundoagropecuario.cl\/new\/wp-content\/uploads\/2018\/10\/inia-quilamapu.jpg\",\"keywords\":[\"INIA\",\"Investigaci\u00f3n\"],\"articleSection\":[\"Agricultura\"],\"inLanguage\":\"es\"},{\"@type\":\"WebPage\",\"@id\":\"https:\/\/www.mundoagropecuario.cl\/new\/inia-realiza-gira-nacional-de-charlas-sobre-valorizacion-de-los-resultados-de-la-investigacion\/\",\"url\":\"https:\/\/www.mundoagropecuario.cl\/new\/inia-realiza-gira-nacional-de-charlas-sobre-valorizacion-de-los-resultados-de-la-investigacion\/\",\"name\":\"INIA realiza gira nacional de charlas sobre valorizaci\u00f3n de los resultados de la investigaci\u00f3n - Mundoagropecuario\",\"isPartOf\":{\"@id\":\"https:\/\/www.mundoagropecuario.cl\/new\/#website\"},\"primaryImageOfPage\":{\"@id\":\"https:\/\/www.mundoagropecuario.cl\/new\/inia-realiza-gira-nacional-de-charlas-sobre-valorizacion-de-los-resultados-de-la-investigacion\/#primaryimage\"},\"image\":{\"@id\":\"https:\/\/www.mundoagropecuario.cl\/new\/inia-realiza-gira-nacional-de-charlas-sobre-valorizacion-de-los-resultados-de-la-investigacion\/#primaryimage\"},\"thumbnailUrl\":\"https:\/\/www.mundoagropecuario.cl\/new\/wp-content\/uploads\/2018\/10\/inia-quilamapu.jpg\",\"datePublished\":\"2018-10-23T04:41:32+00:00\",\"dateModified\":\"2018-10-25T14:09:10+00:00\",\"breadcrumb\":{\"@id\":\"https:\/\/www.mundoagropecuario.cl\/new\/inia-realiza-gira-nacional-de-charlas-sobre-valorizacion-de-los-resultados-de-la-investigacion\/#breadcrumb\"},\"inLanguage\":\"es\",\"potentialAction\":[{\"@type\":\"ReadAction\",\"target\":[\"https:\/\/www.mundoagropecuario.cl\/new\/inia-realiza-gira-nacional-de-charlas-sobre-valorizacion-de-los-resultados-de-la-investigacion\/\"]}]},{\"@type\":\"ImageObject\",\"inLanguage\":\"es\",\"@id\":\"https:\/\/www.mundoagropecuario.cl\/new\/inia-realiza-gira-nacional-de-charlas-sobre-valorizacion-de-los-resultados-de-la-investigacion\/#primaryimage\",\"url\":\"https:\/\/www.mundoagropecuario.cl\/new\/wp-content\/uploads\/2018\/10\/inia-quilamapu.jpg\",\"contentUrl\":\"https:\/\/www.mundoagropecuario.cl\/new\/wp-content\/uploads\/2018\/10\/inia-quilamapu.jpg\",\"width\":600,\"height\":400},{\"@type\":\"BreadcrumbList\",\"@id\":\"https:\/\/www.mundoagropecuario.cl\/new\/inia-realiza-gira-nacional-de-charlas-sobre-valorizacion-de-los-resultados-de-la-investigacion\/#breadcrumb\",\"itemListElement\":[{\"@type\":\"ListItem\",\"position\":1,\"name\":\"Portada\",\"item\":\"https:\/\/www.mundoagropecuario.cl\/new\/\"},{\"@type\":\"ListItem\",\"position\":2,\"name\":\"INIA realiza gira nacional de charlas sobre valorizaci\u00f3n de los resultados de la investigaci\u00f3n\"}]},{\"@type\":\"WebSite\",\"@id\":\"https:\/\/www.mundoagropecuario.cl\/new\/#website\",\"url\":\"https:\/\/www.mundoagropecuario.cl\/new\/\",\"name\":\"Mundoagropecuario\",\"description\":\"Mundo Agropecuario\",\"publisher\":{\"@id\":\"https:\/\/www.mundoagropecuario.cl\/new\/#organization\"},\"potentialAction\":[{\"@type\":\"SearchAction\",\"target\":{\"@type\":\"EntryPoint\",\"urlTemplate\":\"https:\/\/www.mundoagropecuario.cl\/new\/?s={search_term_string}\"},\"query-input\":{\"@type\":\"PropertyValueSpecification\",\"valueRequired\":true,\"valueName\":\"search_term_string\"}}],\"inLanguage\":\"es\"},{\"@type\":\"Organization\",\"@id\":\"https:\/\/www.mundoagropecuario.cl\/new\/#organization\",\"name\":\"Revista de Agricultura\",\"url\":\"https:\/\/www.mundoagropecuario.cl\/new\/\",\"logo\":{\"@type\":\"ImageObject\",\"inLanguage\":\"es\",\"@id\":\"https:\/\/www.mundoagropecuario.cl\/new\/#\/schema\/logo\/image\/\",\"url\":\"https:\/\/www.mundoagropecuario.cl\/new\/wp-content\/uploads\/2020\/11\/PORTAL-1-1.png\",\"contentUrl\":\"https:\/\/www.mundoagropecuario.cl\/new\/wp-content\/uploads\/2020\/11\/PORTAL-1-1.png\",\"width\":1026,\"height\":100,\"caption\":\"Revista de Agricultura\"},\"image\":{\"@id\":\"https:\/\/www.mundoagropecuario.cl\/new\/#\/schema\/logo\/image\/\"},\"sameAs\":[\"https:\/\/www.facebook.com\/mundo.agropecuario.3\",\"https:\/\/x.com\/MundoAgropecuar\",\"https:\/\/www.linkedin.com\/in\/mundo-agropecuario-934009201\/\"]},{\"@type\":\"Person\",\"@id\":\"https:\/\/www.mundoagropecuario.cl\/new\/#\/schema\/person\/0c221050801c74e45256a7a9a1ff0803\",\"name\":\"periodista\",\"url\":\"https:\/\/www.mundoagropecuario.cl\/new\/author\/periodista\/\"}]}<\/script>\n<!-- \/ Yoast SEO plugin. -->","yoast_head_json":{"title":"INIA realiza gira nacional de charlas sobre valorizaci\u00f3n de los resultados de la investigaci\u00f3n - Mundoagropecuario","robots":{"index":"index","follow":"follow","max-snippet":"max-snippet:-1","max-image-preview":"max-image-preview:large","max-video-preview":"max-video-preview:-1"},"canonical":"https:\/\/www.mundoagropecuario.cl\/new\/inia-realiza-gira-nacional-de-charlas-sobre-valorizacion-de-los-resultados-de-la-investigacion\/","og_locale":"es_ES","og_type":"article","og_title":"INIA realiza gira nacional de charlas sobre valorizaci\u00f3n de los resultados de la investigaci\u00f3n - Mundoagropecuario","og_description":"Se trata de un ciclo de seminarios para abordar la generaci\u00f3n de productos derivados del trabajo investigativo que realiza la instituci\u00f3n con una mirada de mercado para generar un mayor...","og_url":"https:\/\/www.mundoagropecuario.cl\/new\/inia-realiza-gira-nacional-de-charlas-sobre-valorizacion-de-los-resultados-de-la-investigacion\/","og_site_name":"Mundoagropecuario","article_publisher":"https:\/\/www.facebook.com\/mundo.agropecuario.3","article_published_time":"2018-10-23T04:41:32+00:00","article_modified_time":"2018-10-25T14:09:10+00:00","og_image":[{"width":1024,"height":683,"url":"https:\/\/www.mundoagropecuario.cl\/new\/wp-content\/uploads\/2018\/10\/inia-quilamapu.jpg","type":"image\/jpeg"}],"author":"periodista","twitter_card":"summary_large_image","twitter_creator":"@MundoAgropecuar","twitter_site":"@MundoAgropecuar","twitter_misc":{"Escrito por":"periodista","Tiempo de lectura":"4 minutos"},"schema":{"@context":"https:\/\/schema.org","@graph":[{"@type":"Article","@id":"https:\/\/www.mundoagropecuario.cl\/new\/inia-realiza-gira-nacional-de-charlas-sobre-valorizacion-de-los-resultados-de-la-investigacion\/#article","isPartOf":{"@id":"https:\/\/www.mundoagropecuario.cl\/new\/inia-realiza-gira-nacional-de-charlas-sobre-valorizacion-de-los-resultados-de-la-investigacion\/"},"author":{"name":"periodista","@id":"https:\/\/www.mundoagropecuario.cl\/new\/#\/schema\/person\/0c221050801c74e45256a7a9a1ff0803"},"headline":"INIA realiza gira nacional de charlas sobre valorizaci\u00f3n de los resultados de la investigaci\u00f3n","datePublished":"2018-10-23T04:41:32+00:00","dateModified":"2018-10-25T14:09:10+00:00","mainEntityOfPage":{"@id":"https:\/\/www.mundoagropecuario.cl\/new\/inia-realiza-gira-nacional-de-charlas-sobre-valorizacion-de-los-resultados-de-la-investigacion\/"},"wordCount":728,"publisher":{"@id":"https:\/\/www.mundoagropecuario.cl\/new\/#organization"},"image":{"@id":"https:\/\/www.mundoagropecuario.cl\/new\/inia-realiza-gira-nacional-de-charlas-sobre-valorizacion-de-los-resultados-de-la-investigacion\/#primaryimage"},"thumbnailUrl":"https:\/\/www.mundoagropecuario.cl\/new\/wp-content\/uploads\/2018\/10\/inia-quilamapu.jpg","keywords":["INIA","Investigaci\u00f3n"],"articleSection":["Agricultura"],"inLanguage":"es"},{"@type":"WebPage","@id":"https:\/\/www.mundoagropecuario.cl\/new\/inia-realiza-gira-nacional-de-charlas-sobre-valorizacion-de-los-resultados-de-la-investigacion\/","url":"https:\/\/www.mundoagropecuario.cl\/new\/inia-realiza-gira-nacional-de-charlas-sobre-valorizacion-de-los-resultados-de-la-investigacion\/","name":"INIA realiza gira nacional de charlas sobre valorizaci\u00f3n de los resultados de la investigaci\u00f3n - Mundoagropecuario","isPartOf":{"@id":"https:\/\/www.mundoagropecuario.cl\/new\/#website"},"primaryImageOfPage":{"@id":"https:\/\/www.mundoagropecuario.cl\/new\/inia-realiza-gira-nacional-de-charlas-sobre-valorizacion-de-los-resultados-de-la-investigacion\/#primaryimage"},"image":{"@id":"https:\/\/www.mundoagropecuario.cl\/new\/inia-realiza-gira-nacional-de-charlas-sobre-valorizacion-de-los-resultados-de-la-investigacion\/#primaryimage"},"thumbnailUrl":"https:\/\/www.mundoagropecuario.cl\/new\/wp-content\/uploads\/2018\/10\/inia-quilamapu.jpg","datePublished":"2018-10-23T04:41:32+00:00","dateModified":"2018-10-25T14:09:10+00:00","breadcrumb":{"@id":"https:\/\/www.mundoagropecuario.cl\/new\/inia-realiza-gira-nacional-de-charlas-sobre-valorizacion-de-los-resultados-de-la-investigacion\/#breadcrumb"},"inLanguage":"es","potentialAction":[{"@type":"ReadAction","target":["https:\/\/www.mundoagropecuario.cl\/new\/inia-realiza-gira-nacional-de-charlas-sobre-valorizacion-de-los-resultados-de-la-investigacion\/"]}]},{"@type":"ImageObject","inLanguage":"es","@id":"https:\/\/www.mundoagropecuario.cl\/new\/inia-realiza-gira-nacional-de-charlas-sobre-valorizacion-de-los-resultados-de-la-investigacion\/#primaryimage","url":"https:\/\/www.mundoagropecuario.cl\/new\/wp-content\/uploads\/2018\/10\/inia-quilamapu.jpg","contentUrl":"https:\/\/www.mundoagropecuario.cl\/new\/wp-content\/uploads\/2018\/10\/inia-quilamapu.jpg","width":600,"height":400},{"@type":"BreadcrumbList","@id":"https:\/\/www.mundoagropecuario.cl\/new\/inia-realiza-gira-nacional-de-charlas-sobre-valorizacion-de-los-resultados-de-la-investigacion\/#breadcrumb","itemListElement":[{"@type":"ListItem","position":1,"name":"Portada","item":"https:\/\/www.mundoagropecuario.cl\/new\/"},{"@type":"ListItem","position":2,"name":"INIA realiza gira nacional de charlas sobre valorizaci\u00f3n de los resultados de la investigaci\u00f3n"}]},{"@type":"WebSite","@id":"https:\/\/www.mundoagropecuario.cl\/new\/#website","url":"https:\/\/www.mundoagropecuario.cl\/new\/","name":"Mundoagropecuario","description":"Mundo Agropecuario","publisher":{"@id":"https:\/\/www.mundoagropecuario.cl\/new\/#organization"},"potentialAction":[{"@type":"SearchAction","target":{"@type":"EntryPoint","urlTemplate":"https:\/\/www.mundoagropecuario.cl\/new\/?s={search_term_string}"},"query-input":{"@type":"PropertyValueSpecification","valueRequired":true,"valueName":"search_term_string"}}],"inLanguage":"es"},{"@type":"Organization","@id":"https:\/\/www.mundoagropecuario.cl\/new\/#organization","name":"Revista de Agricultura","url":"https:\/\/www.mundoagropecuario.cl\/new\/","logo":{"@type":"ImageObject","inLanguage":"es","@id":"https:\/\/www.mundoagropecuario.cl\/new\/#\/schema\/logo\/image\/","url":"https:\/\/www.mundoagropecuario.cl\/new\/wp-content\/uploads\/2020\/11\/PORTAL-1-1.png","contentUrl":"https:\/\/www.mundoagropecuario.cl\/new\/wp-content\/uploads\/2020\/11\/PORTAL-1-1.png","width":1026,"height":100,"caption":"Revista de Agricultura"},"image":{"@id":"https:\/\/www.mundoagropecuario.cl\/new\/#\/schema\/logo\/image\/"},"sameAs":["https:\/\/www.facebook.com\/mundo.agropecuario.3","https:\/\/x.com\/MundoAgropecuar","https:\/\/www.linkedin.com\/in\/mundo-agropecuario-934009201\/"]},{"@type":"Person","@id":"https:\/\/www.mundoagropecuario.cl\/new\/#\/schema\/person\/0c221050801c74e45256a7a9a1ff0803","name":"periodista","url":"https:\/\/www.mundoagropecuario.cl\/new\/author\/periodista\/"}]}},"_links":{"self":[{"href":"https:\/\/www.mundoagropecuario.cl\/new\/wp-json\/wp\/v2\/posts\/9143","targetHints":{"allow":["GET"]}}],"collection":[{"href":"https:\/\/www.mundoagropecuario.cl\/new\/wp-json\/wp\/v2\/posts"}],"about":[{"href":"https:\/\/www.mundoagropecuario.cl\/new\/wp-json\/wp\/v2\/types\/post"}],"author":[{"embeddable":true,"href":"https:\/\/www.mundoagropecuario.cl\/new\/wp-json\/wp\/v2\/users\/3"}],"replies":[{"embeddable":true,"href":"https:\/\/www.mundoagropecuario.cl\/new\/wp-json\/wp\/v2\/comments?post=9143"}],"version-history":[{"count":1,"href":"https:\/\/www.mundoagropecuario.cl\/new\/wp-json\/wp\/v2\/posts\/9143\/revisions"}],"predecessor-version":[{"id":9145,"href":"https:\/\/www.mundoagropecuario.cl\/new\/wp-json\/wp\/v2\/posts\/9143\/revisions\/9145"}],"wp:featuredmedia":[{"embeddable":true,"href":"https:\/\/www.mundoagropecuario.cl\/new\/wp-json\/wp\/v2\/media\/9144"}],"wp:attachment":[{"href":"https:\/\/www.mundoagropecuario.cl\/new\/wp-json\/wp\/v2\/media?parent=9143"}],"wp:term":[{"taxonomy":"category","embeddable":true,"href":"https:\/\/www.mundoagropecuario.cl\/new\/wp-json\/wp\/v2\/categories?post=9143"},{"taxonomy":"post_tag","embeddable":true,"href":"https:\/\/www.mundoagropecuario.cl\/new\/wp-json\/wp\/v2\/tags?post=9143"}],"curies":[{"name":"wp","href":"https:\/\/api.w.org\/{rel}","templated":true}]}}