{"id":9035,"date":"2018-10-11T01:00:40","date_gmt":"2018-10-11T04:00:40","guid":{"rendered":"http:\/\/www.mundoagropecuario.cl\/new\/?p=9035"},"modified":"2018-10-12T09:24:49","modified_gmt":"2018-10-12T12:24:49","slug":"alumnos-de-escuelas-agricolas-partiran-a-especializarse-en-lecheria-y-fruticultura-a-nueva-zelanda","status":"publish","type":"post","link":"https:\/\/www.mundoagropecuario.cl\/new\/alumnos-de-escuelas-agricolas-partiran-a-especializarse-en-lecheria-y-fruticultura-a-nueva-zelanda\/","title":{"rendered":"Alumnos de escuelas agr\u00edcolas partir\u00e1n a especializarse en lecher\u00eda y fruticultura a Nueva Zelanda"},"content":{"rendered":"<blockquote><p><em>Ministro de Agricultura, Antonio Walker, junto al Subsecretario de la cartera, Alfonso Vargas, les comunicaron la noticia a los alumnos de la Escuela Agr\u00edcola Las Garzas (Mundo Agropecuario).<\/em><\/p><\/blockquote>\n<p>Treinta y cinco alumnos de escuelas t\u00e9cnico-agr\u00edcolas de las regiones de O\u2019Higins; Maule; Valpara\u00edso, Los Lagos; Coquimbo; Los R\u00edos; La Araucan\u00eda; Ays\u00e9n y Biob\u00edo fueron seleccionados para realizar en Nueva Zelanda un a\u00f1o de especializaci\u00f3n en lecher\u00eda y fruticultura, gracias a la Beca Semillero Rural que es impulsada por el Ministerio de Agricultura a trav\u00e9s de la Fundaci\u00f3n de Comunicaciones, Capacitaci\u00f3n y Cultura del Agro (FUCOA).<\/p>\n<p>Este programa de estudios ha posibilitado que estudiantes de escuelas t\u00e9cnico-agr\u00edcolas de Chile, en su \u00faltimo a\u00f1o de ense\u00f1anza media, una vez egresados y contando con 18 a\u00f1os al momento de viajar, puedan continuar sus estudios en un programa de formaci\u00f3n en estas dos \u00e1reas tan relevantes para el desarrollo del sector agr\u00edcola nacional.<\/p>\n<p>\u201cEsta beca es muy importante para el Ministerio de Agricultura, hemos puesto el acento en fortalecer las pol\u00edticas p\u00fablicas que mejoren las bases del conocimiento de nuestros j\u00f3venes para que lo puedan aplicar en su realidad local. Aprovechen al m\u00e1ximo esta experiencia porque hay mucho que aprender as\u00ed es que muchas felicitaciones a los ganadores y estamos seguros de que lo van a hacer muy bien\u201d, se\u00f1al\u00f3 el Ministro de Agricultura, Antonio Walker, a los alumnos beneficiados de la Escuela Agr\u00edcola Las Garzas.<\/p>\n<p>En el caso de la fruticultura el programa de estudio est\u00e1 a cargo del instituto neozeland\u00e9s Otago Polytechnic y consta de 33 semanas, que comienzan con un reforzamiento del ingl\u00e9s y se introducen progresivamente al conocimiento de habilidades de producci\u00f3n de frutas. El objetivo de la pasant\u00eda laboral remunerada se basa en que los becarios obtengan habilidades de producci\u00f3n de frutas durante la temporada de mayor actividad del a\u00f1o.<\/p>\n<p>El programa de lecher\u00eda, en tanto, es impartido por el instituto NTA de Nueva Zelanda y consta de 52 semanas. En las primeras seis de ellas, los estudiantes reforzar\u00e1n el idioma ingl\u00e9s, con un programa preparado especialmente para ellos y en una segunda etapa, que consta de 10 a 12 semanas, recibir\u00e1n capacitaciones t\u00e9cnicas focalizadas en lecher\u00eda. Finalmente, los becados cumplir\u00e1n 34 semanas de pr\u00e1ctica laboral y trabajo en terreno.<\/p>\n<p>Tal como lo explic\u00f3 el Subsecretario de Agricultura, Alfonso Vargas, \u201cesta beca es muy importante para quienes estudian y viven en el campo chileno, el que tengan la posibilidad de ir a Nueva Zelanda a estudiar en dos rubros y contar con esa experiencia es inmensamente potente. Adem\u00e1s, el tema del idioma, hoy tambi\u00e9n en la agricultura es muy importante comunicarse en ingl\u00e9s y la experiencia para estos 35 j\u00f3venes el poder ver cultura y formas de trabajo diferentes para nosotros tiene una relevancia que es indescriptible\u201d.<\/p>\n<p>En su sexta versi\u00f3n, la Beca Semillero Rural ha beneficiado a 179 estudiantes, con un promedio de 30 estudiantes por a\u00f1o. De ellos, el 65% ha sido beneficiado con el programa de lecher\u00eda y el 35% con el programa de fruticultura.<\/p>\n","protected":false},"excerpt":{"rendered":"<p>Ministro de Agricultura, Antonio Walker, junto al Subsecretario de la cartera, Alfonso Vargas, les comunicaron la noticia a los alumnos de la Escuela Agr\u00edcola Las Garzas (Mundo Agropecuario). Treinta y&#8230;<\/p>\n","protected":false},"author":3,"featured_media":9036,"comment_status":"closed","ping_status":"closed","sticky":false,"template":"","format":"standard","meta":{"footnotes":""},"categories":[1952],"tags":[2650,2554,2035,2247,2651],"class_list":["post-9035","post","type-post","status-publish","format-standard","has-post-thumbnail","hentry","category-educacion","tag-beca","tag-lecherias","tag-minagri","tag-nueva-zelanda","tag-otago"],"yoast_head":"<!-- This site is optimized with the Yoast SEO plugin v26.6 - https:\/\/yoast.com\/wordpress\/plugins\/seo\/ -->\n<title>Alumnos de escuelas agr\u00edcolas partir\u00e1n a especializarse en lecher\u00eda y fruticultura a Nueva Zelanda - Mundoagropecuario<\/title>\n<meta name=\"robots\" content=\"index, follow, max-snippet:-1, max-image-preview:large, max-video-preview:-1\" \/>\n<link rel=\"canonical\" href=\"https:\/\/www.mundoagropecuario.cl\/new\/alumnos-de-escuelas-agricolas-partiran-a-especializarse-en-lecheria-y-fruticultura-a-nueva-zelanda\/\" \/>\n<meta property=\"og:locale\" content=\"es_ES\" \/>\n<meta property=\"og:type\" content=\"article\" \/>\n<meta property=\"og:title\" content=\"Alumnos de escuelas agr\u00edcolas partir\u00e1n a especializarse en lecher\u00eda y fruticultura a Nueva Zelanda - Mundoagropecuario\" \/>\n<meta property=\"og:description\" content=\"Ministro de Agricultura, Antonio Walker, junto al Subsecretario de la cartera, Alfonso Vargas, les comunicaron la noticia a los alumnos de la Escuela Agr\u00edcola Las Garzas (Mundo Agropecuario). Treinta y...\" \/>\n<meta property=\"og:url\" content=\"https:\/\/www.mundoagropecuario.cl\/new\/alumnos-de-escuelas-agricolas-partiran-a-especializarse-en-lecheria-y-fruticultura-a-nueva-zelanda\/\" \/>\n<meta property=\"og:site_name\" content=\"Mundoagropecuario\" \/>\n<meta property=\"article:publisher\" content=\"https:\/\/www.facebook.com\/mundo.agropecuario.3\" \/>\n<meta property=\"article:published_time\" content=\"2018-10-11T04:00:40+00:00\" \/>\n<meta property=\"article:modified_time\" content=\"2018-10-12T12:24:49+00:00\" \/>\n<meta property=\"og:image\" content=\"https:\/\/www.mundoagropecuario.cl\/new\/wp-content\/uploads\/2018\/10\/semillero.jpg\" \/>\n\t<meta property=\"og:image:width\" content=\"1009\" \/>\n\t<meta property=\"og:image:height\" content=\"668\" \/>\n\t<meta property=\"og:image:type\" content=\"image\/jpeg\" \/>\n<meta name=\"author\" content=\"periodista\" \/>\n<meta name=\"twitter:card\" content=\"summary_large_image\" \/>\n<meta name=\"twitter:creator\" content=\"@MundoAgropecuar\" \/>\n<meta name=\"twitter:site\" content=\"@MundoAgropecuar\" \/>\n<meta name=\"twitter:label1\" content=\"Escrito por\" \/>\n\t<meta name=\"twitter:data1\" content=\"periodista\" \/>\n\t<meta name=\"twitter:label2\" content=\"Tiempo de lectura\" \/>\n\t<meta name=\"twitter:data2\" content=\"3 minutos\" \/>\n<script type=\"application\/ld+json\" class=\"yoast-schema-graph\">{\"@context\":\"https:\/\/schema.org\",\"@graph\":[{\"@type\":\"Article\",\"@id\":\"https:\/\/www.mundoagropecuario.cl\/new\/alumnos-de-escuelas-agricolas-partiran-a-especializarse-en-lecheria-y-fruticultura-a-nueva-zelanda\/#article\",\"isPartOf\":{\"@id\":\"https:\/\/www.mundoagropecuario.cl\/new\/alumnos-de-escuelas-agricolas-partiran-a-especializarse-en-lecheria-y-fruticultura-a-nueva-zelanda\/\"},\"author\":{\"name\":\"periodista\",\"@id\":\"https:\/\/www.mundoagropecuario.cl\/new\/#\/schema\/person\/0c221050801c74e45256a7a9a1ff0803\"},\"headline\":\"Alumnos de escuelas agr\u00edcolas partir\u00e1n a especializarse en lecher\u00eda y fruticultura a Nueva Zelanda\",\"datePublished\":\"2018-10-11T04:00:40+00:00\",\"dateModified\":\"2018-10-12T12:24:49+00:00\",\"mainEntityOfPage\":{\"@id\":\"https:\/\/www.mundoagropecuario.cl\/new\/alumnos-de-escuelas-agricolas-partiran-a-especializarse-en-lecheria-y-fruticultura-a-nueva-zelanda\/\"},\"wordCount\":553,\"publisher\":{\"@id\":\"https:\/\/www.mundoagropecuario.cl\/new\/#organization\"},\"image\":{\"@id\":\"https:\/\/www.mundoagropecuario.cl\/new\/alumnos-de-escuelas-agricolas-partiran-a-especializarse-en-lecheria-y-fruticultura-a-nueva-zelanda\/#primaryimage\"},\"thumbnailUrl\":\"https:\/\/www.mundoagropecuario.cl\/new\/wp-content\/uploads\/2018\/10\/semillero.jpg\",\"keywords\":[\"beca\",\"lecher\u00edas\",\"Minagri\",\"Nueva Zelanda\",\"Otago\"],\"articleSection\":[\"Educaci\u00f3n\"],\"inLanguage\":\"es\"},{\"@type\":\"WebPage\",\"@id\":\"https:\/\/www.mundoagropecuario.cl\/new\/alumnos-de-escuelas-agricolas-partiran-a-especializarse-en-lecheria-y-fruticultura-a-nueva-zelanda\/\",\"url\":\"https:\/\/www.mundoagropecuario.cl\/new\/alumnos-de-escuelas-agricolas-partiran-a-especializarse-en-lecheria-y-fruticultura-a-nueva-zelanda\/\",\"name\":\"Alumnos de escuelas agr\u00edcolas partir\u00e1n a especializarse en lecher\u00eda y fruticultura a Nueva Zelanda - Mundoagropecuario\",\"isPartOf\":{\"@id\":\"https:\/\/www.mundoagropecuario.cl\/new\/#website\"},\"primaryImageOfPage\":{\"@id\":\"https:\/\/www.mundoagropecuario.cl\/new\/alumnos-de-escuelas-agricolas-partiran-a-especializarse-en-lecheria-y-fruticultura-a-nueva-zelanda\/#primaryimage\"},\"image\":{\"@id\":\"https:\/\/www.mundoagropecuario.cl\/new\/alumnos-de-escuelas-agricolas-partiran-a-especializarse-en-lecheria-y-fruticultura-a-nueva-zelanda\/#primaryimage\"},\"thumbnailUrl\":\"https:\/\/www.mundoagropecuario.cl\/new\/wp-content\/uploads\/2018\/10\/semillero.jpg\",\"datePublished\":\"2018-10-11T04:00:40+00:00\",\"dateModified\":\"2018-10-12T12:24:49+00:00\",\"breadcrumb\":{\"@id\":\"https:\/\/www.mundoagropecuario.cl\/new\/alumnos-de-escuelas-agricolas-partiran-a-especializarse-en-lecheria-y-fruticultura-a-nueva-zelanda\/#breadcrumb\"},\"inLanguage\":\"es\",\"potentialAction\":[{\"@type\":\"ReadAction\",\"target\":[\"https:\/\/www.mundoagropecuario.cl\/new\/alumnos-de-escuelas-agricolas-partiran-a-especializarse-en-lecheria-y-fruticultura-a-nueva-zelanda\/\"]}]},{\"@type\":\"ImageObject\",\"inLanguage\":\"es\",\"@id\":\"https:\/\/www.mundoagropecuario.cl\/new\/alumnos-de-escuelas-agricolas-partiran-a-especializarse-en-lecheria-y-fruticultura-a-nueva-zelanda\/#primaryimage\",\"url\":\"https:\/\/www.mundoagropecuario.cl\/new\/wp-content\/uploads\/2018\/10\/semillero.jpg\",\"contentUrl\":\"https:\/\/www.mundoagropecuario.cl\/new\/wp-content\/uploads\/2018\/10\/semillero.jpg\",\"width\":604,\"height\":400},{\"@type\":\"BreadcrumbList\",\"@id\":\"https:\/\/www.mundoagropecuario.cl\/new\/alumnos-de-escuelas-agricolas-partiran-a-especializarse-en-lecheria-y-fruticultura-a-nueva-zelanda\/#breadcrumb\",\"itemListElement\":[{\"@type\":\"ListItem\",\"position\":1,\"name\":\"Portada\",\"item\":\"https:\/\/www.mundoagropecuario.cl\/new\/\"},{\"@type\":\"ListItem\",\"position\":2,\"name\":\"Alumnos de escuelas agr\u00edcolas partir\u00e1n a especializarse en lecher\u00eda y fruticultura a Nueva Zelanda\"}]},{\"@type\":\"WebSite\",\"@id\":\"https:\/\/www.mundoagropecuario.cl\/new\/#website\",\"url\":\"https:\/\/www.mundoagropecuario.cl\/new\/\",\"name\":\"Mundoagropecuario\",\"description\":\"Mundo Agropecuario\",\"publisher\":{\"@id\":\"https:\/\/www.mundoagropecuario.cl\/new\/#organization\"},\"potentialAction\":[{\"@type\":\"SearchAction\",\"target\":{\"@type\":\"EntryPoint\",\"urlTemplate\":\"https:\/\/www.mundoagropecuario.cl\/new\/?s={search_term_string}\"},\"query-input\":{\"@type\":\"PropertyValueSpecification\",\"valueRequired\":true,\"valueName\":\"search_term_string\"}}],\"inLanguage\":\"es\"},{\"@type\":\"Organization\",\"@id\":\"https:\/\/www.mundoagropecuario.cl\/new\/#organization\",\"name\":\"Revista de Agricultura\",\"url\":\"https:\/\/www.mundoagropecuario.cl\/new\/\",\"logo\":{\"@type\":\"ImageObject\",\"inLanguage\":\"es\",\"@id\":\"https:\/\/www.mundoagropecuario.cl\/new\/#\/schema\/logo\/image\/\",\"url\":\"https:\/\/www.mundoagropecuario.cl\/new\/wp-content\/uploads\/2020\/11\/PORTAL-1-1.png\",\"contentUrl\":\"https:\/\/www.mundoagropecuario.cl\/new\/wp-content\/uploads\/2020\/11\/PORTAL-1-1.png\",\"width\":1026,\"height\":100,\"caption\":\"Revista de Agricultura\"},\"image\":{\"@id\":\"https:\/\/www.mundoagropecuario.cl\/new\/#\/schema\/logo\/image\/\"},\"sameAs\":[\"https:\/\/www.facebook.com\/mundo.agropecuario.3\",\"https:\/\/x.com\/MundoAgropecuar\",\"https:\/\/www.linkedin.com\/in\/mundo-agropecuario-934009201\/\"]},{\"@type\":\"Person\",\"@id\":\"https:\/\/www.mundoagropecuario.cl\/new\/#\/schema\/person\/0c221050801c74e45256a7a9a1ff0803\",\"name\":\"periodista\",\"url\":\"https:\/\/www.mundoagropecuario.cl\/new\/author\/periodista\/\"}]}<\/script>\n<!-- \/ Yoast SEO plugin. -->","yoast_head_json":{"title":"Alumnos de escuelas agr\u00edcolas partir\u00e1n a especializarse en lecher\u00eda y fruticultura a Nueva Zelanda - Mundoagropecuario","robots":{"index":"index","follow":"follow","max-snippet":"max-snippet:-1","max-image-preview":"max-image-preview:large","max-video-preview":"max-video-preview:-1"},"canonical":"https:\/\/www.mundoagropecuario.cl\/new\/alumnos-de-escuelas-agricolas-partiran-a-especializarse-en-lecheria-y-fruticultura-a-nueva-zelanda\/","og_locale":"es_ES","og_type":"article","og_title":"Alumnos de escuelas agr\u00edcolas partir\u00e1n a especializarse en lecher\u00eda y fruticultura a Nueva Zelanda - Mundoagropecuario","og_description":"Ministro de Agricultura, Antonio Walker, junto al Subsecretario de la cartera, Alfonso Vargas, les comunicaron la noticia a los alumnos de la Escuela Agr\u00edcola Las Garzas (Mundo Agropecuario). Treinta y...","og_url":"https:\/\/www.mundoagropecuario.cl\/new\/alumnos-de-escuelas-agricolas-partiran-a-especializarse-en-lecheria-y-fruticultura-a-nueva-zelanda\/","og_site_name":"Mundoagropecuario","article_publisher":"https:\/\/www.facebook.com\/mundo.agropecuario.3","article_published_time":"2018-10-11T04:00:40+00:00","article_modified_time":"2018-10-12T12:24:49+00:00","og_image":[{"width":1009,"height":668,"url":"https:\/\/www.mundoagropecuario.cl\/new\/wp-content\/uploads\/2018\/10\/semillero.jpg","type":"image\/jpeg"}],"author":"periodista","twitter_card":"summary_large_image","twitter_creator":"@MundoAgropecuar","twitter_site":"@MundoAgropecuar","twitter_misc":{"Escrito por":"periodista","Tiempo de lectura":"3 minutos"},"schema":{"@context":"https:\/\/schema.org","@graph":[{"@type":"Article","@id":"https:\/\/www.mundoagropecuario.cl\/new\/alumnos-de-escuelas-agricolas-partiran-a-especializarse-en-lecheria-y-fruticultura-a-nueva-zelanda\/#article","isPartOf":{"@id":"https:\/\/www.mundoagropecuario.cl\/new\/alumnos-de-escuelas-agricolas-partiran-a-especializarse-en-lecheria-y-fruticultura-a-nueva-zelanda\/"},"author":{"name":"periodista","@id":"https:\/\/www.mundoagropecuario.cl\/new\/#\/schema\/person\/0c221050801c74e45256a7a9a1ff0803"},"headline":"Alumnos de escuelas agr\u00edcolas partir\u00e1n a especializarse en lecher\u00eda y fruticultura a Nueva Zelanda","datePublished":"2018-10-11T04:00:40+00:00","dateModified":"2018-10-12T12:24:49+00:00","mainEntityOfPage":{"@id":"https:\/\/www.mundoagropecuario.cl\/new\/alumnos-de-escuelas-agricolas-partiran-a-especializarse-en-lecheria-y-fruticultura-a-nueva-zelanda\/"},"wordCount":553,"publisher":{"@id":"https:\/\/www.mundoagropecuario.cl\/new\/#organization"},"image":{"@id":"https:\/\/www.mundoagropecuario.cl\/new\/alumnos-de-escuelas-agricolas-partiran-a-especializarse-en-lecheria-y-fruticultura-a-nueva-zelanda\/#primaryimage"},"thumbnailUrl":"https:\/\/www.mundoagropecuario.cl\/new\/wp-content\/uploads\/2018\/10\/semillero.jpg","keywords":["beca","lecher\u00edas","Minagri","Nueva Zelanda","Otago"],"articleSection":["Educaci\u00f3n"],"inLanguage":"es"},{"@type":"WebPage","@id":"https:\/\/www.mundoagropecuario.cl\/new\/alumnos-de-escuelas-agricolas-partiran-a-especializarse-en-lecheria-y-fruticultura-a-nueva-zelanda\/","url":"https:\/\/www.mundoagropecuario.cl\/new\/alumnos-de-escuelas-agricolas-partiran-a-especializarse-en-lecheria-y-fruticultura-a-nueva-zelanda\/","name":"Alumnos de escuelas agr\u00edcolas partir\u00e1n a especializarse en lecher\u00eda y fruticultura a Nueva Zelanda - Mundoagropecuario","isPartOf":{"@id":"https:\/\/www.mundoagropecuario.cl\/new\/#website"},"primaryImageOfPage":{"@id":"https:\/\/www.mundoagropecuario.cl\/new\/alumnos-de-escuelas-agricolas-partiran-a-especializarse-en-lecheria-y-fruticultura-a-nueva-zelanda\/#primaryimage"},"image":{"@id":"https:\/\/www.mundoagropecuario.cl\/new\/alumnos-de-escuelas-agricolas-partiran-a-especializarse-en-lecheria-y-fruticultura-a-nueva-zelanda\/#primaryimage"},"thumbnailUrl":"https:\/\/www.mundoagropecuario.cl\/new\/wp-content\/uploads\/2018\/10\/semillero.jpg","datePublished":"2018-10-11T04:00:40+00:00","dateModified":"2018-10-12T12:24:49+00:00","breadcrumb":{"@id":"https:\/\/www.mundoagropecuario.cl\/new\/alumnos-de-escuelas-agricolas-partiran-a-especializarse-en-lecheria-y-fruticultura-a-nueva-zelanda\/#breadcrumb"},"inLanguage":"es","potentialAction":[{"@type":"ReadAction","target":["https:\/\/www.mundoagropecuario.cl\/new\/alumnos-de-escuelas-agricolas-partiran-a-especializarse-en-lecheria-y-fruticultura-a-nueva-zelanda\/"]}]},{"@type":"ImageObject","inLanguage":"es","@id":"https:\/\/www.mundoagropecuario.cl\/new\/alumnos-de-escuelas-agricolas-partiran-a-especializarse-en-lecheria-y-fruticultura-a-nueva-zelanda\/#primaryimage","url":"https:\/\/www.mundoagropecuario.cl\/new\/wp-content\/uploads\/2018\/10\/semillero.jpg","contentUrl":"https:\/\/www.mundoagropecuario.cl\/new\/wp-content\/uploads\/2018\/10\/semillero.jpg","width":604,"height":400},{"@type":"BreadcrumbList","@id":"https:\/\/www.mundoagropecuario.cl\/new\/alumnos-de-escuelas-agricolas-partiran-a-especializarse-en-lecheria-y-fruticultura-a-nueva-zelanda\/#breadcrumb","itemListElement":[{"@type":"ListItem","position":1,"name":"Portada","item":"https:\/\/www.mundoagropecuario.cl\/new\/"},{"@type":"ListItem","position":2,"name":"Alumnos de escuelas agr\u00edcolas partir\u00e1n a especializarse en lecher\u00eda y fruticultura a Nueva Zelanda"}]},{"@type":"WebSite","@id":"https:\/\/www.mundoagropecuario.cl\/new\/#website","url":"https:\/\/www.mundoagropecuario.cl\/new\/","name":"Mundoagropecuario","description":"Mundo Agropecuario","publisher":{"@id":"https:\/\/www.mundoagropecuario.cl\/new\/#organization"},"potentialAction":[{"@type":"SearchAction","target":{"@type":"EntryPoint","urlTemplate":"https:\/\/www.mundoagropecuario.cl\/new\/?s={search_term_string}"},"query-input":{"@type":"PropertyValueSpecification","valueRequired":true,"valueName":"search_term_string"}}],"inLanguage":"es"},{"@type":"Organization","@id":"https:\/\/www.mundoagropecuario.cl\/new\/#organization","name":"Revista de Agricultura","url":"https:\/\/www.mundoagropecuario.cl\/new\/","logo":{"@type":"ImageObject","inLanguage":"es","@id":"https:\/\/www.mundoagropecuario.cl\/new\/#\/schema\/logo\/image\/","url":"https:\/\/www.mundoagropecuario.cl\/new\/wp-content\/uploads\/2020\/11\/PORTAL-1-1.png","contentUrl":"https:\/\/www.mundoagropecuario.cl\/new\/wp-content\/uploads\/2020\/11\/PORTAL-1-1.png","width":1026,"height":100,"caption":"Revista de Agricultura"},"image":{"@id":"https:\/\/www.mundoagropecuario.cl\/new\/#\/schema\/logo\/image\/"},"sameAs":["https:\/\/www.facebook.com\/mundo.agropecuario.3","https:\/\/x.com\/MundoAgropecuar","https:\/\/www.linkedin.com\/in\/mundo-agropecuario-934009201\/"]},{"@type":"Person","@id":"https:\/\/www.mundoagropecuario.cl\/new\/#\/schema\/person\/0c221050801c74e45256a7a9a1ff0803","name":"periodista","url":"https:\/\/www.mundoagropecuario.cl\/new\/author\/periodista\/"}]}},"_links":{"self":[{"href":"https:\/\/www.mundoagropecuario.cl\/new\/wp-json\/wp\/v2\/posts\/9035","targetHints":{"allow":["GET"]}}],"collection":[{"href":"https:\/\/www.mundoagropecuario.cl\/new\/wp-json\/wp\/v2\/posts"}],"about":[{"href":"https:\/\/www.mundoagropecuario.cl\/new\/wp-json\/wp\/v2\/types\/post"}],"author":[{"embeddable":true,"href":"https:\/\/www.mundoagropecuario.cl\/new\/wp-json\/wp\/v2\/users\/3"}],"replies":[{"embeddable":true,"href":"https:\/\/www.mundoagropecuario.cl\/new\/wp-json\/wp\/v2\/comments?post=9035"}],"version-history":[{"count":1,"href":"https:\/\/www.mundoagropecuario.cl\/new\/wp-json\/wp\/v2\/posts\/9035\/revisions"}],"predecessor-version":[{"id":9037,"href":"https:\/\/www.mundoagropecuario.cl\/new\/wp-json\/wp\/v2\/posts\/9035\/revisions\/9037"}],"wp:featuredmedia":[{"embeddable":true,"href":"https:\/\/www.mundoagropecuario.cl\/new\/wp-json\/wp\/v2\/media\/9036"}],"wp:attachment":[{"href":"https:\/\/www.mundoagropecuario.cl\/new\/wp-json\/wp\/v2\/media?parent=9035"}],"wp:term":[{"taxonomy":"category","embeddable":true,"href":"https:\/\/www.mundoagropecuario.cl\/new\/wp-json\/wp\/v2\/categories?post=9035"},{"taxonomy":"post_tag","embeddable":true,"href":"https:\/\/www.mundoagropecuario.cl\/new\/wp-json\/wp\/v2\/tags?post=9035"}],"curies":[{"name":"wp","href":"https:\/\/api.w.org\/{rel}","templated":true}]}}