{"id":9029,"date":"2018-10-11T01:00:43","date_gmt":"2018-10-11T04:00:43","guid":{"rendered":"http:\/\/www.mundoagropecuario.cl\/new\/?p=9029"},"modified":"2018-10-10T20:51:20","modified_gmt":"2018-10-10T23:51:20","slug":"proyecto-fortalece-capacidades-asociativas-y-de-innovacion-en-productores-horticolas","status":"publish","type":"post","link":"https:\/\/www.mundoagropecuario.cl\/new\/proyecto-fortalece-capacidades-asociativas-y-de-innovacion-en-productores-horticolas\/","title":{"rendered":"Proyecto fortalece capacidades asociativas y de innovaci\u00f3n en productores hort\u00edcolas"},"content":{"rendered":"<blockquote><p><em>Representantes del sector hort\u00edcola asistieron a un taller, en el Campus Isla Teja de la UACh en Valdivia, que tuvo como expositores a la Gerente de la empresa PLANGEN, Neri Carrasco y al Gerente de la Uni\u00f3n Nacional de Agricultura Campesina Cooperativa (UNAF), Francisco Ser\u00f3n (Mundo Agropecuario).<\/em><\/p><\/blockquote>\n<p>Como parte de sus actividades, el proyecto PYT 2017-0368 \u201cPrograma de Innovaci\u00f3n y Creaci\u00f3n de Valor, en los sectores Agropecuario, Alimentario y Forestal de la Regi\u00f3n de Los R\u00edos\u201d, efectu\u00f3 una capacitaci\u00f3n a los beneficiarios de la Mesa Hort\u00edcola de esta iniciativa.<\/p>\n<p>Este proyecto es financiado conjuntamente por FIA y GORE Regi\u00f3n de Los R\u00edos en el marco de la licitaci\u00f3n \u201cPrograma de innovaci\u00f3n regi\u00f3n de los R\u00edos\u201d y\u00a0\u00a0 ejecutado por la Facultad de Ciencias Agrarias de la Universidad Austral de Chile.<\/p>\n<p>En este contexto, representantes del sector hort\u00edcola asistieron a un taller, en el Campus Isla Teja de la UACh en Valdivia, que tuvo como expositores a la Gerente de la empresa PLANGEN, Neri Carrasco y al Gerente de la Uni\u00f3n Nacional de Agricultura Campesina Cooperativa (UNAF), Francisco Ser\u00f3n.<\/p>\n<p>La coordinada del Proyecto, Dra. Carolina Lizana, acad\u00e9mica del Instituto de Producci\u00f3n y Sanidad Vegetal de esta casa de estudios, se\u00f1al\u00f3 que el objetivo principal fue que los beneficiarios de este sector pudieran visualizar modelos de negocios y generar capacidades de innovaci\u00f3n para su rubro.<\/p>\n<p>\u201cPor eso se mostr\u00f3 la experiencia de una empresa de gesti\u00f3n en innovaci\u00f3n y un modelo de negocios que involucra capacidades de peque\u00f1os agricultores para abastecer el desarrollo de productos con valor agregado en el \u00e1rea de hortalizas\u201d, sostuvo la docente.<\/p>\n<p>En tanto, Cesar Mu\u00f1oz, Gerente del Proyecto, indic\u00f3 que uno de los aspectos de mayor valor de esta actividad fue el inter\u00e9s de los agricultores por emprender en nuevas l\u00edneas productivas o de procesos de agregaci\u00f3n de valor, as\u00ed como la importancia de la asociatividad como herramienta para la generaci\u00f3n de negocios sustentables en el tiempo.<\/p>\n<p><strong>Expositores<\/strong><\/p>\n<p>Neri Carrasco se\u00f1al\u00f3 que la idea de su exposici\u00f3n fue dar a conocer las l\u00edneas de acci\u00f3n de la empresa y c\u00f3mo se puede encadenar con la agricultura familiar campesina principalmente de la zona de San Jos\u00e9 de la Marquina y M\u00e1fil.<\/p>\n<p>\u201cSomos una instituci\u00f3n dedicada a la producci\u00f3n de plantas nativas, al desarrollo gen\u00e9tico, de paquetes tecnol\u00f3gicos y a la producci\u00f3n de hortalizas y en esta \u00faltima l\u00ednea es donde queremos interactuar con el proyecto de la universidad, de tal manera de hacer un piloto de desarrollo para acopiar, procesar y vender estos productos\u201d, explic\u00f3 la representante de PLANGEN.<\/p>\n<p>A su vez, Francisco Ser\u00f3n, gerente de la Uni\u00f3n Nacional de Agricultura Campesina Cooperativa, present\u00f3 el modelo empresarial cooperativo, instrumento que, seg\u00fan indic\u00f3, \u201cpermite a los campesinos sin mucho capital generar una empresa de valor\u201d.<\/p>\n<p>Expres\u00f3 que la gesti\u00f3n colectiva diferencia a las cooperativas de las empresas tradicionales, ya que \u201ces una oportunidad de negocio importante, una herramienta inclusiva, porque gente con pocos recursos puede llegar a tener grandes capitales\u201d.<\/p>\n<p>Aunque sostuvo que no es el \u00fanico camino, se\u00f1al\u00f3 que muy importante ya que existen experiencias exitosas, a nivel nacional e internacional en esta materia. Eso s\u00ed, dijo que se requiere para su desarrollo orientaci\u00f3n pol\u00edtica del estado y acciones de formaci\u00f3n.<\/p>\n","protected":false},"excerpt":{"rendered":"<p>Representantes del sector hort\u00edcola asistieron a un taller, en el Campus Isla Teja de la UACh en Valdivia, que tuvo como expositores a la Gerente de la empresa PLANGEN, Neri&#8230;<\/p>\n","protected":false},"author":3,"featured_media":9030,"comment_status":"closed","ping_status":"closed","sticky":false,"template":"","format":"standard","meta":{"footnotes":""},"categories":[1945],"tags":[2124,2647,2628,2646,578,2211],"class_list":["post-9029","post","type-post","status-publish","format-standard","has-post-thumbnail","hentry","category-agricultura","tag-fia","tag-gore","tag-los-rios","tag-san-jose-de-la-mariquina","tag-uach","tag-valdivia"],"yoast_head":"<!-- This site is optimized with the Yoast SEO plugin v26.6 - https:\/\/yoast.com\/wordpress\/plugins\/seo\/ -->\n<title>Proyecto fortalece capacidades asociativas y de innovaci\u00f3n en productores hort\u00edcolas - Mundoagropecuario<\/title>\n<meta name=\"robots\" content=\"index, follow, max-snippet:-1, max-image-preview:large, max-video-preview:-1\" \/>\n<link rel=\"canonical\" href=\"https:\/\/www.mundoagropecuario.cl\/new\/proyecto-fortalece-capacidades-asociativas-y-de-innovacion-en-productores-horticolas\/\" \/>\n<meta property=\"og:locale\" content=\"es_ES\" \/>\n<meta property=\"og:type\" content=\"article\" \/>\n<meta property=\"og:title\" content=\"Proyecto fortalece capacidades asociativas y de innovaci\u00f3n en productores hort\u00edcolas - Mundoagropecuario\" \/>\n<meta property=\"og:description\" content=\"Representantes del sector hort\u00edcola asistieron a un taller, en el Campus Isla Teja de la UACh en Valdivia, que tuvo como expositores a la Gerente de la empresa PLANGEN, Neri...\" \/>\n<meta property=\"og:url\" content=\"https:\/\/www.mundoagropecuario.cl\/new\/proyecto-fortalece-capacidades-asociativas-y-de-innovacion-en-productores-horticolas\/\" \/>\n<meta property=\"og:site_name\" content=\"Mundoagropecuario\" \/>\n<meta property=\"article:publisher\" content=\"https:\/\/www.facebook.com\/mundo.agropecuario.3\" \/>\n<meta property=\"article:published_time\" content=\"2018-10-11T04:00:43+00:00\" \/>\n<meta property=\"og:image\" content=\"https:\/\/www.mundoagropecuario.cl\/new\/wp-content\/uploads\/2018\/10\/horticolas.jpg\" \/>\n\t<meta property=\"og:image:width\" content=\"1024\" \/>\n\t<meta property=\"og:image:height\" content=\"683\" \/>\n\t<meta property=\"og:image:type\" content=\"image\/jpeg\" \/>\n<meta name=\"author\" content=\"periodista\" \/>\n<meta name=\"twitter:card\" content=\"summary_large_image\" \/>\n<meta name=\"twitter:creator\" content=\"@MundoAgropecuar\" \/>\n<meta name=\"twitter:site\" content=\"@MundoAgropecuar\" \/>\n<meta name=\"twitter:label1\" content=\"Escrito por\" \/>\n\t<meta name=\"twitter:data1\" content=\"periodista\" \/>\n\t<meta name=\"twitter:label2\" content=\"Tiempo de lectura\" \/>\n\t<meta name=\"twitter:data2\" content=\"3 minutos\" \/>\n<script type=\"application\/ld+json\" class=\"yoast-schema-graph\">{\"@context\":\"https:\/\/schema.org\",\"@graph\":[{\"@type\":\"Article\",\"@id\":\"https:\/\/www.mundoagropecuario.cl\/new\/proyecto-fortalece-capacidades-asociativas-y-de-innovacion-en-productores-horticolas\/#article\",\"isPartOf\":{\"@id\":\"https:\/\/www.mundoagropecuario.cl\/new\/proyecto-fortalece-capacidades-asociativas-y-de-innovacion-en-productores-horticolas\/\"},\"author\":{\"name\":\"periodista\",\"@id\":\"https:\/\/www.mundoagropecuario.cl\/new\/#\/schema\/person\/0c221050801c74e45256a7a9a1ff0803\"},\"headline\":\"Proyecto fortalece capacidades asociativas y de innovaci\u00f3n en productores hort\u00edcolas\",\"datePublished\":\"2018-10-11T04:00:43+00:00\",\"mainEntityOfPage\":{\"@id\":\"https:\/\/www.mundoagropecuario.cl\/new\/proyecto-fortalece-capacidades-asociativas-y-de-innovacion-en-productores-horticolas\/\"},\"wordCount\":594,\"publisher\":{\"@id\":\"https:\/\/www.mundoagropecuario.cl\/new\/#organization\"},\"image\":{\"@id\":\"https:\/\/www.mundoagropecuario.cl\/new\/proyecto-fortalece-capacidades-asociativas-y-de-innovacion-en-productores-horticolas\/#primaryimage\"},\"thumbnailUrl\":\"https:\/\/www.mundoagropecuario.cl\/new\/wp-content\/uploads\/2018\/10\/horticolas.jpg\",\"keywords\":[\"FIA\",\"GORE\",\"Los R\u00edos\",\"San Jos\u00e9 de la Mariquina\",\"UACh\",\"Valdivia\"],\"articleSection\":[\"Agricultura\"],\"inLanguage\":\"es\"},{\"@type\":\"WebPage\",\"@id\":\"https:\/\/www.mundoagropecuario.cl\/new\/proyecto-fortalece-capacidades-asociativas-y-de-innovacion-en-productores-horticolas\/\",\"url\":\"https:\/\/www.mundoagropecuario.cl\/new\/proyecto-fortalece-capacidades-asociativas-y-de-innovacion-en-productores-horticolas\/\",\"name\":\"Proyecto fortalece capacidades asociativas y de innovaci\u00f3n en productores hort\u00edcolas - Mundoagropecuario\",\"isPartOf\":{\"@id\":\"https:\/\/www.mundoagropecuario.cl\/new\/#website\"},\"primaryImageOfPage\":{\"@id\":\"https:\/\/www.mundoagropecuario.cl\/new\/proyecto-fortalece-capacidades-asociativas-y-de-innovacion-en-productores-horticolas\/#primaryimage\"},\"image\":{\"@id\":\"https:\/\/www.mundoagropecuario.cl\/new\/proyecto-fortalece-capacidades-asociativas-y-de-innovacion-en-productores-horticolas\/#primaryimage\"},\"thumbnailUrl\":\"https:\/\/www.mundoagropecuario.cl\/new\/wp-content\/uploads\/2018\/10\/horticolas.jpg\",\"datePublished\":\"2018-10-11T04:00:43+00:00\",\"breadcrumb\":{\"@id\":\"https:\/\/www.mundoagropecuario.cl\/new\/proyecto-fortalece-capacidades-asociativas-y-de-innovacion-en-productores-horticolas\/#breadcrumb\"},\"inLanguage\":\"es\",\"potentialAction\":[{\"@type\":\"ReadAction\",\"target\":[\"https:\/\/www.mundoagropecuario.cl\/new\/proyecto-fortalece-capacidades-asociativas-y-de-innovacion-en-productores-horticolas\/\"]}]},{\"@type\":\"ImageObject\",\"inLanguage\":\"es\",\"@id\":\"https:\/\/www.mundoagropecuario.cl\/new\/proyecto-fortalece-capacidades-asociativas-y-de-innovacion-en-productores-horticolas\/#primaryimage\",\"url\":\"https:\/\/www.mundoagropecuario.cl\/new\/wp-content\/uploads\/2018\/10\/horticolas.jpg\",\"contentUrl\":\"https:\/\/www.mundoagropecuario.cl\/new\/wp-content\/uploads\/2018\/10\/horticolas.jpg\",\"width\":600,\"height\":400},{\"@type\":\"BreadcrumbList\",\"@id\":\"https:\/\/www.mundoagropecuario.cl\/new\/proyecto-fortalece-capacidades-asociativas-y-de-innovacion-en-productores-horticolas\/#breadcrumb\",\"itemListElement\":[{\"@type\":\"ListItem\",\"position\":1,\"name\":\"Portada\",\"item\":\"https:\/\/www.mundoagropecuario.cl\/new\/\"},{\"@type\":\"ListItem\",\"position\":2,\"name\":\"Proyecto fortalece capacidades asociativas y de innovaci\u00f3n en productores hort\u00edcolas\"}]},{\"@type\":\"WebSite\",\"@id\":\"https:\/\/www.mundoagropecuario.cl\/new\/#website\",\"url\":\"https:\/\/www.mundoagropecuario.cl\/new\/\",\"name\":\"Mundoagropecuario\",\"description\":\"Mundo Agropecuario\",\"publisher\":{\"@id\":\"https:\/\/www.mundoagropecuario.cl\/new\/#organization\"},\"potentialAction\":[{\"@type\":\"SearchAction\",\"target\":{\"@type\":\"EntryPoint\",\"urlTemplate\":\"https:\/\/www.mundoagropecuario.cl\/new\/?s={search_term_string}\"},\"query-input\":{\"@type\":\"PropertyValueSpecification\",\"valueRequired\":true,\"valueName\":\"search_term_string\"}}],\"inLanguage\":\"es\"},{\"@type\":\"Organization\",\"@id\":\"https:\/\/www.mundoagropecuario.cl\/new\/#organization\",\"name\":\"Revista de Agricultura\",\"url\":\"https:\/\/www.mundoagropecuario.cl\/new\/\",\"logo\":{\"@type\":\"ImageObject\",\"inLanguage\":\"es\",\"@id\":\"https:\/\/www.mundoagropecuario.cl\/new\/#\/schema\/logo\/image\/\",\"url\":\"https:\/\/www.mundoagropecuario.cl\/new\/wp-content\/uploads\/2020\/11\/PORTAL-1-1.png\",\"contentUrl\":\"https:\/\/www.mundoagropecuario.cl\/new\/wp-content\/uploads\/2020\/11\/PORTAL-1-1.png\",\"width\":1026,\"height\":100,\"caption\":\"Revista de Agricultura\"},\"image\":{\"@id\":\"https:\/\/www.mundoagropecuario.cl\/new\/#\/schema\/logo\/image\/\"},\"sameAs\":[\"https:\/\/www.facebook.com\/mundo.agropecuario.3\",\"https:\/\/x.com\/MundoAgropecuar\",\"https:\/\/www.linkedin.com\/in\/mundo-agropecuario-934009201\/\"]},{\"@type\":\"Person\",\"@id\":\"https:\/\/www.mundoagropecuario.cl\/new\/#\/schema\/person\/0c221050801c74e45256a7a9a1ff0803\",\"name\":\"periodista\",\"url\":\"https:\/\/www.mundoagropecuario.cl\/new\/author\/periodista\/\"}]}<\/script>\n<!-- \/ Yoast SEO plugin. -->","yoast_head_json":{"title":"Proyecto fortalece capacidades asociativas y de innovaci\u00f3n en productores hort\u00edcolas - Mundoagropecuario","robots":{"index":"index","follow":"follow","max-snippet":"max-snippet:-1","max-image-preview":"max-image-preview:large","max-video-preview":"max-video-preview:-1"},"canonical":"https:\/\/www.mundoagropecuario.cl\/new\/proyecto-fortalece-capacidades-asociativas-y-de-innovacion-en-productores-horticolas\/","og_locale":"es_ES","og_type":"article","og_title":"Proyecto fortalece capacidades asociativas y de innovaci\u00f3n en productores hort\u00edcolas - Mundoagropecuario","og_description":"Representantes del sector hort\u00edcola asistieron a un taller, en el Campus Isla Teja de la UACh en Valdivia, que tuvo como expositores a la Gerente de la empresa PLANGEN, Neri...","og_url":"https:\/\/www.mundoagropecuario.cl\/new\/proyecto-fortalece-capacidades-asociativas-y-de-innovacion-en-productores-horticolas\/","og_site_name":"Mundoagropecuario","article_publisher":"https:\/\/www.facebook.com\/mundo.agropecuario.3","article_published_time":"2018-10-11T04:00:43+00:00","og_image":[{"width":1024,"height":683,"url":"https:\/\/www.mundoagropecuario.cl\/new\/wp-content\/uploads\/2018\/10\/horticolas.jpg","type":"image\/jpeg"}],"author":"periodista","twitter_card":"summary_large_image","twitter_creator":"@MundoAgropecuar","twitter_site":"@MundoAgropecuar","twitter_misc":{"Escrito por":"periodista","Tiempo de lectura":"3 minutos"},"schema":{"@context":"https:\/\/schema.org","@graph":[{"@type":"Article","@id":"https:\/\/www.mundoagropecuario.cl\/new\/proyecto-fortalece-capacidades-asociativas-y-de-innovacion-en-productores-horticolas\/#article","isPartOf":{"@id":"https:\/\/www.mundoagropecuario.cl\/new\/proyecto-fortalece-capacidades-asociativas-y-de-innovacion-en-productores-horticolas\/"},"author":{"name":"periodista","@id":"https:\/\/www.mundoagropecuario.cl\/new\/#\/schema\/person\/0c221050801c74e45256a7a9a1ff0803"},"headline":"Proyecto fortalece capacidades asociativas y de innovaci\u00f3n en productores hort\u00edcolas","datePublished":"2018-10-11T04:00:43+00:00","mainEntityOfPage":{"@id":"https:\/\/www.mundoagropecuario.cl\/new\/proyecto-fortalece-capacidades-asociativas-y-de-innovacion-en-productores-horticolas\/"},"wordCount":594,"publisher":{"@id":"https:\/\/www.mundoagropecuario.cl\/new\/#organization"},"image":{"@id":"https:\/\/www.mundoagropecuario.cl\/new\/proyecto-fortalece-capacidades-asociativas-y-de-innovacion-en-productores-horticolas\/#primaryimage"},"thumbnailUrl":"https:\/\/www.mundoagropecuario.cl\/new\/wp-content\/uploads\/2018\/10\/horticolas.jpg","keywords":["FIA","GORE","Los R\u00edos","San Jos\u00e9 de la Mariquina","UACh","Valdivia"],"articleSection":["Agricultura"],"inLanguage":"es"},{"@type":"WebPage","@id":"https:\/\/www.mundoagropecuario.cl\/new\/proyecto-fortalece-capacidades-asociativas-y-de-innovacion-en-productores-horticolas\/","url":"https:\/\/www.mundoagropecuario.cl\/new\/proyecto-fortalece-capacidades-asociativas-y-de-innovacion-en-productores-horticolas\/","name":"Proyecto fortalece capacidades asociativas y de innovaci\u00f3n en productores hort\u00edcolas - Mundoagropecuario","isPartOf":{"@id":"https:\/\/www.mundoagropecuario.cl\/new\/#website"},"primaryImageOfPage":{"@id":"https:\/\/www.mundoagropecuario.cl\/new\/proyecto-fortalece-capacidades-asociativas-y-de-innovacion-en-productores-horticolas\/#primaryimage"},"image":{"@id":"https:\/\/www.mundoagropecuario.cl\/new\/proyecto-fortalece-capacidades-asociativas-y-de-innovacion-en-productores-horticolas\/#primaryimage"},"thumbnailUrl":"https:\/\/www.mundoagropecuario.cl\/new\/wp-content\/uploads\/2018\/10\/horticolas.jpg","datePublished":"2018-10-11T04:00:43+00:00","breadcrumb":{"@id":"https:\/\/www.mundoagropecuario.cl\/new\/proyecto-fortalece-capacidades-asociativas-y-de-innovacion-en-productores-horticolas\/#breadcrumb"},"inLanguage":"es","potentialAction":[{"@type":"ReadAction","target":["https:\/\/www.mundoagropecuario.cl\/new\/proyecto-fortalece-capacidades-asociativas-y-de-innovacion-en-productores-horticolas\/"]}]},{"@type":"ImageObject","inLanguage":"es","@id":"https:\/\/www.mundoagropecuario.cl\/new\/proyecto-fortalece-capacidades-asociativas-y-de-innovacion-en-productores-horticolas\/#primaryimage","url":"https:\/\/www.mundoagropecuario.cl\/new\/wp-content\/uploads\/2018\/10\/horticolas.jpg","contentUrl":"https:\/\/www.mundoagropecuario.cl\/new\/wp-content\/uploads\/2018\/10\/horticolas.jpg","width":600,"height":400},{"@type":"BreadcrumbList","@id":"https:\/\/www.mundoagropecuario.cl\/new\/proyecto-fortalece-capacidades-asociativas-y-de-innovacion-en-productores-horticolas\/#breadcrumb","itemListElement":[{"@type":"ListItem","position":1,"name":"Portada","item":"https:\/\/www.mundoagropecuario.cl\/new\/"},{"@type":"ListItem","position":2,"name":"Proyecto fortalece capacidades asociativas y de innovaci\u00f3n en productores hort\u00edcolas"}]},{"@type":"WebSite","@id":"https:\/\/www.mundoagropecuario.cl\/new\/#website","url":"https:\/\/www.mundoagropecuario.cl\/new\/","name":"Mundoagropecuario","description":"Mundo Agropecuario","publisher":{"@id":"https:\/\/www.mundoagropecuario.cl\/new\/#organization"},"potentialAction":[{"@type":"SearchAction","target":{"@type":"EntryPoint","urlTemplate":"https:\/\/www.mundoagropecuario.cl\/new\/?s={search_term_string}"},"query-input":{"@type":"PropertyValueSpecification","valueRequired":true,"valueName":"search_term_string"}}],"inLanguage":"es"},{"@type":"Organization","@id":"https:\/\/www.mundoagropecuario.cl\/new\/#organization","name":"Revista de Agricultura","url":"https:\/\/www.mundoagropecuario.cl\/new\/","logo":{"@type":"ImageObject","inLanguage":"es","@id":"https:\/\/www.mundoagropecuario.cl\/new\/#\/schema\/logo\/image\/","url":"https:\/\/www.mundoagropecuario.cl\/new\/wp-content\/uploads\/2020\/11\/PORTAL-1-1.png","contentUrl":"https:\/\/www.mundoagropecuario.cl\/new\/wp-content\/uploads\/2020\/11\/PORTAL-1-1.png","width":1026,"height":100,"caption":"Revista de Agricultura"},"image":{"@id":"https:\/\/www.mundoagropecuario.cl\/new\/#\/schema\/logo\/image\/"},"sameAs":["https:\/\/www.facebook.com\/mundo.agropecuario.3","https:\/\/x.com\/MundoAgropecuar","https:\/\/www.linkedin.com\/in\/mundo-agropecuario-934009201\/"]},{"@type":"Person","@id":"https:\/\/www.mundoagropecuario.cl\/new\/#\/schema\/person\/0c221050801c74e45256a7a9a1ff0803","name":"periodista","url":"https:\/\/www.mundoagropecuario.cl\/new\/author\/periodista\/"}]}},"_links":{"self":[{"href":"https:\/\/www.mundoagropecuario.cl\/new\/wp-json\/wp\/v2\/posts\/9029","targetHints":{"allow":["GET"]}}],"collection":[{"href":"https:\/\/www.mundoagropecuario.cl\/new\/wp-json\/wp\/v2\/posts"}],"about":[{"href":"https:\/\/www.mundoagropecuario.cl\/new\/wp-json\/wp\/v2\/types\/post"}],"author":[{"embeddable":true,"href":"https:\/\/www.mundoagropecuario.cl\/new\/wp-json\/wp\/v2\/users\/3"}],"replies":[{"embeddable":true,"href":"https:\/\/www.mundoagropecuario.cl\/new\/wp-json\/wp\/v2\/comments?post=9029"}],"version-history":[{"count":1,"href":"https:\/\/www.mundoagropecuario.cl\/new\/wp-json\/wp\/v2\/posts\/9029\/revisions"}],"predecessor-version":[{"id":9031,"href":"https:\/\/www.mundoagropecuario.cl\/new\/wp-json\/wp\/v2\/posts\/9029\/revisions\/9031"}],"wp:featuredmedia":[{"embeddable":true,"href":"https:\/\/www.mundoagropecuario.cl\/new\/wp-json\/wp\/v2\/media\/9030"}],"wp:attachment":[{"href":"https:\/\/www.mundoagropecuario.cl\/new\/wp-json\/wp\/v2\/media?parent=9029"}],"wp:term":[{"taxonomy":"category","embeddable":true,"href":"https:\/\/www.mundoagropecuario.cl\/new\/wp-json\/wp\/v2\/categories?post=9029"},{"taxonomy":"post_tag","embeddable":true,"href":"https:\/\/www.mundoagropecuario.cl\/new\/wp-json\/wp\/v2\/tags?post=9029"}],"curies":[{"name":"wp","href":"https:\/\/api.w.org\/{rel}","templated":true}]}}