{"id":8972,"date":"2018-10-08T01:08:30","date_gmt":"2018-10-08T04:08:30","guid":{"rendered":"http:\/\/www.mundoagropecuario.cl\/new\/?p=8972"},"modified":"2018-10-09T01:57:10","modified_gmt":"2018-10-09T04:57:10","slug":"estudio-ubica-a-nueces-y-arandanos-entre-los-alimentos-que-se-deberian-comer-todos-los-dias","status":"publish","type":"post","link":"https:\/\/www.mundoagropecuario.cl\/new\/estudio-ubica-a-nueces-y-arandanos-entre-los-alimentos-que-se-deberian-comer-todos-los-dias\/","title":{"rendered":"Estudio ubica a nueces y ar\u00e1ndanos entre los alimentos que se deber\u00edan comer todos los d\u00edas"},"content":{"rendered":"<blockquote><p><em>Productos fueron seleccionados por su gran aporte en vitaminas y elementos esenciales para el cuerpo humano (Ahora Noticias).<\/em><\/p><\/blockquote>\n<p>Es un tema de constante preocupaci\u00f3n entre un gran sector de la poblaci\u00f3n. El comer sano es parte de los objetivos que muchos se imponen constantemente, y hay varias formas de lograr que sea parte del d\u00eda a d\u00eda.<\/p>\n<p>Ahora hay una manera de saber al menos qu\u00e9 alimentos s\u00ed o s\u00ed deben estar cuando queremos comer de mejor manera. Un estudio de la Universidad de Harvard enumer\u00f3 los 5 alimentos m\u00e1s sanos del mundo y que deben ser tenidos en cuenta por ni\u00f1os y adultos a la hora de procurar una dieta sana.<\/p>\n<p>La profesora adjunta del departamento de nutrici\u00f3n de Harvard T.H. Chan School of Public Health, Teresa Fung, explic\u00f3 que estos cinco alimentos ofrecen el impacto nutricional en una dieta diaria y se deben comer todos los d\u00edas, o al menos con la mayor frecuencia posible.<\/p>\n<ol>\n<li>Salm\u00f3n<\/li>\n<\/ol>\n<p>Alto en prote\u00ednas y en \u00e1cidos grasos (Omega-3), por lo cual es bueno para el coraz\u00f3n, el cerebro y provee vitamina D. Se recomienda consumirlo al menos una vez a la semana, debido a que contiene os amino\u00e1cidos esenciales para el organismo, al igual que buenas cantidades de magnesio, potasio, f\u00f3sforo, sodio y yodo.<\/p>\n<ol start=\"2\">\n<li>Coles de Bruselas<\/li>\n<\/ol>\n<p>Un alimento que no tiene muchas calor\u00edas, pero rico en vitaminas A, C y K, potasio y \u00e1cido f\u00f3lico, elementos antioxidantes que ayuda a prevenir el da\u00f1o celular en el cuerpo.<\/p>\n<p>Para entender su gran aporte, una taza de coles de Bruselas cocidas contiene menos de 56 calor\u00edas, pero est\u00e1 cargada con m\u00e1s del 240% de la cantidad diaria recomendada de vitamina K1 y casi 130% de los requerimientos de vitamina C. Son, adem\u00e1s, una buena fuente de fibra, manganeso, potasio y vitamina B.<\/p>\n<ol start=\"3\">\n<li>Ar\u00e1ndanos<\/li>\n<\/ol>\n<p>Son el rey del antioxidante y contienen grandes cantidades de vitaminas C y A, adem\u00e1s de fibra que mejora el sistema digestivo.<\/p>\n<p>Cada raci\u00f3n de 100 gramos de este alimento contiene 57,0 calor\u00edas, 0,7 g de prote\u00ednas, 14,5 g de carbohidratos y 0,3 g de grasa.<\/p>\n<ol start=\"4\">\n<li>Yogurt<\/li>\n<\/ol>\n<p>Este l\u00e1cteo es la v\u00eda m\u00e1s sencilla para obtener probi\u00f3ticos, encargados de mantener las bacterias intestinales que favorecen numerosos procesos en el organismo. Adem\u00e1s, contiene prote\u00edna, calcio, magnesio, vitamina B12 y \u00e1cidos grasos.<\/p>\n<p>Eso s\u00ed, hay que tener precauci\u00f3n con los az\u00facares que las empresas le a\u00f1aden a este producto. Lo mejor es yogur simple con una sana cantidad de probi\u00f3ticos.<\/p>\n<ol start=\"5\">\n<li>Nueces<\/li>\n<\/ol>\n<p>Estos frutos secos ofrecen una buena dosis de grasas sanas, prote\u00ednas y vitamina E. Incluso se puede variar con almendras o pistachos, pero no hay que excederse: un pu\u00f1o de la mano es el l\u00edmite.<\/p>\n<p>Contienen \u00e1cidos grasos omega 3 y omega 6, prote\u00edna vegetal, fibra, magnesio, f\u00f3sforo y vitamina B6.<\/p>\n<p>&nbsp;<\/p>\n","protected":false},"excerpt":{"rendered":"<p>Productos fueron seleccionados por su gran aporte en vitaminas y elementos esenciales para el cuerpo humano (Ahora Noticias). Es un tema de constante preocupaci\u00f3n entre un gran sector de la&#8230;<\/p>\n","protected":false},"author":3,"featured_media":8973,"comment_status":"closed","ping_status":"closed","sticky":false,"template":"","format":"standard","meta":{"footnotes":""},"categories":[1986],"tags":[2096,2611,2305,2612],"class_list":["post-8972","post","type-post","status-publish","format-standard","has-post-thumbnail","hentry","category-frutas","tag-arandanos","tag-harvard","tag-nueces","tag-salud"],"yoast_head":"<!-- This site is optimized with the Yoast SEO plugin v26.6 - https:\/\/yoast.com\/wordpress\/plugins\/seo\/ -->\n<title>Estudio ubica a nueces y ar\u00e1ndanos entre los alimentos que se deber\u00edan comer todos los d\u00edas - Mundoagropecuario<\/title>\n<meta name=\"robots\" content=\"index, follow, max-snippet:-1, max-image-preview:large, max-video-preview:-1\" \/>\n<link rel=\"canonical\" href=\"https:\/\/www.mundoagropecuario.cl\/new\/estudio-ubica-a-nueces-y-arandanos-entre-los-alimentos-que-se-deberian-comer-todos-los-dias\/\" \/>\n<meta property=\"og:locale\" content=\"es_ES\" \/>\n<meta property=\"og:type\" content=\"article\" \/>\n<meta property=\"og:title\" content=\"Estudio ubica a nueces y ar\u00e1ndanos entre los alimentos que se deber\u00edan comer todos los d\u00edas - Mundoagropecuario\" \/>\n<meta property=\"og:description\" content=\"Productos fueron seleccionados por su gran aporte en vitaminas y elementos esenciales para el cuerpo humano (Ahora Noticias). Es un tema de constante preocupaci\u00f3n entre un gran sector de la...\" \/>\n<meta property=\"og:url\" content=\"https:\/\/www.mundoagropecuario.cl\/new\/estudio-ubica-a-nueces-y-arandanos-entre-los-alimentos-que-se-deberian-comer-todos-los-dias\/\" \/>\n<meta property=\"og:site_name\" content=\"Mundoagropecuario\" \/>\n<meta property=\"article:publisher\" content=\"https:\/\/www.facebook.com\/mundo.agropecuario.3\" \/>\n<meta property=\"article:published_time\" content=\"2018-10-08T04:08:30+00:00\" \/>\n<meta property=\"article:modified_time\" content=\"2018-10-09T04:57:10+00:00\" \/>\n<meta property=\"og:image\" content=\"https:\/\/www.mundoagropecuario.cl\/new\/wp-content\/uploads\/2018\/10\/nueces-estudio.jpg\" \/>\n\t<meta property=\"og:image:width\" content=\"1000\" \/>\n\t<meta property=\"og:image:height\" content=\"834\" \/>\n\t<meta property=\"og:image:type\" content=\"image\/jpeg\" \/>\n<meta name=\"author\" content=\"periodista\" \/>\n<meta name=\"twitter:card\" content=\"summary_large_image\" \/>\n<meta name=\"twitter:creator\" content=\"@MundoAgropecuar\" \/>\n<meta name=\"twitter:site\" content=\"@MundoAgropecuar\" \/>\n<meta name=\"twitter:label1\" content=\"Escrito por\" \/>\n\t<meta name=\"twitter:data1\" content=\"periodista\" \/>\n\t<meta name=\"twitter:label2\" content=\"Tiempo de lectura\" \/>\n\t<meta name=\"twitter:data2\" content=\"2 minutos\" \/>\n<script type=\"application\/ld+json\" class=\"yoast-schema-graph\">{\"@context\":\"https:\/\/schema.org\",\"@graph\":[{\"@type\":\"Article\",\"@id\":\"https:\/\/www.mundoagropecuario.cl\/new\/estudio-ubica-a-nueces-y-arandanos-entre-los-alimentos-que-se-deberian-comer-todos-los-dias\/#article\",\"isPartOf\":{\"@id\":\"https:\/\/www.mundoagropecuario.cl\/new\/estudio-ubica-a-nueces-y-arandanos-entre-los-alimentos-que-se-deberian-comer-todos-los-dias\/\"},\"author\":{\"name\":\"periodista\",\"@id\":\"https:\/\/www.mundoagropecuario.cl\/new\/#\/schema\/person\/0c221050801c74e45256a7a9a1ff0803\"},\"headline\":\"Estudio ubica a nueces y ar\u00e1ndanos entre los alimentos que se deber\u00edan comer todos los d\u00edas\",\"datePublished\":\"2018-10-08T04:08:30+00:00\",\"dateModified\":\"2018-10-09T04:57:10+00:00\",\"mainEntityOfPage\":{\"@id\":\"https:\/\/www.mundoagropecuario.cl\/new\/estudio-ubica-a-nueces-y-arandanos-entre-los-alimentos-que-se-deberian-comer-todos-los-dias\/\"},\"wordCount\":509,\"publisher\":{\"@id\":\"https:\/\/www.mundoagropecuario.cl\/new\/#organization\"},\"image\":{\"@id\":\"https:\/\/www.mundoagropecuario.cl\/new\/estudio-ubica-a-nueces-y-arandanos-entre-los-alimentos-que-se-deberian-comer-todos-los-dias\/#primaryimage\"},\"thumbnailUrl\":\"https:\/\/www.mundoagropecuario.cl\/new\/wp-content\/uploads\/2018\/10\/nueces-estudio.jpg\",\"keywords\":[\"Ar\u00e1ndanos\",\"Harvard\",\"Nueces\",\"salud\"],\"articleSection\":[\"Frutas\"],\"inLanguage\":\"es\"},{\"@type\":\"WebPage\",\"@id\":\"https:\/\/www.mundoagropecuario.cl\/new\/estudio-ubica-a-nueces-y-arandanos-entre-los-alimentos-que-se-deberian-comer-todos-los-dias\/\",\"url\":\"https:\/\/www.mundoagropecuario.cl\/new\/estudio-ubica-a-nueces-y-arandanos-entre-los-alimentos-que-se-deberian-comer-todos-los-dias\/\",\"name\":\"Estudio ubica a nueces y ar\u00e1ndanos entre los alimentos que se deber\u00edan comer todos los d\u00edas - Mundoagropecuario\",\"isPartOf\":{\"@id\":\"https:\/\/www.mundoagropecuario.cl\/new\/#website\"},\"primaryImageOfPage\":{\"@id\":\"https:\/\/www.mundoagropecuario.cl\/new\/estudio-ubica-a-nueces-y-arandanos-entre-los-alimentos-que-se-deberian-comer-todos-los-dias\/#primaryimage\"},\"image\":{\"@id\":\"https:\/\/www.mundoagropecuario.cl\/new\/estudio-ubica-a-nueces-y-arandanos-entre-los-alimentos-que-se-deberian-comer-todos-los-dias\/#primaryimage\"},\"thumbnailUrl\":\"https:\/\/www.mundoagropecuario.cl\/new\/wp-content\/uploads\/2018\/10\/nueces-estudio.jpg\",\"datePublished\":\"2018-10-08T04:08:30+00:00\",\"dateModified\":\"2018-10-09T04:57:10+00:00\",\"breadcrumb\":{\"@id\":\"https:\/\/www.mundoagropecuario.cl\/new\/estudio-ubica-a-nueces-y-arandanos-entre-los-alimentos-que-se-deberian-comer-todos-los-dias\/#breadcrumb\"},\"inLanguage\":\"es\",\"potentialAction\":[{\"@type\":\"ReadAction\",\"target\":[\"https:\/\/www.mundoagropecuario.cl\/new\/estudio-ubica-a-nueces-y-arandanos-entre-los-alimentos-que-se-deberian-comer-todos-los-dias\/\"]}]},{\"@type\":\"ImageObject\",\"inLanguage\":\"es\",\"@id\":\"https:\/\/www.mundoagropecuario.cl\/new\/estudio-ubica-a-nueces-y-arandanos-entre-los-alimentos-que-se-deberian-comer-todos-los-dias\/#primaryimage\",\"url\":\"https:\/\/www.mundoagropecuario.cl\/new\/wp-content\/uploads\/2018\/10\/nueces-estudio.jpg\",\"contentUrl\":\"https:\/\/www.mundoagropecuario.cl\/new\/wp-content\/uploads\/2018\/10\/nueces-estudio.jpg\",\"width\":480,\"height\":400},{\"@type\":\"BreadcrumbList\",\"@id\":\"https:\/\/www.mundoagropecuario.cl\/new\/estudio-ubica-a-nueces-y-arandanos-entre-los-alimentos-que-se-deberian-comer-todos-los-dias\/#breadcrumb\",\"itemListElement\":[{\"@type\":\"ListItem\",\"position\":1,\"name\":\"Portada\",\"item\":\"https:\/\/www.mundoagropecuario.cl\/new\/\"},{\"@type\":\"ListItem\",\"position\":2,\"name\":\"Estudio ubica a nueces y ar\u00e1ndanos entre los alimentos que se deber\u00edan comer todos los d\u00edas\"}]},{\"@type\":\"WebSite\",\"@id\":\"https:\/\/www.mundoagropecuario.cl\/new\/#website\",\"url\":\"https:\/\/www.mundoagropecuario.cl\/new\/\",\"name\":\"Mundoagropecuario\",\"description\":\"Mundo Agropecuario\",\"publisher\":{\"@id\":\"https:\/\/www.mundoagropecuario.cl\/new\/#organization\"},\"potentialAction\":[{\"@type\":\"SearchAction\",\"target\":{\"@type\":\"EntryPoint\",\"urlTemplate\":\"https:\/\/www.mundoagropecuario.cl\/new\/?s={search_term_string}\"},\"query-input\":{\"@type\":\"PropertyValueSpecification\",\"valueRequired\":true,\"valueName\":\"search_term_string\"}}],\"inLanguage\":\"es\"},{\"@type\":\"Organization\",\"@id\":\"https:\/\/www.mundoagropecuario.cl\/new\/#organization\",\"name\":\"Revista de Agricultura\",\"url\":\"https:\/\/www.mundoagropecuario.cl\/new\/\",\"logo\":{\"@type\":\"ImageObject\",\"inLanguage\":\"es\",\"@id\":\"https:\/\/www.mundoagropecuario.cl\/new\/#\/schema\/logo\/image\/\",\"url\":\"https:\/\/www.mundoagropecuario.cl\/new\/wp-content\/uploads\/2020\/11\/PORTAL-1-1.png\",\"contentUrl\":\"https:\/\/www.mundoagropecuario.cl\/new\/wp-content\/uploads\/2020\/11\/PORTAL-1-1.png\",\"width\":1026,\"height\":100,\"caption\":\"Revista de Agricultura\"},\"image\":{\"@id\":\"https:\/\/www.mundoagropecuario.cl\/new\/#\/schema\/logo\/image\/\"},\"sameAs\":[\"https:\/\/www.facebook.com\/mundo.agropecuario.3\",\"https:\/\/x.com\/MundoAgropecuar\",\"https:\/\/www.linkedin.com\/in\/mundo-agropecuario-934009201\/\"]},{\"@type\":\"Person\",\"@id\":\"https:\/\/www.mundoagropecuario.cl\/new\/#\/schema\/person\/0c221050801c74e45256a7a9a1ff0803\",\"name\":\"periodista\",\"url\":\"https:\/\/www.mundoagropecuario.cl\/new\/author\/periodista\/\"}]}<\/script>\n<!-- \/ Yoast SEO plugin. -->","yoast_head_json":{"title":"Estudio ubica a nueces y ar\u00e1ndanos entre los alimentos que se deber\u00edan comer todos los d\u00edas - Mundoagropecuario","robots":{"index":"index","follow":"follow","max-snippet":"max-snippet:-1","max-image-preview":"max-image-preview:large","max-video-preview":"max-video-preview:-1"},"canonical":"https:\/\/www.mundoagropecuario.cl\/new\/estudio-ubica-a-nueces-y-arandanos-entre-los-alimentos-que-se-deberian-comer-todos-los-dias\/","og_locale":"es_ES","og_type":"article","og_title":"Estudio ubica a nueces y ar\u00e1ndanos entre los alimentos que se deber\u00edan comer todos los d\u00edas - Mundoagropecuario","og_description":"Productos fueron seleccionados por su gran aporte en vitaminas y elementos esenciales para el cuerpo humano (Ahora Noticias). Es un tema de constante preocupaci\u00f3n entre un gran sector de la...","og_url":"https:\/\/www.mundoagropecuario.cl\/new\/estudio-ubica-a-nueces-y-arandanos-entre-los-alimentos-que-se-deberian-comer-todos-los-dias\/","og_site_name":"Mundoagropecuario","article_publisher":"https:\/\/www.facebook.com\/mundo.agropecuario.3","article_published_time":"2018-10-08T04:08:30+00:00","article_modified_time":"2018-10-09T04:57:10+00:00","og_image":[{"width":1000,"height":834,"url":"https:\/\/www.mundoagropecuario.cl\/new\/wp-content\/uploads\/2018\/10\/nueces-estudio.jpg","type":"image\/jpeg"}],"author":"periodista","twitter_card":"summary_large_image","twitter_creator":"@MundoAgropecuar","twitter_site":"@MundoAgropecuar","twitter_misc":{"Escrito por":"periodista","Tiempo de lectura":"2 minutos"},"schema":{"@context":"https:\/\/schema.org","@graph":[{"@type":"Article","@id":"https:\/\/www.mundoagropecuario.cl\/new\/estudio-ubica-a-nueces-y-arandanos-entre-los-alimentos-que-se-deberian-comer-todos-los-dias\/#article","isPartOf":{"@id":"https:\/\/www.mundoagropecuario.cl\/new\/estudio-ubica-a-nueces-y-arandanos-entre-los-alimentos-que-se-deberian-comer-todos-los-dias\/"},"author":{"name":"periodista","@id":"https:\/\/www.mundoagropecuario.cl\/new\/#\/schema\/person\/0c221050801c74e45256a7a9a1ff0803"},"headline":"Estudio ubica a nueces y ar\u00e1ndanos entre los alimentos que se deber\u00edan comer todos los d\u00edas","datePublished":"2018-10-08T04:08:30+00:00","dateModified":"2018-10-09T04:57:10+00:00","mainEntityOfPage":{"@id":"https:\/\/www.mundoagropecuario.cl\/new\/estudio-ubica-a-nueces-y-arandanos-entre-los-alimentos-que-se-deberian-comer-todos-los-dias\/"},"wordCount":509,"publisher":{"@id":"https:\/\/www.mundoagropecuario.cl\/new\/#organization"},"image":{"@id":"https:\/\/www.mundoagropecuario.cl\/new\/estudio-ubica-a-nueces-y-arandanos-entre-los-alimentos-que-se-deberian-comer-todos-los-dias\/#primaryimage"},"thumbnailUrl":"https:\/\/www.mundoagropecuario.cl\/new\/wp-content\/uploads\/2018\/10\/nueces-estudio.jpg","keywords":["Ar\u00e1ndanos","Harvard","Nueces","salud"],"articleSection":["Frutas"],"inLanguage":"es"},{"@type":"WebPage","@id":"https:\/\/www.mundoagropecuario.cl\/new\/estudio-ubica-a-nueces-y-arandanos-entre-los-alimentos-que-se-deberian-comer-todos-los-dias\/","url":"https:\/\/www.mundoagropecuario.cl\/new\/estudio-ubica-a-nueces-y-arandanos-entre-los-alimentos-que-se-deberian-comer-todos-los-dias\/","name":"Estudio ubica a nueces y ar\u00e1ndanos entre los alimentos que se deber\u00edan comer todos los d\u00edas - Mundoagropecuario","isPartOf":{"@id":"https:\/\/www.mundoagropecuario.cl\/new\/#website"},"primaryImageOfPage":{"@id":"https:\/\/www.mundoagropecuario.cl\/new\/estudio-ubica-a-nueces-y-arandanos-entre-los-alimentos-que-se-deberian-comer-todos-los-dias\/#primaryimage"},"image":{"@id":"https:\/\/www.mundoagropecuario.cl\/new\/estudio-ubica-a-nueces-y-arandanos-entre-los-alimentos-que-se-deberian-comer-todos-los-dias\/#primaryimage"},"thumbnailUrl":"https:\/\/www.mundoagropecuario.cl\/new\/wp-content\/uploads\/2018\/10\/nueces-estudio.jpg","datePublished":"2018-10-08T04:08:30+00:00","dateModified":"2018-10-09T04:57:10+00:00","breadcrumb":{"@id":"https:\/\/www.mundoagropecuario.cl\/new\/estudio-ubica-a-nueces-y-arandanos-entre-los-alimentos-que-se-deberian-comer-todos-los-dias\/#breadcrumb"},"inLanguage":"es","potentialAction":[{"@type":"ReadAction","target":["https:\/\/www.mundoagropecuario.cl\/new\/estudio-ubica-a-nueces-y-arandanos-entre-los-alimentos-que-se-deberian-comer-todos-los-dias\/"]}]},{"@type":"ImageObject","inLanguage":"es","@id":"https:\/\/www.mundoagropecuario.cl\/new\/estudio-ubica-a-nueces-y-arandanos-entre-los-alimentos-que-se-deberian-comer-todos-los-dias\/#primaryimage","url":"https:\/\/www.mundoagropecuario.cl\/new\/wp-content\/uploads\/2018\/10\/nueces-estudio.jpg","contentUrl":"https:\/\/www.mundoagropecuario.cl\/new\/wp-content\/uploads\/2018\/10\/nueces-estudio.jpg","width":480,"height":400},{"@type":"BreadcrumbList","@id":"https:\/\/www.mundoagropecuario.cl\/new\/estudio-ubica-a-nueces-y-arandanos-entre-los-alimentos-que-se-deberian-comer-todos-los-dias\/#breadcrumb","itemListElement":[{"@type":"ListItem","position":1,"name":"Portada","item":"https:\/\/www.mundoagropecuario.cl\/new\/"},{"@type":"ListItem","position":2,"name":"Estudio ubica a nueces y ar\u00e1ndanos entre los alimentos que se deber\u00edan comer todos los d\u00edas"}]},{"@type":"WebSite","@id":"https:\/\/www.mundoagropecuario.cl\/new\/#website","url":"https:\/\/www.mundoagropecuario.cl\/new\/","name":"Mundoagropecuario","description":"Mundo Agropecuario","publisher":{"@id":"https:\/\/www.mundoagropecuario.cl\/new\/#organization"},"potentialAction":[{"@type":"SearchAction","target":{"@type":"EntryPoint","urlTemplate":"https:\/\/www.mundoagropecuario.cl\/new\/?s={search_term_string}"},"query-input":{"@type":"PropertyValueSpecification","valueRequired":true,"valueName":"search_term_string"}}],"inLanguage":"es"},{"@type":"Organization","@id":"https:\/\/www.mundoagropecuario.cl\/new\/#organization","name":"Revista de Agricultura","url":"https:\/\/www.mundoagropecuario.cl\/new\/","logo":{"@type":"ImageObject","inLanguage":"es","@id":"https:\/\/www.mundoagropecuario.cl\/new\/#\/schema\/logo\/image\/","url":"https:\/\/www.mundoagropecuario.cl\/new\/wp-content\/uploads\/2020\/11\/PORTAL-1-1.png","contentUrl":"https:\/\/www.mundoagropecuario.cl\/new\/wp-content\/uploads\/2020\/11\/PORTAL-1-1.png","width":1026,"height":100,"caption":"Revista de Agricultura"},"image":{"@id":"https:\/\/www.mundoagropecuario.cl\/new\/#\/schema\/logo\/image\/"},"sameAs":["https:\/\/www.facebook.com\/mundo.agropecuario.3","https:\/\/x.com\/MundoAgropecuar","https:\/\/www.linkedin.com\/in\/mundo-agropecuario-934009201\/"]},{"@type":"Person","@id":"https:\/\/www.mundoagropecuario.cl\/new\/#\/schema\/person\/0c221050801c74e45256a7a9a1ff0803","name":"periodista","url":"https:\/\/www.mundoagropecuario.cl\/new\/author\/periodista\/"}]}},"_links":{"self":[{"href":"https:\/\/www.mundoagropecuario.cl\/new\/wp-json\/wp\/v2\/posts\/8972","targetHints":{"allow":["GET"]}}],"collection":[{"href":"https:\/\/www.mundoagropecuario.cl\/new\/wp-json\/wp\/v2\/posts"}],"about":[{"href":"https:\/\/www.mundoagropecuario.cl\/new\/wp-json\/wp\/v2\/types\/post"}],"author":[{"embeddable":true,"href":"https:\/\/www.mundoagropecuario.cl\/new\/wp-json\/wp\/v2\/users\/3"}],"replies":[{"embeddable":true,"href":"https:\/\/www.mundoagropecuario.cl\/new\/wp-json\/wp\/v2\/comments?post=8972"}],"version-history":[{"count":1,"href":"https:\/\/www.mundoagropecuario.cl\/new\/wp-json\/wp\/v2\/posts\/8972\/revisions"}],"predecessor-version":[{"id":8974,"href":"https:\/\/www.mundoagropecuario.cl\/new\/wp-json\/wp\/v2\/posts\/8972\/revisions\/8974"}],"wp:featuredmedia":[{"embeddable":true,"href":"https:\/\/www.mundoagropecuario.cl\/new\/wp-json\/wp\/v2\/media\/8973"}],"wp:attachment":[{"href":"https:\/\/www.mundoagropecuario.cl\/new\/wp-json\/wp\/v2\/media?parent=8972"}],"wp:term":[{"taxonomy":"category","embeddable":true,"href":"https:\/\/www.mundoagropecuario.cl\/new\/wp-json\/wp\/v2\/categories?post=8972"},{"taxonomy":"post_tag","embeddable":true,"href":"https:\/\/www.mundoagropecuario.cl\/new\/wp-json\/wp\/v2\/tags?post=8972"}],"curies":[{"name":"wp","href":"https:\/\/api.w.org\/{rel}","templated":true}]}}