{"id":8885,"date":"2018-10-02T09:55:11","date_gmt":"2018-10-02T12:55:11","guid":{"rendered":"http:\/\/www.mundoagropecuario.cl\/new\/?p=8885"},"modified":"2018-10-02T09:55:11","modified_gmt":"2018-10-02T12:55:11","slug":"presentan-ante-la-fao-opcion-de-adelantar-conmemoracion-del-ano-internacional-de-las-frutas-y-verduras","status":"publish","type":"post","link":"https:\/\/www.mundoagropecuario.cl\/new\/presentan-ante-la-fao-opcion-de-adelantar-conmemoracion-del-ano-internacional-de-las-frutas-y-verduras\/","title":{"rendered":"Presentan ante la FAO opci\u00f3n de adelantar conmemoraci\u00f3n del a\u00f1o internacional de las frutas y verduras"},"content":{"rendered":"<blockquote><p><em>El Gobierno del Presidente Sebasti\u00e1n Pi\u00f1era y el Ministerio de Agricultura se han comprometido para contribuir a la promulgaci\u00f3n del A\u00f1o Internacional de las Frutas y las Verduras en 2021 (Mundo Agropecuario).<\/em><\/p><\/blockquote>\n<p>\u201cEstamos muy contentos como delegaci\u00f3n porque tuvimos la oportunidad de exponer en el comit\u00e9 agr\u00edcola de la FAO, frente a todos los pa\u00edses el mundo, la postura chilena de adelantar el a\u00f1o internacional de las frutas y verduras para 2021. Este estaba reservado para el a\u00f1o 2026 y hemos venido a Roma a pedir que se adelante. Tuvimos una gran aceptaci\u00f3n, especialmente por el director general de la FAO, Jos\u00e9 Graziano\u201d. De esta forma el Ministro de Agricultura, Antonio Walker, calific\u00f3 la recepci\u00f3n por parte de los integrantes del comit\u00e9 de la FAO a la presentaci\u00f3n que realiz\u00f3 durante la Apertura oficial del periodo del 26\u00b0 Comit\u00e9 de Agricultura de este organismo internacional.<\/p>\n<p>El a\u00f1o original de esta iniciativa fue determinado para 2026, pero teniendo en cuenta la situaci\u00f3n actual, las alarmantes cifras de desnutrici\u00f3n, obesidad, deficiencias de micronutrientes, los efectos del cambio clim\u00e1tico en el medio ambiente y la agricultura, y la necesidad de avanzar hacia una agricultura sostenible, \u201ccreemos sinceramente que se deben hacer todos los esfuerzos para enfrentar estos desaf\u00edos. Esta es la raz\u00f3n por la que hemos otorgado el car\u00e1cter de urgencia y prioridad. Hacemos un llamado a los estados miembros para que hagan una excepci\u00f3n, para celebrar el A\u00f1o Internacional de las Frutas y Verduras en 2021\u201d, agreg\u00f3 Walker.<\/p>\n<p>Y es que tal como lo ha manifestado el Secretario de Estado, el Gobierno del Presidente Sebasti\u00e1n Pi\u00f1era y el Ministerio de Agricultura se han comprometido para contribuir a la promulgaci\u00f3n del A\u00f1o Internacional de las Frutas y las Verduras en 2021, por eso Chile realiz\u00f3 un llamado sobre la importancia de generar pol\u00edticas p\u00fablicas que fomenten sistemas alimentarios sostenibles apoyados en dietas saludables, que incorporen un consumo importante y equilibrado de frutas y verduras, siempre prestando atenci\u00f3n a los sistemas de producci\u00f3n y al uso sostenible de los recursos naturales.<\/p>\n<p><strong>Cooperativismo en Italia<\/strong><\/p>\n<p>Durante la jornada, el Ministro Walker tambi\u00e9n se reuni\u00f3 con el equipo de la FAO encargado del estudio y desarrollo de la alianzas y cooperativas, a quienes present\u00f3 los principales lineamientos de lo que quiere hacer Chile respecto a la aplicaci\u00f3n de un modelo de asociatividad en el sector para mejorar las condiciones de desarrollo de los peque\u00f1os y medianos agricultores.<\/p>\n<p>M\u00e1s tarde, el Ministro Walker, acompa\u00f1ado del Jefe de la Unidad de Alianzas de la FAO, Rodrigo Casta\u00f1eda y del Oficial de Cooperativas de la FAO, Guilherme Brady, visito la Cooperativa Agr\u00edcola APOFRUIT, empresa cooperativa que opera con sus propias estructuras y socios del norte al sur de Italia. Esta cooperativa cuenta con m\u00e1s de 3.000 socios, y registra operaciones cercanas a los $240 millones de euros. Es un buen ejemplo de rentabilidad sin fines de lucro, donde productores grandes y chicos tiene facilidad para adquirir cr\u00e9ditos blandos y una buena tasa en los bancos. Durante su visita el ministro Walker recorri\u00f3 la f\u00e1brica y junto a los miembros de la cooperativa se interioriz\u00f3 en los tipos de mercado a los que tienen acceso con sus productos.<\/p>\n","protected":false},"excerpt":{"rendered":"<p>El Gobierno del Presidente Sebasti\u00e1n Pi\u00f1era y el Ministerio de Agricultura se han comprometido para contribuir a la promulgaci\u00f3n del A\u00f1o Internacional de las Frutas y las Verduras en 2021&#8230;<\/p>\n","protected":false},"author":2,"featured_media":8886,"comment_status":"closed","ping_status":"closed","sticky":false,"template":"","format":"standard","meta":{"footnotes":""},"categories":[405],"tags":[2566,2565,547,2564,2567,2448],"class_list":["post-8885","post","type-post","status-publish","format-standard","has-post-thumbnail","hentry","category-titular-3","tag-apofruit","tag-cooperativa-agricola-apofruit","tag-fao","tag-frutas-y-las-verduras","tag-jose-graziano","tag-ministro-walker"],"yoast_head":"<!-- This site is optimized with the Yoast SEO plugin v26.6 - https:\/\/yoast.com\/wordpress\/plugins\/seo\/ -->\n<title>Presentan ante la FAO opci\u00f3n de adelantar conmemoraci\u00f3n del a\u00f1o internacional de las frutas y verduras - Mundoagropecuario<\/title>\n<meta name=\"robots\" content=\"index, follow, max-snippet:-1, max-image-preview:large, max-video-preview:-1\" \/>\n<link rel=\"canonical\" href=\"https:\/\/www.mundoagropecuario.cl\/new\/presentan-ante-la-fao-opcion-de-adelantar-conmemoracion-del-ano-internacional-de-las-frutas-y-verduras\/\" \/>\n<meta property=\"og:locale\" content=\"es_ES\" \/>\n<meta property=\"og:type\" content=\"article\" \/>\n<meta property=\"og:title\" content=\"Presentan ante la FAO opci\u00f3n de adelantar conmemoraci\u00f3n del a\u00f1o internacional de las frutas y verduras - Mundoagropecuario\" \/>\n<meta property=\"og:description\" content=\"El Gobierno del Presidente Sebasti\u00e1n Pi\u00f1era y el Ministerio de Agricultura se han comprometido para contribuir a la promulgaci\u00f3n del A\u00f1o Internacional de las Frutas y las Verduras en 2021...\" \/>\n<meta property=\"og:url\" content=\"https:\/\/www.mundoagropecuario.cl\/new\/presentan-ante-la-fao-opcion-de-adelantar-conmemoracion-del-ano-internacional-de-las-frutas-y-verduras\/\" \/>\n<meta property=\"og:site_name\" content=\"Mundoagropecuario\" \/>\n<meta property=\"article:publisher\" content=\"https:\/\/www.facebook.com\/mundo.agropecuario.3\" \/>\n<meta property=\"article:published_time\" content=\"2018-10-02T12:55:11+00:00\" \/>\n<meta property=\"og:image\" content=\"https:\/\/www.mundoagropecuario.cl\/new\/wp-content\/uploads\/2018\/10\/fao--e1538488378990.jpeg\" \/>\n\t<meta property=\"og:image:width\" content=\"252\" \/>\n\t<meta property=\"og:image:height\" content=\"170\" \/>\n\t<meta property=\"og:image:type\" content=\"image\/jpeg\" \/>\n<meta name=\"author\" content=\"mundo\" \/>\n<meta name=\"twitter:card\" content=\"summary_large_image\" \/>\n<meta name=\"twitter:creator\" content=\"@MundoAgropecuar\" \/>\n<meta name=\"twitter:site\" content=\"@MundoAgropecuar\" \/>\n<meta name=\"twitter:label1\" content=\"Escrito por\" \/>\n\t<meta name=\"twitter:data1\" content=\"mundo\" \/>\n\t<meta name=\"twitter:label2\" content=\"Tiempo de lectura\" \/>\n\t<meta name=\"twitter:data2\" content=\"3 minutos\" \/>\n<script type=\"application\/ld+json\" class=\"yoast-schema-graph\">{\"@context\":\"https:\/\/schema.org\",\"@graph\":[{\"@type\":\"Article\",\"@id\":\"https:\/\/www.mundoagropecuario.cl\/new\/presentan-ante-la-fao-opcion-de-adelantar-conmemoracion-del-ano-internacional-de-las-frutas-y-verduras\/#article\",\"isPartOf\":{\"@id\":\"https:\/\/www.mundoagropecuario.cl\/new\/presentan-ante-la-fao-opcion-de-adelantar-conmemoracion-del-ano-internacional-de-las-frutas-y-verduras\/\"},\"author\":{\"name\":\"mundo\",\"@id\":\"https:\/\/www.mundoagropecuario.cl\/new\/#\/schema\/person\/4e9f74a82a7dac260eb1c44b7eebeb18\"},\"headline\":\"Presentan ante la FAO opci\u00f3n de adelantar conmemoraci\u00f3n del a\u00f1o internacional de las frutas y verduras\",\"datePublished\":\"2018-10-02T12:55:11+00:00\",\"mainEntityOfPage\":{\"@id\":\"https:\/\/www.mundoagropecuario.cl\/new\/presentan-ante-la-fao-opcion-de-adelantar-conmemoracion-del-ano-internacional-de-las-frutas-y-verduras\/\"},\"wordCount\":577,\"publisher\":{\"@id\":\"https:\/\/www.mundoagropecuario.cl\/new\/#organization\"},\"image\":{\"@id\":\"https:\/\/www.mundoagropecuario.cl\/new\/presentan-ante-la-fao-opcion-de-adelantar-conmemoracion-del-ano-internacional-de-las-frutas-y-verduras\/#primaryimage\"},\"thumbnailUrl\":\"https:\/\/www.mundoagropecuario.cl\/new\/wp-content\/uploads\/2018\/10\/fao--e1538488378990.jpeg\",\"keywords\":[\"APOFRUIT\",\"Cooperativa Agr\u00edcola APOFRUIT\",\"FAO\",\"Frutas y las Verduras\",\"Jos\u00e9 Graziano\",\"Ministro Walker\"],\"articleSection\":[\"Titular 3\"],\"inLanguage\":\"es\"},{\"@type\":\"WebPage\",\"@id\":\"https:\/\/www.mundoagropecuario.cl\/new\/presentan-ante-la-fao-opcion-de-adelantar-conmemoracion-del-ano-internacional-de-las-frutas-y-verduras\/\",\"url\":\"https:\/\/www.mundoagropecuario.cl\/new\/presentan-ante-la-fao-opcion-de-adelantar-conmemoracion-del-ano-internacional-de-las-frutas-y-verduras\/\",\"name\":\"Presentan ante la FAO opci\u00f3n de adelantar conmemoraci\u00f3n del a\u00f1o internacional de las frutas y verduras - Mundoagropecuario\",\"isPartOf\":{\"@id\":\"https:\/\/www.mundoagropecuario.cl\/new\/#website\"},\"primaryImageOfPage\":{\"@id\":\"https:\/\/www.mundoagropecuario.cl\/new\/presentan-ante-la-fao-opcion-de-adelantar-conmemoracion-del-ano-internacional-de-las-frutas-y-verduras\/#primaryimage\"},\"image\":{\"@id\":\"https:\/\/www.mundoagropecuario.cl\/new\/presentan-ante-la-fao-opcion-de-adelantar-conmemoracion-del-ano-internacional-de-las-frutas-y-verduras\/#primaryimage\"},\"thumbnailUrl\":\"https:\/\/www.mundoagropecuario.cl\/new\/wp-content\/uploads\/2018\/10\/fao--e1538488378990.jpeg\",\"datePublished\":\"2018-10-02T12:55:11+00:00\",\"breadcrumb\":{\"@id\":\"https:\/\/www.mundoagropecuario.cl\/new\/presentan-ante-la-fao-opcion-de-adelantar-conmemoracion-del-ano-internacional-de-las-frutas-y-verduras\/#breadcrumb\"},\"inLanguage\":\"es\",\"potentialAction\":[{\"@type\":\"ReadAction\",\"target\":[\"https:\/\/www.mundoagropecuario.cl\/new\/presentan-ante-la-fao-opcion-de-adelantar-conmemoracion-del-ano-internacional-de-las-frutas-y-verduras\/\"]}]},{\"@type\":\"ImageObject\",\"inLanguage\":\"es\",\"@id\":\"https:\/\/www.mundoagropecuario.cl\/new\/presentan-ante-la-fao-opcion-de-adelantar-conmemoracion-del-ano-internacional-de-las-frutas-y-verduras\/#primaryimage\",\"url\":\"https:\/\/www.mundoagropecuario.cl\/new\/wp-content\/uploads\/2018\/10\/fao--e1538488378990.jpeg\",\"contentUrl\":\"https:\/\/www.mundoagropecuario.cl\/new\/wp-content\/uploads\/2018\/10\/fao--e1538488378990.jpeg\",\"width\":252,\"height\":170},{\"@type\":\"BreadcrumbList\",\"@id\":\"https:\/\/www.mundoagropecuario.cl\/new\/presentan-ante-la-fao-opcion-de-adelantar-conmemoracion-del-ano-internacional-de-las-frutas-y-verduras\/#breadcrumb\",\"itemListElement\":[{\"@type\":\"ListItem\",\"position\":1,\"name\":\"Portada\",\"item\":\"https:\/\/www.mundoagropecuario.cl\/new\/\"},{\"@type\":\"ListItem\",\"position\":2,\"name\":\"Presentan ante la FAO opci\u00f3n de adelantar conmemoraci\u00f3n del a\u00f1o internacional de las frutas y verduras\"}]},{\"@type\":\"WebSite\",\"@id\":\"https:\/\/www.mundoagropecuario.cl\/new\/#website\",\"url\":\"https:\/\/www.mundoagropecuario.cl\/new\/\",\"name\":\"Mundoagropecuario\",\"description\":\"Mundo Agropecuario\",\"publisher\":{\"@id\":\"https:\/\/www.mundoagropecuario.cl\/new\/#organization\"},\"potentialAction\":[{\"@type\":\"SearchAction\",\"target\":{\"@type\":\"EntryPoint\",\"urlTemplate\":\"https:\/\/www.mundoagropecuario.cl\/new\/?s={search_term_string}\"},\"query-input\":{\"@type\":\"PropertyValueSpecification\",\"valueRequired\":true,\"valueName\":\"search_term_string\"}}],\"inLanguage\":\"es\"},{\"@type\":\"Organization\",\"@id\":\"https:\/\/www.mundoagropecuario.cl\/new\/#organization\",\"name\":\"Revista de Agricultura\",\"url\":\"https:\/\/www.mundoagropecuario.cl\/new\/\",\"logo\":{\"@type\":\"ImageObject\",\"inLanguage\":\"es\",\"@id\":\"https:\/\/www.mundoagropecuario.cl\/new\/#\/schema\/logo\/image\/\",\"url\":\"https:\/\/www.mundoagropecuario.cl\/new\/wp-content\/uploads\/2020\/11\/PORTAL-1-1.png\",\"contentUrl\":\"https:\/\/www.mundoagropecuario.cl\/new\/wp-content\/uploads\/2020\/11\/PORTAL-1-1.png\",\"width\":1026,\"height\":100,\"caption\":\"Revista de Agricultura\"},\"image\":{\"@id\":\"https:\/\/www.mundoagropecuario.cl\/new\/#\/schema\/logo\/image\/\"},\"sameAs\":[\"https:\/\/www.facebook.com\/mundo.agropecuario.3\",\"https:\/\/x.com\/MundoAgropecuar\",\"https:\/\/www.linkedin.com\/in\/mundo-agropecuario-934009201\/\"]},{\"@type\":\"Person\",\"@id\":\"https:\/\/www.mundoagropecuario.cl\/new\/#\/schema\/person\/4e9f74a82a7dac260eb1c44b7eebeb18\",\"name\":\"mundo\",\"url\":\"https:\/\/www.mundoagropecuario.cl\/new\/author\/mundo\/\"}]}<\/script>\n<!-- \/ Yoast SEO plugin. -->","yoast_head_json":{"title":"Presentan ante la FAO opci\u00f3n de adelantar conmemoraci\u00f3n del a\u00f1o internacional de las frutas y verduras - Mundoagropecuario","robots":{"index":"index","follow":"follow","max-snippet":"max-snippet:-1","max-image-preview":"max-image-preview:large","max-video-preview":"max-video-preview:-1"},"canonical":"https:\/\/www.mundoagropecuario.cl\/new\/presentan-ante-la-fao-opcion-de-adelantar-conmemoracion-del-ano-internacional-de-las-frutas-y-verduras\/","og_locale":"es_ES","og_type":"article","og_title":"Presentan ante la FAO opci\u00f3n de adelantar conmemoraci\u00f3n del a\u00f1o internacional de las frutas y verduras - Mundoagropecuario","og_description":"El Gobierno del Presidente Sebasti\u00e1n Pi\u00f1era y el Ministerio de Agricultura se han comprometido para contribuir a la promulgaci\u00f3n del A\u00f1o Internacional de las Frutas y las Verduras en 2021...","og_url":"https:\/\/www.mundoagropecuario.cl\/new\/presentan-ante-la-fao-opcion-de-adelantar-conmemoracion-del-ano-internacional-de-las-frutas-y-verduras\/","og_site_name":"Mundoagropecuario","article_publisher":"https:\/\/www.facebook.com\/mundo.agropecuario.3","article_published_time":"2018-10-02T12:55:11+00:00","og_image":[{"width":252,"height":170,"url":"https:\/\/www.mundoagropecuario.cl\/new\/wp-content\/uploads\/2018\/10\/fao--e1538488378990.jpeg","type":"image\/jpeg"}],"author":"mundo","twitter_card":"summary_large_image","twitter_creator":"@MundoAgropecuar","twitter_site":"@MundoAgropecuar","twitter_misc":{"Escrito por":"mundo","Tiempo de lectura":"3 minutos"},"schema":{"@context":"https:\/\/schema.org","@graph":[{"@type":"Article","@id":"https:\/\/www.mundoagropecuario.cl\/new\/presentan-ante-la-fao-opcion-de-adelantar-conmemoracion-del-ano-internacional-de-las-frutas-y-verduras\/#article","isPartOf":{"@id":"https:\/\/www.mundoagropecuario.cl\/new\/presentan-ante-la-fao-opcion-de-adelantar-conmemoracion-del-ano-internacional-de-las-frutas-y-verduras\/"},"author":{"name":"mundo","@id":"https:\/\/www.mundoagropecuario.cl\/new\/#\/schema\/person\/4e9f74a82a7dac260eb1c44b7eebeb18"},"headline":"Presentan ante la FAO opci\u00f3n de adelantar conmemoraci\u00f3n del a\u00f1o internacional de las frutas y verduras","datePublished":"2018-10-02T12:55:11+00:00","mainEntityOfPage":{"@id":"https:\/\/www.mundoagropecuario.cl\/new\/presentan-ante-la-fao-opcion-de-adelantar-conmemoracion-del-ano-internacional-de-las-frutas-y-verduras\/"},"wordCount":577,"publisher":{"@id":"https:\/\/www.mundoagropecuario.cl\/new\/#organization"},"image":{"@id":"https:\/\/www.mundoagropecuario.cl\/new\/presentan-ante-la-fao-opcion-de-adelantar-conmemoracion-del-ano-internacional-de-las-frutas-y-verduras\/#primaryimage"},"thumbnailUrl":"https:\/\/www.mundoagropecuario.cl\/new\/wp-content\/uploads\/2018\/10\/fao--e1538488378990.jpeg","keywords":["APOFRUIT","Cooperativa Agr\u00edcola APOFRUIT","FAO","Frutas y las Verduras","Jos\u00e9 Graziano","Ministro Walker"],"articleSection":["Titular 3"],"inLanguage":"es"},{"@type":"WebPage","@id":"https:\/\/www.mundoagropecuario.cl\/new\/presentan-ante-la-fao-opcion-de-adelantar-conmemoracion-del-ano-internacional-de-las-frutas-y-verduras\/","url":"https:\/\/www.mundoagropecuario.cl\/new\/presentan-ante-la-fao-opcion-de-adelantar-conmemoracion-del-ano-internacional-de-las-frutas-y-verduras\/","name":"Presentan ante la FAO opci\u00f3n de adelantar conmemoraci\u00f3n del a\u00f1o internacional de las frutas y verduras - Mundoagropecuario","isPartOf":{"@id":"https:\/\/www.mundoagropecuario.cl\/new\/#website"},"primaryImageOfPage":{"@id":"https:\/\/www.mundoagropecuario.cl\/new\/presentan-ante-la-fao-opcion-de-adelantar-conmemoracion-del-ano-internacional-de-las-frutas-y-verduras\/#primaryimage"},"image":{"@id":"https:\/\/www.mundoagropecuario.cl\/new\/presentan-ante-la-fao-opcion-de-adelantar-conmemoracion-del-ano-internacional-de-las-frutas-y-verduras\/#primaryimage"},"thumbnailUrl":"https:\/\/www.mundoagropecuario.cl\/new\/wp-content\/uploads\/2018\/10\/fao--e1538488378990.jpeg","datePublished":"2018-10-02T12:55:11+00:00","breadcrumb":{"@id":"https:\/\/www.mundoagropecuario.cl\/new\/presentan-ante-la-fao-opcion-de-adelantar-conmemoracion-del-ano-internacional-de-las-frutas-y-verduras\/#breadcrumb"},"inLanguage":"es","potentialAction":[{"@type":"ReadAction","target":["https:\/\/www.mundoagropecuario.cl\/new\/presentan-ante-la-fao-opcion-de-adelantar-conmemoracion-del-ano-internacional-de-las-frutas-y-verduras\/"]}]},{"@type":"ImageObject","inLanguage":"es","@id":"https:\/\/www.mundoagropecuario.cl\/new\/presentan-ante-la-fao-opcion-de-adelantar-conmemoracion-del-ano-internacional-de-las-frutas-y-verduras\/#primaryimage","url":"https:\/\/www.mundoagropecuario.cl\/new\/wp-content\/uploads\/2018\/10\/fao--e1538488378990.jpeg","contentUrl":"https:\/\/www.mundoagropecuario.cl\/new\/wp-content\/uploads\/2018\/10\/fao--e1538488378990.jpeg","width":252,"height":170},{"@type":"BreadcrumbList","@id":"https:\/\/www.mundoagropecuario.cl\/new\/presentan-ante-la-fao-opcion-de-adelantar-conmemoracion-del-ano-internacional-de-las-frutas-y-verduras\/#breadcrumb","itemListElement":[{"@type":"ListItem","position":1,"name":"Portada","item":"https:\/\/www.mundoagropecuario.cl\/new\/"},{"@type":"ListItem","position":2,"name":"Presentan ante la FAO opci\u00f3n de adelantar conmemoraci\u00f3n del a\u00f1o internacional de las frutas y verduras"}]},{"@type":"WebSite","@id":"https:\/\/www.mundoagropecuario.cl\/new\/#website","url":"https:\/\/www.mundoagropecuario.cl\/new\/","name":"Mundoagropecuario","description":"Mundo Agropecuario","publisher":{"@id":"https:\/\/www.mundoagropecuario.cl\/new\/#organization"},"potentialAction":[{"@type":"SearchAction","target":{"@type":"EntryPoint","urlTemplate":"https:\/\/www.mundoagropecuario.cl\/new\/?s={search_term_string}"},"query-input":{"@type":"PropertyValueSpecification","valueRequired":true,"valueName":"search_term_string"}}],"inLanguage":"es"},{"@type":"Organization","@id":"https:\/\/www.mundoagropecuario.cl\/new\/#organization","name":"Revista de Agricultura","url":"https:\/\/www.mundoagropecuario.cl\/new\/","logo":{"@type":"ImageObject","inLanguage":"es","@id":"https:\/\/www.mundoagropecuario.cl\/new\/#\/schema\/logo\/image\/","url":"https:\/\/www.mundoagropecuario.cl\/new\/wp-content\/uploads\/2020\/11\/PORTAL-1-1.png","contentUrl":"https:\/\/www.mundoagropecuario.cl\/new\/wp-content\/uploads\/2020\/11\/PORTAL-1-1.png","width":1026,"height":100,"caption":"Revista de Agricultura"},"image":{"@id":"https:\/\/www.mundoagropecuario.cl\/new\/#\/schema\/logo\/image\/"},"sameAs":["https:\/\/www.facebook.com\/mundo.agropecuario.3","https:\/\/x.com\/MundoAgropecuar","https:\/\/www.linkedin.com\/in\/mundo-agropecuario-934009201\/"]},{"@type":"Person","@id":"https:\/\/www.mundoagropecuario.cl\/new\/#\/schema\/person\/4e9f74a82a7dac260eb1c44b7eebeb18","name":"mundo","url":"https:\/\/www.mundoagropecuario.cl\/new\/author\/mundo\/"}]}},"_links":{"self":[{"href":"https:\/\/www.mundoagropecuario.cl\/new\/wp-json\/wp\/v2\/posts\/8885","targetHints":{"allow":["GET"]}}],"collection":[{"href":"https:\/\/www.mundoagropecuario.cl\/new\/wp-json\/wp\/v2\/posts"}],"about":[{"href":"https:\/\/www.mundoagropecuario.cl\/new\/wp-json\/wp\/v2\/types\/post"}],"author":[{"embeddable":true,"href":"https:\/\/www.mundoagropecuario.cl\/new\/wp-json\/wp\/v2\/users\/2"}],"replies":[{"embeddable":true,"href":"https:\/\/www.mundoagropecuario.cl\/new\/wp-json\/wp\/v2\/comments?post=8885"}],"version-history":[{"count":1,"href":"https:\/\/www.mundoagropecuario.cl\/new\/wp-json\/wp\/v2\/posts\/8885\/revisions"}],"predecessor-version":[{"id":8887,"href":"https:\/\/www.mundoagropecuario.cl\/new\/wp-json\/wp\/v2\/posts\/8885\/revisions\/8887"}],"wp:featuredmedia":[{"embeddable":true,"href":"https:\/\/www.mundoagropecuario.cl\/new\/wp-json\/wp\/v2\/media\/8886"}],"wp:attachment":[{"href":"https:\/\/www.mundoagropecuario.cl\/new\/wp-json\/wp\/v2\/media?parent=8885"}],"wp:term":[{"taxonomy":"category","embeddable":true,"href":"https:\/\/www.mundoagropecuario.cl\/new\/wp-json\/wp\/v2\/categories?post=8885"},{"taxonomy":"post_tag","embeddable":true,"href":"https:\/\/www.mundoagropecuario.cl\/new\/wp-json\/wp\/v2\/tags?post=8885"}],"curies":[{"name":"wp","href":"https:\/\/api.w.org\/{rel}","templated":true}]}}