{"id":8826,"date":"2018-09-28T09:29:51","date_gmt":"2018-09-28T12:29:51","guid":{"rendered":"http:\/\/www.mundoagropecuario.cl\/new\/?p=8826"},"modified":"2018-09-28T10:16:04","modified_gmt":"2018-09-28T13:16:04","slug":"experto-frances-en-inia-carillanca","status":"publish","type":"post","link":"https:\/\/www.mundoagropecuario.cl\/new\/experto-frances-en-inia-carillanca\/","title":{"rendered":"Experto Franc\u00e9s en INIA Carillanca"},"content":{"rendered":"<blockquote><p><em>El investigador encuentra realizando una pasant\u00eda de un mes en dicho Centro de INIA ubicado en la Regi\u00f3n de Valpara\u00edso en el contexto del proyecto internacional. Esto le ha permitido visitar otros INIA e instituciones del pa\u00eds donde se ha estado trabajando con el Manejo Integrado de Plagas (MIP) (Mundo Agropecuario).<\/em><\/p><\/blockquote>\n<p>En INIA Carillanca se realiz\u00f3 una reuni\u00f3n en el marco del proyecto RUC-APS \u201cEnhancing and implementing knowledge based ICT solutions whitin high risk and uncertain conditions for agriculture production systems\u201d (en espa\u00f1ol \u201cMejorar e implementar soluciones TIC basadas en el conocimiento en condiciones de alto riesgo e inciertas para los sistemas de producci\u00f3n agr\u00edcola). Este es un proyecto dirigido por el Dr. Jorge Hern\u00e1ndez de la Universidad de Liverpool, donde la contraparte chilena est\u00e1 representada por el Instituto de Investigaciones Agropecuarias (INIA), a trav\u00e9s de la Directora Regional e investigadora Elizabeth Kehr de INIA Carillanca.<\/p>\n<p>En esta reuni\u00f3n ambos estuvieron presentes, adem\u00e1s del investigador Juan Pablo Mart\u00ednez de INIA La Cruz, acompa\u00f1ado del Dr. Amir Sakka de la Universidad de Toulouse Francia, quien se encuentra realizando una pasant\u00eda de un mes en dicho Centro de INIA ubicado en la Regi\u00f3n de Valpara\u00edso en el contexto del proyecto internacional. Esto le ha permitido visitar otros INIA e instituciones del pa\u00eds donde se ha estado trabajando con el Manejo Integrado de Plagas (MIP), y en este contexto su llegada a INIA Carillanca le permiti\u00f3 tomar contacto e intercambiar ideas con la entom\u00f3loga Dra. Patricia Navarro.<\/p>\n<p>Cabe se\u00f1alar que RUC-APS es un proyecto Europeo H2020 bajo el marco del programa Marie Sklodowska-Curie para el desarrollo de investigaci\u00f3n e intercambio de personal a nivel internacional. Este es un proyecto de 1.3 millones de euros y se orienta hacia la creaci\u00f3n de un marco de referencia est\u00e1ndar para apoyar el desarrollo colaborativo y participativo de sistemas de apoyo en la toma de decisi\u00f3n en la cadena de valor agr\u00edcola, puntualmente cuando est\u00e1n supeditados a niveles de riesgo e incertidumbre altos. \u201cEste proyecto es a 4 a\u00f1os y se encuentra en la mitad de su ejecuci\u00f3n, donde se cuenta con la participaci\u00f3n de acad\u00e9micos, investigadores y empresas de siete pa\u00edses, como son: Reino Unido, Francia, Italia, Espa\u00f1a, Polonia, Chile y Argentina\u201d, se\u00f1al\u00f3 Elizabeth Kehr.<\/p>\n","protected":false},"excerpt":{"rendered":"<p>El investigador encuentra realizando una pasant\u00eda de un mes en dicho Centro de INIA ubicado en la Regi\u00f3n de Valpara\u00edso en el contexto del proyecto internacional. Esto le ha permitido&#8230;<\/p>\n","protected":false},"author":2,"featured_media":8818,"comment_status":"closed","ping_status":"closed","sticky":false,"template":"","format":"standard","meta":{"footnotes":""},"categories":[1987],"tags":[2536,2538,2404,2537,2535],"class_list":["post-8826","post","type-post","status-publish","format-standard","has-post-thumbnail","hentry","category-instituciones","tag-enhancing-and-implementing-knowledge-based","tag-elizabeth-kehr","tag-inia-carillanca","tag-marie-sklodowska-curie","tag-proyecto-ruc-aps"],"yoast_head":"<!-- This site is optimized with the Yoast SEO plugin v26.6 - https:\/\/yoast.com\/wordpress\/plugins\/seo\/ -->\n<title>Experto Franc\u00e9s en INIA Carillanca - Mundoagropecuario<\/title>\n<meta name=\"robots\" content=\"index, follow, max-snippet:-1, max-image-preview:large, max-video-preview:-1\" \/>\n<link rel=\"canonical\" href=\"https:\/\/www.mundoagropecuario.cl\/new\/experto-frances-en-inia-carillanca\/\" \/>\n<meta property=\"og:locale\" content=\"es_ES\" \/>\n<meta property=\"og:type\" content=\"article\" \/>\n<meta property=\"og:title\" content=\"Experto Franc\u00e9s en INIA Carillanca - Mundoagropecuario\" \/>\n<meta property=\"og:description\" content=\"El investigador encuentra realizando una pasant\u00eda de un mes en dicho Centro de INIA ubicado en la Regi\u00f3n de Valpara\u00edso en el contexto del proyecto internacional. Esto le ha permitido...\" \/>\n<meta property=\"og:url\" content=\"https:\/\/www.mundoagropecuario.cl\/new\/experto-frances-en-inia-carillanca\/\" \/>\n<meta property=\"og:site_name\" content=\"Mundoagropecuario\" \/>\n<meta property=\"article:publisher\" content=\"https:\/\/www.facebook.com\/mundo.agropecuario.3\" \/>\n<meta property=\"article:published_time\" content=\"2018-09-28T12:29:51+00:00\" \/>\n<meta property=\"article:modified_time\" content=\"2018-09-28T13:16:04+00:00\" \/>\n<meta property=\"og:image\" content=\"https:\/\/www.mundoagropecuario.cl\/new\/wp-content\/uploads\/2018\/09\/INIA--e1538138430344.jpg\" \/>\n\t<meta property=\"og:image:width\" content=\"448\" \/>\n\t<meta property=\"og:image:height\" content=\"260\" \/>\n\t<meta property=\"og:image:type\" content=\"image\/jpeg\" \/>\n<meta name=\"author\" content=\"mundo\" \/>\n<meta name=\"twitter:card\" content=\"summary_large_image\" \/>\n<meta name=\"twitter:creator\" content=\"@MundoAgropecuar\" \/>\n<meta name=\"twitter:site\" content=\"@MundoAgropecuar\" \/>\n<meta name=\"twitter:label1\" content=\"Escrito por\" \/>\n\t<meta name=\"twitter:data1\" content=\"mundo\" \/>\n\t<meta name=\"twitter:label2\" content=\"Tiempo de lectura\" \/>\n\t<meta name=\"twitter:data2\" content=\"2 minutos\" \/>\n<script type=\"application\/ld+json\" class=\"yoast-schema-graph\">{\"@context\":\"https:\/\/schema.org\",\"@graph\":[{\"@type\":\"Article\",\"@id\":\"https:\/\/www.mundoagropecuario.cl\/new\/experto-frances-en-inia-carillanca\/#article\",\"isPartOf\":{\"@id\":\"https:\/\/www.mundoagropecuario.cl\/new\/experto-frances-en-inia-carillanca\/\"},\"author\":{\"name\":\"mundo\",\"@id\":\"https:\/\/www.mundoagropecuario.cl\/new\/#\/schema\/person\/4e9f74a82a7dac260eb1c44b7eebeb18\"},\"headline\":\"Experto Franc\u00e9s en INIA Carillanca\",\"datePublished\":\"2018-09-28T12:29:51+00:00\",\"dateModified\":\"2018-09-28T13:16:04+00:00\",\"mainEntityOfPage\":{\"@id\":\"https:\/\/www.mundoagropecuario.cl\/new\/experto-frances-en-inia-carillanca\/\"},\"wordCount\":406,\"publisher\":{\"@id\":\"https:\/\/www.mundoagropecuario.cl\/new\/#organization\"},\"image\":{\"@id\":\"https:\/\/www.mundoagropecuario.cl\/new\/experto-frances-en-inia-carillanca\/#primaryimage\"},\"thumbnailUrl\":\"https:\/\/www.mundoagropecuario.cl\/new\/wp-content\/uploads\/2018\/09\/INIA--e1538138430344.jpg\",\"keywords\":[\"\u201cEnhancing and implementing knowledge based\",\"Elizabeth Kehr.\",\"INIA Carillanca\",\"Marie Sklodowska-Curie\",\"proyecto RUC-APS\"],\"articleSection\":[\"Instituciones\"],\"inLanguage\":\"es\"},{\"@type\":\"WebPage\",\"@id\":\"https:\/\/www.mundoagropecuario.cl\/new\/experto-frances-en-inia-carillanca\/\",\"url\":\"https:\/\/www.mundoagropecuario.cl\/new\/experto-frances-en-inia-carillanca\/\",\"name\":\"Experto Franc\u00e9s en INIA Carillanca - Mundoagropecuario\",\"isPartOf\":{\"@id\":\"https:\/\/www.mundoagropecuario.cl\/new\/#website\"},\"primaryImageOfPage\":{\"@id\":\"https:\/\/www.mundoagropecuario.cl\/new\/experto-frances-en-inia-carillanca\/#primaryimage\"},\"image\":{\"@id\":\"https:\/\/www.mundoagropecuario.cl\/new\/experto-frances-en-inia-carillanca\/#primaryimage\"},\"thumbnailUrl\":\"https:\/\/www.mundoagropecuario.cl\/new\/wp-content\/uploads\/2018\/09\/INIA--e1538138430344.jpg\",\"datePublished\":\"2018-09-28T12:29:51+00:00\",\"dateModified\":\"2018-09-28T13:16:04+00:00\",\"breadcrumb\":{\"@id\":\"https:\/\/www.mundoagropecuario.cl\/new\/experto-frances-en-inia-carillanca\/#breadcrumb\"},\"inLanguage\":\"es\",\"potentialAction\":[{\"@type\":\"ReadAction\",\"target\":[\"https:\/\/www.mundoagropecuario.cl\/new\/experto-frances-en-inia-carillanca\/\"]}]},{\"@type\":\"ImageObject\",\"inLanguage\":\"es\",\"@id\":\"https:\/\/www.mundoagropecuario.cl\/new\/experto-frances-en-inia-carillanca\/#primaryimage\",\"url\":\"https:\/\/www.mundoagropecuario.cl\/new\/wp-content\/uploads\/2018\/09\/INIA--e1538138430344.jpg\",\"contentUrl\":\"https:\/\/www.mundoagropecuario.cl\/new\/wp-content\/uploads\/2018\/09\/INIA--e1538138430344.jpg\",\"width\":448,\"height\":260},{\"@type\":\"BreadcrumbList\",\"@id\":\"https:\/\/www.mundoagropecuario.cl\/new\/experto-frances-en-inia-carillanca\/#breadcrumb\",\"itemListElement\":[{\"@type\":\"ListItem\",\"position\":1,\"name\":\"Portada\",\"item\":\"https:\/\/www.mundoagropecuario.cl\/new\/\"},{\"@type\":\"ListItem\",\"position\":2,\"name\":\"Experto Franc\u00e9s en INIA Carillanca\"}]},{\"@type\":\"WebSite\",\"@id\":\"https:\/\/www.mundoagropecuario.cl\/new\/#website\",\"url\":\"https:\/\/www.mundoagropecuario.cl\/new\/\",\"name\":\"Mundoagropecuario\",\"description\":\"Mundo Agropecuario\",\"publisher\":{\"@id\":\"https:\/\/www.mundoagropecuario.cl\/new\/#organization\"},\"potentialAction\":[{\"@type\":\"SearchAction\",\"target\":{\"@type\":\"EntryPoint\",\"urlTemplate\":\"https:\/\/www.mundoagropecuario.cl\/new\/?s={search_term_string}\"},\"query-input\":{\"@type\":\"PropertyValueSpecification\",\"valueRequired\":true,\"valueName\":\"search_term_string\"}}],\"inLanguage\":\"es\"},{\"@type\":\"Organization\",\"@id\":\"https:\/\/www.mundoagropecuario.cl\/new\/#organization\",\"name\":\"Revista de Agricultura\",\"url\":\"https:\/\/www.mundoagropecuario.cl\/new\/\",\"logo\":{\"@type\":\"ImageObject\",\"inLanguage\":\"es\",\"@id\":\"https:\/\/www.mundoagropecuario.cl\/new\/#\/schema\/logo\/image\/\",\"url\":\"https:\/\/www.mundoagropecuario.cl\/new\/wp-content\/uploads\/2020\/11\/PORTAL-1-1.png\",\"contentUrl\":\"https:\/\/www.mundoagropecuario.cl\/new\/wp-content\/uploads\/2020\/11\/PORTAL-1-1.png\",\"width\":1026,\"height\":100,\"caption\":\"Revista de Agricultura\"},\"image\":{\"@id\":\"https:\/\/www.mundoagropecuario.cl\/new\/#\/schema\/logo\/image\/\"},\"sameAs\":[\"https:\/\/www.facebook.com\/mundo.agropecuario.3\",\"https:\/\/x.com\/MundoAgropecuar\",\"https:\/\/www.linkedin.com\/in\/mundo-agropecuario-934009201\/\"]},{\"@type\":\"Person\",\"@id\":\"https:\/\/www.mundoagropecuario.cl\/new\/#\/schema\/person\/4e9f74a82a7dac260eb1c44b7eebeb18\",\"name\":\"mundo\",\"url\":\"https:\/\/www.mundoagropecuario.cl\/new\/author\/mundo\/\"}]}<\/script>\n<!-- \/ Yoast SEO plugin. -->","yoast_head_json":{"title":"Experto Franc\u00e9s en INIA Carillanca - Mundoagropecuario","robots":{"index":"index","follow":"follow","max-snippet":"max-snippet:-1","max-image-preview":"max-image-preview:large","max-video-preview":"max-video-preview:-1"},"canonical":"https:\/\/www.mundoagropecuario.cl\/new\/experto-frances-en-inia-carillanca\/","og_locale":"es_ES","og_type":"article","og_title":"Experto Franc\u00e9s en INIA Carillanca - Mundoagropecuario","og_description":"El investigador encuentra realizando una pasant\u00eda de un mes en dicho Centro de INIA ubicado en la Regi\u00f3n de Valpara\u00edso en el contexto del proyecto internacional. Esto le ha permitido...","og_url":"https:\/\/www.mundoagropecuario.cl\/new\/experto-frances-en-inia-carillanca\/","og_site_name":"Mundoagropecuario","article_publisher":"https:\/\/www.facebook.com\/mundo.agropecuario.3","article_published_time":"2018-09-28T12:29:51+00:00","article_modified_time":"2018-09-28T13:16:04+00:00","og_image":[{"width":448,"height":260,"url":"https:\/\/www.mundoagropecuario.cl\/new\/wp-content\/uploads\/2018\/09\/INIA--e1538138430344.jpg","type":"image\/jpeg"}],"author":"mundo","twitter_card":"summary_large_image","twitter_creator":"@MundoAgropecuar","twitter_site":"@MundoAgropecuar","twitter_misc":{"Escrito por":"mundo","Tiempo de lectura":"2 minutos"},"schema":{"@context":"https:\/\/schema.org","@graph":[{"@type":"Article","@id":"https:\/\/www.mundoagropecuario.cl\/new\/experto-frances-en-inia-carillanca\/#article","isPartOf":{"@id":"https:\/\/www.mundoagropecuario.cl\/new\/experto-frances-en-inia-carillanca\/"},"author":{"name":"mundo","@id":"https:\/\/www.mundoagropecuario.cl\/new\/#\/schema\/person\/4e9f74a82a7dac260eb1c44b7eebeb18"},"headline":"Experto Franc\u00e9s en INIA Carillanca","datePublished":"2018-09-28T12:29:51+00:00","dateModified":"2018-09-28T13:16:04+00:00","mainEntityOfPage":{"@id":"https:\/\/www.mundoagropecuario.cl\/new\/experto-frances-en-inia-carillanca\/"},"wordCount":406,"publisher":{"@id":"https:\/\/www.mundoagropecuario.cl\/new\/#organization"},"image":{"@id":"https:\/\/www.mundoagropecuario.cl\/new\/experto-frances-en-inia-carillanca\/#primaryimage"},"thumbnailUrl":"https:\/\/www.mundoagropecuario.cl\/new\/wp-content\/uploads\/2018\/09\/INIA--e1538138430344.jpg","keywords":["\u201cEnhancing and implementing knowledge based","Elizabeth Kehr.","INIA Carillanca","Marie Sklodowska-Curie","proyecto RUC-APS"],"articleSection":["Instituciones"],"inLanguage":"es"},{"@type":"WebPage","@id":"https:\/\/www.mundoagropecuario.cl\/new\/experto-frances-en-inia-carillanca\/","url":"https:\/\/www.mundoagropecuario.cl\/new\/experto-frances-en-inia-carillanca\/","name":"Experto Franc\u00e9s en INIA Carillanca - Mundoagropecuario","isPartOf":{"@id":"https:\/\/www.mundoagropecuario.cl\/new\/#website"},"primaryImageOfPage":{"@id":"https:\/\/www.mundoagropecuario.cl\/new\/experto-frances-en-inia-carillanca\/#primaryimage"},"image":{"@id":"https:\/\/www.mundoagropecuario.cl\/new\/experto-frances-en-inia-carillanca\/#primaryimage"},"thumbnailUrl":"https:\/\/www.mundoagropecuario.cl\/new\/wp-content\/uploads\/2018\/09\/INIA--e1538138430344.jpg","datePublished":"2018-09-28T12:29:51+00:00","dateModified":"2018-09-28T13:16:04+00:00","breadcrumb":{"@id":"https:\/\/www.mundoagropecuario.cl\/new\/experto-frances-en-inia-carillanca\/#breadcrumb"},"inLanguage":"es","potentialAction":[{"@type":"ReadAction","target":["https:\/\/www.mundoagropecuario.cl\/new\/experto-frances-en-inia-carillanca\/"]}]},{"@type":"ImageObject","inLanguage":"es","@id":"https:\/\/www.mundoagropecuario.cl\/new\/experto-frances-en-inia-carillanca\/#primaryimage","url":"https:\/\/www.mundoagropecuario.cl\/new\/wp-content\/uploads\/2018\/09\/INIA--e1538138430344.jpg","contentUrl":"https:\/\/www.mundoagropecuario.cl\/new\/wp-content\/uploads\/2018\/09\/INIA--e1538138430344.jpg","width":448,"height":260},{"@type":"BreadcrumbList","@id":"https:\/\/www.mundoagropecuario.cl\/new\/experto-frances-en-inia-carillanca\/#breadcrumb","itemListElement":[{"@type":"ListItem","position":1,"name":"Portada","item":"https:\/\/www.mundoagropecuario.cl\/new\/"},{"@type":"ListItem","position":2,"name":"Experto Franc\u00e9s en INIA Carillanca"}]},{"@type":"WebSite","@id":"https:\/\/www.mundoagropecuario.cl\/new\/#website","url":"https:\/\/www.mundoagropecuario.cl\/new\/","name":"Mundoagropecuario","description":"Mundo Agropecuario","publisher":{"@id":"https:\/\/www.mundoagropecuario.cl\/new\/#organization"},"potentialAction":[{"@type":"SearchAction","target":{"@type":"EntryPoint","urlTemplate":"https:\/\/www.mundoagropecuario.cl\/new\/?s={search_term_string}"},"query-input":{"@type":"PropertyValueSpecification","valueRequired":true,"valueName":"search_term_string"}}],"inLanguage":"es"},{"@type":"Organization","@id":"https:\/\/www.mundoagropecuario.cl\/new\/#organization","name":"Revista de Agricultura","url":"https:\/\/www.mundoagropecuario.cl\/new\/","logo":{"@type":"ImageObject","inLanguage":"es","@id":"https:\/\/www.mundoagropecuario.cl\/new\/#\/schema\/logo\/image\/","url":"https:\/\/www.mundoagropecuario.cl\/new\/wp-content\/uploads\/2020\/11\/PORTAL-1-1.png","contentUrl":"https:\/\/www.mundoagropecuario.cl\/new\/wp-content\/uploads\/2020\/11\/PORTAL-1-1.png","width":1026,"height":100,"caption":"Revista de Agricultura"},"image":{"@id":"https:\/\/www.mundoagropecuario.cl\/new\/#\/schema\/logo\/image\/"},"sameAs":["https:\/\/www.facebook.com\/mundo.agropecuario.3","https:\/\/x.com\/MundoAgropecuar","https:\/\/www.linkedin.com\/in\/mundo-agropecuario-934009201\/"]},{"@type":"Person","@id":"https:\/\/www.mundoagropecuario.cl\/new\/#\/schema\/person\/4e9f74a82a7dac260eb1c44b7eebeb18","name":"mundo","url":"https:\/\/www.mundoagropecuario.cl\/new\/author\/mundo\/"}]}},"_links":{"self":[{"href":"https:\/\/www.mundoagropecuario.cl\/new\/wp-json\/wp\/v2\/posts\/8826","targetHints":{"allow":["GET"]}}],"collection":[{"href":"https:\/\/www.mundoagropecuario.cl\/new\/wp-json\/wp\/v2\/posts"}],"about":[{"href":"https:\/\/www.mundoagropecuario.cl\/new\/wp-json\/wp\/v2\/types\/post"}],"author":[{"embeddable":true,"href":"https:\/\/www.mundoagropecuario.cl\/new\/wp-json\/wp\/v2\/users\/2"}],"replies":[{"embeddable":true,"href":"https:\/\/www.mundoagropecuario.cl\/new\/wp-json\/wp\/v2\/comments?post=8826"}],"version-history":[{"count":1,"href":"https:\/\/www.mundoagropecuario.cl\/new\/wp-json\/wp\/v2\/posts\/8826\/revisions"}],"predecessor-version":[{"id":8827,"href":"https:\/\/www.mundoagropecuario.cl\/new\/wp-json\/wp\/v2\/posts\/8826\/revisions\/8827"}],"wp:featuredmedia":[{"embeddable":true,"href":"https:\/\/www.mundoagropecuario.cl\/new\/wp-json\/wp\/v2\/media\/8818"}],"wp:attachment":[{"href":"https:\/\/www.mundoagropecuario.cl\/new\/wp-json\/wp\/v2\/media?parent=8826"}],"wp:term":[{"taxonomy":"category","embeddable":true,"href":"https:\/\/www.mundoagropecuario.cl\/new\/wp-json\/wp\/v2\/categories?post=8826"},{"taxonomy":"post_tag","embeddable":true,"href":"https:\/\/www.mundoagropecuario.cl\/new\/wp-json\/wp\/v2\/tags?post=8826"}],"curies":[{"name":"wp","href":"https:\/\/api.w.org\/{rel}","templated":true}]}}