{"id":8824,"date":"2018-09-28T09:21:50","date_gmt":"2018-09-28T12:21:50","guid":{"rendered":"http:\/\/www.mundoagropecuario.cl\/new\/?p=8824"},"modified":"2018-09-28T09:22:50","modified_gmt":"2018-09-28T12:22:50","slug":"comite-de-citricos-de-chile-promueve-los-limones-chilenos-en-japon","status":"publish","type":"post","link":"https:\/\/www.mundoagropecuario.cl\/new\/comite-de-citricos-de-chile-promueve-los-limones-chilenos-en-japon\/","title":{"rendered":"Comit\u00e9 de C\u00edtricos de Chile promueve los limones chilenos en Jap\u00f3n"},"content":{"rendered":"<blockquote><p><span style=\"color: #008000;\"><strong>Con el desarrollo del sitio web https:\/\/chile-lemon.com\/, el Comit\u00e9 de C\u00edtricos promueve y destaca las cualidades nutricionales de los limones en tierras niponas (Mundo Agropecuario).<\/strong><\/span><\/p><\/blockquote>\n<p>Con mensajes como \u00a1Los limones chilenos est\u00e1n de temporada en el verano japon\u00e9s! y\u00a0 \u00a1Nutrit\u00edvamente rico, lo que es bueno para la salud!, el Comit\u00e9 de C\u00edtricos de Chile ASOEX ha promocionado durante el verano de Jap\u00f3n las propiedades nutricionales, antioxidantes e hidratantes de los limones de Chile, al tener alto contenido de vitamina C y agua.<\/p>\n<p>Para la promoci\u00f3n y difusi\u00f3n se desarroll\u00f3 la p\u00e1gina web https:\/\/chile-lemon.com\/ con informaci\u00f3n relacionada a las fechas de disponibilidad, caracter\u00edsticas del lim\u00f3n chileno y datos del mercado.<\/p>\n<p>Es as\u00ed que en la portada se destaca el mensaje; y en las p\u00e1ginas interiores se puso a disposici\u00f3n de los japoneses informaci\u00f3n como los limones chilenos son de contra estaci\u00f3n y est\u00e1n disponibles desde mediados de junio hasta principios de octubre en Jap\u00f3n.<\/p>\n<p>Adem\u00e1s, se destacan las condiciones geogr\u00e1ficas de Chile que le permiten ser el principal pa\u00eds exportador de frutas frescas del hemisferio sur, y que cumple con los m\u00e1s altos est\u00e1ndares internacionales de Buenas Pr\u00e1cticas Laborales, comprometidos con las expectativas de los consumidores que demandan productos de calidad, frescos y de cultivo sostenible. Y dentro de la amplia diversidad de frutas, los limones sobresalen por su calidad, sabor, color, firmeza y aroma.<\/p>\n<p>Finalmente, ponen a disposici\u00f3n los datos del mercado, como volumen de importaci\u00f3n de limones chilenos a Jap\u00f3n, el porcentaje de representaci\u00f3n de los limones chilenos y la proporci\u00f3n de \u00e9stos en el mercado nip\u00f3n.\u00a0 Esta actividad cuenta con el apoyo de ProChile.<\/p>\n<p>De acuerdo al reporte entregado por el Comit\u00e9 de C\u00edtricos Chile, se export\u00f3 un total de 21.969 toneladas de limones al Lejano Oriente hasta la semana 37, misma cantidad enviada la temporada 2017 en la misma fecha. Del total enviado a dicha regi\u00f3n, el 83% corresponde a Jap\u00f3n con un total de 18.139 toneladas, similar cantidad a la enviada al pa\u00eds nip\u00f3n el 2017.<\/p>\n","protected":false},"excerpt":{"rendered":"<p>Con el desarrollo del sitio web https:\/\/chile-lemon.com\/, el Comit\u00e9 de C\u00edtricos promueve y destaca las cualidades nutricionales de los limones en tierras niponas (Mundo Agropecuario). Con mensajes como \u00a1Los limones&#8230;<\/p>\n","protected":false},"author":2,"featured_media":8193,"comment_status":"closed","ping_status":"closed","sticky":false,"template":"","format":"standard","meta":{"footnotes":""},"categories":[404],"tags":[2177,2534,2532,2533],"class_list":["post-8824","post","type-post","status-publish","format-standard","has-post-thumbnail","hentry","category-titular-2","tag-asoex","tag-comite-de-citricos-chile","tag-comite-de-citricos-de-chile","tag-limones-chilenos"],"yoast_head":"<!-- This site is optimized with the Yoast SEO plugin v26.6 - https:\/\/yoast.com\/wordpress\/plugins\/seo\/ -->\n<title>Comit\u00e9 de C\u00edtricos de Chile promueve los limones chilenos en Jap\u00f3n - Mundoagropecuario<\/title>\n<meta name=\"robots\" content=\"index, follow, max-snippet:-1, max-image-preview:large, max-video-preview:-1\" \/>\n<link rel=\"canonical\" href=\"https:\/\/www.mundoagropecuario.cl\/new\/comite-de-citricos-de-chile-promueve-los-limones-chilenos-en-japon\/\" \/>\n<meta property=\"og:locale\" content=\"es_ES\" \/>\n<meta property=\"og:type\" content=\"article\" \/>\n<meta property=\"og:title\" content=\"Comit\u00e9 de C\u00edtricos de Chile promueve los limones chilenos en Jap\u00f3n - Mundoagropecuario\" \/>\n<meta property=\"og:description\" content=\"Con el desarrollo del sitio web https:\/\/chile-lemon.com\/, el Comit\u00e9 de C\u00edtricos promueve y destaca las cualidades nutricionales de los limones en tierras niponas (Mundo Agropecuario). Con mensajes como \u00a1Los limones...\" \/>\n<meta property=\"og:url\" content=\"https:\/\/www.mundoagropecuario.cl\/new\/comite-de-citricos-de-chile-promueve-los-limones-chilenos-en-japon\/\" \/>\n<meta property=\"og:site_name\" content=\"Mundoagropecuario\" \/>\n<meta property=\"article:publisher\" content=\"https:\/\/www.facebook.com\/mundo.agropecuario.3\" \/>\n<meta property=\"article:published_time\" content=\"2018-09-28T12:21:50+00:00\" \/>\n<meta property=\"article:modified_time\" content=\"2018-09-28T12:22:50+00:00\" \/>\n<meta property=\"og:image\" content=\"https:\/\/www.mundoagropecuario.cl\/new\/wp-content\/uploads\/2018\/08\/nueces.jpg\" \/>\n\t<meta property=\"og:image:width\" content=\"1000\" \/>\n\t<meta property=\"og:image:height\" content=\"750\" \/>\n\t<meta property=\"og:image:type\" content=\"image\/jpeg\" \/>\n<meta name=\"author\" content=\"mundo\" \/>\n<meta name=\"twitter:card\" content=\"summary_large_image\" \/>\n<meta name=\"twitter:creator\" content=\"@MundoAgropecuar\" \/>\n<meta name=\"twitter:site\" content=\"@MundoAgropecuar\" \/>\n<meta name=\"twitter:label1\" content=\"Escrito por\" \/>\n\t<meta name=\"twitter:data1\" content=\"mundo\" \/>\n\t<meta name=\"twitter:label2\" content=\"Tiempo de lectura\" \/>\n\t<meta name=\"twitter:data2\" content=\"2 minutos\" \/>\n<script type=\"application\/ld+json\" class=\"yoast-schema-graph\">{\"@context\":\"https:\/\/schema.org\",\"@graph\":[{\"@type\":\"Article\",\"@id\":\"https:\/\/www.mundoagropecuario.cl\/new\/comite-de-citricos-de-chile-promueve-los-limones-chilenos-en-japon\/#article\",\"isPartOf\":{\"@id\":\"https:\/\/www.mundoagropecuario.cl\/new\/comite-de-citricos-de-chile-promueve-los-limones-chilenos-en-japon\/\"},\"author\":{\"name\":\"mundo\",\"@id\":\"https:\/\/www.mundoagropecuario.cl\/new\/#\/schema\/person\/4e9f74a82a7dac260eb1c44b7eebeb18\"},\"headline\":\"Comit\u00e9 de C\u00edtricos de Chile promueve los limones chilenos en Jap\u00f3n\",\"datePublished\":\"2018-09-28T12:21:50+00:00\",\"dateModified\":\"2018-09-28T12:22:50+00:00\",\"mainEntityOfPage\":{\"@id\":\"https:\/\/www.mundoagropecuario.cl\/new\/comite-de-citricos-de-chile-promueve-los-limones-chilenos-en-japon\/\"},\"wordCount\":376,\"publisher\":{\"@id\":\"https:\/\/www.mundoagropecuario.cl\/new\/#organization\"},\"image\":{\"@id\":\"https:\/\/www.mundoagropecuario.cl\/new\/comite-de-citricos-de-chile-promueve-los-limones-chilenos-en-japon\/#primaryimage\"},\"thumbnailUrl\":\"https:\/\/www.mundoagropecuario.cl\/new\/wp-content\/uploads\/2018\/08\/nueces.jpg\",\"keywords\":[\"Asoex\",\"Comit\u00e9 de C\u00edtricos Chile\",\"Comit\u00e9 de C\u00edtricos de Chile\",\"limones chilenos\"],\"articleSection\":[\"Titular 2\"],\"inLanguage\":\"es\"},{\"@type\":\"WebPage\",\"@id\":\"https:\/\/www.mundoagropecuario.cl\/new\/comite-de-citricos-de-chile-promueve-los-limones-chilenos-en-japon\/\",\"url\":\"https:\/\/www.mundoagropecuario.cl\/new\/comite-de-citricos-de-chile-promueve-los-limones-chilenos-en-japon\/\",\"name\":\"Comit\u00e9 de C\u00edtricos de Chile promueve los limones chilenos en Jap\u00f3n - Mundoagropecuario\",\"isPartOf\":{\"@id\":\"https:\/\/www.mundoagropecuario.cl\/new\/#website\"},\"primaryImageOfPage\":{\"@id\":\"https:\/\/www.mundoagropecuario.cl\/new\/comite-de-citricos-de-chile-promueve-los-limones-chilenos-en-japon\/#primaryimage\"},\"image\":{\"@id\":\"https:\/\/www.mundoagropecuario.cl\/new\/comite-de-citricos-de-chile-promueve-los-limones-chilenos-en-japon\/#primaryimage\"},\"thumbnailUrl\":\"https:\/\/www.mundoagropecuario.cl\/new\/wp-content\/uploads\/2018\/08\/nueces.jpg\",\"datePublished\":\"2018-09-28T12:21:50+00:00\",\"dateModified\":\"2018-09-28T12:22:50+00:00\",\"breadcrumb\":{\"@id\":\"https:\/\/www.mundoagropecuario.cl\/new\/comite-de-citricos-de-chile-promueve-los-limones-chilenos-en-japon\/#breadcrumb\"},\"inLanguage\":\"es\",\"potentialAction\":[{\"@type\":\"ReadAction\",\"target\":[\"https:\/\/www.mundoagropecuario.cl\/new\/comite-de-citricos-de-chile-promueve-los-limones-chilenos-en-japon\/\"]}]},{\"@type\":\"ImageObject\",\"inLanguage\":\"es\",\"@id\":\"https:\/\/www.mundoagropecuario.cl\/new\/comite-de-citricos-de-chile-promueve-los-limones-chilenos-en-japon\/#primaryimage\",\"url\":\"https:\/\/www.mundoagropecuario.cl\/new\/wp-content\/uploads\/2018\/08\/nueces.jpg\",\"contentUrl\":\"https:\/\/www.mundoagropecuario.cl\/new\/wp-content\/uploads\/2018\/08\/nueces.jpg\",\"width\":533,\"height\":400},{\"@type\":\"BreadcrumbList\",\"@id\":\"https:\/\/www.mundoagropecuario.cl\/new\/comite-de-citricos-de-chile-promueve-los-limones-chilenos-en-japon\/#breadcrumb\",\"itemListElement\":[{\"@type\":\"ListItem\",\"position\":1,\"name\":\"Portada\",\"item\":\"https:\/\/www.mundoagropecuario.cl\/new\/\"},{\"@type\":\"ListItem\",\"position\":2,\"name\":\"Comit\u00e9 de C\u00edtricos de Chile promueve los limones chilenos en Jap\u00f3n\"}]},{\"@type\":\"WebSite\",\"@id\":\"https:\/\/www.mundoagropecuario.cl\/new\/#website\",\"url\":\"https:\/\/www.mundoagropecuario.cl\/new\/\",\"name\":\"Mundoagropecuario\",\"description\":\"Mundo Agropecuario\",\"publisher\":{\"@id\":\"https:\/\/www.mundoagropecuario.cl\/new\/#organization\"},\"potentialAction\":[{\"@type\":\"SearchAction\",\"target\":{\"@type\":\"EntryPoint\",\"urlTemplate\":\"https:\/\/www.mundoagropecuario.cl\/new\/?s={search_term_string}\"},\"query-input\":{\"@type\":\"PropertyValueSpecification\",\"valueRequired\":true,\"valueName\":\"search_term_string\"}}],\"inLanguage\":\"es\"},{\"@type\":\"Organization\",\"@id\":\"https:\/\/www.mundoagropecuario.cl\/new\/#organization\",\"name\":\"Revista de Agricultura\",\"url\":\"https:\/\/www.mundoagropecuario.cl\/new\/\",\"logo\":{\"@type\":\"ImageObject\",\"inLanguage\":\"es\",\"@id\":\"https:\/\/www.mundoagropecuario.cl\/new\/#\/schema\/logo\/image\/\",\"url\":\"https:\/\/www.mundoagropecuario.cl\/new\/wp-content\/uploads\/2020\/11\/PORTAL-1-1.png\",\"contentUrl\":\"https:\/\/www.mundoagropecuario.cl\/new\/wp-content\/uploads\/2020\/11\/PORTAL-1-1.png\",\"width\":1026,\"height\":100,\"caption\":\"Revista de Agricultura\"},\"image\":{\"@id\":\"https:\/\/www.mundoagropecuario.cl\/new\/#\/schema\/logo\/image\/\"},\"sameAs\":[\"https:\/\/www.facebook.com\/mundo.agropecuario.3\",\"https:\/\/x.com\/MundoAgropecuar\",\"https:\/\/www.linkedin.com\/in\/mundo-agropecuario-934009201\/\"]},{\"@type\":\"Person\",\"@id\":\"https:\/\/www.mundoagropecuario.cl\/new\/#\/schema\/person\/4e9f74a82a7dac260eb1c44b7eebeb18\",\"name\":\"mundo\",\"url\":\"https:\/\/www.mundoagropecuario.cl\/new\/author\/mundo\/\"}]}<\/script>\n<!-- \/ Yoast SEO plugin. -->","yoast_head_json":{"title":"Comit\u00e9 de C\u00edtricos de Chile promueve los limones chilenos en Jap\u00f3n - Mundoagropecuario","robots":{"index":"index","follow":"follow","max-snippet":"max-snippet:-1","max-image-preview":"max-image-preview:large","max-video-preview":"max-video-preview:-1"},"canonical":"https:\/\/www.mundoagropecuario.cl\/new\/comite-de-citricos-de-chile-promueve-los-limones-chilenos-en-japon\/","og_locale":"es_ES","og_type":"article","og_title":"Comit\u00e9 de C\u00edtricos de Chile promueve los limones chilenos en Jap\u00f3n - Mundoagropecuario","og_description":"Con el desarrollo del sitio web https:\/\/chile-lemon.com\/, el Comit\u00e9 de C\u00edtricos promueve y destaca las cualidades nutricionales de los limones en tierras niponas (Mundo Agropecuario). Con mensajes como \u00a1Los limones...","og_url":"https:\/\/www.mundoagropecuario.cl\/new\/comite-de-citricos-de-chile-promueve-los-limones-chilenos-en-japon\/","og_site_name":"Mundoagropecuario","article_publisher":"https:\/\/www.facebook.com\/mundo.agropecuario.3","article_published_time":"2018-09-28T12:21:50+00:00","article_modified_time":"2018-09-28T12:22:50+00:00","og_image":[{"width":1000,"height":750,"url":"https:\/\/www.mundoagropecuario.cl\/new\/wp-content\/uploads\/2018\/08\/nueces.jpg","type":"image\/jpeg"}],"author":"mundo","twitter_card":"summary_large_image","twitter_creator":"@MundoAgropecuar","twitter_site":"@MundoAgropecuar","twitter_misc":{"Escrito por":"mundo","Tiempo de lectura":"2 minutos"},"schema":{"@context":"https:\/\/schema.org","@graph":[{"@type":"Article","@id":"https:\/\/www.mundoagropecuario.cl\/new\/comite-de-citricos-de-chile-promueve-los-limones-chilenos-en-japon\/#article","isPartOf":{"@id":"https:\/\/www.mundoagropecuario.cl\/new\/comite-de-citricos-de-chile-promueve-los-limones-chilenos-en-japon\/"},"author":{"name":"mundo","@id":"https:\/\/www.mundoagropecuario.cl\/new\/#\/schema\/person\/4e9f74a82a7dac260eb1c44b7eebeb18"},"headline":"Comit\u00e9 de C\u00edtricos de Chile promueve los limones chilenos en Jap\u00f3n","datePublished":"2018-09-28T12:21:50+00:00","dateModified":"2018-09-28T12:22:50+00:00","mainEntityOfPage":{"@id":"https:\/\/www.mundoagropecuario.cl\/new\/comite-de-citricos-de-chile-promueve-los-limones-chilenos-en-japon\/"},"wordCount":376,"publisher":{"@id":"https:\/\/www.mundoagropecuario.cl\/new\/#organization"},"image":{"@id":"https:\/\/www.mundoagropecuario.cl\/new\/comite-de-citricos-de-chile-promueve-los-limones-chilenos-en-japon\/#primaryimage"},"thumbnailUrl":"https:\/\/www.mundoagropecuario.cl\/new\/wp-content\/uploads\/2018\/08\/nueces.jpg","keywords":["Asoex","Comit\u00e9 de C\u00edtricos Chile","Comit\u00e9 de C\u00edtricos de Chile","limones chilenos"],"articleSection":["Titular 2"],"inLanguage":"es"},{"@type":"WebPage","@id":"https:\/\/www.mundoagropecuario.cl\/new\/comite-de-citricos-de-chile-promueve-los-limones-chilenos-en-japon\/","url":"https:\/\/www.mundoagropecuario.cl\/new\/comite-de-citricos-de-chile-promueve-los-limones-chilenos-en-japon\/","name":"Comit\u00e9 de C\u00edtricos de Chile promueve los limones chilenos en Jap\u00f3n - Mundoagropecuario","isPartOf":{"@id":"https:\/\/www.mundoagropecuario.cl\/new\/#website"},"primaryImageOfPage":{"@id":"https:\/\/www.mundoagropecuario.cl\/new\/comite-de-citricos-de-chile-promueve-los-limones-chilenos-en-japon\/#primaryimage"},"image":{"@id":"https:\/\/www.mundoagropecuario.cl\/new\/comite-de-citricos-de-chile-promueve-los-limones-chilenos-en-japon\/#primaryimage"},"thumbnailUrl":"https:\/\/www.mundoagropecuario.cl\/new\/wp-content\/uploads\/2018\/08\/nueces.jpg","datePublished":"2018-09-28T12:21:50+00:00","dateModified":"2018-09-28T12:22:50+00:00","breadcrumb":{"@id":"https:\/\/www.mundoagropecuario.cl\/new\/comite-de-citricos-de-chile-promueve-los-limones-chilenos-en-japon\/#breadcrumb"},"inLanguage":"es","potentialAction":[{"@type":"ReadAction","target":["https:\/\/www.mundoagropecuario.cl\/new\/comite-de-citricos-de-chile-promueve-los-limones-chilenos-en-japon\/"]}]},{"@type":"ImageObject","inLanguage":"es","@id":"https:\/\/www.mundoagropecuario.cl\/new\/comite-de-citricos-de-chile-promueve-los-limones-chilenos-en-japon\/#primaryimage","url":"https:\/\/www.mundoagropecuario.cl\/new\/wp-content\/uploads\/2018\/08\/nueces.jpg","contentUrl":"https:\/\/www.mundoagropecuario.cl\/new\/wp-content\/uploads\/2018\/08\/nueces.jpg","width":533,"height":400},{"@type":"BreadcrumbList","@id":"https:\/\/www.mundoagropecuario.cl\/new\/comite-de-citricos-de-chile-promueve-los-limones-chilenos-en-japon\/#breadcrumb","itemListElement":[{"@type":"ListItem","position":1,"name":"Portada","item":"https:\/\/www.mundoagropecuario.cl\/new\/"},{"@type":"ListItem","position":2,"name":"Comit\u00e9 de C\u00edtricos de Chile promueve los limones chilenos en Jap\u00f3n"}]},{"@type":"WebSite","@id":"https:\/\/www.mundoagropecuario.cl\/new\/#website","url":"https:\/\/www.mundoagropecuario.cl\/new\/","name":"Mundoagropecuario","description":"Mundo Agropecuario","publisher":{"@id":"https:\/\/www.mundoagropecuario.cl\/new\/#organization"},"potentialAction":[{"@type":"SearchAction","target":{"@type":"EntryPoint","urlTemplate":"https:\/\/www.mundoagropecuario.cl\/new\/?s={search_term_string}"},"query-input":{"@type":"PropertyValueSpecification","valueRequired":true,"valueName":"search_term_string"}}],"inLanguage":"es"},{"@type":"Organization","@id":"https:\/\/www.mundoagropecuario.cl\/new\/#organization","name":"Revista de Agricultura","url":"https:\/\/www.mundoagropecuario.cl\/new\/","logo":{"@type":"ImageObject","inLanguage":"es","@id":"https:\/\/www.mundoagropecuario.cl\/new\/#\/schema\/logo\/image\/","url":"https:\/\/www.mundoagropecuario.cl\/new\/wp-content\/uploads\/2020\/11\/PORTAL-1-1.png","contentUrl":"https:\/\/www.mundoagropecuario.cl\/new\/wp-content\/uploads\/2020\/11\/PORTAL-1-1.png","width":1026,"height":100,"caption":"Revista de Agricultura"},"image":{"@id":"https:\/\/www.mundoagropecuario.cl\/new\/#\/schema\/logo\/image\/"},"sameAs":["https:\/\/www.facebook.com\/mundo.agropecuario.3","https:\/\/x.com\/MundoAgropecuar","https:\/\/www.linkedin.com\/in\/mundo-agropecuario-934009201\/"]},{"@type":"Person","@id":"https:\/\/www.mundoagropecuario.cl\/new\/#\/schema\/person\/4e9f74a82a7dac260eb1c44b7eebeb18","name":"mundo","url":"https:\/\/www.mundoagropecuario.cl\/new\/author\/mundo\/"}]}},"_links":{"self":[{"href":"https:\/\/www.mundoagropecuario.cl\/new\/wp-json\/wp\/v2\/posts\/8824","targetHints":{"allow":["GET"]}}],"collection":[{"href":"https:\/\/www.mundoagropecuario.cl\/new\/wp-json\/wp\/v2\/posts"}],"about":[{"href":"https:\/\/www.mundoagropecuario.cl\/new\/wp-json\/wp\/v2\/types\/post"}],"author":[{"embeddable":true,"href":"https:\/\/www.mundoagropecuario.cl\/new\/wp-json\/wp\/v2\/users\/2"}],"replies":[{"embeddable":true,"href":"https:\/\/www.mundoagropecuario.cl\/new\/wp-json\/wp\/v2\/comments?post=8824"}],"version-history":[{"count":1,"href":"https:\/\/www.mundoagropecuario.cl\/new\/wp-json\/wp\/v2\/posts\/8824\/revisions"}],"predecessor-version":[{"id":8825,"href":"https:\/\/www.mundoagropecuario.cl\/new\/wp-json\/wp\/v2\/posts\/8824\/revisions\/8825"}],"wp:featuredmedia":[{"embeddable":true,"href":"https:\/\/www.mundoagropecuario.cl\/new\/wp-json\/wp\/v2\/media\/8193"}],"wp:attachment":[{"href":"https:\/\/www.mundoagropecuario.cl\/new\/wp-json\/wp\/v2\/media?parent=8824"}],"wp:term":[{"taxonomy":"category","embeddable":true,"href":"https:\/\/www.mundoagropecuario.cl\/new\/wp-json\/wp\/v2\/categories?post=8824"},{"taxonomy":"post_tag","embeddable":true,"href":"https:\/\/www.mundoagropecuario.cl\/new\/wp-json\/wp\/v2\/tags?post=8824"}],"curies":[{"name":"wp","href":"https:\/\/api.w.org\/{rel}","templated":true}]}}