{"id":8745,"date":"2018-09-25T09:30:37","date_gmt":"2018-09-25T12:30:37","guid":{"rendered":"http:\/\/www.mundoagropecuario.cl\/new\/?p=8745"},"modified":"2018-09-26T10:29:48","modified_gmt":"2018-09-26T13:29:48","slug":"aproleche-invita-a-participar-del-6o-seminario-de-tendencias-2018","status":"publish","type":"post","link":"https:\/\/www.mundoagropecuario.cl\/new\/aproleche-invita-a-participar-del-6o-seminario-de-tendencias-2018\/","title":{"rendered":"APROLECHE invita a participar del 6\u00ba seminario de tendencias 2018"},"content":{"rendered":"<blockquote><p><em>En el seminario expondr\u00e1n el economista agrario del Ministerio de Econom\u00eda, Industria y Agricultura de Argentina, Jos\u00e9 Quintana; Antonia Biner, co-creadora del \u201cClub del Queso\u201d, y Mario Radrig\u00e1n, director ejecutivo de la Asociaci\u00f3n Nacional de Cooperativas de Chile (Mundo Agropecuario).<\/em><\/p><\/blockquote>\n<p>El jueves 27 de septiembre, la Asociaci\u00f3n Gremial de Productores de Leche de Osorno (Aproleche), realizar\u00e1 en los salones del Hotel Sonesta a contar de las 16:30 horas, su &#8220;6to Seminario de Tendencias, Dificultades y Oportunidades 2018&#8221;. Este evento reunir\u00e1 a destacados charlistas nacionales e internacionales, el cual estar\u00e1 dirigido a productores locales y profesionales del sector, como tambi\u00e9n a gerentes y agentes de empresas de la provincia.<\/p>\n<p>En la ocasi\u00f3n, expondr\u00e1n el economista agrario del Ministerio de Econom\u00eda, Industria y Agricultura de Argentina, Jos\u00e9 Quintana; Antonia Biner, co-creadora del \u201cClub del Queso\u201d, y Mario Radrig\u00e1n, director ejecutivo de la Asociaci\u00f3n Nacional de Cooperativas de Chile, quienes conversaran con los presentes sobre las tendencias en el mercado y las variables nacionales e internacionales, de manera de entregar luces a los productores de c\u00f3mo enfrentar de mejor manera sus negocios.<\/p>\n<p>El director ejecutivo de la Asociaci\u00f3n Nacional de Cooperativas de Chile, Mario Radrig\u00e1n, coment\u00f3 que su ponencia se enfocar\u00e1 en la asociatividad, orientada al sector agroalimentario y l\u00e1cteo, poniendo \u00e9nfasis a algunos factores cr\u00edticos de \u00e9xito y de fracaso de este tipo de iniciativas. &#8220;Hoy la asociatividad debiera transformarse en uno de los elementos centrales para poder competir y mantenerse activo en el mercado. As\u00ed, este seminario nos permitir\u00e1 charlar sobre el modelo asociativo y cooperativo aplicado a la lecher\u00eda, ambos de alta relevancia para el desarrollo del sector l\u00e1cteo&#8221;, apunt\u00f3.<\/p>\n<p>Michel Junod, gerente de Aproleche Osorno, se\u00f1al\u00f3 que \u201cestamos muy orgullosos de concretar por sexto a\u00f1o consecutivo este gran seminario, tan trascendental para la econom\u00eda local. Con esto buscamos que los asistentes se interioricen de lo que est\u00e1 ocurriendo actualmente en el mercado, con el fin de planificar un mejor futuro para nuestro sector\u201d.<\/p>\n<p>\u201cQuisimos traer esta vez las diversas alternativas que los mercados ofrecen, incluso en momentos dif\u00edciles, para los l\u00e1cteos de buena calidad, inocuos y con trazabilidad. Invitamos a toda la comunidad a inscribirse gratuitamente, y participar activamente de este relevante seminario de tendencias\u201d, finaliz\u00f3 el gerente.<\/p>\n","protected":false},"excerpt":{"rendered":"<p>En el seminario expondr\u00e1n el economista agrario del Ministerio de Econom\u00eda, Industria y Agricultura de Argentina, Jos\u00e9 Quintana; Antonia Biner, co-creadora del \u201cClub del Queso\u201d, y Mario Radrig\u00e1n, director ejecutivo&#8230;<\/p>\n","protected":false},"author":2,"featured_media":8747,"comment_status":"closed","ping_status":"closed","sticky":false,"template":"","format":"standard","meta":{"footnotes":""},"categories":[1946],"tags":[2057,2483,2485,2484],"class_list":["post-8745","post","type-post","status-publish","format-standard","has-post-thumbnail","hentry","category-lacteos","tag-aproleche","tag-asociacion-nacional-de-cooperativas-de-chile","tag-gerente-de-aproleche","tag-michel-junod"],"yoast_head":"<!-- This site is optimized with the Yoast SEO plugin v26.6 - https:\/\/yoast.com\/wordpress\/plugins\/seo\/ -->\n<title>APROLECHE invita a participar del 6\u00ba seminario de tendencias 2018 - Mundoagropecuario<\/title>\n<meta name=\"robots\" content=\"index, follow, max-snippet:-1, max-image-preview:large, max-video-preview:-1\" \/>\n<link rel=\"canonical\" href=\"https:\/\/www.mundoagropecuario.cl\/new\/aproleche-invita-a-participar-del-6o-seminario-de-tendencias-2018\/\" \/>\n<meta property=\"og:locale\" content=\"es_ES\" \/>\n<meta property=\"og:type\" content=\"article\" \/>\n<meta property=\"og:title\" content=\"APROLECHE invita a participar del 6\u00ba seminario de tendencias 2018 - Mundoagropecuario\" \/>\n<meta property=\"og:description\" content=\"En el seminario expondr\u00e1n el economista agrario del Ministerio de Econom\u00eda, Industria y Agricultura de Argentina, Jos\u00e9 Quintana; Antonia Biner, co-creadora del \u201cClub del Queso\u201d, y Mario Radrig\u00e1n, director ejecutivo...\" \/>\n<meta property=\"og:url\" content=\"https:\/\/www.mundoagropecuario.cl\/new\/aproleche-invita-a-participar-del-6o-seminario-de-tendencias-2018\/\" \/>\n<meta property=\"og:site_name\" content=\"Mundoagropecuario\" \/>\n<meta property=\"article:publisher\" content=\"https:\/\/www.facebook.com\/mundo.agropecuario.3\" \/>\n<meta property=\"article:published_time\" content=\"2018-09-25T12:30:37+00:00\" \/>\n<meta property=\"article:modified_time\" content=\"2018-09-26T13:29:48+00:00\" \/>\n<meta property=\"og:image\" content=\"https:\/\/www.mundoagropecuario.cl\/new\/wp-content\/uploads\/2018\/09\/APROLECHE.jpg\" \/>\n\t<meta property=\"og:image:width\" content=\"800\" \/>\n\t<meta property=\"og:image:height\" content=\"600\" \/>\n\t<meta property=\"og:image:type\" content=\"image\/jpeg\" \/>\n<meta name=\"author\" content=\"mundo\" \/>\n<meta name=\"twitter:card\" content=\"summary_large_image\" \/>\n<meta name=\"twitter:creator\" content=\"@MundoAgropecuar\" \/>\n<meta name=\"twitter:site\" content=\"@MundoAgropecuar\" \/>\n<meta name=\"twitter:label1\" content=\"Escrito por\" \/>\n\t<meta name=\"twitter:data1\" content=\"mundo\" \/>\n\t<meta name=\"twitter:label2\" content=\"Tiempo de lectura\" \/>\n\t<meta name=\"twitter:data2\" content=\"2 minutos\" \/>\n<script type=\"application\/ld+json\" class=\"yoast-schema-graph\">{\"@context\":\"https:\/\/schema.org\",\"@graph\":[{\"@type\":\"Article\",\"@id\":\"https:\/\/www.mundoagropecuario.cl\/new\/aproleche-invita-a-participar-del-6o-seminario-de-tendencias-2018\/#article\",\"isPartOf\":{\"@id\":\"https:\/\/www.mundoagropecuario.cl\/new\/aproleche-invita-a-participar-del-6o-seminario-de-tendencias-2018\/\"},\"author\":{\"name\":\"mundo\",\"@id\":\"https:\/\/www.mundoagropecuario.cl\/new\/#\/schema\/person\/4e9f74a82a7dac260eb1c44b7eebeb18\"},\"headline\":\"APROLECHE invita a participar del 6\u00ba seminario de tendencias 2018\",\"datePublished\":\"2018-09-25T12:30:37+00:00\",\"dateModified\":\"2018-09-26T13:29:48+00:00\",\"mainEntityOfPage\":{\"@id\":\"https:\/\/www.mundoagropecuario.cl\/new\/aproleche-invita-a-participar-del-6o-seminario-de-tendencias-2018\/\"},\"wordCount\":397,\"publisher\":{\"@id\":\"https:\/\/www.mundoagropecuario.cl\/new\/#organization\"},\"image\":{\"@id\":\"https:\/\/www.mundoagropecuario.cl\/new\/aproleche-invita-a-participar-del-6o-seminario-de-tendencias-2018\/#primaryimage\"},\"thumbnailUrl\":\"https:\/\/www.mundoagropecuario.cl\/new\/wp-content\/uploads\/2018\/09\/APROLECHE.jpg\",\"keywords\":[\"Aproleche\",\"Asociaci\u00f3n Nacional de Cooperativas de Chile\",\"gerente de Aproleche\",\"Michel Junod\"],\"articleSection\":[\"L\u00e1cteos\"],\"inLanguage\":\"es\"},{\"@type\":\"WebPage\",\"@id\":\"https:\/\/www.mundoagropecuario.cl\/new\/aproleche-invita-a-participar-del-6o-seminario-de-tendencias-2018\/\",\"url\":\"https:\/\/www.mundoagropecuario.cl\/new\/aproleche-invita-a-participar-del-6o-seminario-de-tendencias-2018\/\",\"name\":\"APROLECHE invita a participar del 6\u00ba seminario de tendencias 2018 - Mundoagropecuario\",\"isPartOf\":{\"@id\":\"https:\/\/www.mundoagropecuario.cl\/new\/#website\"},\"primaryImageOfPage\":{\"@id\":\"https:\/\/www.mundoagropecuario.cl\/new\/aproleche-invita-a-participar-del-6o-seminario-de-tendencias-2018\/#primaryimage\"},\"image\":{\"@id\":\"https:\/\/www.mundoagropecuario.cl\/new\/aproleche-invita-a-participar-del-6o-seminario-de-tendencias-2018\/#primaryimage\"},\"thumbnailUrl\":\"https:\/\/www.mundoagropecuario.cl\/new\/wp-content\/uploads\/2018\/09\/APROLECHE.jpg\",\"datePublished\":\"2018-09-25T12:30:37+00:00\",\"dateModified\":\"2018-09-26T13:29:48+00:00\",\"breadcrumb\":{\"@id\":\"https:\/\/www.mundoagropecuario.cl\/new\/aproleche-invita-a-participar-del-6o-seminario-de-tendencias-2018\/#breadcrumb\"},\"inLanguage\":\"es\",\"potentialAction\":[{\"@type\":\"ReadAction\",\"target\":[\"https:\/\/www.mundoagropecuario.cl\/new\/aproleche-invita-a-participar-del-6o-seminario-de-tendencias-2018\/\"]}]},{\"@type\":\"ImageObject\",\"inLanguage\":\"es\",\"@id\":\"https:\/\/www.mundoagropecuario.cl\/new\/aproleche-invita-a-participar-del-6o-seminario-de-tendencias-2018\/#primaryimage\",\"url\":\"https:\/\/www.mundoagropecuario.cl\/new\/wp-content\/uploads\/2018\/09\/APROLECHE.jpg\",\"contentUrl\":\"https:\/\/www.mundoagropecuario.cl\/new\/wp-content\/uploads\/2018\/09\/APROLECHE.jpg\",\"width\":533,\"height\":400},{\"@type\":\"BreadcrumbList\",\"@id\":\"https:\/\/www.mundoagropecuario.cl\/new\/aproleche-invita-a-participar-del-6o-seminario-de-tendencias-2018\/#breadcrumb\",\"itemListElement\":[{\"@type\":\"ListItem\",\"position\":1,\"name\":\"Portada\",\"item\":\"https:\/\/www.mundoagropecuario.cl\/new\/\"},{\"@type\":\"ListItem\",\"position\":2,\"name\":\"APROLECHE invita a participar del 6\u00ba seminario de tendencias 2018\"}]},{\"@type\":\"WebSite\",\"@id\":\"https:\/\/www.mundoagropecuario.cl\/new\/#website\",\"url\":\"https:\/\/www.mundoagropecuario.cl\/new\/\",\"name\":\"Mundoagropecuario\",\"description\":\"Mundo Agropecuario\",\"publisher\":{\"@id\":\"https:\/\/www.mundoagropecuario.cl\/new\/#organization\"},\"potentialAction\":[{\"@type\":\"SearchAction\",\"target\":{\"@type\":\"EntryPoint\",\"urlTemplate\":\"https:\/\/www.mundoagropecuario.cl\/new\/?s={search_term_string}\"},\"query-input\":{\"@type\":\"PropertyValueSpecification\",\"valueRequired\":true,\"valueName\":\"search_term_string\"}}],\"inLanguage\":\"es\"},{\"@type\":\"Organization\",\"@id\":\"https:\/\/www.mundoagropecuario.cl\/new\/#organization\",\"name\":\"Revista de Agricultura\",\"url\":\"https:\/\/www.mundoagropecuario.cl\/new\/\",\"logo\":{\"@type\":\"ImageObject\",\"inLanguage\":\"es\",\"@id\":\"https:\/\/www.mundoagropecuario.cl\/new\/#\/schema\/logo\/image\/\",\"url\":\"https:\/\/www.mundoagropecuario.cl\/new\/wp-content\/uploads\/2020\/11\/PORTAL-1-1.png\",\"contentUrl\":\"https:\/\/www.mundoagropecuario.cl\/new\/wp-content\/uploads\/2020\/11\/PORTAL-1-1.png\",\"width\":1026,\"height\":100,\"caption\":\"Revista de Agricultura\"},\"image\":{\"@id\":\"https:\/\/www.mundoagropecuario.cl\/new\/#\/schema\/logo\/image\/\"},\"sameAs\":[\"https:\/\/www.facebook.com\/mundo.agropecuario.3\",\"https:\/\/x.com\/MundoAgropecuar\",\"https:\/\/www.linkedin.com\/in\/mundo-agropecuario-934009201\/\"]},{\"@type\":\"Person\",\"@id\":\"https:\/\/www.mundoagropecuario.cl\/new\/#\/schema\/person\/4e9f74a82a7dac260eb1c44b7eebeb18\",\"name\":\"mundo\",\"url\":\"https:\/\/www.mundoagropecuario.cl\/new\/author\/mundo\/\"}]}<\/script>\n<!-- \/ Yoast SEO plugin. -->","yoast_head_json":{"title":"APROLECHE invita a participar del 6\u00ba seminario de tendencias 2018 - Mundoagropecuario","robots":{"index":"index","follow":"follow","max-snippet":"max-snippet:-1","max-image-preview":"max-image-preview:large","max-video-preview":"max-video-preview:-1"},"canonical":"https:\/\/www.mundoagropecuario.cl\/new\/aproleche-invita-a-participar-del-6o-seminario-de-tendencias-2018\/","og_locale":"es_ES","og_type":"article","og_title":"APROLECHE invita a participar del 6\u00ba seminario de tendencias 2018 - Mundoagropecuario","og_description":"En el seminario expondr\u00e1n el economista agrario del Ministerio de Econom\u00eda, Industria y Agricultura de Argentina, Jos\u00e9 Quintana; Antonia Biner, co-creadora del \u201cClub del Queso\u201d, y Mario Radrig\u00e1n, director ejecutivo...","og_url":"https:\/\/www.mundoagropecuario.cl\/new\/aproleche-invita-a-participar-del-6o-seminario-de-tendencias-2018\/","og_site_name":"Mundoagropecuario","article_publisher":"https:\/\/www.facebook.com\/mundo.agropecuario.3","article_published_time":"2018-09-25T12:30:37+00:00","article_modified_time":"2018-09-26T13:29:48+00:00","og_image":[{"width":800,"height":600,"url":"https:\/\/www.mundoagropecuario.cl\/new\/wp-content\/uploads\/2018\/09\/APROLECHE.jpg","type":"image\/jpeg"}],"author":"mundo","twitter_card":"summary_large_image","twitter_creator":"@MundoAgropecuar","twitter_site":"@MundoAgropecuar","twitter_misc":{"Escrito por":"mundo","Tiempo de lectura":"2 minutos"},"schema":{"@context":"https:\/\/schema.org","@graph":[{"@type":"Article","@id":"https:\/\/www.mundoagropecuario.cl\/new\/aproleche-invita-a-participar-del-6o-seminario-de-tendencias-2018\/#article","isPartOf":{"@id":"https:\/\/www.mundoagropecuario.cl\/new\/aproleche-invita-a-participar-del-6o-seminario-de-tendencias-2018\/"},"author":{"name":"mundo","@id":"https:\/\/www.mundoagropecuario.cl\/new\/#\/schema\/person\/4e9f74a82a7dac260eb1c44b7eebeb18"},"headline":"APROLECHE invita a participar del 6\u00ba seminario de tendencias 2018","datePublished":"2018-09-25T12:30:37+00:00","dateModified":"2018-09-26T13:29:48+00:00","mainEntityOfPage":{"@id":"https:\/\/www.mundoagropecuario.cl\/new\/aproleche-invita-a-participar-del-6o-seminario-de-tendencias-2018\/"},"wordCount":397,"publisher":{"@id":"https:\/\/www.mundoagropecuario.cl\/new\/#organization"},"image":{"@id":"https:\/\/www.mundoagropecuario.cl\/new\/aproleche-invita-a-participar-del-6o-seminario-de-tendencias-2018\/#primaryimage"},"thumbnailUrl":"https:\/\/www.mundoagropecuario.cl\/new\/wp-content\/uploads\/2018\/09\/APROLECHE.jpg","keywords":["Aproleche","Asociaci\u00f3n Nacional de Cooperativas de Chile","gerente de Aproleche","Michel Junod"],"articleSection":["L\u00e1cteos"],"inLanguage":"es"},{"@type":"WebPage","@id":"https:\/\/www.mundoagropecuario.cl\/new\/aproleche-invita-a-participar-del-6o-seminario-de-tendencias-2018\/","url":"https:\/\/www.mundoagropecuario.cl\/new\/aproleche-invita-a-participar-del-6o-seminario-de-tendencias-2018\/","name":"APROLECHE invita a participar del 6\u00ba seminario de tendencias 2018 - Mundoagropecuario","isPartOf":{"@id":"https:\/\/www.mundoagropecuario.cl\/new\/#website"},"primaryImageOfPage":{"@id":"https:\/\/www.mundoagropecuario.cl\/new\/aproleche-invita-a-participar-del-6o-seminario-de-tendencias-2018\/#primaryimage"},"image":{"@id":"https:\/\/www.mundoagropecuario.cl\/new\/aproleche-invita-a-participar-del-6o-seminario-de-tendencias-2018\/#primaryimage"},"thumbnailUrl":"https:\/\/www.mundoagropecuario.cl\/new\/wp-content\/uploads\/2018\/09\/APROLECHE.jpg","datePublished":"2018-09-25T12:30:37+00:00","dateModified":"2018-09-26T13:29:48+00:00","breadcrumb":{"@id":"https:\/\/www.mundoagropecuario.cl\/new\/aproleche-invita-a-participar-del-6o-seminario-de-tendencias-2018\/#breadcrumb"},"inLanguage":"es","potentialAction":[{"@type":"ReadAction","target":["https:\/\/www.mundoagropecuario.cl\/new\/aproleche-invita-a-participar-del-6o-seminario-de-tendencias-2018\/"]}]},{"@type":"ImageObject","inLanguage":"es","@id":"https:\/\/www.mundoagropecuario.cl\/new\/aproleche-invita-a-participar-del-6o-seminario-de-tendencias-2018\/#primaryimage","url":"https:\/\/www.mundoagropecuario.cl\/new\/wp-content\/uploads\/2018\/09\/APROLECHE.jpg","contentUrl":"https:\/\/www.mundoagropecuario.cl\/new\/wp-content\/uploads\/2018\/09\/APROLECHE.jpg","width":533,"height":400},{"@type":"BreadcrumbList","@id":"https:\/\/www.mundoagropecuario.cl\/new\/aproleche-invita-a-participar-del-6o-seminario-de-tendencias-2018\/#breadcrumb","itemListElement":[{"@type":"ListItem","position":1,"name":"Portada","item":"https:\/\/www.mundoagropecuario.cl\/new\/"},{"@type":"ListItem","position":2,"name":"APROLECHE invita a participar del 6\u00ba seminario de tendencias 2018"}]},{"@type":"WebSite","@id":"https:\/\/www.mundoagropecuario.cl\/new\/#website","url":"https:\/\/www.mundoagropecuario.cl\/new\/","name":"Mundoagropecuario","description":"Mundo Agropecuario","publisher":{"@id":"https:\/\/www.mundoagropecuario.cl\/new\/#organization"},"potentialAction":[{"@type":"SearchAction","target":{"@type":"EntryPoint","urlTemplate":"https:\/\/www.mundoagropecuario.cl\/new\/?s={search_term_string}"},"query-input":{"@type":"PropertyValueSpecification","valueRequired":true,"valueName":"search_term_string"}}],"inLanguage":"es"},{"@type":"Organization","@id":"https:\/\/www.mundoagropecuario.cl\/new\/#organization","name":"Revista de Agricultura","url":"https:\/\/www.mundoagropecuario.cl\/new\/","logo":{"@type":"ImageObject","inLanguage":"es","@id":"https:\/\/www.mundoagropecuario.cl\/new\/#\/schema\/logo\/image\/","url":"https:\/\/www.mundoagropecuario.cl\/new\/wp-content\/uploads\/2020\/11\/PORTAL-1-1.png","contentUrl":"https:\/\/www.mundoagropecuario.cl\/new\/wp-content\/uploads\/2020\/11\/PORTAL-1-1.png","width":1026,"height":100,"caption":"Revista de Agricultura"},"image":{"@id":"https:\/\/www.mundoagropecuario.cl\/new\/#\/schema\/logo\/image\/"},"sameAs":["https:\/\/www.facebook.com\/mundo.agropecuario.3","https:\/\/x.com\/MundoAgropecuar","https:\/\/www.linkedin.com\/in\/mundo-agropecuario-934009201\/"]},{"@type":"Person","@id":"https:\/\/www.mundoagropecuario.cl\/new\/#\/schema\/person\/4e9f74a82a7dac260eb1c44b7eebeb18","name":"mundo","url":"https:\/\/www.mundoagropecuario.cl\/new\/author\/mundo\/"}]}},"_links":{"self":[{"href":"https:\/\/www.mundoagropecuario.cl\/new\/wp-json\/wp\/v2\/posts\/8745","targetHints":{"allow":["GET"]}}],"collection":[{"href":"https:\/\/www.mundoagropecuario.cl\/new\/wp-json\/wp\/v2\/posts"}],"about":[{"href":"https:\/\/www.mundoagropecuario.cl\/new\/wp-json\/wp\/v2\/types\/post"}],"author":[{"embeddable":true,"href":"https:\/\/www.mundoagropecuario.cl\/new\/wp-json\/wp\/v2\/users\/2"}],"replies":[{"embeddable":true,"href":"https:\/\/www.mundoagropecuario.cl\/new\/wp-json\/wp\/v2\/comments?post=8745"}],"version-history":[{"count":1,"href":"https:\/\/www.mundoagropecuario.cl\/new\/wp-json\/wp\/v2\/posts\/8745\/revisions"}],"predecessor-version":[{"id":8755,"href":"https:\/\/www.mundoagropecuario.cl\/new\/wp-json\/wp\/v2\/posts\/8745\/revisions\/8755"}],"wp:featuredmedia":[{"embeddable":true,"href":"https:\/\/www.mundoagropecuario.cl\/new\/wp-json\/wp\/v2\/media\/8747"}],"wp:attachment":[{"href":"https:\/\/www.mundoagropecuario.cl\/new\/wp-json\/wp\/v2\/media?parent=8745"}],"wp:term":[{"taxonomy":"category","embeddable":true,"href":"https:\/\/www.mundoagropecuario.cl\/new\/wp-json\/wp\/v2\/categories?post=8745"},{"taxonomy":"post_tag","embeddable":true,"href":"https:\/\/www.mundoagropecuario.cl\/new\/wp-json\/wp\/v2\/tags?post=8745"}],"curies":[{"name":"wp","href":"https:\/\/api.w.org\/{rel}","templated":true}]}}