{"id":8634,"date":"2018-09-12T09:45:06","date_gmt":"2018-09-12T12:45:06","guid":{"rendered":"http:\/\/www.mundoagropecuario.cl\/new\/?p=8634"},"modified":"2018-09-13T10:33:33","modified_gmt":"2018-09-13T13:33:33","slug":"lecheras-se-vieron-las-caras-en-debate-por-ley-de-etiquetado","status":"publish","type":"post","link":"https:\/\/www.mundoagropecuario.cl\/new\/lecheras-se-vieron-las-caras-en-debate-por-ley-de-etiquetado\/","title":{"rendered":"Lecheras se vieron las caras en debate por ley de etiquetado"},"content":{"rendered":"<blockquote><p><em>La comisi\u00f3n de Agricultura del Senado invit\u00f3 a las empresas l\u00e1cteas con el objetivo de aportar la visi\u00f3n de la industria en la tramitaci\u00f3n del proyecto de ley de etiquetado de la leche (Pulsi.cl).<\/em><\/p><\/blockquote>\n<p>La iniciativa pone \u00e9nfasis en el rotulado de los envases, indicando origen y tipo de leche en la parte frontal, junto a la marca. Esto \u00faltimo es lo que inquieta tanto a Nestl\u00e9 como al Consorcio Lechero, dado que consideran que el t\u00e9rmino reconstituido tiene una connotaci\u00f3n negativa por parte de los consumidores, que hace dudar del aporte nutricional del producto, aunque en la pr\u00e1ctica son lo mismo, enfatizaron.<\/p>\n<p>Al respecto, la gerente de productos l\u00e1cteos y culinarios de Nestl\u00e9, Ximena Corbo, se\u00f1al\u00f3 que \u201csi se va a poner al lado de la marca, vas a estar agregando un valor que es positivo o negativo a la marca. Eso nos parece un poco peligroso\u201d.<\/p>\n<p>Corbo explic\u00f3 que \u201cel proceso t\u00e9cnico descrito no afecta la condici\u00f3n de leche natural en su origen ni la calidad de los productos finales (\u2026). La leche es leche y a toda la cadena le interesa que ojal\u00e1 se consuma la mayor cantidad de l\u00e1cteos en todas sus formas en el pa\u00eds, eso es bueno para todos\u201d.<\/p>\n<p>En la misma l\u00ednea, el gerente de Consorcio Lechero, Octavio Oltra, agreg\u00f3 que \u201csi queremos estimular el consumo de chilenos, hay que colocar el nombre Chile y, si no, que es importado. Ponerlo al frente podr\u00eda ser contraproducente. No sabemos c\u00f3mo reaccionar\u00eda el consumidor, no hay estudios\u201d.<\/p>\n<p>Tambi\u00e9n hizo referencia a las llamadas leches vegetales, precisando que dicho nombre puede inducir a enga\u00f1o al consumidor por lo tanto es necesario precisar que se trata de bebidas vegetales y no leches, desde la definici\u00f3n sanitaria.<\/p>\n<p>En la vereda contraria se encuentra Colun, quien en su presentaci\u00f3n se\u00f1al\u00f3 que la compa\u00f1\u00eda valora la iniciativa y \u201cadhiere al esp\u00edritu, los fundamentos y los objetivos planteados, dado que aporta transparencia y trazabilidad, adem\u00e1s de actualizar al pa\u00eds en materia normativa\u201d.<\/p>\n<p>Adem\u00e1s, sugirieron que el rotulado sea extensivo a todos los productos l\u00e1cteos, indic\u00f3 la gerente de Desarrollo e Innovaci\u00f3n de Colun, Tatiana Silva.<\/p>\n","protected":false},"excerpt":{"rendered":"<p>La comisi\u00f3n de Agricultura del Senado invit\u00f3 a las empresas l\u00e1cteas con el objetivo de aportar la visi\u00f3n de la industria en la tramitaci\u00f3n del proyecto de ley de etiquetado&#8230;<\/p>\n","protected":false},"author":2,"featured_media":8643,"comment_status":"closed","ping_status":"closed","sticky":false,"template":"","format":"standard","meta":{"footnotes":""},"categories":[1946],"tags":[2034,2432,2428,2431,2433,2430,2429],"class_list":["post-8634","post","type-post","status-publish","format-standard","has-post-thumbnail","hentry","category-lacteos","tag-colun","tag-gerente-de-consorcio-lechero","tag-lacteos-y-culinarios-de-nestle","tag-lecheras-se-vieron-las-caras-en-debate-por-ley-de-etiquetado","tag-octavio-oltra","tag-tatiana-silva","tag-ximena-corbo"],"yoast_head":"<!-- This site is optimized with the Yoast SEO plugin v26.6 - https:\/\/yoast.com\/wordpress\/plugins\/seo\/ -->\n<title>Lecheras se vieron las caras en debate por ley de etiquetado - Mundoagropecuario<\/title>\n<meta name=\"robots\" content=\"index, follow, max-snippet:-1, max-image-preview:large, max-video-preview:-1\" \/>\n<link rel=\"canonical\" href=\"https:\/\/www.mundoagropecuario.cl\/new\/lecheras-se-vieron-las-caras-en-debate-por-ley-de-etiquetado\/\" \/>\n<meta property=\"og:locale\" content=\"es_ES\" \/>\n<meta property=\"og:type\" content=\"article\" \/>\n<meta property=\"og:title\" content=\"Lecheras se vieron las caras en debate por ley de etiquetado - Mundoagropecuario\" \/>\n<meta property=\"og:description\" content=\"La comisi\u00f3n de Agricultura del Senado invit\u00f3 a las empresas l\u00e1cteas con el objetivo de aportar la visi\u00f3n de la industria en la tramitaci\u00f3n del proyecto de ley de etiquetado...\" \/>\n<meta property=\"og:url\" content=\"https:\/\/www.mundoagropecuario.cl\/new\/lecheras-se-vieron-las-caras-en-debate-por-ley-de-etiquetado\/\" \/>\n<meta property=\"og:site_name\" content=\"Mundoagropecuario\" \/>\n<meta property=\"article:publisher\" content=\"https:\/\/www.facebook.com\/mundo.agropecuario.3\" \/>\n<meta property=\"article:published_time\" content=\"2018-09-12T12:45:06+00:00\" \/>\n<meta property=\"article:modified_time\" content=\"2018-09-13T13:33:33+00:00\" \/>\n<meta property=\"og:image\" content=\"https:\/\/www.mundoagropecuario.cl\/new\/wp-content\/uploads\/2018\/09\/Lecheros.jpg\" \/>\n\t<meta property=\"og:image:width\" content=\"900\" \/>\n\t<meta property=\"og:image:height\" content=\"600\" \/>\n\t<meta property=\"og:image:type\" content=\"image\/jpeg\" \/>\n<meta name=\"author\" content=\"mundo\" \/>\n<meta name=\"twitter:card\" content=\"summary_large_image\" \/>\n<meta name=\"twitter:creator\" content=\"@MundoAgropecuar\" \/>\n<meta name=\"twitter:site\" content=\"@MundoAgropecuar\" \/>\n<meta name=\"twitter:label1\" content=\"Escrito por\" \/>\n\t<meta name=\"twitter:data1\" content=\"mundo\" \/>\n\t<meta name=\"twitter:label2\" content=\"Tiempo de lectura\" \/>\n\t<meta name=\"twitter:data2\" content=\"2 minutos\" \/>\n<script type=\"application\/ld+json\" class=\"yoast-schema-graph\">{\"@context\":\"https:\/\/schema.org\",\"@graph\":[{\"@type\":\"Article\",\"@id\":\"https:\/\/www.mundoagropecuario.cl\/new\/lecheras-se-vieron-las-caras-en-debate-por-ley-de-etiquetado\/#article\",\"isPartOf\":{\"@id\":\"https:\/\/www.mundoagropecuario.cl\/new\/lecheras-se-vieron-las-caras-en-debate-por-ley-de-etiquetado\/\"},\"author\":{\"name\":\"mundo\",\"@id\":\"https:\/\/www.mundoagropecuario.cl\/new\/#\/schema\/person\/4e9f74a82a7dac260eb1c44b7eebeb18\"},\"headline\":\"Lecheras se vieron las caras en debate por ley de etiquetado\",\"datePublished\":\"2018-09-12T12:45:06+00:00\",\"dateModified\":\"2018-09-13T13:33:33+00:00\",\"mainEntityOfPage\":{\"@id\":\"https:\/\/www.mundoagropecuario.cl\/new\/lecheras-se-vieron-las-caras-en-debate-por-ley-de-etiquetado\/\"},\"wordCount\":394,\"publisher\":{\"@id\":\"https:\/\/www.mundoagropecuario.cl\/new\/#organization\"},\"image\":{\"@id\":\"https:\/\/www.mundoagropecuario.cl\/new\/lecheras-se-vieron-las-caras-en-debate-por-ley-de-etiquetado\/#primaryimage\"},\"thumbnailUrl\":\"https:\/\/www.mundoagropecuario.cl\/new\/wp-content\/uploads\/2018\/09\/Lecheros.jpg\",\"keywords\":[\"Colun\",\"gerente de Consorcio Lechero\",\"l\u00e1cteos y culinarios de Nestl\u00e9\",\"Lecheras se vieron las caras en debate por ley de etiquetado\",\"Octavio Oltra\",\"Tatiana Silva\",\"Ximena Corbo\"],\"articleSection\":[\"L\u00e1cteos\"],\"inLanguage\":\"es\"},{\"@type\":\"WebPage\",\"@id\":\"https:\/\/www.mundoagropecuario.cl\/new\/lecheras-se-vieron-las-caras-en-debate-por-ley-de-etiquetado\/\",\"url\":\"https:\/\/www.mundoagropecuario.cl\/new\/lecheras-se-vieron-las-caras-en-debate-por-ley-de-etiquetado\/\",\"name\":\"Lecheras se vieron las caras en debate por ley de etiquetado - Mundoagropecuario\",\"isPartOf\":{\"@id\":\"https:\/\/www.mundoagropecuario.cl\/new\/#website\"},\"primaryImageOfPage\":{\"@id\":\"https:\/\/www.mundoagropecuario.cl\/new\/lecheras-se-vieron-las-caras-en-debate-por-ley-de-etiquetado\/#primaryimage\"},\"image\":{\"@id\":\"https:\/\/www.mundoagropecuario.cl\/new\/lecheras-se-vieron-las-caras-en-debate-por-ley-de-etiquetado\/#primaryimage\"},\"thumbnailUrl\":\"https:\/\/www.mundoagropecuario.cl\/new\/wp-content\/uploads\/2018\/09\/Lecheros.jpg\",\"datePublished\":\"2018-09-12T12:45:06+00:00\",\"dateModified\":\"2018-09-13T13:33:33+00:00\",\"breadcrumb\":{\"@id\":\"https:\/\/www.mundoagropecuario.cl\/new\/lecheras-se-vieron-las-caras-en-debate-por-ley-de-etiquetado\/#breadcrumb\"},\"inLanguage\":\"es\",\"potentialAction\":[{\"@type\":\"ReadAction\",\"target\":[\"https:\/\/www.mundoagropecuario.cl\/new\/lecheras-se-vieron-las-caras-en-debate-por-ley-de-etiquetado\/\"]}]},{\"@type\":\"ImageObject\",\"inLanguage\":\"es\",\"@id\":\"https:\/\/www.mundoagropecuario.cl\/new\/lecheras-se-vieron-las-caras-en-debate-por-ley-de-etiquetado\/#primaryimage\",\"url\":\"https:\/\/www.mundoagropecuario.cl\/new\/wp-content\/uploads\/2018\/09\/Lecheros.jpg\",\"contentUrl\":\"https:\/\/www.mundoagropecuario.cl\/new\/wp-content\/uploads\/2018\/09\/Lecheros.jpg\",\"width\":600,\"height\":400},{\"@type\":\"BreadcrumbList\",\"@id\":\"https:\/\/www.mundoagropecuario.cl\/new\/lecheras-se-vieron-las-caras-en-debate-por-ley-de-etiquetado\/#breadcrumb\",\"itemListElement\":[{\"@type\":\"ListItem\",\"position\":1,\"name\":\"Portada\",\"item\":\"https:\/\/www.mundoagropecuario.cl\/new\/\"},{\"@type\":\"ListItem\",\"position\":2,\"name\":\"Lecheras se vieron las caras en debate por ley de etiquetado\"}]},{\"@type\":\"WebSite\",\"@id\":\"https:\/\/www.mundoagropecuario.cl\/new\/#website\",\"url\":\"https:\/\/www.mundoagropecuario.cl\/new\/\",\"name\":\"Mundoagropecuario\",\"description\":\"Mundo Agropecuario\",\"publisher\":{\"@id\":\"https:\/\/www.mundoagropecuario.cl\/new\/#organization\"},\"potentialAction\":[{\"@type\":\"SearchAction\",\"target\":{\"@type\":\"EntryPoint\",\"urlTemplate\":\"https:\/\/www.mundoagropecuario.cl\/new\/?s={search_term_string}\"},\"query-input\":{\"@type\":\"PropertyValueSpecification\",\"valueRequired\":true,\"valueName\":\"search_term_string\"}}],\"inLanguage\":\"es\"},{\"@type\":\"Organization\",\"@id\":\"https:\/\/www.mundoagropecuario.cl\/new\/#organization\",\"name\":\"Revista de Agricultura\",\"url\":\"https:\/\/www.mundoagropecuario.cl\/new\/\",\"logo\":{\"@type\":\"ImageObject\",\"inLanguage\":\"es\",\"@id\":\"https:\/\/www.mundoagropecuario.cl\/new\/#\/schema\/logo\/image\/\",\"url\":\"https:\/\/www.mundoagropecuario.cl\/new\/wp-content\/uploads\/2020\/11\/PORTAL-1-1.png\",\"contentUrl\":\"https:\/\/www.mundoagropecuario.cl\/new\/wp-content\/uploads\/2020\/11\/PORTAL-1-1.png\",\"width\":1026,\"height\":100,\"caption\":\"Revista de Agricultura\"},\"image\":{\"@id\":\"https:\/\/www.mundoagropecuario.cl\/new\/#\/schema\/logo\/image\/\"},\"sameAs\":[\"https:\/\/www.facebook.com\/mundo.agropecuario.3\",\"https:\/\/x.com\/MundoAgropecuar\",\"https:\/\/www.linkedin.com\/in\/mundo-agropecuario-934009201\/\"]},{\"@type\":\"Person\",\"@id\":\"https:\/\/www.mundoagropecuario.cl\/new\/#\/schema\/person\/4e9f74a82a7dac260eb1c44b7eebeb18\",\"name\":\"mundo\",\"url\":\"https:\/\/www.mundoagropecuario.cl\/new\/author\/mundo\/\"}]}<\/script>\n<!-- \/ Yoast SEO plugin. -->","yoast_head_json":{"title":"Lecheras se vieron las caras en debate por ley de etiquetado - Mundoagropecuario","robots":{"index":"index","follow":"follow","max-snippet":"max-snippet:-1","max-image-preview":"max-image-preview:large","max-video-preview":"max-video-preview:-1"},"canonical":"https:\/\/www.mundoagropecuario.cl\/new\/lecheras-se-vieron-las-caras-en-debate-por-ley-de-etiquetado\/","og_locale":"es_ES","og_type":"article","og_title":"Lecheras se vieron las caras en debate por ley de etiquetado - Mundoagropecuario","og_description":"La comisi\u00f3n de Agricultura del Senado invit\u00f3 a las empresas l\u00e1cteas con el objetivo de aportar la visi\u00f3n de la industria en la tramitaci\u00f3n del proyecto de ley de etiquetado...","og_url":"https:\/\/www.mundoagropecuario.cl\/new\/lecheras-se-vieron-las-caras-en-debate-por-ley-de-etiquetado\/","og_site_name":"Mundoagropecuario","article_publisher":"https:\/\/www.facebook.com\/mundo.agropecuario.3","article_published_time":"2018-09-12T12:45:06+00:00","article_modified_time":"2018-09-13T13:33:33+00:00","og_image":[{"width":900,"height":600,"url":"https:\/\/www.mundoagropecuario.cl\/new\/wp-content\/uploads\/2018\/09\/Lecheros.jpg","type":"image\/jpeg"}],"author":"mundo","twitter_card":"summary_large_image","twitter_creator":"@MundoAgropecuar","twitter_site":"@MundoAgropecuar","twitter_misc":{"Escrito por":"mundo","Tiempo de lectura":"2 minutos"},"schema":{"@context":"https:\/\/schema.org","@graph":[{"@type":"Article","@id":"https:\/\/www.mundoagropecuario.cl\/new\/lecheras-se-vieron-las-caras-en-debate-por-ley-de-etiquetado\/#article","isPartOf":{"@id":"https:\/\/www.mundoagropecuario.cl\/new\/lecheras-se-vieron-las-caras-en-debate-por-ley-de-etiquetado\/"},"author":{"name":"mundo","@id":"https:\/\/www.mundoagropecuario.cl\/new\/#\/schema\/person\/4e9f74a82a7dac260eb1c44b7eebeb18"},"headline":"Lecheras se vieron las caras en debate por ley de etiquetado","datePublished":"2018-09-12T12:45:06+00:00","dateModified":"2018-09-13T13:33:33+00:00","mainEntityOfPage":{"@id":"https:\/\/www.mundoagropecuario.cl\/new\/lecheras-se-vieron-las-caras-en-debate-por-ley-de-etiquetado\/"},"wordCount":394,"publisher":{"@id":"https:\/\/www.mundoagropecuario.cl\/new\/#organization"},"image":{"@id":"https:\/\/www.mundoagropecuario.cl\/new\/lecheras-se-vieron-las-caras-en-debate-por-ley-de-etiquetado\/#primaryimage"},"thumbnailUrl":"https:\/\/www.mundoagropecuario.cl\/new\/wp-content\/uploads\/2018\/09\/Lecheros.jpg","keywords":["Colun","gerente de Consorcio Lechero","l\u00e1cteos y culinarios de Nestl\u00e9","Lecheras se vieron las caras en debate por ley de etiquetado","Octavio Oltra","Tatiana Silva","Ximena Corbo"],"articleSection":["L\u00e1cteos"],"inLanguage":"es"},{"@type":"WebPage","@id":"https:\/\/www.mundoagropecuario.cl\/new\/lecheras-se-vieron-las-caras-en-debate-por-ley-de-etiquetado\/","url":"https:\/\/www.mundoagropecuario.cl\/new\/lecheras-se-vieron-las-caras-en-debate-por-ley-de-etiquetado\/","name":"Lecheras se vieron las caras en debate por ley de etiquetado - Mundoagropecuario","isPartOf":{"@id":"https:\/\/www.mundoagropecuario.cl\/new\/#website"},"primaryImageOfPage":{"@id":"https:\/\/www.mundoagropecuario.cl\/new\/lecheras-se-vieron-las-caras-en-debate-por-ley-de-etiquetado\/#primaryimage"},"image":{"@id":"https:\/\/www.mundoagropecuario.cl\/new\/lecheras-se-vieron-las-caras-en-debate-por-ley-de-etiquetado\/#primaryimage"},"thumbnailUrl":"https:\/\/www.mundoagropecuario.cl\/new\/wp-content\/uploads\/2018\/09\/Lecheros.jpg","datePublished":"2018-09-12T12:45:06+00:00","dateModified":"2018-09-13T13:33:33+00:00","breadcrumb":{"@id":"https:\/\/www.mundoagropecuario.cl\/new\/lecheras-se-vieron-las-caras-en-debate-por-ley-de-etiquetado\/#breadcrumb"},"inLanguage":"es","potentialAction":[{"@type":"ReadAction","target":["https:\/\/www.mundoagropecuario.cl\/new\/lecheras-se-vieron-las-caras-en-debate-por-ley-de-etiquetado\/"]}]},{"@type":"ImageObject","inLanguage":"es","@id":"https:\/\/www.mundoagropecuario.cl\/new\/lecheras-se-vieron-las-caras-en-debate-por-ley-de-etiquetado\/#primaryimage","url":"https:\/\/www.mundoagropecuario.cl\/new\/wp-content\/uploads\/2018\/09\/Lecheros.jpg","contentUrl":"https:\/\/www.mundoagropecuario.cl\/new\/wp-content\/uploads\/2018\/09\/Lecheros.jpg","width":600,"height":400},{"@type":"BreadcrumbList","@id":"https:\/\/www.mundoagropecuario.cl\/new\/lecheras-se-vieron-las-caras-en-debate-por-ley-de-etiquetado\/#breadcrumb","itemListElement":[{"@type":"ListItem","position":1,"name":"Portada","item":"https:\/\/www.mundoagropecuario.cl\/new\/"},{"@type":"ListItem","position":2,"name":"Lecheras se vieron las caras en debate por ley de etiquetado"}]},{"@type":"WebSite","@id":"https:\/\/www.mundoagropecuario.cl\/new\/#website","url":"https:\/\/www.mundoagropecuario.cl\/new\/","name":"Mundoagropecuario","description":"Mundo Agropecuario","publisher":{"@id":"https:\/\/www.mundoagropecuario.cl\/new\/#organization"},"potentialAction":[{"@type":"SearchAction","target":{"@type":"EntryPoint","urlTemplate":"https:\/\/www.mundoagropecuario.cl\/new\/?s={search_term_string}"},"query-input":{"@type":"PropertyValueSpecification","valueRequired":true,"valueName":"search_term_string"}}],"inLanguage":"es"},{"@type":"Organization","@id":"https:\/\/www.mundoagropecuario.cl\/new\/#organization","name":"Revista de Agricultura","url":"https:\/\/www.mundoagropecuario.cl\/new\/","logo":{"@type":"ImageObject","inLanguage":"es","@id":"https:\/\/www.mundoagropecuario.cl\/new\/#\/schema\/logo\/image\/","url":"https:\/\/www.mundoagropecuario.cl\/new\/wp-content\/uploads\/2020\/11\/PORTAL-1-1.png","contentUrl":"https:\/\/www.mundoagropecuario.cl\/new\/wp-content\/uploads\/2020\/11\/PORTAL-1-1.png","width":1026,"height":100,"caption":"Revista de Agricultura"},"image":{"@id":"https:\/\/www.mundoagropecuario.cl\/new\/#\/schema\/logo\/image\/"},"sameAs":["https:\/\/www.facebook.com\/mundo.agropecuario.3","https:\/\/x.com\/MundoAgropecuar","https:\/\/www.linkedin.com\/in\/mundo-agropecuario-934009201\/"]},{"@type":"Person","@id":"https:\/\/www.mundoagropecuario.cl\/new\/#\/schema\/person\/4e9f74a82a7dac260eb1c44b7eebeb18","name":"mundo","url":"https:\/\/www.mundoagropecuario.cl\/new\/author\/mundo\/"}]}},"_links":{"self":[{"href":"https:\/\/www.mundoagropecuario.cl\/new\/wp-json\/wp\/v2\/posts\/8634","targetHints":{"allow":["GET"]}}],"collection":[{"href":"https:\/\/www.mundoagropecuario.cl\/new\/wp-json\/wp\/v2\/posts"}],"about":[{"href":"https:\/\/www.mundoagropecuario.cl\/new\/wp-json\/wp\/v2\/types\/post"}],"author":[{"embeddable":true,"href":"https:\/\/www.mundoagropecuario.cl\/new\/wp-json\/wp\/v2\/users\/2"}],"replies":[{"embeddable":true,"href":"https:\/\/www.mundoagropecuario.cl\/new\/wp-json\/wp\/v2\/comments?post=8634"}],"version-history":[{"count":1,"href":"https:\/\/www.mundoagropecuario.cl\/new\/wp-json\/wp\/v2\/posts\/8634\/revisions"}],"predecessor-version":[{"id":8649,"href":"https:\/\/www.mundoagropecuario.cl\/new\/wp-json\/wp\/v2\/posts\/8634\/revisions\/8649"}],"wp:featuredmedia":[{"embeddable":true,"href":"https:\/\/www.mundoagropecuario.cl\/new\/wp-json\/wp\/v2\/media\/8643"}],"wp:attachment":[{"href":"https:\/\/www.mundoagropecuario.cl\/new\/wp-json\/wp\/v2\/media?parent=8634"}],"wp:term":[{"taxonomy":"category","embeddable":true,"href":"https:\/\/www.mundoagropecuario.cl\/new\/wp-json\/wp\/v2\/categories?post=8634"},{"taxonomy":"post_tag","embeddable":true,"href":"https:\/\/www.mundoagropecuario.cl\/new\/wp-json\/wp\/v2\/tags?post=8634"}],"curies":[{"name":"wp","href":"https:\/\/api.w.org\/{rel}","templated":true}]}}