{"id":8501,"date":"2018-09-05T08:00:46","date_gmt":"2018-09-05T11:00:46","guid":{"rendered":"http:\/\/www.mundoagropecuario.cl\/new\/?p=8501"},"modified":"2018-09-05T08:01:34","modified_gmt":"2018-09-05T11:01:34","slug":"nuevo-tractor-ayudara-a-impulsar-la-actividad-lechera-y-trabajo-de-parcelas-de-punta-arenas","status":"publish","type":"post","link":"https:\/\/www.mundoagropecuario.cl\/new\/nuevo-tractor-ayudara-a-impulsar-la-actividad-lechera-y-trabajo-de-parcelas-de-punta-arenas\/","title":{"rendered":"Nuevo tractor ayudar\u00e1 a impulsar la actividad lechera y trabajo de parcelas de Punta Arenas"},"content":{"rendered":"<blockquote><p><em>El rotovator cal\u00f3 hondo en el suelo mientras el motor rug\u00eda en medio de la pampa magall\u00e1nica. Ni la escarcha ni la nieve fueron impedimento para que el agricultor Patricio Silva estrenara su nuevo tractor Europard de 90 HP. En pocos minutos prepar\u00f3 un campo para la siembra, a la vista de las autoridades. Incluso el seremi de Agricultura, Jos\u00e9 Fern\u00e1ndez, se anim\u00f3 y ayud\u00f3 con las faenas. (Indap)<\/em>.<\/p><\/blockquote>\n<p>\u201cCon esta m\u00e1quina prepararemos el suelo para cosechar alfalfa y dar alimento fresco a nuestros vacunos, adem\u00e1s de prestar servicio a los vecinos del sector\u201d, dijo Silva. El desaf\u00edo mayor es activar la actividad lechera como anta\u00f1o, cuando las lecher\u00edas estaban desperdigadas por todos los sectores de la regi\u00f3n, con reparto a domicilio y entregas que llegaban hasta los 5.000 litros diarios.<\/p>\n<p>El tractor que comenz\u00f3 a operar en la parcela de Silva tuvo un costo cercano a los 19 millones de pesos y se suma a otros cinco entregados en la regi\u00f3n en lo que va del convenio suscrito entre Indap y el Gobierno Regional (GORE) de Magallanes, iniciativa que ha significado un incremento de 3 mil 90 millones de pesos para la Agricultura Familiar Campesina entre 2017 y 2018.<\/p>\n<p>\u201cEs relevante la entrega porque forma parte de los pilares y la pol\u00edtica del Ministerio de Agricultura. A Patricio le va a cambiar su modo de producir. As\u00ed vamos mejorando la calidad de vida de nuestros agricultores. Este esfuerzo tambi\u00e9n es parte del Gobierno Regional, al que agradecemos su apoyo\u201d, precis\u00f3 el seremi Jos\u00e9 Fern\u00e1ndez.<\/p>\n<p>Por su lado, Petar Bradasic, director regional (s) de Indap, valor\u00f3 el entusiasmo de los productores por mejorar sus condiciones y participar de los programas que ofrece el gobierno.<\/p>\n","protected":false},"excerpt":{"rendered":"<p>El rotovator cal\u00f3 hondo en el suelo mientras el motor rug\u00eda en medio de la pampa magall\u00e1nica. Ni la escarcha ni la nieve fueron impedimento para que el agricultor Patricio&#8230;<\/p>\n","protected":false},"author":3,"featured_media":8502,"comment_status":"closed","ping_status":"closed","sticky":false,"template":"","format":"standard","meta":{"footnotes":""},"categories":[1987],"tags":[1992,1009,469],"class_list":["post-8501","post","type-post","status-publish","format-standard","has-post-thumbnail","hentry","category-instituciones","tag-indap","tag-punta-arenas","tag-region-de-magallanes"],"yoast_head":"<!-- This site is optimized with the Yoast SEO plugin v26.6 - https:\/\/yoast.com\/wordpress\/plugins\/seo\/ -->\n<title>Nuevo tractor ayudar\u00e1 a impulsar la actividad lechera y trabajo de parcelas de Punta Arenas - Mundoagropecuario<\/title>\n<meta name=\"robots\" content=\"index, follow, max-snippet:-1, max-image-preview:large, max-video-preview:-1\" \/>\n<link rel=\"canonical\" href=\"https:\/\/www.mundoagropecuario.cl\/new\/nuevo-tractor-ayudara-a-impulsar-la-actividad-lechera-y-trabajo-de-parcelas-de-punta-arenas\/\" \/>\n<meta property=\"og:locale\" content=\"es_ES\" \/>\n<meta property=\"og:type\" content=\"article\" \/>\n<meta property=\"og:title\" content=\"Nuevo tractor ayudar\u00e1 a impulsar la actividad lechera y trabajo de parcelas de Punta Arenas - Mundoagropecuario\" \/>\n<meta property=\"og:description\" content=\"El rotovator cal\u00f3 hondo en el suelo mientras el motor rug\u00eda en medio de la pampa magall\u00e1nica. Ni la escarcha ni la nieve fueron impedimento para que el agricultor Patricio...\" \/>\n<meta property=\"og:url\" content=\"https:\/\/www.mundoagropecuario.cl\/new\/nuevo-tractor-ayudara-a-impulsar-la-actividad-lechera-y-trabajo-de-parcelas-de-punta-arenas\/\" \/>\n<meta property=\"og:site_name\" content=\"Mundoagropecuario\" \/>\n<meta property=\"article:publisher\" content=\"https:\/\/www.facebook.com\/mundo.agropecuario.3\" \/>\n<meta property=\"article:published_time\" content=\"2018-09-05T11:00:46+00:00\" \/>\n<meta property=\"article:modified_time\" content=\"2018-09-05T11:01:34+00:00\" \/>\n<meta property=\"og:image\" content=\"https:\/\/www.mundoagropecuario.cl\/new\/wp-content\/uploads\/2018\/09\/patricio-silva-con-tractor-europard-punta-arenas.jpg\" \/>\n\t<meta property=\"og:image:width\" content=\"900\" \/>\n\t<meta property=\"og:image:height\" content=\"643\" \/>\n\t<meta property=\"og:image:type\" content=\"image\/jpeg\" \/>\n<meta name=\"author\" content=\"periodista\" \/>\n<meta name=\"twitter:card\" content=\"summary_large_image\" \/>\n<meta name=\"twitter:creator\" content=\"@MundoAgropecuar\" \/>\n<meta name=\"twitter:site\" content=\"@MundoAgropecuar\" \/>\n<meta name=\"twitter:label1\" content=\"Escrito por\" \/>\n\t<meta name=\"twitter:data1\" content=\"periodista\" \/>\n\t<meta name=\"twitter:label2\" content=\"Tiempo de lectura\" \/>\n\t<meta name=\"twitter:data2\" content=\"1 minuto\" \/>\n<script type=\"application\/ld+json\" class=\"yoast-schema-graph\">{\"@context\":\"https:\/\/schema.org\",\"@graph\":[{\"@type\":\"Article\",\"@id\":\"https:\/\/www.mundoagropecuario.cl\/new\/nuevo-tractor-ayudara-a-impulsar-la-actividad-lechera-y-trabajo-de-parcelas-de-punta-arenas\/#article\",\"isPartOf\":{\"@id\":\"https:\/\/www.mundoagropecuario.cl\/new\/nuevo-tractor-ayudara-a-impulsar-la-actividad-lechera-y-trabajo-de-parcelas-de-punta-arenas\/\"},\"author\":{\"name\":\"periodista\",\"@id\":\"https:\/\/www.mundoagropecuario.cl\/new\/#\/schema\/person\/0c221050801c74e45256a7a9a1ff0803\"},\"headline\":\"Nuevo tractor ayudar\u00e1 a impulsar la actividad lechera y trabajo de parcelas de Punta Arenas\",\"datePublished\":\"2018-09-05T11:00:46+00:00\",\"dateModified\":\"2018-09-05T11:01:34+00:00\",\"mainEntityOfPage\":{\"@id\":\"https:\/\/www.mundoagropecuario.cl\/new\/nuevo-tractor-ayudara-a-impulsar-la-actividad-lechera-y-trabajo-de-parcelas-de-punta-arenas\/\"},\"wordCount\":305,\"publisher\":{\"@id\":\"https:\/\/www.mundoagropecuario.cl\/new\/#organization\"},\"image\":{\"@id\":\"https:\/\/www.mundoagropecuario.cl\/new\/nuevo-tractor-ayudara-a-impulsar-la-actividad-lechera-y-trabajo-de-parcelas-de-punta-arenas\/#primaryimage\"},\"thumbnailUrl\":\"https:\/\/www.mundoagropecuario.cl\/new\/wp-content\/uploads\/2018\/09\/patricio-silva-con-tractor-europard-punta-arenas.jpg\",\"keywords\":[\"Indap\",\"Punta Arenas\",\"Regi\u00f3n de Magallanes\"],\"articleSection\":[\"Instituciones\"],\"inLanguage\":\"es\"},{\"@type\":\"WebPage\",\"@id\":\"https:\/\/www.mundoagropecuario.cl\/new\/nuevo-tractor-ayudara-a-impulsar-la-actividad-lechera-y-trabajo-de-parcelas-de-punta-arenas\/\",\"url\":\"https:\/\/www.mundoagropecuario.cl\/new\/nuevo-tractor-ayudara-a-impulsar-la-actividad-lechera-y-trabajo-de-parcelas-de-punta-arenas\/\",\"name\":\"Nuevo tractor ayudar\u00e1 a impulsar la actividad lechera y trabajo de parcelas de Punta Arenas - Mundoagropecuario\",\"isPartOf\":{\"@id\":\"https:\/\/www.mundoagropecuario.cl\/new\/#website\"},\"primaryImageOfPage\":{\"@id\":\"https:\/\/www.mundoagropecuario.cl\/new\/nuevo-tractor-ayudara-a-impulsar-la-actividad-lechera-y-trabajo-de-parcelas-de-punta-arenas\/#primaryimage\"},\"image\":{\"@id\":\"https:\/\/www.mundoagropecuario.cl\/new\/nuevo-tractor-ayudara-a-impulsar-la-actividad-lechera-y-trabajo-de-parcelas-de-punta-arenas\/#primaryimage\"},\"thumbnailUrl\":\"https:\/\/www.mundoagropecuario.cl\/new\/wp-content\/uploads\/2018\/09\/patricio-silva-con-tractor-europard-punta-arenas.jpg\",\"datePublished\":\"2018-09-05T11:00:46+00:00\",\"dateModified\":\"2018-09-05T11:01:34+00:00\",\"breadcrumb\":{\"@id\":\"https:\/\/www.mundoagropecuario.cl\/new\/nuevo-tractor-ayudara-a-impulsar-la-actividad-lechera-y-trabajo-de-parcelas-de-punta-arenas\/#breadcrumb\"},\"inLanguage\":\"es\",\"potentialAction\":[{\"@type\":\"ReadAction\",\"target\":[\"https:\/\/www.mundoagropecuario.cl\/new\/nuevo-tractor-ayudara-a-impulsar-la-actividad-lechera-y-trabajo-de-parcelas-de-punta-arenas\/\"]}]},{\"@type\":\"ImageObject\",\"inLanguage\":\"es\",\"@id\":\"https:\/\/www.mundoagropecuario.cl\/new\/nuevo-tractor-ayudara-a-impulsar-la-actividad-lechera-y-trabajo-de-parcelas-de-punta-arenas\/#primaryimage\",\"url\":\"https:\/\/www.mundoagropecuario.cl\/new\/wp-content\/uploads\/2018\/09\/patricio-silva-con-tractor-europard-punta-arenas.jpg\",\"contentUrl\":\"https:\/\/www.mundoagropecuario.cl\/new\/wp-content\/uploads\/2018\/09\/patricio-silva-con-tractor-europard-punta-arenas.jpg\",\"width\":560,\"height\":400},{\"@type\":\"BreadcrumbList\",\"@id\":\"https:\/\/www.mundoagropecuario.cl\/new\/nuevo-tractor-ayudara-a-impulsar-la-actividad-lechera-y-trabajo-de-parcelas-de-punta-arenas\/#breadcrumb\",\"itemListElement\":[{\"@type\":\"ListItem\",\"position\":1,\"name\":\"Portada\",\"item\":\"https:\/\/www.mundoagropecuario.cl\/new\/\"},{\"@type\":\"ListItem\",\"position\":2,\"name\":\"Nuevo tractor ayudar\u00e1 a impulsar la actividad lechera y trabajo de parcelas de Punta Arenas\"}]},{\"@type\":\"WebSite\",\"@id\":\"https:\/\/www.mundoagropecuario.cl\/new\/#website\",\"url\":\"https:\/\/www.mundoagropecuario.cl\/new\/\",\"name\":\"Mundoagropecuario\",\"description\":\"Mundo Agropecuario\",\"publisher\":{\"@id\":\"https:\/\/www.mundoagropecuario.cl\/new\/#organization\"},\"potentialAction\":[{\"@type\":\"SearchAction\",\"target\":{\"@type\":\"EntryPoint\",\"urlTemplate\":\"https:\/\/www.mundoagropecuario.cl\/new\/?s={search_term_string}\"},\"query-input\":{\"@type\":\"PropertyValueSpecification\",\"valueRequired\":true,\"valueName\":\"search_term_string\"}}],\"inLanguage\":\"es\"},{\"@type\":\"Organization\",\"@id\":\"https:\/\/www.mundoagropecuario.cl\/new\/#organization\",\"name\":\"Revista de Agricultura\",\"url\":\"https:\/\/www.mundoagropecuario.cl\/new\/\",\"logo\":{\"@type\":\"ImageObject\",\"inLanguage\":\"es\",\"@id\":\"https:\/\/www.mundoagropecuario.cl\/new\/#\/schema\/logo\/image\/\",\"url\":\"https:\/\/www.mundoagropecuario.cl\/new\/wp-content\/uploads\/2020\/11\/PORTAL-1-1.png\",\"contentUrl\":\"https:\/\/www.mundoagropecuario.cl\/new\/wp-content\/uploads\/2020\/11\/PORTAL-1-1.png\",\"width\":1026,\"height\":100,\"caption\":\"Revista de Agricultura\"},\"image\":{\"@id\":\"https:\/\/www.mundoagropecuario.cl\/new\/#\/schema\/logo\/image\/\"},\"sameAs\":[\"https:\/\/www.facebook.com\/mundo.agropecuario.3\",\"https:\/\/x.com\/MundoAgropecuar\",\"https:\/\/www.linkedin.com\/in\/mundo-agropecuario-934009201\/\"]},{\"@type\":\"Person\",\"@id\":\"https:\/\/www.mundoagropecuario.cl\/new\/#\/schema\/person\/0c221050801c74e45256a7a9a1ff0803\",\"name\":\"periodista\",\"url\":\"https:\/\/www.mundoagropecuario.cl\/new\/author\/periodista\/\"}]}<\/script>\n<!-- \/ Yoast SEO plugin. -->","yoast_head_json":{"title":"Nuevo tractor ayudar\u00e1 a impulsar la actividad lechera y trabajo de parcelas de Punta Arenas - Mundoagropecuario","robots":{"index":"index","follow":"follow","max-snippet":"max-snippet:-1","max-image-preview":"max-image-preview:large","max-video-preview":"max-video-preview:-1"},"canonical":"https:\/\/www.mundoagropecuario.cl\/new\/nuevo-tractor-ayudara-a-impulsar-la-actividad-lechera-y-trabajo-de-parcelas-de-punta-arenas\/","og_locale":"es_ES","og_type":"article","og_title":"Nuevo tractor ayudar\u00e1 a impulsar la actividad lechera y trabajo de parcelas de Punta Arenas - Mundoagropecuario","og_description":"El rotovator cal\u00f3 hondo en el suelo mientras el motor rug\u00eda en medio de la pampa magall\u00e1nica. Ni la escarcha ni la nieve fueron impedimento para que el agricultor Patricio...","og_url":"https:\/\/www.mundoagropecuario.cl\/new\/nuevo-tractor-ayudara-a-impulsar-la-actividad-lechera-y-trabajo-de-parcelas-de-punta-arenas\/","og_site_name":"Mundoagropecuario","article_publisher":"https:\/\/www.facebook.com\/mundo.agropecuario.3","article_published_time":"2018-09-05T11:00:46+00:00","article_modified_time":"2018-09-05T11:01:34+00:00","og_image":[{"width":900,"height":643,"url":"https:\/\/www.mundoagropecuario.cl\/new\/wp-content\/uploads\/2018\/09\/patricio-silva-con-tractor-europard-punta-arenas.jpg","type":"image\/jpeg"}],"author":"periodista","twitter_card":"summary_large_image","twitter_creator":"@MundoAgropecuar","twitter_site":"@MundoAgropecuar","twitter_misc":{"Escrito por":"periodista","Tiempo de lectura":"1 minuto"},"schema":{"@context":"https:\/\/schema.org","@graph":[{"@type":"Article","@id":"https:\/\/www.mundoagropecuario.cl\/new\/nuevo-tractor-ayudara-a-impulsar-la-actividad-lechera-y-trabajo-de-parcelas-de-punta-arenas\/#article","isPartOf":{"@id":"https:\/\/www.mundoagropecuario.cl\/new\/nuevo-tractor-ayudara-a-impulsar-la-actividad-lechera-y-trabajo-de-parcelas-de-punta-arenas\/"},"author":{"name":"periodista","@id":"https:\/\/www.mundoagropecuario.cl\/new\/#\/schema\/person\/0c221050801c74e45256a7a9a1ff0803"},"headline":"Nuevo tractor ayudar\u00e1 a impulsar la actividad lechera y trabajo de parcelas de Punta Arenas","datePublished":"2018-09-05T11:00:46+00:00","dateModified":"2018-09-05T11:01:34+00:00","mainEntityOfPage":{"@id":"https:\/\/www.mundoagropecuario.cl\/new\/nuevo-tractor-ayudara-a-impulsar-la-actividad-lechera-y-trabajo-de-parcelas-de-punta-arenas\/"},"wordCount":305,"publisher":{"@id":"https:\/\/www.mundoagropecuario.cl\/new\/#organization"},"image":{"@id":"https:\/\/www.mundoagropecuario.cl\/new\/nuevo-tractor-ayudara-a-impulsar-la-actividad-lechera-y-trabajo-de-parcelas-de-punta-arenas\/#primaryimage"},"thumbnailUrl":"https:\/\/www.mundoagropecuario.cl\/new\/wp-content\/uploads\/2018\/09\/patricio-silva-con-tractor-europard-punta-arenas.jpg","keywords":["Indap","Punta Arenas","Regi\u00f3n de Magallanes"],"articleSection":["Instituciones"],"inLanguage":"es"},{"@type":"WebPage","@id":"https:\/\/www.mundoagropecuario.cl\/new\/nuevo-tractor-ayudara-a-impulsar-la-actividad-lechera-y-trabajo-de-parcelas-de-punta-arenas\/","url":"https:\/\/www.mundoagropecuario.cl\/new\/nuevo-tractor-ayudara-a-impulsar-la-actividad-lechera-y-trabajo-de-parcelas-de-punta-arenas\/","name":"Nuevo tractor ayudar\u00e1 a impulsar la actividad lechera y trabajo de parcelas de Punta Arenas - Mundoagropecuario","isPartOf":{"@id":"https:\/\/www.mundoagropecuario.cl\/new\/#website"},"primaryImageOfPage":{"@id":"https:\/\/www.mundoagropecuario.cl\/new\/nuevo-tractor-ayudara-a-impulsar-la-actividad-lechera-y-trabajo-de-parcelas-de-punta-arenas\/#primaryimage"},"image":{"@id":"https:\/\/www.mundoagropecuario.cl\/new\/nuevo-tractor-ayudara-a-impulsar-la-actividad-lechera-y-trabajo-de-parcelas-de-punta-arenas\/#primaryimage"},"thumbnailUrl":"https:\/\/www.mundoagropecuario.cl\/new\/wp-content\/uploads\/2018\/09\/patricio-silva-con-tractor-europard-punta-arenas.jpg","datePublished":"2018-09-05T11:00:46+00:00","dateModified":"2018-09-05T11:01:34+00:00","breadcrumb":{"@id":"https:\/\/www.mundoagropecuario.cl\/new\/nuevo-tractor-ayudara-a-impulsar-la-actividad-lechera-y-trabajo-de-parcelas-de-punta-arenas\/#breadcrumb"},"inLanguage":"es","potentialAction":[{"@type":"ReadAction","target":["https:\/\/www.mundoagropecuario.cl\/new\/nuevo-tractor-ayudara-a-impulsar-la-actividad-lechera-y-trabajo-de-parcelas-de-punta-arenas\/"]}]},{"@type":"ImageObject","inLanguage":"es","@id":"https:\/\/www.mundoagropecuario.cl\/new\/nuevo-tractor-ayudara-a-impulsar-la-actividad-lechera-y-trabajo-de-parcelas-de-punta-arenas\/#primaryimage","url":"https:\/\/www.mundoagropecuario.cl\/new\/wp-content\/uploads\/2018\/09\/patricio-silva-con-tractor-europard-punta-arenas.jpg","contentUrl":"https:\/\/www.mundoagropecuario.cl\/new\/wp-content\/uploads\/2018\/09\/patricio-silva-con-tractor-europard-punta-arenas.jpg","width":560,"height":400},{"@type":"BreadcrumbList","@id":"https:\/\/www.mundoagropecuario.cl\/new\/nuevo-tractor-ayudara-a-impulsar-la-actividad-lechera-y-trabajo-de-parcelas-de-punta-arenas\/#breadcrumb","itemListElement":[{"@type":"ListItem","position":1,"name":"Portada","item":"https:\/\/www.mundoagropecuario.cl\/new\/"},{"@type":"ListItem","position":2,"name":"Nuevo tractor ayudar\u00e1 a impulsar la actividad lechera y trabajo de parcelas de Punta Arenas"}]},{"@type":"WebSite","@id":"https:\/\/www.mundoagropecuario.cl\/new\/#website","url":"https:\/\/www.mundoagropecuario.cl\/new\/","name":"Mundoagropecuario","description":"Mundo Agropecuario","publisher":{"@id":"https:\/\/www.mundoagropecuario.cl\/new\/#organization"},"potentialAction":[{"@type":"SearchAction","target":{"@type":"EntryPoint","urlTemplate":"https:\/\/www.mundoagropecuario.cl\/new\/?s={search_term_string}"},"query-input":{"@type":"PropertyValueSpecification","valueRequired":true,"valueName":"search_term_string"}}],"inLanguage":"es"},{"@type":"Organization","@id":"https:\/\/www.mundoagropecuario.cl\/new\/#organization","name":"Revista de Agricultura","url":"https:\/\/www.mundoagropecuario.cl\/new\/","logo":{"@type":"ImageObject","inLanguage":"es","@id":"https:\/\/www.mundoagropecuario.cl\/new\/#\/schema\/logo\/image\/","url":"https:\/\/www.mundoagropecuario.cl\/new\/wp-content\/uploads\/2020\/11\/PORTAL-1-1.png","contentUrl":"https:\/\/www.mundoagropecuario.cl\/new\/wp-content\/uploads\/2020\/11\/PORTAL-1-1.png","width":1026,"height":100,"caption":"Revista de Agricultura"},"image":{"@id":"https:\/\/www.mundoagropecuario.cl\/new\/#\/schema\/logo\/image\/"},"sameAs":["https:\/\/www.facebook.com\/mundo.agropecuario.3","https:\/\/x.com\/MundoAgropecuar","https:\/\/www.linkedin.com\/in\/mundo-agropecuario-934009201\/"]},{"@type":"Person","@id":"https:\/\/www.mundoagropecuario.cl\/new\/#\/schema\/person\/0c221050801c74e45256a7a9a1ff0803","name":"periodista","url":"https:\/\/www.mundoagropecuario.cl\/new\/author\/periodista\/"}]}},"_links":{"self":[{"href":"https:\/\/www.mundoagropecuario.cl\/new\/wp-json\/wp\/v2\/posts\/8501","targetHints":{"allow":["GET"]}}],"collection":[{"href":"https:\/\/www.mundoagropecuario.cl\/new\/wp-json\/wp\/v2\/posts"}],"about":[{"href":"https:\/\/www.mundoagropecuario.cl\/new\/wp-json\/wp\/v2\/types\/post"}],"author":[{"embeddable":true,"href":"https:\/\/www.mundoagropecuario.cl\/new\/wp-json\/wp\/v2\/users\/3"}],"replies":[{"embeddable":true,"href":"https:\/\/www.mundoagropecuario.cl\/new\/wp-json\/wp\/v2\/comments?post=8501"}],"version-history":[{"count":1,"href":"https:\/\/www.mundoagropecuario.cl\/new\/wp-json\/wp\/v2\/posts\/8501\/revisions"}],"predecessor-version":[{"id":8503,"href":"https:\/\/www.mundoagropecuario.cl\/new\/wp-json\/wp\/v2\/posts\/8501\/revisions\/8503"}],"wp:featuredmedia":[{"embeddable":true,"href":"https:\/\/www.mundoagropecuario.cl\/new\/wp-json\/wp\/v2\/media\/8502"}],"wp:attachment":[{"href":"https:\/\/www.mundoagropecuario.cl\/new\/wp-json\/wp\/v2\/media?parent=8501"}],"wp:term":[{"taxonomy":"category","embeddable":true,"href":"https:\/\/www.mundoagropecuario.cl\/new\/wp-json\/wp\/v2\/categories?post=8501"},{"taxonomy":"post_tag","embeddable":true,"href":"https:\/\/www.mundoagropecuario.cl\/new\/wp-json\/wp\/v2\/tags?post=8501"}],"curies":[{"name":"wp","href":"https:\/\/api.w.org\/{rel}","templated":true}]}}