{"id":8313,"date":"2018-08-27T09:28:17","date_gmt":"2018-08-27T12:28:17","guid":{"rendered":"http:\/\/www.mundoagropecuario.cl\/new\/?p=8313"},"modified":"2018-08-27T09:36:07","modified_gmt":"2018-08-27T12:36:07","slug":"provincia-de-llanquihue-autoridades-esperan-concretar-tercera-patrulla-de-carabineros-antiabigeato","status":"publish","type":"post","link":"https:\/\/www.mundoagropecuario.cl\/new\/provincia-de-llanquihue-autoridades-esperan-concretar-tercera-patrulla-de-carabineros-antiabigeato\/","title":{"rendered":"Provincia de Llanquihue: autoridades esperan concretar tercera patrulla de Carabineros antiabigeato"},"content":{"rendered":"<blockquote><p><em>Con la presentaci\u00f3n de un proyecto de adquisici\u00f3n de tres veh\u00edculos 4&#215;4, se espera concretar una tercera patrulla de carabineros antiabigeato con asiento en la comuna de Frutillar, la que se sumar\u00eda a las otras dos destinadas en las comunas de Los Muermos y Fresia. (Mundo Agropecuario).<\/em><\/p><\/blockquote>\n<p>La Iniciativa fue entregada a la gobernadora de la Provincia de Llanquihue, Leticia Oyarce por parte del jefe de Operaciones de Carabineros D\u00e9cima Zona Los Lagos, Coronel Patricio Y\u00e1\u00f1ez, con el objeto de gestionar los recursos en el Gobierno Regional que superan los 93 millones de pesos.<\/p>\n<p>En el marco de la Mesa Provincial de Abigeato, que convoc\u00f3 la Gobernaci\u00f3n Provincial de Llanquihue y que se desarroll\u00f3 en la comuna de Los Muermos, se hizo un profundo an\u00e1lisis de este delito por parte de las polic\u00edas, Fiscal\u00eda, autoridades comunales, gremios de agricultores de las comunas de Frutillar, Los Muermos y Fresia.<\/p>\n<p>En esta instancia estuvieron presentes el fiscal de la Unidad de An\u00e1lisis Criminal y Foco Investigativo de Los Lagos, Daniel Alvarado, prefecto (s) de Carabineros de la provincia de Llanquihue, comandante Mauricio Santander; subprefecto (s) Polic\u00eda de Investigaciones, David Gonz\u00e1lez; el alcalde de Los Muermos, Emilio Gonz\u00e1lez; el alcalde de Fresia, Rodrigo Guarda; el consejero regional, Juan Carcamo y concejales de Fresia y Los Muermos.<\/p>\n<p>Uno de los datos proporcionados por Carabineros es que este delito ha registrado una disminuci\u00f3n de un 7% en la provincia de Llanquihue. A la fecha se presentan 81 casos, siendo las comunas m\u00e1s afectadas Fresia (27), Frutillar (15), Calbuco (14) y Los Muermos (11).<\/p>\n<p>La gobernadora provincial, Leticia Oyarce, explic\u00f3 que uno de los compromisos es dotar de equipamiento a las polic\u00edas para prevenir este delito que afecta principalmente a los peque\u00f1os agricultores. \u201cHemos decidido apoyar a la Comisar\u00eda de Carabineros de Puerto Varas con la iniciativa de adquisici\u00f3n de veh\u00edculos, que nos permita generar una brigada de abigeato especializada para poder prevenir y disminuir este delito\u201d.<\/p>\n<p>Adem\u00e1s, la autoridad provincial, indic\u00f3 que en este mes se inici\u00f3 una intervenci\u00f3n concreta con operativos y fiscalizaciones en carnicer\u00edas de las comunas de Fresia, Los Muermos y Frutillar, adelantando que se generar\u00e1n otras acciones de control para reforzar en las fechas previas a las fiestas patrias, donde aumenta el robo de animales.<\/p>\n<p>En la oportunidad, valor\u00f3 la integraci\u00f3n de los alcaldes de las comunas afectadas en esta mesa provincial, ya que ser\u00e1 fundamental para presentar proyectos orientados a la labor preventiva y de seguridad.<\/p>\n<p>El coronel Ya\u00f1ez, explic\u00f3 que actualmente la Prefectura de Carabineros de Llanquihue posee dos patrullas antiabigeato en las comunas de Fresia y Los Muermos. \u201cSin embargo para dedicar una labor m\u00e1s exhaustiva para la investigaci\u00f3n de este delito, surgi\u00f3 el apoyo de la autoridad de presentar este proyecto de adquisici\u00f3n de tres camionetas 4&#215;4 que significa una inversi\u00f3n que supera los 93 millones de pesos. A trav\u00e9s de esta iniciativa, se crear\u00e1 una tercera patrulla con base en Frutillar especial antiabigeato para la labor investigativa, preventiva y de integraci\u00f3n\u201d.<\/p>\n<p>A esto se suma, dijo la autoridad de Carabineros, los elementos log\u00edsticos con que se cuenta como visi\u00f3n nocturna, t\u00e9rmico y tambi\u00e9n, la modificaci\u00f3n de t\u00e9cnicas de control carretero &#8220;va aparecer el Carabineros detr\u00e1s de un veh\u00edculo, es una nueva t\u00e1ctica que se est\u00e1n implementando, vale decir el sujeto que pretenda transportar o cometer un delito de abigeato en cualquier momento va aparecer la patrulla&#8221;, indic\u00f3 Ya\u00f1ez.<\/p>\n<p><strong>Robo de animales vivos<\/strong><\/p>\n<p>Seg\u00fan informaci\u00f3n proporcionada\u00a0 por el Fiscal de la Unidad de An\u00e1lisis Criminal y Foco Investigativo de Los Lagos,\u00a0 Daniel Alvarado,\u00a0 a fines del 2017 se\u00a0 detect\u00f3\u00a0 una\u00a0 modificaci\u00f3n conductual del abigeato tradicional conocido como \u201crapi\u00f1a\u201d, a la sustracci\u00f3n de animales vivos de los predios agr\u00edcolas de las provincias de Osorno y Llanquihue, ejemplificando que \u201calrededor de treinta animales son trasladados a predios de engorda para alcanzar un peso \u00f3ptimo para la venta, el cual se concreta a trav\u00e9s de un sistema\u00a0 de blanqueamiento del delito y que han logrado hacer en ferias y mataderos de la regi\u00f3n e incluso en otras regiones\u201d.<\/p>\n<p>El Fiscal, adelant\u00f3, que est\u00e1n en una etapa de proceso de an\u00e1lisis del proceso de venta, es decir, c\u00f3mo logran vulnerar el sistema a trav\u00e9s de documentaci\u00f3n como gu\u00eda de despacho, formulario de transporte animal. \u201cC\u00f3mo logran reducir en un precio mercado, muy lucrativo, y este abigeato lograr concretar su objetivo que es vender los animales a trav\u00e9s de un sistema formal\u201d.<\/p>\n<p>Inform\u00f3 que a partir de la Unidad Foco se han formalizado seis personas por abigeato, tres por ley de matadero clandestino. Adem\u00e1s, se han incautado cuatro veh\u00edculos, \u201cestamos con una serie de diligencias pendientes y esperamos impactar de manera positiva este fen\u00f3meno delictual\u201d, dijo Alvarado.<\/p>\n<p><strong>Alcaldes<\/strong><\/p>\n<p>El alcalde de Fresia, adelant\u00f3 que se est\u00e1n realizando las gestiones para conseguir recursos p\u00fablicos y reactivar el Banco de ADN bovino que se encuentra en esta comuna, \u201ciniciativa innovadora y \u00fatil para los agricultores y para la justicia\u201d, sostuvo.<\/p>\n<p>Al respecto, se\u00f1al\u00f3 que se ha concretado el compromiso con la Subsecretaria de Prevenci\u00f3n del Delito para apoyar este proyecto del banco de ADN bovino y, a su vez, firmar un convenio con la Universidad Austral, con el objeto de contar con su laboratorio de gen\u00e9tica y se pueda incorporar con la elaboraci\u00f3n de informes de muestras de alg\u00fan animal proveniente de abigeato, antecedentes que ser\u00e1n considerados como prueba en tribunales cuando se produzca un delito.<\/p>\n<p>En tanto, el alcalde de Los Muermos, detalla como medidas la obtenci\u00f3n de las estad\u00edsticas de faenamiento en el sistema oficial en la provincia para posteriormente controlar con las polic\u00edas o servicio agr\u00edcola ganadero.\u00a0 Asimismo, afirm\u00f3 que Carabineros debe contar con los medios para realizar la acci\u00f3n preventiva, indicando como necesidad el de contar con una comisaria de Carabineros que significa un aumento en la dotaci\u00f3n policial.<\/p>\n","protected":false},"excerpt":{"rendered":"<p>Con la presentaci\u00f3n de un proyecto de adquisici\u00f3n de tres veh\u00edculos 4&#215;4, se espera concretar una tercera patrulla de carabineros antiabigeato con asiento en la comuna de Frutillar, la que&#8230;<\/p>\n","protected":false},"author":3,"featured_media":8314,"comment_status":"closed","ping_status":"closed","sticky":false,"template":"","format":"standard","meta":{"footnotes":""},"categories":[405],"tags":[2226,508,2345],"class_list":["post-8313","post","type-post","status-publish","format-standard","has-post-thumbnail","hentry","category-titular-3","tag-abigeato","tag-carabineros","tag-provincia-de-llanquihue"],"yoast_head":"<!-- This site is optimized with the Yoast SEO plugin v26.6 - https:\/\/yoast.com\/wordpress\/plugins\/seo\/ -->\n<title>Provincia de Llanquihue: autoridades esperan concretar tercera patrulla de Carabineros antiabigeato - Mundoagropecuario<\/title>\n<meta name=\"robots\" content=\"index, follow, max-snippet:-1, max-image-preview:large, max-video-preview:-1\" \/>\n<link rel=\"canonical\" href=\"https:\/\/www.mundoagropecuario.cl\/new\/provincia-de-llanquihue-autoridades-esperan-concretar-tercera-patrulla-de-carabineros-antiabigeato\/\" \/>\n<meta property=\"og:locale\" content=\"es_ES\" \/>\n<meta property=\"og:type\" content=\"article\" \/>\n<meta property=\"og:title\" content=\"Provincia de Llanquihue: autoridades esperan concretar tercera patrulla de Carabineros antiabigeato - Mundoagropecuario\" \/>\n<meta property=\"og:description\" content=\"Con la presentaci\u00f3n de un proyecto de adquisici\u00f3n de tres veh\u00edculos 4&#215;4, se espera concretar una tercera patrulla de carabineros antiabigeato con asiento en la comuna de Frutillar, la que...\" \/>\n<meta property=\"og:url\" content=\"https:\/\/www.mundoagropecuario.cl\/new\/provincia-de-llanquihue-autoridades-esperan-concretar-tercera-patrulla-de-carabineros-antiabigeato\/\" \/>\n<meta property=\"og:site_name\" content=\"Mundoagropecuario\" \/>\n<meta property=\"article:publisher\" content=\"https:\/\/www.facebook.com\/mundo.agropecuario.3\" \/>\n<meta property=\"article:published_time\" content=\"2018-08-27T12:28:17+00:00\" \/>\n<meta property=\"article:modified_time\" content=\"2018-08-27T12:36:07+00:00\" \/>\n<meta property=\"og:image\" content=\"https:\/\/www.mundoagropecuario.cl\/new\/wp-content\/uploads\/2018\/08\/antiabigeato.jpg\" \/>\n\t<meta property=\"og:image:width\" content=\"1000\" \/>\n\t<meta property=\"og:image:height\" content=\"666\" \/>\n\t<meta property=\"og:image:type\" content=\"image\/jpeg\" \/>\n<meta name=\"author\" content=\"periodista\" \/>\n<meta name=\"twitter:card\" content=\"summary_large_image\" \/>\n<meta name=\"twitter:creator\" content=\"@MundoAgropecuar\" \/>\n<meta name=\"twitter:site\" content=\"@MundoAgropecuar\" \/>\n<meta name=\"twitter:label1\" content=\"Escrito por\" \/>\n\t<meta name=\"twitter:data1\" content=\"periodista\" \/>\n\t<meta name=\"twitter:label2\" content=\"Tiempo de lectura\" \/>\n\t<meta name=\"twitter:data2\" content=\"5 minutos\" \/>\n<script type=\"application\/ld+json\" class=\"yoast-schema-graph\">{\"@context\":\"https:\/\/schema.org\",\"@graph\":[{\"@type\":\"Article\",\"@id\":\"https:\/\/www.mundoagropecuario.cl\/new\/provincia-de-llanquihue-autoridades-esperan-concretar-tercera-patrulla-de-carabineros-antiabigeato\/#article\",\"isPartOf\":{\"@id\":\"https:\/\/www.mundoagropecuario.cl\/new\/provincia-de-llanquihue-autoridades-esperan-concretar-tercera-patrulla-de-carabineros-antiabigeato\/\"},\"author\":{\"name\":\"periodista\",\"@id\":\"https:\/\/www.mundoagropecuario.cl\/new\/#\/schema\/person\/0c221050801c74e45256a7a9a1ff0803\"},\"headline\":\"Provincia de Llanquihue: autoridades esperan concretar tercera patrulla de Carabineros antiabigeato\",\"datePublished\":\"2018-08-27T12:28:17+00:00\",\"dateModified\":\"2018-08-27T12:36:07+00:00\",\"mainEntityOfPage\":{\"@id\":\"https:\/\/www.mundoagropecuario.cl\/new\/provincia-de-llanquihue-autoridades-esperan-concretar-tercera-patrulla-de-carabineros-antiabigeato\/\"},\"wordCount\":1039,\"publisher\":{\"@id\":\"https:\/\/www.mundoagropecuario.cl\/new\/#organization\"},\"image\":{\"@id\":\"https:\/\/www.mundoagropecuario.cl\/new\/provincia-de-llanquihue-autoridades-esperan-concretar-tercera-patrulla-de-carabineros-antiabigeato\/#primaryimage\"},\"thumbnailUrl\":\"https:\/\/www.mundoagropecuario.cl\/new\/wp-content\/uploads\/2018\/08\/antiabigeato.jpg\",\"keywords\":[\"Abigeato\",\"Carabineros\",\"Provincia de Llanquihue\"],\"articleSection\":[\"Titular 3\"],\"inLanguage\":\"es\"},{\"@type\":\"WebPage\",\"@id\":\"https:\/\/www.mundoagropecuario.cl\/new\/provincia-de-llanquihue-autoridades-esperan-concretar-tercera-patrulla-de-carabineros-antiabigeato\/\",\"url\":\"https:\/\/www.mundoagropecuario.cl\/new\/provincia-de-llanquihue-autoridades-esperan-concretar-tercera-patrulla-de-carabineros-antiabigeato\/\",\"name\":\"Provincia de Llanquihue: autoridades esperan concretar tercera patrulla de Carabineros antiabigeato - Mundoagropecuario\",\"isPartOf\":{\"@id\":\"https:\/\/www.mundoagropecuario.cl\/new\/#website\"},\"primaryImageOfPage\":{\"@id\":\"https:\/\/www.mundoagropecuario.cl\/new\/provincia-de-llanquihue-autoridades-esperan-concretar-tercera-patrulla-de-carabineros-antiabigeato\/#primaryimage\"},\"image\":{\"@id\":\"https:\/\/www.mundoagropecuario.cl\/new\/provincia-de-llanquihue-autoridades-esperan-concretar-tercera-patrulla-de-carabineros-antiabigeato\/#primaryimage\"},\"thumbnailUrl\":\"https:\/\/www.mundoagropecuario.cl\/new\/wp-content\/uploads\/2018\/08\/antiabigeato.jpg\",\"datePublished\":\"2018-08-27T12:28:17+00:00\",\"dateModified\":\"2018-08-27T12:36:07+00:00\",\"breadcrumb\":{\"@id\":\"https:\/\/www.mundoagropecuario.cl\/new\/provincia-de-llanquihue-autoridades-esperan-concretar-tercera-patrulla-de-carabineros-antiabigeato\/#breadcrumb\"},\"inLanguage\":\"es\",\"potentialAction\":[{\"@type\":\"ReadAction\",\"target\":[\"https:\/\/www.mundoagropecuario.cl\/new\/provincia-de-llanquihue-autoridades-esperan-concretar-tercera-patrulla-de-carabineros-antiabigeato\/\"]}]},{\"@type\":\"ImageObject\",\"inLanguage\":\"es\",\"@id\":\"https:\/\/www.mundoagropecuario.cl\/new\/provincia-de-llanquihue-autoridades-esperan-concretar-tercera-patrulla-de-carabineros-antiabigeato\/#primaryimage\",\"url\":\"https:\/\/www.mundoagropecuario.cl\/new\/wp-content\/uploads\/2018\/08\/antiabigeato.jpg\",\"contentUrl\":\"https:\/\/www.mundoagropecuario.cl\/new\/wp-content\/uploads\/2018\/08\/antiabigeato.jpg\",\"width\":601,\"height\":400},{\"@type\":\"BreadcrumbList\",\"@id\":\"https:\/\/www.mundoagropecuario.cl\/new\/provincia-de-llanquihue-autoridades-esperan-concretar-tercera-patrulla-de-carabineros-antiabigeato\/#breadcrumb\",\"itemListElement\":[{\"@type\":\"ListItem\",\"position\":1,\"name\":\"Portada\",\"item\":\"https:\/\/www.mundoagropecuario.cl\/new\/\"},{\"@type\":\"ListItem\",\"position\":2,\"name\":\"Provincia de Llanquihue: autoridades esperan concretar tercera patrulla de Carabineros antiabigeato\"}]},{\"@type\":\"WebSite\",\"@id\":\"https:\/\/www.mundoagropecuario.cl\/new\/#website\",\"url\":\"https:\/\/www.mundoagropecuario.cl\/new\/\",\"name\":\"Mundoagropecuario\",\"description\":\"Mundo Agropecuario\",\"publisher\":{\"@id\":\"https:\/\/www.mundoagropecuario.cl\/new\/#organization\"},\"potentialAction\":[{\"@type\":\"SearchAction\",\"target\":{\"@type\":\"EntryPoint\",\"urlTemplate\":\"https:\/\/www.mundoagropecuario.cl\/new\/?s={search_term_string}\"},\"query-input\":{\"@type\":\"PropertyValueSpecification\",\"valueRequired\":true,\"valueName\":\"search_term_string\"}}],\"inLanguage\":\"es\"},{\"@type\":\"Organization\",\"@id\":\"https:\/\/www.mundoagropecuario.cl\/new\/#organization\",\"name\":\"Revista de Agricultura\",\"url\":\"https:\/\/www.mundoagropecuario.cl\/new\/\",\"logo\":{\"@type\":\"ImageObject\",\"inLanguage\":\"es\",\"@id\":\"https:\/\/www.mundoagropecuario.cl\/new\/#\/schema\/logo\/image\/\",\"url\":\"https:\/\/www.mundoagropecuario.cl\/new\/wp-content\/uploads\/2020\/11\/PORTAL-1-1.png\",\"contentUrl\":\"https:\/\/www.mundoagropecuario.cl\/new\/wp-content\/uploads\/2020\/11\/PORTAL-1-1.png\",\"width\":1026,\"height\":100,\"caption\":\"Revista de Agricultura\"},\"image\":{\"@id\":\"https:\/\/www.mundoagropecuario.cl\/new\/#\/schema\/logo\/image\/\"},\"sameAs\":[\"https:\/\/www.facebook.com\/mundo.agropecuario.3\",\"https:\/\/x.com\/MundoAgropecuar\",\"https:\/\/www.linkedin.com\/in\/mundo-agropecuario-934009201\/\"]},{\"@type\":\"Person\",\"@id\":\"https:\/\/www.mundoagropecuario.cl\/new\/#\/schema\/person\/0c221050801c74e45256a7a9a1ff0803\",\"name\":\"periodista\",\"url\":\"https:\/\/www.mundoagropecuario.cl\/new\/author\/periodista\/\"}]}<\/script>\n<!-- \/ Yoast SEO plugin. -->","yoast_head_json":{"title":"Provincia de Llanquihue: autoridades esperan concretar tercera patrulla de Carabineros antiabigeato - Mundoagropecuario","robots":{"index":"index","follow":"follow","max-snippet":"max-snippet:-1","max-image-preview":"max-image-preview:large","max-video-preview":"max-video-preview:-1"},"canonical":"https:\/\/www.mundoagropecuario.cl\/new\/provincia-de-llanquihue-autoridades-esperan-concretar-tercera-patrulla-de-carabineros-antiabigeato\/","og_locale":"es_ES","og_type":"article","og_title":"Provincia de Llanquihue: autoridades esperan concretar tercera patrulla de Carabineros antiabigeato - Mundoagropecuario","og_description":"Con la presentaci\u00f3n de un proyecto de adquisici\u00f3n de tres veh\u00edculos 4&#215;4, se espera concretar una tercera patrulla de carabineros antiabigeato con asiento en la comuna de Frutillar, la que...","og_url":"https:\/\/www.mundoagropecuario.cl\/new\/provincia-de-llanquihue-autoridades-esperan-concretar-tercera-patrulla-de-carabineros-antiabigeato\/","og_site_name":"Mundoagropecuario","article_publisher":"https:\/\/www.facebook.com\/mundo.agropecuario.3","article_published_time":"2018-08-27T12:28:17+00:00","article_modified_time":"2018-08-27T12:36:07+00:00","og_image":[{"width":1000,"height":666,"url":"https:\/\/www.mundoagropecuario.cl\/new\/wp-content\/uploads\/2018\/08\/antiabigeato.jpg","type":"image\/jpeg"}],"author":"periodista","twitter_card":"summary_large_image","twitter_creator":"@MundoAgropecuar","twitter_site":"@MundoAgropecuar","twitter_misc":{"Escrito por":"periodista","Tiempo de lectura":"5 minutos"},"schema":{"@context":"https:\/\/schema.org","@graph":[{"@type":"Article","@id":"https:\/\/www.mundoagropecuario.cl\/new\/provincia-de-llanquihue-autoridades-esperan-concretar-tercera-patrulla-de-carabineros-antiabigeato\/#article","isPartOf":{"@id":"https:\/\/www.mundoagropecuario.cl\/new\/provincia-de-llanquihue-autoridades-esperan-concretar-tercera-patrulla-de-carabineros-antiabigeato\/"},"author":{"name":"periodista","@id":"https:\/\/www.mundoagropecuario.cl\/new\/#\/schema\/person\/0c221050801c74e45256a7a9a1ff0803"},"headline":"Provincia de Llanquihue: autoridades esperan concretar tercera patrulla de Carabineros antiabigeato","datePublished":"2018-08-27T12:28:17+00:00","dateModified":"2018-08-27T12:36:07+00:00","mainEntityOfPage":{"@id":"https:\/\/www.mundoagropecuario.cl\/new\/provincia-de-llanquihue-autoridades-esperan-concretar-tercera-patrulla-de-carabineros-antiabigeato\/"},"wordCount":1039,"publisher":{"@id":"https:\/\/www.mundoagropecuario.cl\/new\/#organization"},"image":{"@id":"https:\/\/www.mundoagropecuario.cl\/new\/provincia-de-llanquihue-autoridades-esperan-concretar-tercera-patrulla-de-carabineros-antiabigeato\/#primaryimage"},"thumbnailUrl":"https:\/\/www.mundoagropecuario.cl\/new\/wp-content\/uploads\/2018\/08\/antiabigeato.jpg","keywords":["Abigeato","Carabineros","Provincia de Llanquihue"],"articleSection":["Titular 3"],"inLanguage":"es"},{"@type":"WebPage","@id":"https:\/\/www.mundoagropecuario.cl\/new\/provincia-de-llanquihue-autoridades-esperan-concretar-tercera-patrulla-de-carabineros-antiabigeato\/","url":"https:\/\/www.mundoagropecuario.cl\/new\/provincia-de-llanquihue-autoridades-esperan-concretar-tercera-patrulla-de-carabineros-antiabigeato\/","name":"Provincia de Llanquihue: autoridades esperan concretar tercera patrulla de Carabineros antiabigeato - Mundoagropecuario","isPartOf":{"@id":"https:\/\/www.mundoagropecuario.cl\/new\/#website"},"primaryImageOfPage":{"@id":"https:\/\/www.mundoagropecuario.cl\/new\/provincia-de-llanquihue-autoridades-esperan-concretar-tercera-patrulla-de-carabineros-antiabigeato\/#primaryimage"},"image":{"@id":"https:\/\/www.mundoagropecuario.cl\/new\/provincia-de-llanquihue-autoridades-esperan-concretar-tercera-patrulla-de-carabineros-antiabigeato\/#primaryimage"},"thumbnailUrl":"https:\/\/www.mundoagropecuario.cl\/new\/wp-content\/uploads\/2018\/08\/antiabigeato.jpg","datePublished":"2018-08-27T12:28:17+00:00","dateModified":"2018-08-27T12:36:07+00:00","breadcrumb":{"@id":"https:\/\/www.mundoagropecuario.cl\/new\/provincia-de-llanquihue-autoridades-esperan-concretar-tercera-patrulla-de-carabineros-antiabigeato\/#breadcrumb"},"inLanguage":"es","potentialAction":[{"@type":"ReadAction","target":["https:\/\/www.mundoagropecuario.cl\/new\/provincia-de-llanquihue-autoridades-esperan-concretar-tercera-patrulla-de-carabineros-antiabigeato\/"]}]},{"@type":"ImageObject","inLanguage":"es","@id":"https:\/\/www.mundoagropecuario.cl\/new\/provincia-de-llanquihue-autoridades-esperan-concretar-tercera-patrulla-de-carabineros-antiabigeato\/#primaryimage","url":"https:\/\/www.mundoagropecuario.cl\/new\/wp-content\/uploads\/2018\/08\/antiabigeato.jpg","contentUrl":"https:\/\/www.mundoagropecuario.cl\/new\/wp-content\/uploads\/2018\/08\/antiabigeato.jpg","width":601,"height":400},{"@type":"BreadcrumbList","@id":"https:\/\/www.mundoagropecuario.cl\/new\/provincia-de-llanquihue-autoridades-esperan-concretar-tercera-patrulla-de-carabineros-antiabigeato\/#breadcrumb","itemListElement":[{"@type":"ListItem","position":1,"name":"Portada","item":"https:\/\/www.mundoagropecuario.cl\/new\/"},{"@type":"ListItem","position":2,"name":"Provincia de Llanquihue: autoridades esperan concretar tercera patrulla de Carabineros antiabigeato"}]},{"@type":"WebSite","@id":"https:\/\/www.mundoagropecuario.cl\/new\/#website","url":"https:\/\/www.mundoagropecuario.cl\/new\/","name":"Mundoagropecuario","description":"Mundo Agropecuario","publisher":{"@id":"https:\/\/www.mundoagropecuario.cl\/new\/#organization"},"potentialAction":[{"@type":"SearchAction","target":{"@type":"EntryPoint","urlTemplate":"https:\/\/www.mundoagropecuario.cl\/new\/?s={search_term_string}"},"query-input":{"@type":"PropertyValueSpecification","valueRequired":true,"valueName":"search_term_string"}}],"inLanguage":"es"},{"@type":"Organization","@id":"https:\/\/www.mundoagropecuario.cl\/new\/#organization","name":"Revista de Agricultura","url":"https:\/\/www.mundoagropecuario.cl\/new\/","logo":{"@type":"ImageObject","inLanguage":"es","@id":"https:\/\/www.mundoagropecuario.cl\/new\/#\/schema\/logo\/image\/","url":"https:\/\/www.mundoagropecuario.cl\/new\/wp-content\/uploads\/2020\/11\/PORTAL-1-1.png","contentUrl":"https:\/\/www.mundoagropecuario.cl\/new\/wp-content\/uploads\/2020\/11\/PORTAL-1-1.png","width":1026,"height":100,"caption":"Revista de Agricultura"},"image":{"@id":"https:\/\/www.mundoagropecuario.cl\/new\/#\/schema\/logo\/image\/"},"sameAs":["https:\/\/www.facebook.com\/mundo.agropecuario.3","https:\/\/x.com\/MundoAgropecuar","https:\/\/www.linkedin.com\/in\/mundo-agropecuario-934009201\/"]},{"@type":"Person","@id":"https:\/\/www.mundoagropecuario.cl\/new\/#\/schema\/person\/0c221050801c74e45256a7a9a1ff0803","name":"periodista","url":"https:\/\/www.mundoagropecuario.cl\/new\/author\/periodista\/"}]}},"_links":{"self":[{"href":"https:\/\/www.mundoagropecuario.cl\/new\/wp-json\/wp\/v2\/posts\/8313","targetHints":{"allow":["GET"]}}],"collection":[{"href":"https:\/\/www.mundoagropecuario.cl\/new\/wp-json\/wp\/v2\/posts"}],"about":[{"href":"https:\/\/www.mundoagropecuario.cl\/new\/wp-json\/wp\/v2\/types\/post"}],"author":[{"embeddable":true,"href":"https:\/\/www.mundoagropecuario.cl\/new\/wp-json\/wp\/v2\/users\/3"}],"replies":[{"embeddable":true,"href":"https:\/\/www.mundoagropecuario.cl\/new\/wp-json\/wp\/v2\/comments?post=8313"}],"version-history":[{"count":1,"href":"https:\/\/www.mundoagropecuario.cl\/new\/wp-json\/wp\/v2\/posts\/8313\/revisions"}],"predecessor-version":[{"id":8315,"href":"https:\/\/www.mundoagropecuario.cl\/new\/wp-json\/wp\/v2\/posts\/8313\/revisions\/8315"}],"wp:featuredmedia":[{"embeddable":true,"href":"https:\/\/www.mundoagropecuario.cl\/new\/wp-json\/wp\/v2\/media\/8314"}],"wp:attachment":[{"href":"https:\/\/www.mundoagropecuario.cl\/new\/wp-json\/wp\/v2\/media?parent=8313"}],"wp:term":[{"taxonomy":"category","embeddable":true,"href":"https:\/\/www.mundoagropecuario.cl\/new\/wp-json\/wp\/v2\/categories?post=8313"},{"taxonomy":"post_tag","embeddable":true,"href":"https:\/\/www.mundoagropecuario.cl\/new\/wp-json\/wp\/v2\/tags?post=8313"}],"curies":[{"name":"wp","href":"https:\/\/api.w.org\/{rel}","templated":true}]}}