{"id":8297,"date":"2018-08-24T15:38:18","date_gmt":"2018-08-24T18:38:18","guid":{"rendered":"http:\/\/www.mundoagropecuario.cl\/new\/?p=8297"},"modified":"2018-08-28T16:11:04","modified_gmt":"2018-08-28T19:11:04","slug":"subsecretario-de-economia-valoro-reunion-con-cooperativas-y-representantes-gremiales-de-la-region-los-lagos","status":"publish","type":"post","link":"https:\/\/www.mundoagropecuario.cl\/new\/subsecretario-de-economia-valoro-reunion-con-cooperativas-y-representantes-gremiales-de-la-region-los-lagos\/","title":{"rendered":"Subsecretario de Econom\u00eda valor\u00f3 reuni\u00f3n con cooperativas y representantes gremiales de la regi\u00f3n Los Lagos"},"content":{"rendered":"<blockquote><p><em>El subsecretario de Econom\u00eda, Ignacio Guerrero Toro, asisti\u00f3 a una reuni\u00f3n en Osorno, coordinada por la Asociaci\u00f3n de Cooperativas del Sur, para conocer los requerimientos de las cooperativas, y presentar el accionar del gobierno en torno a este relevante sector. (Mundo Agropecuario).<\/em><\/p><\/blockquote>\n<p>Participaron en la actividad los representantes de las diversas cooperativas, el jefe de la Divisi\u00f3n de Asociatividad y Econom\u00eda Social del Ministerio de Econom\u00eda, Eduardo G\u00e1rate, el seremi de Econom\u00eda de Los Lagos, Francisco Mu\u00f1oz, el seremi de Energ\u00eda, Tomas Bollinger, el diputado Javier Hernandez, y los representantes de Fedeleche, Aproleche, Agrollanquihue, SAGO, Inacap, y el director del Diario Austral de Osorno, Marco Salazar.<\/p>\n<p>El subsecretario de Econom\u00eda, coment\u00f3 que \u201cvaloramos este tipo de instancias, donde podemos recibir las inquietudes de los diferentes gremios y cooperativas. Hoy el desarrollo nacional es integral y colaborativo, y en ese sentido las cooperativas son un buen ejemplo de esa colaboraci\u00f3n y uni\u00f3n. Necesitamos velar por un cooperativismo moderno, es decir, que detr\u00e1s de cada cooperativa exista un plan de trabajo, y una generaci\u00f3n de confianzas previa, para que estas cooperativas sean exitosas. Nosotros vamos a apoyar en este proceso, pero tenemos que trabajar en conjunto con las distintas asociaciones, entre ellas la Asociaci\u00f3n de Cooperativas del Sur, y junto a los distintos ministerios, para que esto de un buen resultado\u201d.<\/p>\n<p><a href=\"https:\/\/www.mundoagropecuario.cl\/new\/wp-content\/uploads\/2018\/08\/2.jpg\"><img loading=\"lazy\" decoding=\"async\" class=\"alignleft wp-image-8301\" src=\"https:\/\/www.mundoagropecuario.cl\/new\/wp-content\/uploads\/2018\/08\/2.jpg\" alt=\"\" width=\"350\" height=\"233\" srcset=\"https:\/\/www.mundoagropecuario.cl\/new\/wp-content\/uploads\/2018\/08\/2.jpg 601w, https:\/\/www.mundoagropecuario.cl\/new\/wp-content\/uploads\/2018\/08\/2-586x390.jpg 586w, https:\/\/www.mundoagropecuario.cl\/new\/wp-content\/uploads\/2018\/08\/2-768x511.jpg 768w\" sizes=\"auto, (max-width: 350px) 100vw, 350px\" \/><\/a>Eduardo G\u00e1rate, jefe de la Divisi\u00f3n de Asociatividad y Econom\u00eda Social del Ministerio de Econom\u00eda, relev\u00f3 la importancia de las cooperativas para las regiones: \u201cen ellas son muy potentes, generando desarrollo y empleo, otorgando as\u00ed una mejora en las condiciones de vida. El cooperativismo es a donde la econom\u00eda mundial del futuro va a ir apuntando. La \u00fanica forma de poder competir con las grandes empresas es asoci\u00e1ndose\u201d.<\/p>\n<p>Por su parte, el seremi de Econom\u00eda de Los Lagos, Francisco Mu\u00f1oz, expres\u00f3 que \u201cen la regi\u00f3n queremos imitar a las grandes cooperativas que existen en la zona, que est\u00e1n asociadas a productos primarios como la leche, replicando el modelo tambi\u00e9n en el mundo de la pesca artesanal, en los recolectores de orilla, y tambi\u00e9n en la propia agricultura. Y en ese sentido, ya hemos apalancado recursos para que el 2019 tengamos no solamente para conformaci\u00f3n de cooperativas, sino tambi\u00e9n poner a disposici\u00f3n la innovaci\u00f3n y el desarrollo de nuevos mercados, pensando incluso en la exportaci\u00f3n de estos productos\u201d.<\/p>\n<p>Como parte de la ceremonia, el presidente de las Cooperativas del Sur, que re\u00fane a Copelec, CAR, Colun, Cooprinsem, Bansur, Crell, Cooprel, Libercoop y CREO, entregaron un petitorio al subsecretario con los principales puntos, con el fin de impulsar este importante sector, junto a un galard\u00f3n por su apoyo al sector cooperativo.<\/p>\n<p>Al respecto, el presidente de la Asociaci\u00f3n de Cooperativas del Sur, Fernando Becker, coment\u00f3 que, \u201cdado los efectos que producen las estructuras cooperativas tales como la descentralizaci\u00f3n del pa\u00eds, generaci\u00f3n de riquezas regionales que son repartidas en cientos de miles de brazos chilenos, permitiendo la conformaci\u00f3n y consolidaci\u00f3n de una clase media que le brindar\u00e1 estabilidad pol\u00edtica y social a Chile, le planteamos al subsecretario y a las autoridades presentes la necesidad de un departamento de cooperativas de excelencia y profesionalismo, que ayude a formar nuevas cooperativas brindando conocimiento y apoyo, pero que sea implacable con aquellos que ampar\u00e1ndose en la estructura cooperativa cometen delitos estafando a otros chilenos&#8221;.<\/p>\n<p>&#8220;Tambi\u00e9n requerimos de un plan nacional de educaci\u00f3n cooperativa, coordinado con el Ministerio de Educaci\u00f3n y las instituciones educacionales p\u00fablicas y privadas. Se hace necesario de igual manera contar con los recursos adecuados para lograr el desarrollo que Chile necesita, ofreciendo m\u00e1s cr\u00e9ditos a las pymes y as\u00ed promover una descentralizaci\u00f3n del poder econ\u00f3mico, generando instrumentos Corfo espec\u00edficos para el sector y tener la posibilidad de acceder a fondos del Banco Central que le pertenecen a todos los chilenos. Y finalmente, que ning\u00fan sector cooperativo tenga restricciones en su constituci\u00f3n y en su desarrollo&#8221;, agreg\u00f3 Becker.<\/p>\n<p>El presidente de la Asociaci\u00f3n de Cooperativas del Sur a\u00f1adi\u00f3 que al conservar los est\u00edmulos tributarios para las cooperativas se evitar\u00e1 su desaparici\u00f3n y todas las ventajas que el modelo posee, como ha sido demostrado en pa\u00edses de notable desarrollo como Alemania, Holanda, Canad\u00e1 y Estados Unidos entre otros.<\/p>\n<p>\u201cAgradecemos la visita del subsecretario, a los seremis regionales, representantes gremiales, parlamentarios y de entidades educacionales que nos acompa\u00f1aron. Esto demuestra que las cooperativas cuentan con un gran respaldo, y seguiremos trabajando para que el sector cooperativo se siga fortaleciendo en el pa\u00eds\u201d, finaliz\u00f3 Fernando Becker.<\/p>\n<p>&nbsp;<\/p>\n","protected":false},"excerpt":{"rendered":"<p>El subsecretario de Econom\u00eda, Ignacio Guerrero Toro, asisti\u00f3 a una reuni\u00f3n en Osorno, coordinada por la Asociaci\u00f3n de Cooperativas del Sur, para conocer los requerimientos de las cooperativas, y presentar&#8230;<\/p>\n","protected":false},"author":3,"featured_media":8298,"comment_status":"closed","ping_status":"closed","sticky":false,"template":"","format":"standard","meta":{"footnotes":""},"categories":[1987],"tags":[2332,2331,2034,2337,2334,2261,2330,2333,2336,2338,2335,563],"class_list":["post-8297","post","type-post","status-publish","format-standard","has-post-thumbnail","hentry","category-instituciones","tag-bansur","tag-car","tag-colun","tag-cooperativas-del-sur","tag-cooprel","tag-cooprinsem","tag-copelec","tag-crell","tag-creo","tag-fernando-becker","tag-libercoop","tag-region-de-los-lagos"],"yoast_head":"<!-- This site is optimized with the Yoast SEO plugin v26.6 - https:\/\/yoast.com\/wordpress\/plugins\/seo\/ -->\n<title>Subsecretario de Econom\u00eda valor\u00f3 reuni\u00f3n con cooperativas y representantes gremiales de la regi\u00f3n Los Lagos - Mundoagropecuario<\/title>\n<meta name=\"robots\" content=\"index, follow, max-snippet:-1, max-image-preview:large, max-video-preview:-1\" \/>\n<link rel=\"canonical\" href=\"https:\/\/www.mundoagropecuario.cl\/new\/subsecretario-de-economia-valoro-reunion-con-cooperativas-y-representantes-gremiales-de-la-region-los-lagos\/\" \/>\n<meta property=\"og:locale\" content=\"es_ES\" \/>\n<meta property=\"og:type\" content=\"article\" \/>\n<meta property=\"og:title\" content=\"Subsecretario de Econom\u00eda valor\u00f3 reuni\u00f3n con cooperativas y representantes gremiales de la regi\u00f3n Los Lagos - Mundoagropecuario\" \/>\n<meta property=\"og:description\" content=\"El subsecretario de Econom\u00eda, Ignacio Guerrero Toro, asisti\u00f3 a una reuni\u00f3n en Osorno, coordinada por la Asociaci\u00f3n de Cooperativas del Sur, para conocer los requerimientos de las cooperativas, y presentar...\" \/>\n<meta property=\"og:url\" content=\"https:\/\/www.mundoagropecuario.cl\/new\/subsecretario-de-economia-valoro-reunion-con-cooperativas-y-representantes-gremiales-de-la-region-los-lagos\/\" \/>\n<meta property=\"og:site_name\" content=\"Mundoagropecuario\" \/>\n<meta property=\"article:publisher\" content=\"https:\/\/www.facebook.com\/mundo.agropecuario.3\" \/>\n<meta property=\"article:published_time\" content=\"2018-08-24T18:38:18+00:00\" \/>\n<meta property=\"article:modified_time\" content=\"2018-08-28T19:11:04+00:00\" \/>\n<meta property=\"og:image\" content=\"https:\/\/www.mundoagropecuario.cl\/new\/wp-content\/uploads\/2018\/08\/3.jpg\" \/>\n\t<meta property=\"og:image:width\" content=\"1000\" \/>\n\t<meta property=\"og:image:height\" content=\"666\" \/>\n\t<meta property=\"og:image:type\" content=\"image\/jpeg\" \/>\n<meta name=\"author\" content=\"periodista\" \/>\n<meta name=\"twitter:card\" content=\"summary_large_image\" \/>\n<meta name=\"twitter:creator\" content=\"@MundoAgropecuar\" \/>\n<meta name=\"twitter:site\" content=\"@MundoAgropecuar\" \/>\n<meta name=\"twitter:label1\" content=\"Escrito por\" \/>\n\t<meta name=\"twitter:data1\" content=\"periodista\" \/>\n\t<meta name=\"twitter:label2\" content=\"Tiempo de lectura\" \/>\n\t<meta name=\"twitter:data2\" content=\"4 minutos\" \/>\n<script type=\"application\/ld+json\" class=\"yoast-schema-graph\">{\"@context\":\"https:\/\/schema.org\",\"@graph\":[{\"@type\":\"Article\",\"@id\":\"https:\/\/www.mundoagropecuario.cl\/new\/subsecretario-de-economia-valoro-reunion-con-cooperativas-y-representantes-gremiales-de-la-region-los-lagos\/#article\",\"isPartOf\":{\"@id\":\"https:\/\/www.mundoagropecuario.cl\/new\/subsecretario-de-economia-valoro-reunion-con-cooperativas-y-representantes-gremiales-de-la-region-los-lagos\/\"},\"author\":{\"name\":\"periodista\",\"@id\":\"https:\/\/www.mundoagropecuario.cl\/new\/#\/schema\/person\/0c221050801c74e45256a7a9a1ff0803\"},\"headline\":\"Subsecretario de Econom\u00eda valor\u00f3 reuni\u00f3n con cooperativas y representantes gremiales de la regi\u00f3n Los Lagos\",\"datePublished\":\"2018-08-24T18:38:18+00:00\",\"dateModified\":\"2018-08-28T19:11:04+00:00\",\"mainEntityOfPage\":{\"@id\":\"https:\/\/www.mundoagropecuario.cl\/new\/subsecretario-de-economia-valoro-reunion-con-cooperativas-y-representantes-gremiales-de-la-region-los-lagos\/\"},\"wordCount\":817,\"publisher\":{\"@id\":\"https:\/\/www.mundoagropecuario.cl\/new\/#organization\"},\"image\":{\"@id\":\"https:\/\/www.mundoagropecuario.cl\/new\/subsecretario-de-economia-valoro-reunion-con-cooperativas-y-representantes-gremiales-de-la-region-los-lagos\/#primaryimage\"},\"thumbnailUrl\":\"https:\/\/www.mundoagropecuario.cl\/new\/wp-content\/uploads\/2018\/08\/3.jpg\",\"keywords\":[\"Bansur\",\"CAR\",\"Colun\",\"Cooperativas del Sur\",\"Cooprel\",\"Cooprinsem\",\"Copelec\",\"Crell\",\"CREO\",\"Fernando Becker\",\"Libercoop\",\"Regi\u00f3n de Los Lagos\"],\"articleSection\":[\"Instituciones\"],\"inLanguage\":\"es\"},{\"@type\":\"WebPage\",\"@id\":\"https:\/\/www.mundoagropecuario.cl\/new\/subsecretario-de-economia-valoro-reunion-con-cooperativas-y-representantes-gremiales-de-la-region-los-lagos\/\",\"url\":\"https:\/\/www.mundoagropecuario.cl\/new\/subsecretario-de-economia-valoro-reunion-con-cooperativas-y-representantes-gremiales-de-la-region-los-lagos\/\",\"name\":\"Subsecretario de Econom\u00eda valor\u00f3 reuni\u00f3n con cooperativas y representantes gremiales de la regi\u00f3n Los Lagos - Mundoagropecuario\",\"isPartOf\":{\"@id\":\"https:\/\/www.mundoagropecuario.cl\/new\/#website\"},\"primaryImageOfPage\":{\"@id\":\"https:\/\/www.mundoagropecuario.cl\/new\/subsecretario-de-economia-valoro-reunion-con-cooperativas-y-representantes-gremiales-de-la-region-los-lagos\/#primaryimage\"},\"image\":{\"@id\":\"https:\/\/www.mundoagropecuario.cl\/new\/subsecretario-de-economia-valoro-reunion-con-cooperativas-y-representantes-gremiales-de-la-region-los-lagos\/#primaryimage\"},\"thumbnailUrl\":\"https:\/\/www.mundoagropecuario.cl\/new\/wp-content\/uploads\/2018\/08\/3.jpg\",\"datePublished\":\"2018-08-24T18:38:18+00:00\",\"dateModified\":\"2018-08-28T19:11:04+00:00\",\"breadcrumb\":{\"@id\":\"https:\/\/www.mundoagropecuario.cl\/new\/subsecretario-de-economia-valoro-reunion-con-cooperativas-y-representantes-gremiales-de-la-region-los-lagos\/#breadcrumb\"},\"inLanguage\":\"es\",\"potentialAction\":[{\"@type\":\"ReadAction\",\"target\":[\"https:\/\/www.mundoagropecuario.cl\/new\/subsecretario-de-economia-valoro-reunion-con-cooperativas-y-representantes-gremiales-de-la-region-los-lagos\/\"]}]},{\"@type\":\"ImageObject\",\"inLanguage\":\"es\",\"@id\":\"https:\/\/www.mundoagropecuario.cl\/new\/subsecretario-de-economia-valoro-reunion-con-cooperativas-y-representantes-gremiales-de-la-region-los-lagos\/#primaryimage\",\"url\":\"https:\/\/www.mundoagropecuario.cl\/new\/wp-content\/uploads\/2018\/08\/3.jpg\",\"contentUrl\":\"https:\/\/www.mundoagropecuario.cl\/new\/wp-content\/uploads\/2018\/08\/3.jpg\",\"width\":601,\"height\":400},{\"@type\":\"BreadcrumbList\",\"@id\":\"https:\/\/www.mundoagropecuario.cl\/new\/subsecretario-de-economia-valoro-reunion-con-cooperativas-y-representantes-gremiales-de-la-region-los-lagos\/#breadcrumb\",\"itemListElement\":[{\"@type\":\"ListItem\",\"position\":1,\"name\":\"Portada\",\"item\":\"https:\/\/www.mundoagropecuario.cl\/new\/\"},{\"@type\":\"ListItem\",\"position\":2,\"name\":\"Subsecretario de Econom\u00eda valor\u00f3 reuni\u00f3n con cooperativas y representantes gremiales de la regi\u00f3n Los Lagos\"}]},{\"@type\":\"WebSite\",\"@id\":\"https:\/\/www.mundoagropecuario.cl\/new\/#website\",\"url\":\"https:\/\/www.mundoagropecuario.cl\/new\/\",\"name\":\"Mundoagropecuario\",\"description\":\"Mundo Agropecuario\",\"publisher\":{\"@id\":\"https:\/\/www.mundoagropecuario.cl\/new\/#organization\"},\"potentialAction\":[{\"@type\":\"SearchAction\",\"target\":{\"@type\":\"EntryPoint\",\"urlTemplate\":\"https:\/\/www.mundoagropecuario.cl\/new\/?s={search_term_string}\"},\"query-input\":{\"@type\":\"PropertyValueSpecification\",\"valueRequired\":true,\"valueName\":\"search_term_string\"}}],\"inLanguage\":\"es\"},{\"@type\":\"Organization\",\"@id\":\"https:\/\/www.mundoagropecuario.cl\/new\/#organization\",\"name\":\"Revista de Agricultura\",\"url\":\"https:\/\/www.mundoagropecuario.cl\/new\/\",\"logo\":{\"@type\":\"ImageObject\",\"inLanguage\":\"es\",\"@id\":\"https:\/\/www.mundoagropecuario.cl\/new\/#\/schema\/logo\/image\/\",\"url\":\"https:\/\/www.mundoagropecuario.cl\/new\/wp-content\/uploads\/2020\/11\/PORTAL-1-1.png\",\"contentUrl\":\"https:\/\/www.mundoagropecuario.cl\/new\/wp-content\/uploads\/2020\/11\/PORTAL-1-1.png\",\"width\":1026,\"height\":100,\"caption\":\"Revista de Agricultura\"},\"image\":{\"@id\":\"https:\/\/www.mundoagropecuario.cl\/new\/#\/schema\/logo\/image\/\"},\"sameAs\":[\"https:\/\/www.facebook.com\/mundo.agropecuario.3\",\"https:\/\/x.com\/MundoAgropecuar\",\"https:\/\/www.linkedin.com\/in\/mundo-agropecuario-934009201\/\"]},{\"@type\":\"Person\",\"@id\":\"https:\/\/www.mundoagropecuario.cl\/new\/#\/schema\/person\/0c221050801c74e45256a7a9a1ff0803\",\"name\":\"periodista\",\"url\":\"https:\/\/www.mundoagropecuario.cl\/new\/author\/periodista\/\"}]}<\/script>\n<!-- \/ Yoast SEO plugin. -->","yoast_head_json":{"title":"Subsecretario de Econom\u00eda valor\u00f3 reuni\u00f3n con cooperativas y representantes gremiales de la regi\u00f3n Los Lagos - Mundoagropecuario","robots":{"index":"index","follow":"follow","max-snippet":"max-snippet:-1","max-image-preview":"max-image-preview:large","max-video-preview":"max-video-preview:-1"},"canonical":"https:\/\/www.mundoagropecuario.cl\/new\/subsecretario-de-economia-valoro-reunion-con-cooperativas-y-representantes-gremiales-de-la-region-los-lagos\/","og_locale":"es_ES","og_type":"article","og_title":"Subsecretario de Econom\u00eda valor\u00f3 reuni\u00f3n con cooperativas y representantes gremiales de la regi\u00f3n Los Lagos - Mundoagropecuario","og_description":"El subsecretario de Econom\u00eda, Ignacio Guerrero Toro, asisti\u00f3 a una reuni\u00f3n en Osorno, coordinada por la Asociaci\u00f3n de Cooperativas del Sur, para conocer los requerimientos de las cooperativas, y presentar...","og_url":"https:\/\/www.mundoagropecuario.cl\/new\/subsecretario-de-economia-valoro-reunion-con-cooperativas-y-representantes-gremiales-de-la-region-los-lagos\/","og_site_name":"Mundoagropecuario","article_publisher":"https:\/\/www.facebook.com\/mundo.agropecuario.3","article_published_time":"2018-08-24T18:38:18+00:00","article_modified_time":"2018-08-28T19:11:04+00:00","og_image":[{"width":1000,"height":666,"url":"https:\/\/www.mundoagropecuario.cl\/new\/wp-content\/uploads\/2018\/08\/3.jpg","type":"image\/jpeg"}],"author":"periodista","twitter_card":"summary_large_image","twitter_creator":"@MundoAgropecuar","twitter_site":"@MundoAgropecuar","twitter_misc":{"Escrito por":"periodista","Tiempo de lectura":"4 minutos"},"schema":{"@context":"https:\/\/schema.org","@graph":[{"@type":"Article","@id":"https:\/\/www.mundoagropecuario.cl\/new\/subsecretario-de-economia-valoro-reunion-con-cooperativas-y-representantes-gremiales-de-la-region-los-lagos\/#article","isPartOf":{"@id":"https:\/\/www.mundoagropecuario.cl\/new\/subsecretario-de-economia-valoro-reunion-con-cooperativas-y-representantes-gremiales-de-la-region-los-lagos\/"},"author":{"name":"periodista","@id":"https:\/\/www.mundoagropecuario.cl\/new\/#\/schema\/person\/0c221050801c74e45256a7a9a1ff0803"},"headline":"Subsecretario de Econom\u00eda valor\u00f3 reuni\u00f3n con cooperativas y representantes gremiales de la regi\u00f3n Los Lagos","datePublished":"2018-08-24T18:38:18+00:00","dateModified":"2018-08-28T19:11:04+00:00","mainEntityOfPage":{"@id":"https:\/\/www.mundoagropecuario.cl\/new\/subsecretario-de-economia-valoro-reunion-con-cooperativas-y-representantes-gremiales-de-la-region-los-lagos\/"},"wordCount":817,"publisher":{"@id":"https:\/\/www.mundoagropecuario.cl\/new\/#organization"},"image":{"@id":"https:\/\/www.mundoagropecuario.cl\/new\/subsecretario-de-economia-valoro-reunion-con-cooperativas-y-representantes-gremiales-de-la-region-los-lagos\/#primaryimage"},"thumbnailUrl":"https:\/\/www.mundoagropecuario.cl\/new\/wp-content\/uploads\/2018\/08\/3.jpg","keywords":["Bansur","CAR","Colun","Cooperativas del Sur","Cooprel","Cooprinsem","Copelec","Crell","CREO","Fernando Becker","Libercoop","Regi\u00f3n de Los Lagos"],"articleSection":["Instituciones"],"inLanguage":"es"},{"@type":"WebPage","@id":"https:\/\/www.mundoagropecuario.cl\/new\/subsecretario-de-economia-valoro-reunion-con-cooperativas-y-representantes-gremiales-de-la-region-los-lagos\/","url":"https:\/\/www.mundoagropecuario.cl\/new\/subsecretario-de-economia-valoro-reunion-con-cooperativas-y-representantes-gremiales-de-la-region-los-lagos\/","name":"Subsecretario de Econom\u00eda valor\u00f3 reuni\u00f3n con cooperativas y representantes gremiales de la regi\u00f3n Los Lagos - Mundoagropecuario","isPartOf":{"@id":"https:\/\/www.mundoagropecuario.cl\/new\/#website"},"primaryImageOfPage":{"@id":"https:\/\/www.mundoagropecuario.cl\/new\/subsecretario-de-economia-valoro-reunion-con-cooperativas-y-representantes-gremiales-de-la-region-los-lagos\/#primaryimage"},"image":{"@id":"https:\/\/www.mundoagropecuario.cl\/new\/subsecretario-de-economia-valoro-reunion-con-cooperativas-y-representantes-gremiales-de-la-region-los-lagos\/#primaryimage"},"thumbnailUrl":"https:\/\/www.mundoagropecuario.cl\/new\/wp-content\/uploads\/2018\/08\/3.jpg","datePublished":"2018-08-24T18:38:18+00:00","dateModified":"2018-08-28T19:11:04+00:00","breadcrumb":{"@id":"https:\/\/www.mundoagropecuario.cl\/new\/subsecretario-de-economia-valoro-reunion-con-cooperativas-y-representantes-gremiales-de-la-region-los-lagos\/#breadcrumb"},"inLanguage":"es","potentialAction":[{"@type":"ReadAction","target":["https:\/\/www.mundoagropecuario.cl\/new\/subsecretario-de-economia-valoro-reunion-con-cooperativas-y-representantes-gremiales-de-la-region-los-lagos\/"]}]},{"@type":"ImageObject","inLanguage":"es","@id":"https:\/\/www.mundoagropecuario.cl\/new\/subsecretario-de-economia-valoro-reunion-con-cooperativas-y-representantes-gremiales-de-la-region-los-lagos\/#primaryimage","url":"https:\/\/www.mundoagropecuario.cl\/new\/wp-content\/uploads\/2018\/08\/3.jpg","contentUrl":"https:\/\/www.mundoagropecuario.cl\/new\/wp-content\/uploads\/2018\/08\/3.jpg","width":601,"height":400},{"@type":"BreadcrumbList","@id":"https:\/\/www.mundoagropecuario.cl\/new\/subsecretario-de-economia-valoro-reunion-con-cooperativas-y-representantes-gremiales-de-la-region-los-lagos\/#breadcrumb","itemListElement":[{"@type":"ListItem","position":1,"name":"Portada","item":"https:\/\/www.mundoagropecuario.cl\/new\/"},{"@type":"ListItem","position":2,"name":"Subsecretario de Econom\u00eda valor\u00f3 reuni\u00f3n con cooperativas y representantes gremiales de la regi\u00f3n Los Lagos"}]},{"@type":"WebSite","@id":"https:\/\/www.mundoagropecuario.cl\/new\/#website","url":"https:\/\/www.mundoagropecuario.cl\/new\/","name":"Mundoagropecuario","description":"Mundo Agropecuario","publisher":{"@id":"https:\/\/www.mundoagropecuario.cl\/new\/#organization"},"potentialAction":[{"@type":"SearchAction","target":{"@type":"EntryPoint","urlTemplate":"https:\/\/www.mundoagropecuario.cl\/new\/?s={search_term_string}"},"query-input":{"@type":"PropertyValueSpecification","valueRequired":true,"valueName":"search_term_string"}}],"inLanguage":"es"},{"@type":"Organization","@id":"https:\/\/www.mundoagropecuario.cl\/new\/#organization","name":"Revista de Agricultura","url":"https:\/\/www.mundoagropecuario.cl\/new\/","logo":{"@type":"ImageObject","inLanguage":"es","@id":"https:\/\/www.mundoagropecuario.cl\/new\/#\/schema\/logo\/image\/","url":"https:\/\/www.mundoagropecuario.cl\/new\/wp-content\/uploads\/2020\/11\/PORTAL-1-1.png","contentUrl":"https:\/\/www.mundoagropecuario.cl\/new\/wp-content\/uploads\/2020\/11\/PORTAL-1-1.png","width":1026,"height":100,"caption":"Revista de Agricultura"},"image":{"@id":"https:\/\/www.mundoagropecuario.cl\/new\/#\/schema\/logo\/image\/"},"sameAs":["https:\/\/www.facebook.com\/mundo.agropecuario.3","https:\/\/x.com\/MundoAgropecuar","https:\/\/www.linkedin.com\/in\/mundo-agropecuario-934009201\/"]},{"@type":"Person","@id":"https:\/\/www.mundoagropecuario.cl\/new\/#\/schema\/person\/0c221050801c74e45256a7a9a1ff0803","name":"periodista","url":"https:\/\/www.mundoagropecuario.cl\/new\/author\/periodista\/"}]}},"_links":{"self":[{"href":"https:\/\/www.mundoagropecuario.cl\/new\/wp-json\/wp\/v2\/posts\/8297","targetHints":{"allow":["GET"]}}],"collection":[{"href":"https:\/\/www.mundoagropecuario.cl\/new\/wp-json\/wp\/v2\/posts"}],"about":[{"href":"https:\/\/www.mundoagropecuario.cl\/new\/wp-json\/wp\/v2\/types\/post"}],"author":[{"embeddable":true,"href":"https:\/\/www.mundoagropecuario.cl\/new\/wp-json\/wp\/v2\/users\/3"}],"replies":[{"embeddable":true,"href":"https:\/\/www.mundoagropecuario.cl\/new\/wp-json\/wp\/v2\/comments?post=8297"}],"version-history":[{"count":3,"href":"https:\/\/www.mundoagropecuario.cl\/new\/wp-json\/wp\/v2\/posts\/8297\/revisions"}],"predecessor-version":[{"id":8303,"href":"https:\/\/www.mundoagropecuario.cl\/new\/wp-json\/wp\/v2\/posts\/8297\/revisions\/8303"}],"wp:featuredmedia":[{"embeddable":true,"href":"https:\/\/www.mundoagropecuario.cl\/new\/wp-json\/wp\/v2\/media\/8298"}],"wp:attachment":[{"href":"https:\/\/www.mundoagropecuario.cl\/new\/wp-json\/wp\/v2\/media?parent=8297"}],"wp:term":[{"taxonomy":"category","embeddable":true,"href":"https:\/\/www.mundoagropecuario.cl\/new\/wp-json\/wp\/v2\/categories?post=8297"},{"taxonomy":"post_tag","embeddable":true,"href":"https:\/\/www.mundoagropecuario.cl\/new\/wp-json\/wp\/v2\/tags?post=8297"}],"curies":[{"name":"wp","href":"https:\/\/api.w.org\/{rel}","templated":true}]}}