{"id":8284,"date":"2018-08-24T09:58:27","date_gmt":"2018-08-24T12:58:27","guid":{"rendered":"http:\/\/www.mundoagropecuario.cl\/new\/?p=8284"},"modified":"2018-08-24T09:58:27","modified_gmt":"2018-08-24T12:58:27","slug":"ministro-walker-la-cooperativa-representa-una-oportunidad-para-el-desarrollo-de-la-economia-y-de-la-agricultura-del-pais","status":"publish","type":"post","link":"https:\/\/www.mundoagropecuario.cl\/new\/ministro-walker-la-cooperativa-representa-una-oportunidad-para-el-desarrollo-de-la-economia-y-de-la-agricultura-del-pais\/","title":{"rendered":"Ministro Walker: \u201cLa cooperativa representa una oportunidad para el desarrollo de la econom\u00eda y de la agricultura del pa\u00eds\u201d"},"content":{"rendered":"<blockquote><p><em>En seminario sobre cooperativas, el titular de la cartera del agro reiter\u00f3 la importancia de asociarse para responder a la creciente demanda internacional por alimentos. (Minagri).<\/em><\/p><\/blockquote>\n<p>Representantes de cooperativas de todo Chile fueron el marco ideal para que el Ministro de Agricultura, Antonio Walker, explicara uno de los principales ejes del trabajo que est\u00e1 desarrollando en el Gobierno del Presidente Sebasti\u00e1n Pi\u00f1era.<\/p>\n<p>En el seminario sobre cooperativas organizado por el Senador de la Regi\u00f3n de Los R\u00edos, Alfonso de Urresti, el Secretario de Estado dijo que \u201cla cooperativa representa es una oportunidad para el desarrollo de la econom\u00eda y de nuestra agricultura que es lo m\u00e1s importantes\u201d.<\/p>\n<p>Al respecto, Walker explic\u00f3 que en pa\u00eds existen 300 mil agricultores y de ellos 285 mil son peque\u00f1os, por lo tanto, la \u00fanica forma de competir que tienen es la asociatividad.<\/p>\n<p>\u201cPor eso, el Ministerio de Agricultura est\u00e1 impulsando con tanto fuerza el cooperativismo moderno, las alianzas productivas, formar equipos, romper individualismo, porque este partido se gana en equipo y la \u00fanica forma es promoviendo la asociatividad\u201d, indic\u00f3 Walker, quien adem\u00e1s agreg\u00f3 que \u201ctenemos un mercado internacional muy demandante en volumen y en calidad, y para eso tenemos que unirnos, tenemos que asociarnos y el tema del cooperativimo es un tema central\u201d.<\/p>\n<p>En el seminario realizado en la sede del Congreso en Santiago y al que tambi\u00e9n asistieron el Presidente del Senado, Carlos Montes, y la Presidenta de la Comisi\u00f3n de Agricultura del Senado, Carmen Gloria Aravena, el Secretario de Estado destac\u00f3 este tipo de iniciativas que \u201cest\u00e1n en la l\u00ednea de lo que queremos desarrollar en nuestras pol\u00edticas p\u00fablicas del Ministerio de Agricultura\u201d.<\/p>\n<p>En el mismo sentido se\u00f1al\u00f3 que \u201clo que aqu\u00ed se ha hablado es muy interesante, porque tenemos que formar un equipo para adaptar el cooperativismo moderno, el cooperativismo moderno que se hace en otras partes del mundo, a la realidad chilena. En ese estamos trabajando, es un eje muy importante para nuestro Ministerio y vamos a realizar un Congreso Internacional el 3 y 4 de octubre, donde estamos convidando a los senadores a participar y apoyarnos del punto de vista legislativo de cu\u00e1l es la mejor legislaci\u00f3n para reimpulsar el cooperativismo moderno en Chile\u201d.<\/p>\n<p>Otras de las materias abordadas por la autoridad fue la brecha de desigualdad existente entre el campo y la ciudad, y el trabajo para impulsar el desarrollo del mundo rural, por medio de una agricultura mucho m\u00e1s moderna que les permita mejorar la calidad de vida a sus habitantes.\u00a0 \u201cLa agricultura es la actividad econ\u00f3mica m\u00e1s importante de las regiones. Por eso, si tenemos una agricultura potente vamos a tener regiones potentes. De ah\u00ed que sea necesario contar con buenas pol\u00edticas p\u00fablicas que la apoyen\u201d, sentenci\u00f3.<\/p>\n","protected":false},"excerpt":{"rendered":"<p>En seminario sobre cooperativas, el titular de la cartera del agro reiter\u00f3 la importancia de asociarse para responder a la creciente demanda internacional por alimentos. (Minagri). Representantes de cooperativas de&#8230;<\/p>\n","protected":false},"author":3,"featured_media":8285,"comment_status":"closed","ping_status":"closed","sticky":false,"template":"","format":"standard","meta":{"footnotes":""},"categories":[1987],"tags":[2035],"class_list":["post-8284","post","type-post","status-publish","format-standard","has-post-thumbnail","hentry","category-instituciones","tag-minagri"],"yoast_head":"<!-- This site is optimized with the Yoast SEO plugin v26.6 - https:\/\/yoast.com\/wordpress\/plugins\/seo\/ -->\n<title>Ministro Walker: \u201cLa cooperativa representa una oportunidad para el desarrollo de la econom\u00eda y de la agricultura del pa\u00eds\u201d - Mundoagropecuario<\/title>\n<meta name=\"robots\" content=\"index, follow, max-snippet:-1, max-image-preview:large, max-video-preview:-1\" \/>\n<link rel=\"canonical\" href=\"https:\/\/www.mundoagropecuario.cl\/new\/ministro-walker-la-cooperativa-representa-una-oportunidad-para-el-desarrollo-de-la-economia-y-de-la-agricultura-del-pais\/\" \/>\n<meta property=\"og:locale\" content=\"es_ES\" \/>\n<meta property=\"og:type\" content=\"article\" \/>\n<meta property=\"og:title\" content=\"Ministro Walker: \u201cLa cooperativa representa una oportunidad para el desarrollo de la econom\u00eda y de la agricultura del pa\u00eds\u201d - Mundoagropecuario\" \/>\n<meta property=\"og:description\" content=\"En seminario sobre cooperativas, el titular de la cartera del agro reiter\u00f3 la importancia de asociarse para responder a la creciente demanda internacional por alimentos. (Minagri). Representantes de cooperativas de...\" \/>\n<meta property=\"og:url\" content=\"https:\/\/www.mundoagropecuario.cl\/new\/ministro-walker-la-cooperativa-representa-una-oportunidad-para-el-desarrollo-de-la-economia-y-de-la-agricultura-del-pais\/\" \/>\n<meta property=\"og:site_name\" content=\"Mundoagropecuario\" \/>\n<meta property=\"article:publisher\" content=\"https:\/\/www.facebook.com\/mundo.agropecuario.3\" \/>\n<meta property=\"article:published_time\" content=\"2018-08-24T12:58:27+00:00\" \/>\n<meta property=\"og:image\" content=\"https:\/\/www.mundoagropecuario.cl\/new\/wp-content\/uploads\/2018\/08\/walkercooperativas2.jpg\" \/>\n\t<meta property=\"og:image:width\" content=\"900\" \/>\n\t<meta property=\"og:image:height\" content=\"599\" \/>\n\t<meta property=\"og:image:type\" content=\"image\/jpeg\" \/>\n<meta name=\"author\" content=\"periodista\" \/>\n<meta name=\"twitter:card\" content=\"summary_large_image\" \/>\n<meta name=\"twitter:creator\" content=\"@MundoAgropecuar\" \/>\n<meta name=\"twitter:site\" content=\"@MundoAgropecuar\" \/>\n<meta name=\"twitter:label1\" content=\"Escrito por\" \/>\n\t<meta name=\"twitter:data1\" content=\"periodista\" \/>\n\t<meta name=\"twitter:label2\" content=\"Tiempo de lectura\" \/>\n\t<meta name=\"twitter:data2\" content=\"2 minutos\" \/>\n<script type=\"application\/ld+json\" class=\"yoast-schema-graph\">{\"@context\":\"https:\/\/schema.org\",\"@graph\":[{\"@type\":\"Article\",\"@id\":\"https:\/\/www.mundoagropecuario.cl\/new\/ministro-walker-la-cooperativa-representa-una-oportunidad-para-el-desarrollo-de-la-economia-y-de-la-agricultura-del-pais\/#article\",\"isPartOf\":{\"@id\":\"https:\/\/www.mundoagropecuario.cl\/new\/ministro-walker-la-cooperativa-representa-una-oportunidad-para-el-desarrollo-de-la-economia-y-de-la-agricultura-del-pais\/\"},\"author\":{\"name\":\"periodista\",\"@id\":\"https:\/\/www.mundoagropecuario.cl\/new\/#\/schema\/person\/0c221050801c74e45256a7a9a1ff0803\"},\"headline\":\"Ministro Walker: \u201cLa cooperativa representa una oportunidad para el desarrollo de la econom\u00eda y de la agricultura del pa\u00eds\u201d\",\"datePublished\":\"2018-08-24T12:58:27+00:00\",\"mainEntityOfPage\":{\"@id\":\"https:\/\/www.mundoagropecuario.cl\/new\/ministro-walker-la-cooperativa-representa-una-oportunidad-para-el-desarrollo-de-la-economia-y-de-la-agricultura-del-pais\/\"},\"wordCount\":491,\"publisher\":{\"@id\":\"https:\/\/www.mundoagropecuario.cl\/new\/#organization\"},\"image\":{\"@id\":\"https:\/\/www.mundoagropecuario.cl\/new\/ministro-walker-la-cooperativa-representa-una-oportunidad-para-el-desarrollo-de-la-economia-y-de-la-agricultura-del-pais\/#primaryimage\"},\"thumbnailUrl\":\"https:\/\/www.mundoagropecuario.cl\/new\/wp-content\/uploads\/2018\/08\/walkercooperativas2.jpg\",\"keywords\":[\"Minagri\"],\"articleSection\":[\"Instituciones\"],\"inLanguage\":\"es\"},{\"@type\":\"WebPage\",\"@id\":\"https:\/\/www.mundoagropecuario.cl\/new\/ministro-walker-la-cooperativa-representa-una-oportunidad-para-el-desarrollo-de-la-economia-y-de-la-agricultura-del-pais\/\",\"url\":\"https:\/\/www.mundoagropecuario.cl\/new\/ministro-walker-la-cooperativa-representa-una-oportunidad-para-el-desarrollo-de-la-economia-y-de-la-agricultura-del-pais\/\",\"name\":\"Ministro Walker: \u201cLa cooperativa representa una oportunidad para el desarrollo de la econom\u00eda y de la agricultura del pa\u00eds\u201d - Mundoagropecuario\",\"isPartOf\":{\"@id\":\"https:\/\/www.mundoagropecuario.cl\/new\/#website\"},\"primaryImageOfPage\":{\"@id\":\"https:\/\/www.mundoagropecuario.cl\/new\/ministro-walker-la-cooperativa-representa-una-oportunidad-para-el-desarrollo-de-la-economia-y-de-la-agricultura-del-pais\/#primaryimage\"},\"image\":{\"@id\":\"https:\/\/www.mundoagropecuario.cl\/new\/ministro-walker-la-cooperativa-representa-una-oportunidad-para-el-desarrollo-de-la-economia-y-de-la-agricultura-del-pais\/#primaryimage\"},\"thumbnailUrl\":\"https:\/\/www.mundoagropecuario.cl\/new\/wp-content\/uploads\/2018\/08\/walkercooperativas2.jpg\",\"datePublished\":\"2018-08-24T12:58:27+00:00\",\"breadcrumb\":{\"@id\":\"https:\/\/www.mundoagropecuario.cl\/new\/ministro-walker-la-cooperativa-representa-una-oportunidad-para-el-desarrollo-de-la-economia-y-de-la-agricultura-del-pais\/#breadcrumb\"},\"inLanguage\":\"es\",\"potentialAction\":[{\"@type\":\"ReadAction\",\"target\":[\"https:\/\/www.mundoagropecuario.cl\/new\/ministro-walker-la-cooperativa-representa-una-oportunidad-para-el-desarrollo-de-la-economia-y-de-la-agricultura-del-pais\/\"]}]},{\"@type\":\"ImageObject\",\"inLanguage\":\"es\",\"@id\":\"https:\/\/www.mundoagropecuario.cl\/new\/ministro-walker-la-cooperativa-representa-una-oportunidad-para-el-desarrollo-de-la-economia-y-de-la-agricultura-del-pais\/#primaryimage\",\"url\":\"https:\/\/www.mundoagropecuario.cl\/new\/wp-content\/uploads\/2018\/08\/walkercooperativas2.jpg\",\"contentUrl\":\"https:\/\/www.mundoagropecuario.cl\/new\/wp-content\/uploads\/2018\/08\/walkercooperativas2.jpg\",\"width\":601,\"height\":400},{\"@type\":\"BreadcrumbList\",\"@id\":\"https:\/\/www.mundoagropecuario.cl\/new\/ministro-walker-la-cooperativa-representa-una-oportunidad-para-el-desarrollo-de-la-economia-y-de-la-agricultura-del-pais\/#breadcrumb\",\"itemListElement\":[{\"@type\":\"ListItem\",\"position\":1,\"name\":\"Portada\",\"item\":\"https:\/\/www.mundoagropecuario.cl\/new\/\"},{\"@type\":\"ListItem\",\"position\":2,\"name\":\"Ministro Walker: \u201cLa cooperativa representa una oportunidad para el desarrollo de la econom\u00eda y de la agricultura del pa\u00eds\u201d\"}]},{\"@type\":\"WebSite\",\"@id\":\"https:\/\/www.mundoagropecuario.cl\/new\/#website\",\"url\":\"https:\/\/www.mundoagropecuario.cl\/new\/\",\"name\":\"Mundoagropecuario\",\"description\":\"Mundo Agropecuario\",\"publisher\":{\"@id\":\"https:\/\/www.mundoagropecuario.cl\/new\/#organization\"},\"potentialAction\":[{\"@type\":\"SearchAction\",\"target\":{\"@type\":\"EntryPoint\",\"urlTemplate\":\"https:\/\/www.mundoagropecuario.cl\/new\/?s={search_term_string}\"},\"query-input\":{\"@type\":\"PropertyValueSpecification\",\"valueRequired\":true,\"valueName\":\"search_term_string\"}}],\"inLanguage\":\"es\"},{\"@type\":\"Organization\",\"@id\":\"https:\/\/www.mundoagropecuario.cl\/new\/#organization\",\"name\":\"Revista de Agricultura\",\"url\":\"https:\/\/www.mundoagropecuario.cl\/new\/\",\"logo\":{\"@type\":\"ImageObject\",\"inLanguage\":\"es\",\"@id\":\"https:\/\/www.mundoagropecuario.cl\/new\/#\/schema\/logo\/image\/\",\"url\":\"https:\/\/www.mundoagropecuario.cl\/new\/wp-content\/uploads\/2020\/11\/PORTAL-1-1.png\",\"contentUrl\":\"https:\/\/www.mundoagropecuario.cl\/new\/wp-content\/uploads\/2020\/11\/PORTAL-1-1.png\",\"width\":1026,\"height\":100,\"caption\":\"Revista de Agricultura\"},\"image\":{\"@id\":\"https:\/\/www.mundoagropecuario.cl\/new\/#\/schema\/logo\/image\/\"},\"sameAs\":[\"https:\/\/www.facebook.com\/mundo.agropecuario.3\",\"https:\/\/x.com\/MundoAgropecuar\",\"https:\/\/www.linkedin.com\/in\/mundo-agropecuario-934009201\/\"]},{\"@type\":\"Person\",\"@id\":\"https:\/\/www.mundoagropecuario.cl\/new\/#\/schema\/person\/0c221050801c74e45256a7a9a1ff0803\",\"name\":\"periodista\",\"url\":\"https:\/\/www.mundoagropecuario.cl\/new\/author\/periodista\/\"}]}<\/script>\n<!-- \/ Yoast SEO plugin. -->","yoast_head_json":{"title":"Ministro Walker: \u201cLa cooperativa representa una oportunidad para el desarrollo de la econom\u00eda y de la agricultura del pa\u00eds\u201d - Mundoagropecuario","robots":{"index":"index","follow":"follow","max-snippet":"max-snippet:-1","max-image-preview":"max-image-preview:large","max-video-preview":"max-video-preview:-1"},"canonical":"https:\/\/www.mundoagropecuario.cl\/new\/ministro-walker-la-cooperativa-representa-una-oportunidad-para-el-desarrollo-de-la-economia-y-de-la-agricultura-del-pais\/","og_locale":"es_ES","og_type":"article","og_title":"Ministro Walker: \u201cLa cooperativa representa una oportunidad para el desarrollo de la econom\u00eda y de la agricultura del pa\u00eds\u201d - Mundoagropecuario","og_description":"En seminario sobre cooperativas, el titular de la cartera del agro reiter\u00f3 la importancia de asociarse para responder a la creciente demanda internacional por alimentos. (Minagri). Representantes de cooperativas de...","og_url":"https:\/\/www.mundoagropecuario.cl\/new\/ministro-walker-la-cooperativa-representa-una-oportunidad-para-el-desarrollo-de-la-economia-y-de-la-agricultura-del-pais\/","og_site_name":"Mundoagropecuario","article_publisher":"https:\/\/www.facebook.com\/mundo.agropecuario.3","article_published_time":"2018-08-24T12:58:27+00:00","og_image":[{"width":900,"height":599,"url":"https:\/\/www.mundoagropecuario.cl\/new\/wp-content\/uploads\/2018\/08\/walkercooperativas2.jpg","type":"image\/jpeg"}],"author":"periodista","twitter_card":"summary_large_image","twitter_creator":"@MundoAgropecuar","twitter_site":"@MundoAgropecuar","twitter_misc":{"Escrito por":"periodista","Tiempo de lectura":"2 minutos"},"schema":{"@context":"https:\/\/schema.org","@graph":[{"@type":"Article","@id":"https:\/\/www.mundoagropecuario.cl\/new\/ministro-walker-la-cooperativa-representa-una-oportunidad-para-el-desarrollo-de-la-economia-y-de-la-agricultura-del-pais\/#article","isPartOf":{"@id":"https:\/\/www.mundoagropecuario.cl\/new\/ministro-walker-la-cooperativa-representa-una-oportunidad-para-el-desarrollo-de-la-economia-y-de-la-agricultura-del-pais\/"},"author":{"name":"periodista","@id":"https:\/\/www.mundoagropecuario.cl\/new\/#\/schema\/person\/0c221050801c74e45256a7a9a1ff0803"},"headline":"Ministro Walker: \u201cLa cooperativa representa una oportunidad para el desarrollo de la econom\u00eda y de la agricultura del pa\u00eds\u201d","datePublished":"2018-08-24T12:58:27+00:00","mainEntityOfPage":{"@id":"https:\/\/www.mundoagropecuario.cl\/new\/ministro-walker-la-cooperativa-representa-una-oportunidad-para-el-desarrollo-de-la-economia-y-de-la-agricultura-del-pais\/"},"wordCount":491,"publisher":{"@id":"https:\/\/www.mundoagropecuario.cl\/new\/#organization"},"image":{"@id":"https:\/\/www.mundoagropecuario.cl\/new\/ministro-walker-la-cooperativa-representa-una-oportunidad-para-el-desarrollo-de-la-economia-y-de-la-agricultura-del-pais\/#primaryimage"},"thumbnailUrl":"https:\/\/www.mundoagropecuario.cl\/new\/wp-content\/uploads\/2018\/08\/walkercooperativas2.jpg","keywords":["Minagri"],"articleSection":["Instituciones"],"inLanguage":"es"},{"@type":"WebPage","@id":"https:\/\/www.mundoagropecuario.cl\/new\/ministro-walker-la-cooperativa-representa-una-oportunidad-para-el-desarrollo-de-la-economia-y-de-la-agricultura-del-pais\/","url":"https:\/\/www.mundoagropecuario.cl\/new\/ministro-walker-la-cooperativa-representa-una-oportunidad-para-el-desarrollo-de-la-economia-y-de-la-agricultura-del-pais\/","name":"Ministro Walker: \u201cLa cooperativa representa una oportunidad para el desarrollo de la econom\u00eda y de la agricultura del pa\u00eds\u201d - Mundoagropecuario","isPartOf":{"@id":"https:\/\/www.mundoagropecuario.cl\/new\/#website"},"primaryImageOfPage":{"@id":"https:\/\/www.mundoagropecuario.cl\/new\/ministro-walker-la-cooperativa-representa-una-oportunidad-para-el-desarrollo-de-la-economia-y-de-la-agricultura-del-pais\/#primaryimage"},"image":{"@id":"https:\/\/www.mundoagropecuario.cl\/new\/ministro-walker-la-cooperativa-representa-una-oportunidad-para-el-desarrollo-de-la-economia-y-de-la-agricultura-del-pais\/#primaryimage"},"thumbnailUrl":"https:\/\/www.mundoagropecuario.cl\/new\/wp-content\/uploads\/2018\/08\/walkercooperativas2.jpg","datePublished":"2018-08-24T12:58:27+00:00","breadcrumb":{"@id":"https:\/\/www.mundoagropecuario.cl\/new\/ministro-walker-la-cooperativa-representa-una-oportunidad-para-el-desarrollo-de-la-economia-y-de-la-agricultura-del-pais\/#breadcrumb"},"inLanguage":"es","potentialAction":[{"@type":"ReadAction","target":["https:\/\/www.mundoagropecuario.cl\/new\/ministro-walker-la-cooperativa-representa-una-oportunidad-para-el-desarrollo-de-la-economia-y-de-la-agricultura-del-pais\/"]}]},{"@type":"ImageObject","inLanguage":"es","@id":"https:\/\/www.mundoagropecuario.cl\/new\/ministro-walker-la-cooperativa-representa-una-oportunidad-para-el-desarrollo-de-la-economia-y-de-la-agricultura-del-pais\/#primaryimage","url":"https:\/\/www.mundoagropecuario.cl\/new\/wp-content\/uploads\/2018\/08\/walkercooperativas2.jpg","contentUrl":"https:\/\/www.mundoagropecuario.cl\/new\/wp-content\/uploads\/2018\/08\/walkercooperativas2.jpg","width":601,"height":400},{"@type":"BreadcrumbList","@id":"https:\/\/www.mundoagropecuario.cl\/new\/ministro-walker-la-cooperativa-representa-una-oportunidad-para-el-desarrollo-de-la-economia-y-de-la-agricultura-del-pais\/#breadcrumb","itemListElement":[{"@type":"ListItem","position":1,"name":"Portada","item":"https:\/\/www.mundoagropecuario.cl\/new\/"},{"@type":"ListItem","position":2,"name":"Ministro Walker: \u201cLa cooperativa representa una oportunidad para el desarrollo de la econom\u00eda y de la agricultura del pa\u00eds\u201d"}]},{"@type":"WebSite","@id":"https:\/\/www.mundoagropecuario.cl\/new\/#website","url":"https:\/\/www.mundoagropecuario.cl\/new\/","name":"Mundoagropecuario","description":"Mundo Agropecuario","publisher":{"@id":"https:\/\/www.mundoagropecuario.cl\/new\/#organization"},"potentialAction":[{"@type":"SearchAction","target":{"@type":"EntryPoint","urlTemplate":"https:\/\/www.mundoagropecuario.cl\/new\/?s={search_term_string}"},"query-input":{"@type":"PropertyValueSpecification","valueRequired":true,"valueName":"search_term_string"}}],"inLanguage":"es"},{"@type":"Organization","@id":"https:\/\/www.mundoagropecuario.cl\/new\/#organization","name":"Revista de Agricultura","url":"https:\/\/www.mundoagropecuario.cl\/new\/","logo":{"@type":"ImageObject","inLanguage":"es","@id":"https:\/\/www.mundoagropecuario.cl\/new\/#\/schema\/logo\/image\/","url":"https:\/\/www.mundoagropecuario.cl\/new\/wp-content\/uploads\/2020\/11\/PORTAL-1-1.png","contentUrl":"https:\/\/www.mundoagropecuario.cl\/new\/wp-content\/uploads\/2020\/11\/PORTAL-1-1.png","width":1026,"height":100,"caption":"Revista de Agricultura"},"image":{"@id":"https:\/\/www.mundoagropecuario.cl\/new\/#\/schema\/logo\/image\/"},"sameAs":["https:\/\/www.facebook.com\/mundo.agropecuario.3","https:\/\/x.com\/MundoAgropecuar","https:\/\/www.linkedin.com\/in\/mundo-agropecuario-934009201\/"]},{"@type":"Person","@id":"https:\/\/www.mundoagropecuario.cl\/new\/#\/schema\/person\/0c221050801c74e45256a7a9a1ff0803","name":"periodista","url":"https:\/\/www.mundoagropecuario.cl\/new\/author\/periodista\/"}]}},"_links":{"self":[{"href":"https:\/\/www.mundoagropecuario.cl\/new\/wp-json\/wp\/v2\/posts\/8284","targetHints":{"allow":["GET"]}}],"collection":[{"href":"https:\/\/www.mundoagropecuario.cl\/new\/wp-json\/wp\/v2\/posts"}],"about":[{"href":"https:\/\/www.mundoagropecuario.cl\/new\/wp-json\/wp\/v2\/types\/post"}],"author":[{"embeddable":true,"href":"https:\/\/www.mundoagropecuario.cl\/new\/wp-json\/wp\/v2\/users\/3"}],"replies":[{"embeddable":true,"href":"https:\/\/www.mundoagropecuario.cl\/new\/wp-json\/wp\/v2\/comments?post=8284"}],"version-history":[{"count":1,"href":"https:\/\/www.mundoagropecuario.cl\/new\/wp-json\/wp\/v2\/posts\/8284\/revisions"}],"predecessor-version":[{"id":8286,"href":"https:\/\/www.mundoagropecuario.cl\/new\/wp-json\/wp\/v2\/posts\/8284\/revisions\/8286"}],"wp:featuredmedia":[{"embeddable":true,"href":"https:\/\/www.mundoagropecuario.cl\/new\/wp-json\/wp\/v2\/media\/8285"}],"wp:attachment":[{"href":"https:\/\/www.mundoagropecuario.cl\/new\/wp-json\/wp\/v2\/media?parent=8284"}],"wp:term":[{"taxonomy":"category","embeddable":true,"href":"https:\/\/www.mundoagropecuario.cl\/new\/wp-json\/wp\/v2\/categories?post=8284"},{"taxonomy":"post_tag","embeddable":true,"href":"https:\/\/www.mundoagropecuario.cl\/new\/wp-json\/wp\/v2\/tags?post=8284"}],"curies":[{"name":"wp","href":"https:\/\/api.w.org\/{rel}","templated":true}]}}