{"id":8270,"date":"2018-08-24T09:02:51","date_gmt":"2018-08-24T12:02:51","guid":{"rendered":"http:\/\/www.mundoagropecuario.cl\/new\/?p=8270"},"modified":"2018-08-27T17:32:18","modified_gmt":"2018-08-27T20:32:18","slug":"piden-al-estado-acciones-legales-por-caso-de-leche-contaminada","status":"publish","type":"post","link":"https:\/\/www.mundoagropecuario.cl\/new\/piden-al-estado-acciones-legales-por-caso-de-leche-contaminada\/","title":{"rendered":"Piden al Estado acciones legales por caso de leche contaminada"},"content":{"rendered":"<blockquote><p><em>Integrantes de la Comisi\u00f3n de Salud pidieron al gobierno que denuncie al Ministerio P\u00fablico por la distribuci\u00f3n de leche para prematuros contaminada porque \u201cel C\u00f3digo Penal establece que quien produzca un alimento que pueda afectar a la salud de la poblaci\u00f3n se expone a sanciones penales\u201d. (Mundo Agropecuario).<\/em><\/p><\/blockquote>\n<p>Los senadores de la Comisi\u00f3n de Salud se reunieron con autoridades del Ministerio de Salud y de la Central Nacional de Abastecimiento (Cenabast) para analizar el caso de partidas de las leches NAN de Nestl\u00e9 para prematuros, que fueron sacadas de circulaci\u00f3n por contaminaci\u00f3n de hongos y bacterias.<\/p>\n<p>Al t\u00e9rmino de la reuni\u00f3n, el senador Guido Girardi, presidente de la instancia se\u00f1al\u00f3 que \u201cconsideramos grav\u00edsimo que una trasnacional, que se supone seria, y que tiene una licitaci\u00f3n con Chile para proveer de leche ni\u00f1os prematuros entregue un producto contaminado con hongos y con bacterias como estafilococos que son muy agresivos\u201d.<\/p>\n<p>El parlamentario explic\u00f3 que \u201cen Chile tenemos alrededor de 2.500 ni\u00f1os prematuros, que son los m\u00e1s d\u00e9biles pues no tienen sistema inmune ni defensas y ante cualquier patolog\u00eda corre riesgos alt\u00edsimos\u201d.<\/p>\n<p>Agreg\u00f3 que esta situaci\u00f3n es a\u00fan m\u00e1s grave porque \u201cson un monopolio, son los \u00fanicos proveedores y el Estado licita con ellos en la confianza que lo van a hacer bien y ahora se ve obligado a buscar reemplazos como leche purita fortificada o de inicio que no son las m\u00e1s adecuadas, pero que en este caso son de utilidad\u201d.<\/p>\n<p>Para el parlamentario \u201cel da\u00f1o no es solo a los ni\u00f1os y sus familias, sino que tambi\u00e9n a toda la credibilidad del sistema que hasta ahora hab\u00eda funcionado bien. Por eso que la empresa debe asumir el mayor costo que implique importar otros productos\u201d.<\/p>\n<p>Asimismo, propuso que \u201cla empresa debe reembolsar el gasto al que incurrieron los padres por tener que adquirir de sus bolsillos otra leche no contaminada. No podr\u00e1n \u2018reembolsar\u2019 la angustia y preocupaciones, pero por lo menos que paguen el producto\u201d.<\/p>\n<p>Adem\u00e1s, el senador pidi\u00f3 a la Cenabast, \u201csacar a Nestl\u00e9 de las licitaciones \u2013los tribunales ya los excluyeron por dos a\u00f1os por pr\u00e1cticas antisindicales- por un mayor per\u00edodo\u201d y solicit\u00f3 al Minsal que \u201cque establezca una denuncia penal, porque quien conoce un delito est\u00e1 obligado a ponerlo en conocimiento del Ministerio P\u00fablico. Hay un art\u00edculo del C\u00f3digo Penal que se\u00f1ala que quien produzca un alimento que pueda afectar a la salud de la poblaci\u00f3n se expone a sanciones penales\u201d.<\/p>\n","protected":false},"excerpt":{"rendered":"<p>Integrantes de la Comisi\u00f3n de Salud pidieron al gobierno que denuncie al Ministerio P\u00fablico por la distribuci\u00f3n de leche para prematuros contaminada porque \u201cel C\u00f3digo Penal establece que quien produzca&#8230;<\/p>\n","protected":false},"author":3,"featured_media":8271,"comment_status":"closed","ping_status":"closed","sticky":false,"template":"","format":"standard","meta":{"footnotes":""},"categories":[126],"tags":[2324,2256,2150,883],"class_list":["post-8270","post","type-post","status-publish","format-standard","has-post-thumbnail","hentry","category-noticias","tag-comision-de-salud","tag-nan","tag-nestle","tag-senado"],"yoast_head":"<!-- This site is optimized with the Yoast SEO plugin v26.6 - https:\/\/yoast.com\/wordpress\/plugins\/seo\/ -->\n<title>Piden al Estado acciones legales por caso de leche contaminada - Mundoagropecuario<\/title>\n<meta name=\"robots\" content=\"index, follow, max-snippet:-1, max-image-preview:large, max-video-preview:-1\" \/>\n<link rel=\"canonical\" href=\"https:\/\/www.mundoagropecuario.cl\/new\/piden-al-estado-acciones-legales-por-caso-de-leche-contaminada\/\" \/>\n<meta property=\"og:locale\" content=\"es_ES\" \/>\n<meta property=\"og:type\" content=\"article\" \/>\n<meta property=\"og:title\" content=\"Piden al Estado acciones legales por caso de leche contaminada - Mundoagropecuario\" \/>\n<meta property=\"og:description\" content=\"Integrantes de la Comisi\u00f3n de Salud pidieron al gobierno que denuncie al Ministerio P\u00fablico por la distribuci\u00f3n de leche para prematuros contaminada porque \u201cel C\u00f3digo Penal establece que quien produzca...\" \/>\n<meta property=\"og:url\" content=\"https:\/\/www.mundoagropecuario.cl\/new\/piden-al-estado-acciones-legales-por-caso-de-leche-contaminada\/\" \/>\n<meta property=\"og:site_name\" content=\"Mundoagropecuario\" \/>\n<meta property=\"article:publisher\" content=\"https:\/\/www.facebook.com\/mundo.agropecuario.3\" \/>\n<meta property=\"article:published_time\" content=\"2018-08-24T12:02:51+00:00\" \/>\n<meta property=\"article:modified_time\" content=\"2018-08-27T20:32:18+00:00\" \/>\n<meta property=\"og:image\" content=\"https:\/\/www.mundoagropecuario.cl\/new\/wp-content\/uploads\/2018\/08\/nanprematuros.jpg\" \/>\n\t<meta property=\"og:image:width\" content=\"900\" \/>\n\t<meta property=\"og:image:height\" content=\"506\" \/>\n\t<meta property=\"og:image:type\" content=\"image\/jpeg\" \/>\n<meta name=\"author\" content=\"periodista\" \/>\n<meta name=\"twitter:card\" content=\"summary_large_image\" \/>\n<meta name=\"twitter:creator\" content=\"@MundoAgropecuar\" \/>\n<meta name=\"twitter:site\" content=\"@MundoAgropecuar\" \/>\n<meta name=\"twitter:label1\" content=\"Escrito por\" \/>\n\t<meta name=\"twitter:data1\" content=\"periodista\" \/>\n\t<meta name=\"twitter:label2\" content=\"Tiempo de lectura\" \/>\n\t<meta name=\"twitter:data2\" content=\"2 minutos\" \/>\n<script type=\"application\/ld+json\" class=\"yoast-schema-graph\">{\"@context\":\"https:\/\/schema.org\",\"@graph\":[{\"@type\":\"Article\",\"@id\":\"https:\/\/www.mundoagropecuario.cl\/new\/piden-al-estado-acciones-legales-por-caso-de-leche-contaminada\/#article\",\"isPartOf\":{\"@id\":\"https:\/\/www.mundoagropecuario.cl\/new\/piden-al-estado-acciones-legales-por-caso-de-leche-contaminada\/\"},\"author\":{\"name\":\"periodista\",\"@id\":\"https:\/\/www.mundoagropecuario.cl\/new\/#\/schema\/person\/0c221050801c74e45256a7a9a1ff0803\"},\"headline\":\"Piden al Estado acciones legales por caso de leche contaminada\",\"datePublished\":\"2018-08-24T12:02:51+00:00\",\"dateModified\":\"2018-08-27T20:32:18+00:00\",\"mainEntityOfPage\":{\"@id\":\"https:\/\/www.mundoagropecuario.cl\/new\/piden-al-estado-acciones-legales-por-caso-de-leche-contaminada\/\"},\"wordCount\":448,\"publisher\":{\"@id\":\"https:\/\/www.mundoagropecuario.cl\/new\/#organization\"},\"image\":{\"@id\":\"https:\/\/www.mundoagropecuario.cl\/new\/piden-al-estado-acciones-legales-por-caso-de-leche-contaminada\/#primaryimage\"},\"thumbnailUrl\":\"https:\/\/www.mundoagropecuario.cl\/new\/wp-content\/uploads\/2018\/08\/nanprematuros.jpg\",\"keywords\":[\"Comisi\u00f3n de Salud\",\"NAN\",\"Nestl\u00e9\",\"Senado\"],\"articleSection\":[\"Noticias\"],\"inLanguage\":\"es\"},{\"@type\":\"WebPage\",\"@id\":\"https:\/\/www.mundoagropecuario.cl\/new\/piden-al-estado-acciones-legales-por-caso-de-leche-contaminada\/\",\"url\":\"https:\/\/www.mundoagropecuario.cl\/new\/piden-al-estado-acciones-legales-por-caso-de-leche-contaminada\/\",\"name\":\"Piden al Estado acciones legales por caso de leche contaminada - Mundoagropecuario\",\"isPartOf\":{\"@id\":\"https:\/\/www.mundoagropecuario.cl\/new\/#website\"},\"primaryImageOfPage\":{\"@id\":\"https:\/\/www.mundoagropecuario.cl\/new\/piden-al-estado-acciones-legales-por-caso-de-leche-contaminada\/#primaryimage\"},\"image\":{\"@id\":\"https:\/\/www.mundoagropecuario.cl\/new\/piden-al-estado-acciones-legales-por-caso-de-leche-contaminada\/#primaryimage\"},\"thumbnailUrl\":\"https:\/\/www.mundoagropecuario.cl\/new\/wp-content\/uploads\/2018\/08\/nanprematuros.jpg\",\"datePublished\":\"2018-08-24T12:02:51+00:00\",\"dateModified\":\"2018-08-27T20:32:18+00:00\",\"breadcrumb\":{\"@id\":\"https:\/\/www.mundoagropecuario.cl\/new\/piden-al-estado-acciones-legales-por-caso-de-leche-contaminada\/#breadcrumb\"},\"inLanguage\":\"es\",\"potentialAction\":[{\"@type\":\"ReadAction\",\"target\":[\"https:\/\/www.mundoagropecuario.cl\/new\/piden-al-estado-acciones-legales-por-caso-de-leche-contaminada\/\"]}]},{\"@type\":\"ImageObject\",\"inLanguage\":\"es\",\"@id\":\"https:\/\/www.mundoagropecuario.cl\/new\/piden-al-estado-acciones-legales-por-caso-de-leche-contaminada\/#primaryimage\",\"url\":\"https:\/\/www.mundoagropecuario.cl\/new\/wp-content\/uploads\/2018\/08\/nanprematuros.jpg\",\"contentUrl\":\"https:\/\/www.mundoagropecuario.cl\/new\/wp-content\/uploads\/2018\/08\/nanprematuros.jpg\",\"width\":711,\"height\":400},{\"@type\":\"BreadcrumbList\",\"@id\":\"https:\/\/www.mundoagropecuario.cl\/new\/piden-al-estado-acciones-legales-por-caso-de-leche-contaminada\/#breadcrumb\",\"itemListElement\":[{\"@type\":\"ListItem\",\"position\":1,\"name\":\"Portada\",\"item\":\"https:\/\/www.mundoagropecuario.cl\/new\/\"},{\"@type\":\"ListItem\",\"position\":2,\"name\":\"Piden al Estado acciones legales por caso de leche contaminada\"}]},{\"@type\":\"WebSite\",\"@id\":\"https:\/\/www.mundoagropecuario.cl\/new\/#website\",\"url\":\"https:\/\/www.mundoagropecuario.cl\/new\/\",\"name\":\"Mundoagropecuario\",\"description\":\"Mundo Agropecuario\",\"publisher\":{\"@id\":\"https:\/\/www.mundoagropecuario.cl\/new\/#organization\"},\"potentialAction\":[{\"@type\":\"SearchAction\",\"target\":{\"@type\":\"EntryPoint\",\"urlTemplate\":\"https:\/\/www.mundoagropecuario.cl\/new\/?s={search_term_string}\"},\"query-input\":{\"@type\":\"PropertyValueSpecification\",\"valueRequired\":true,\"valueName\":\"search_term_string\"}}],\"inLanguage\":\"es\"},{\"@type\":\"Organization\",\"@id\":\"https:\/\/www.mundoagropecuario.cl\/new\/#organization\",\"name\":\"Revista de Agricultura\",\"url\":\"https:\/\/www.mundoagropecuario.cl\/new\/\",\"logo\":{\"@type\":\"ImageObject\",\"inLanguage\":\"es\",\"@id\":\"https:\/\/www.mundoagropecuario.cl\/new\/#\/schema\/logo\/image\/\",\"url\":\"https:\/\/www.mundoagropecuario.cl\/new\/wp-content\/uploads\/2020\/11\/PORTAL-1-1.png\",\"contentUrl\":\"https:\/\/www.mundoagropecuario.cl\/new\/wp-content\/uploads\/2020\/11\/PORTAL-1-1.png\",\"width\":1026,\"height\":100,\"caption\":\"Revista de Agricultura\"},\"image\":{\"@id\":\"https:\/\/www.mundoagropecuario.cl\/new\/#\/schema\/logo\/image\/\"},\"sameAs\":[\"https:\/\/www.facebook.com\/mundo.agropecuario.3\",\"https:\/\/x.com\/MundoAgropecuar\",\"https:\/\/www.linkedin.com\/in\/mundo-agropecuario-934009201\/\"]},{\"@type\":\"Person\",\"@id\":\"https:\/\/www.mundoagropecuario.cl\/new\/#\/schema\/person\/0c221050801c74e45256a7a9a1ff0803\",\"name\":\"periodista\",\"url\":\"https:\/\/www.mundoagropecuario.cl\/new\/author\/periodista\/\"}]}<\/script>\n<!-- \/ Yoast SEO plugin. -->","yoast_head_json":{"title":"Piden al Estado acciones legales por caso de leche contaminada - Mundoagropecuario","robots":{"index":"index","follow":"follow","max-snippet":"max-snippet:-1","max-image-preview":"max-image-preview:large","max-video-preview":"max-video-preview:-1"},"canonical":"https:\/\/www.mundoagropecuario.cl\/new\/piden-al-estado-acciones-legales-por-caso-de-leche-contaminada\/","og_locale":"es_ES","og_type":"article","og_title":"Piden al Estado acciones legales por caso de leche contaminada - Mundoagropecuario","og_description":"Integrantes de la Comisi\u00f3n de Salud pidieron al gobierno que denuncie al Ministerio P\u00fablico por la distribuci\u00f3n de leche para prematuros contaminada porque \u201cel C\u00f3digo Penal establece que quien produzca...","og_url":"https:\/\/www.mundoagropecuario.cl\/new\/piden-al-estado-acciones-legales-por-caso-de-leche-contaminada\/","og_site_name":"Mundoagropecuario","article_publisher":"https:\/\/www.facebook.com\/mundo.agropecuario.3","article_published_time":"2018-08-24T12:02:51+00:00","article_modified_time":"2018-08-27T20:32:18+00:00","og_image":[{"width":900,"height":506,"url":"https:\/\/www.mundoagropecuario.cl\/new\/wp-content\/uploads\/2018\/08\/nanprematuros.jpg","type":"image\/jpeg"}],"author":"periodista","twitter_card":"summary_large_image","twitter_creator":"@MundoAgropecuar","twitter_site":"@MundoAgropecuar","twitter_misc":{"Escrito por":"periodista","Tiempo de lectura":"2 minutos"},"schema":{"@context":"https:\/\/schema.org","@graph":[{"@type":"Article","@id":"https:\/\/www.mundoagropecuario.cl\/new\/piden-al-estado-acciones-legales-por-caso-de-leche-contaminada\/#article","isPartOf":{"@id":"https:\/\/www.mundoagropecuario.cl\/new\/piden-al-estado-acciones-legales-por-caso-de-leche-contaminada\/"},"author":{"name":"periodista","@id":"https:\/\/www.mundoagropecuario.cl\/new\/#\/schema\/person\/0c221050801c74e45256a7a9a1ff0803"},"headline":"Piden al Estado acciones legales por caso de leche contaminada","datePublished":"2018-08-24T12:02:51+00:00","dateModified":"2018-08-27T20:32:18+00:00","mainEntityOfPage":{"@id":"https:\/\/www.mundoagropecuario.cl\/new\/piden-al-estado-acciones-legales-por-caso-de-leche-contaminada\/"},"wordCount":448,"publisher":{"@id":"https:\/\/www.mundoagropecuario.cl\/new\/#organization"},"image":{"@id":"https:\/\/www.mundoagropecuario.cl\/new\/piden-al-estado-acciones-legales-por-caso-de-leche-contaminada\/#primaryimage"},"thumbnailUrl":"https:\/\/www.mundoagropecuario.cl\/new\/wp-content\/uploads\/2018\/08\/nanprematuros.jpg","keywords":["Comisi\u00f3n de Salud","NAN","Nestl\u00e9","Senado"],"articleSection":["Noticias"],"inLanguage":"es"},{"@type":"WebPage","@id":"https:\/\/www.mundoagropecuario.cl\/new\/piden-al-estado-acciones-legales-por-caso-de-leche-contaminada\/","url":"https:\/\/www.mundoagropecuario.cl\/new\/piden-al-estado-acciones-legales-por-caso-de-leche-contaminada\/","name":"Piden al Estado acciones legales por caso de leche contaminada - Mundoagropecuario","isPartOf":{"@id":"https:\/\/www.mundoagropecuario.cl\/new\/#website"},"primaryImageOfPage":{"@id":"https:\/\/www.mundoagropecuario.cl\/new\/piden-al-estado-acciones-legales-por-caso-de-leche-contaminada\/#primaryimage"},"image":{"@id":"https:\/\/www.mundoagropecuario.cl\/new\/piden-al-estado-acciones-legales-por-caso-de-leche-contaminada\/#primaryimage"},"thumbnailUrl":"https:\/\/www.mundoagropecuario.cl\/new\/wp-content\/uploads\/2018\/08\/nanprematuros.jpg","datePublished":"2018-08-24T12:02:51+00:00","dateModified":"2018-08-27T20:32:18+00:00","breadcrumb":{"@id":"https:\/\/www.mundoagropecuario.cl\/new\/piden-al-estado-acciones-legales-por-caso-de-leche-contaminada\/#breadcrumb"},"inLanguage":"es","potentialAction":[{"@type":"ReadAction","target":["https:\/\/www.mundoagropecuario.cl\/new\/piden-al-estado-acciones-legales-por-caso-de-leche-contaminada\/"]}]},{"@type":"ImageObject","inLanguage":"es","@id":"https:\/\/www.mundoagropecuario.cl\/new\/piden-al-estado-acciones-legales-por-caso-de-leche-contaminada\/#primaryimage","url":"https:\/\/www.mundoagropecuario.cl\/new\/wp-content\/uploads\/2018\/08\/nanprematuros.jpg","contentUrl":"https:\/\/www.mundoagropecuario.cl\/new\/wp-content\/uploads\/2018\/08\/nanprematuros.jpg","width":711,"height":400},{"@type":"BreadcrumbList","@id":"https:\/\/www.mundoagropecuario.cl\/new\/piden-al-estado-acciones-legales-por-caso-de-leche-contaminada\/#breadcrumb","itemListElement":[{"@type":"ListItem","position":1,"name":"Portada","item":"https:\/\/www.mundoagropecuario.cl\/new\/"},{"@type":"ListItem","position":2,"name":"Piden al Estado acciones legales por caso de leche contaminada"}]},{"@type":"WebSite","@id":"https:\/\/www.mundoagropecuario.cl\/new\/#website","url":"https:\/\/www.mundoagropecuario.cl\/new\/","name":"Mundoagropecuario","description":"Mundo Agropecuario","publisher":{"@id":"https:\/\/www.mundoagropecuario.cl\/new\/#organization"},"potentialAction":[{"@type":"SearchAction","target":{"@type":"EntryPoint","urlTemplate":"https:\/\/www.mundoagropecuario.cl\/new\/?s={search_term_string}"},"query-input":{"@type":"PropertyValueSpecification","valueRequired":true,"valueName":"search_term_string"}}],"inLanguage":"es"},{"@type":"Organization","@id":"https:\/\/www.mundoagropecuario.cl\/new\/#organization","name":"Revista de Agricultura","url":"https:\/\/www.mundoagropecuario.cl\/new\/","logo":{"@type":"ImageObject","inLanguage":"es","@id":"https:\/\/www.mundoagropecuario.cl\/new\/#\/schema\/logo\/image\/","url":"https:\/\/www.mundoagropecuario.cl\/new\/wp-content\/uploads\/2020\/11\/PORTAL-1-1.png","contentUrl":"https:\/\/www.mundoagropecuario.cl\/new\/wp-content\/uploads\/2020\/11\/PORTAL-1-1.png","width":1026,"height":100,"caption":"Revista de Agricultura"},"image":{"@id":"https:\/\/www.mundoagropecuario.cl\/new\/#\/schema\/logo\/image\/"},"sameAs":["https:\/\/www.facebook.com\/mundo.agropecuario.3","https:\/\/x.com\/MundoAgropecuar","https:\/\/www.linkedin.com\/in\/mundo-agropecuario-934009201\/"]},{"@type":"Person","@id":"https:\/\/www.mundoagropecuario.cl\/new\/#\/schema\/person\/0c221050801c74e45256a7a9a1ff0803","name":"periodista","url":"https:\/\/www.mundoagropecuario.cl\/new\/author\/periodista\/"}]}},"_links":{"self":[{"href":"https:\/\/www.mundoagropecuario.cl\/new\/wp-json\/wp\/v2\/posts\/8270","targetHints":{"allow":["GET"]}}],"collection":[{"href":"https:\/\/www.mundoagropecuario.cl\/new\/wp-json\/wp\/v2\/posts"}],"about":[{"href":"https:\/\/www.mundoagropecuario.cl\/new\/wp-json\/wp\/v2\/types\/post"}],"author":[{"embeddable":true,"href":"https:\/\/www.mundoagropecuario.cl\/new\/wp-json\/wp\/v2\/users\/3"}],"replies":[{"embeddable":true,"href":"https:\/\/www.mundoagropecuario.cl\/new\/wp-json\/wp\/v2\/comments?post=8270"}],"version-history":[{"count":2,"href":"https:\/\/www.mundoagropecuario.cl\/new\/wp-json\/wp\/v2\/posts\/8270\/revisions"}],"predecessor-version":[{"id":8329,"href":"https:\/\/www.mundoagropecuario.cl\/new\/wp-json\/wp\/v2\/posts\/8270\/revisions\/8329"}],"wp:featuredmedia":[{"embeddable":true,"href":"https:\/\/www.mundoagropecuario.cl\/new\/wp-json\/wp\/v2\/media\/8271"}],"wp:attachment":[{"href":"https:\/\/www.mundoagropecuario.cl\/new\/wp-json\/wp\/v2\/media?parent=8270"}],"wp:term":[{"taxonomy":"category","embeddable":true,"href":"https:\/\/www.mundoagropecuario.cl\/new\/wp-json\/wp\/v2\/categories?post=8270"},{"taxonomy":"post_tag","embeddable":true,"href":"https:\/\/www.mundoagropecuario.cl\/new\/wp-json\/wp\/v2\/tags?post=8270"}],"curies":[{"name":"wp","href":"https:\/\/api.w.org\/{rel}","templated":true}]}}