{"id":8252,"date":"2018-08-23T09:29:47","date_gmt":"2018-08-23T12:29:47","guid":{"rendered":"http:\/\/www.mundoagropecuario.cl\/new\/?p=8252"},"modified":"2018-08-27T17:41:09","modified_gmt":"2018-08-27T20:41:09","slug":"agricultura-organizo-curso-de-poda-para-mujeres-campesinas-de-la-region-de-aysen","status":"publish","type":"post","link":"https:\/\/www.mundoagropecuario.cl\/new\/agricultura-organizo-curso-de-poda-para-mujeres-campesinas-de-la-region-de-aysen\/","title":{"rendered":"Agricultura organiz\u00f3 curso de poda para mujeres campesinas de la regi\u00f3n de Ays\u00e9n"},"content":{"rendered":"<blockquote><p><em>Mejorar productividad y competitividad de las mujeres que habitan y trabajan en las zonas rurales del pa\u00eds es uno de los objetivos que la Comisi\u00f3n Regional de Igualdad de Oportunidades (CRIO) del Ministerio de Agricultura (Minagri) impulsar\u00e1 durante el Gobierno del Presidente Pi\u00f1era. (Mundo Agropecuario).<\/em><\/p><\/blockquote>\n<p>La Comisi\u00f3n de Igualdad de Oportunidades (CRIO) del Ministerio de Agricultura en la regi\u00f3n desarroll\u00f3 un taller para mujeres rurales de la zona, instancia en la cual pudieron conocer los principios generales de la poda, entendiendo que los frutales menores son un rubro emergente y con gran potencial en la zona.<\/p>\n<p>\u201cEsta actividad se enmarca dentro de nuestro lineamiento estrat\u00e9gico del ministerio de Agricultura vinculado a la innovaci\u00f3n, entendiendo la capacidad de las mujeres campesinas en adquirir nuevos conocimientos e innovar. Lo anterior lo han demostrado en el excelente trabajo que han realizado en lo que se refiere frutales menores, productos forestales no madereros, artesan\u00edas, entre otros rubros\u201d, indic\u00f3 el secretario regional ministerial de Agricultura.<\/p>\n<p>Igualmente, Sandoval agreg\u00f3 \u201cla labor que realizan las mujeres en los predios debemos potenciarlos, apoy\u00e1ndolas en sus emprendimientos. Nuestra regi\u00f3n es joven, que tiene que desarrollarse y para ello la innovaci\u00f3n es fundamental, y la mujer rural es la llave de entrada en este tema\u201d, puntualiz\u00f3 la autoridad regional del agro.<\/p>\n<p><a href=\"https:\/\/www.mundoagropecuario.cl\/new\/wp-content\/uploads\/2018\/08\/minagriaysen.jpg\"><img loading=\"lazy\" decoding=\"async\" class=\"alignnone wp-image-8254\" src=\"https:\/\/www.mundoagropecuario.cl\/new\/wp-content\/uploads\/2018\/08\/minagriaysen.jpg\" alt=\"\" width=\"700\" height=\"525\" srcset=\"https:\/\/www.mundoagropecuario.cl\/new\/wp-content\/uploads\/2018\/08\/minagriaysen.jpg 533w, https:\/\/www.mundoagropecuario.cl\/new\/wp-content\/uploads\/2018\/08\/minagriaysen-586x440.jpg 586w, https:\/\/www.mundoagropecuario.cl\/new\/wp-content\/uploads\/2018\/08\/minagriaysen-768x576.jpg 768w\" sizes=\"auto, (max-width: 700px) 100vw, 700px\" \/><\/a>El taller, organizado por la Comisi\u00f3n Regional de Igualdad de Oportunidades (CRIO) del Ministerio de Agricultura, tiene por objetivo mejorar la productividad y competitividad de las mujeres que habitan y trabajan en las zonas rurales del pa\u00eds, acci\u00f3n intersectorial que realizan los distintos servicios del agro.<\/p>\n<p>Entre los puntos tocados en el taller \u2013dictado por profesionales del Programa Indap Fomento al Desarrollo Frut\u00edcola de la Agricultura Familiar Campesina- se destacan la poda en distintos \u00e9pocas del a\u00f1o, adem\u00e1s de la poda de renovaci\u00f3n en distintos \u00e1rboles y arbustos.<\/p>\n<p>Por su parte, Flor Troncoso, productora del sector de Valle Simpson, manifest\u00f3 que \u201ceste taller fue muy interesante, aprendimos de manera te\u00f3rica y pr\u00e1ctica acciones que realizamos siempre en el campo, pero mejorando la t\u00e9cnica. En definitiva, feliz que se desarrollen estas instancias en la que podemos participar mujeres y amentar la productividad de nuestros huertos\u201d.<\/p>\n<p>En la regi\u00f3n de Ays\u00e9n, cerca de un 80% de la poblaci\u00f3n reside en zonas urbanas y 20% en zonas rurales, con alrededor de siete mil mujeres campesinas viviendo, trabajando y aportando al crecimiento social, econ\u00f3mico y cultural de sus sectores, localidades y de la regi\u00f3n en su conjunto.<\/p>\n","protected":false},"excerpt":{"rendered":"<p>Mejorar productividad y competitividad de las mujeres que habitan y trabajan en las zonas rurales del pa\u00eds es uno de los objetivos que la Comisi\u00f3n Regional de Igualdad de Oportunidades&#8230;<\/p>\n","protected":false},"author":3,"featured_media":8253,"comment_status":"closed","ping_status":"closed","sticky":false,"template":"","format":"standard","meta":{"footnotes":""},"categories":[126],"tags":[2320,2035,2321,434],"class_list":["post-8252","post","type-post","status-publish","format-standard","has-post-thumbnail","hentry","category-noticias","tag-comision-regional-de-igualdad-de-oportunidades-crio","tag-minagri","tag-programa-indap-fomento-al-desarrollo-fruticola-de-la-agricultura-familiar-campesina","tag-region-de-aysen"],"yoast_head":"<!-- This site is optimized with the Yoast SEO plugin v26.6 - https:\/\/yoast.com\/wordpress\/plugins\/seo\/ -->\n<title>Agricultura organiz\u00f3 curso de poda para mujeres campesinas de la regi\u00f3n de Ays\u00e9n - Mundoagropecuario<\/title>\n<meta name=\"robots\" content=\"index, follow, max-snippet:-1, max-image-preview:large, max-video-preview:-1\" \/>\n<link rel=\"canonical\" href=\"https:\/\/www.mundoagropecuario.cl\/new\/agricultura-organizo-curso-de-poda-para-mujeres-campesinas-de-la-region-de-aysen\/\" \/>\n<meta property=\"og:locale\" content=\"es_ES\" \/>\n<meta property=\"og:type\" content=\"article\" \/>\n<meta property=\"og:title\" content=\"Agricultura organiz\u00f3 curso de poda para mujeres campesinas de la regi\u00f3n de Ays\u00e9n - Mundoagropecuario\" \/>\n<meta property=\"og:description\" content=\"Mejorar productividad y competitividad de las mujeres que habitan y trabajan en las zonas rurales del pa\u00eds es uno de los objetivos que la Comisi\u00f3n Regional de Igualdad de Oportunidades...\" \/>\n<meta property=\"og:url\" content=\"https:\/\/www.mundoagropecuario.cl\/new\/agricultura-organizo-curso-de-poda-para-mujeres-campesinas-de-la-region-de-aysen\/\" \/>\n<meta property=\"og:site_name\" content=\"Mundoagropecuario\" \/>\n<meta property=\"article:publisher\" content=\"https:\/\/www.facebook.com\/mundo.agropecuario.3\" \/>\n<meta property=\"article:published_time\" content=\"2018-08-23T12:29:47+00:00\" \/>\n<meta property=\"article:modified_time\" content=\"2018-08-27T20:41:09+00:00\" \/>\n<meta property=\"og:image\" content=\"https:\/\/www.mundoagropecuario.cl\/new\/wp-content\/uploads\/2018\/08\/minagriaysen2.jpg\" \/>\n\t<meta property=\"og:image:width\" content=\"900\" \/>\n\t<meta property=\"og:image:height\" content=\"675\" \/>\n\t<meta property=\"og:image:type\" content=\"image\/jpeg\" \/>\n<meta name=\"author\" content=\"periodista\" \/>\n<meta name=\"twitter:card\" content=\"summary_large_image\" \/>\n<meta name=\"twitter:creator\" content=\"@MundoAgropecuar\" \/>\n<meta name=\"twitter:site\" content=\"@MundoAgropecuar\" \/>\n<meta name=\"twitter:label1\" content=\"Escrito por\" \/>\n\t<meta name=\"twitter:data1\" content=\"periodista\" \/>\n\t<meta name=\"twitter:label2\" content=\"Tiempo de lectura\" \/>\n\t<meta name=\"twitter:data2\" content=\"2 minutos\" \/>\n<script type=\"application\/ld+json\" class=\"yoast-schema-graph\">{\"@context\":\"https:\/\/schema.org\",\"@graph\":[{\"@type\":\"Article\",\"@id\":\"https:\/\/www.mundoagropecuario.cl\/new\/agricultura-organizo-curso-de-poda-para-mujeres-campesinas-de-la-region-de-aysen\/#article\",\"isPartOf\":{\"@id\":\"https:\/\/www.mundoagropecuario.cl\/new\/agricultura-organizo-curso-de-poda-para-mujeres-campesinas-de-la-region-de-aysen\/\"},\"author\":{\"name\":\"periodista\",\"@id\":\"https:\/\/www.mundoagropecuario.cl\/new\/#\/schema\/person\/0c221050801c74e45256a7a9a1ff0803\"},\"headline\":\"Agricultura organiz\u00f3 curso de poda para mujeres campesinas de la regi\u00f3n de Ays\u00e9n\",\"datePublished\":\"2018-08-23T12:29:47+00:00\",\"dateModified\":\"2018-08-27T20:41:09+00:00\",\"mainEntityOfPage\":{\"@id\":\"https:\/\/www.mundoagropecuario.cl\/new\/agricultura-organizo-curso-de-poda-para-mujeres-campesinas-de-la-region-de-aysen\/\"},\"wordCount\":443,\"publisher\":{\"@id\":\"https:\/\/www.mundoagropecuario.cl\/new\/#organization\"},\"image\":{\"@id\":\"https:\/\/www.mundoagropecuario.cl\/new\/agricultura-organizo-curso-de-poda-para-mujeres-campesinas-de-la-region-de-aysen\/#primaryimage\"},\"thumbnailUrl\":\"https:\/\/www.mundoagropecuario.cl\/new\/wp-content\/uploads\/2018\/08\/minagriaysen2.jpg\",\"keywords\":[\"Comisi\u00f3n Regional de Igualdad de Oportunidades (CRIO)\",\"Minagri\",\"Programa Indap Fomento al Desarrollo Frut\u00edcola de la Agricultura Familiar Campesina\",\"Regi\u00f3n de Ays\u00e9n\"],\"articleSection\":[\"Noticias\"],\"inLanguage\":\"es\"},{\"@type\":\"WebPage\",\"@id\":\"https:\/\/www.mundoagropecuario.cl\/new\/agricultura-organizo-curso-de-poda-para-mujeres-campesinas-de-la-region-de-aysen\/\",\"url\":\"https:\/\/www.mundoagropecuario.cl\/new\/agricultura-organizo-curso-de-poda-para-mujeres-campesinas-de-la-region-de-aysen\/\",\"name\":\"Agricultura organiz\u00f3 curso de poda para mujeres campesinas de la regi\u00f3n de Ays\u00e9n - Mundoagropecuario\",\"isPartOf\":{\"@id\":\"https:\/\/www.mundoagropecuario.cl\/new\/#website\"},\"primaryImageOfPage\":{\"@id\":\"https:\/\/www.mundoagropecuario.cl\/new\/agricultura-organizo-curso-de-poda-para-mujeres-campesinas-de-la-region-de-aysen\/#primaryimage\"},\"image\":{\"@id\":\"https:\/\/www.mundoagropecuario.cl\/new\/agricultura-organizo-curso-de-poda-para-mujeres-campesinas-de-la-region-de-aysen\/#primaryimage\"},\"thumbnailUrl\":\"https:\/\/www.mundoagropecuario.cl\/new\/wp-content\/uploads\/2018\/08\/minagriaysen2.jpg\",\"datePublished\":\"2018-08-23T12:29:47+00:00\",\"dateModified\":\"2018-08-27T20:41:09+00:00\",\"breadcrumb\":{\"@id\":\"https:\/\/www.mundoagropecuario.cl\/new\/agricultura-organizo-curso-de-poda-para-mujeres-campesinas-de-la-region-de-aysen\/#breadcrumb\"},\"inLanguage\":\"es\",\"potentialAction\":[{\"@type\":\"ReadAction\",\"target\":[\"https:\/\/www.mundoagropecuario.cl\/new\/agricultura-organizo-curso-de-poda-para-mujeres-campesinas-de-la-region-de-aysen\/\"]}]},{\"@type\":\"ImageObject\",\"inLanguage\":\"es\",\"@id\":\"https:\/\/www.mundoagropecuario.cl\/new\/agricultura-organizo-curso-de-poda-para-mujeres-campesinas-de-la-region-de-aysen\/#primaryimage\",\"url\":\"https:\/\/www.mundoagropecuario.cl\/new\/wp-content\/uploads\/2018\/08\/minagriaysen2.jpg\",\"contentUrl\":\"https:\/\/www.mundoagropecuario.cl\/new\/wp-content\/uploads\/2018\/08\/minagriaysen2.jpg\",\"width\":533,\"height\":400},{\"@type\":\"BreadcrumbList\",\"@id\":\"https:\/\/www.mundoagropecuario.cl\/new\/agricultura-organizo-curso-de-poda-para-mujeres-campesinas-de-la-region-de-aysen\/#breadcrumb\",\"itemListElement\":[{\"@type\":\"ListItem\",\"position\":1,\"name\":\"Portada\",\"item\":\"https:\/\/www.mundoagropecuario.cl\/new\/\"},{\"@type\":\"ListItem\",\"position\":2,\"name\":\"Agricultura organiz\u00f3 curso de poda para mujeres campesinas de la regi\u00f3n de Ays\u00e9n\"}]},{\"@type\":\"WebSite\",\"@id\":\"https:\/\/www.mundoagropecuario.cl\/new\/#website\",\"url\":\"https:\/\/www.mundoagropecuario.cl\/new\/\",\"name\":\"Mundoagropecuario\",\"description\":\"Mundo Agropecuario\",\"publisher\":{\"@id\":\"https:\/\/www.mundoagropecuario.cl\/new\/#organization\"},\"potentialAction\":[{\"@type\":\"SearchAction\",\"target\":{\"@type\":\"EntryPoint\",\"urlTemplate\":\"https:\/\/www.mundoagropecuario.cl\/new\/?s={search_term_string}\"},\"query-input\":{\"@type\":\"PropertyValueSpecification\",\"valueRequired\":true,\"valueName\":\"search_term_string\"}}],\"inLanguage\":\"es\"},{\"@type\":\"Organization\",\"@id\":\"https:\/\/www.mundoagropecuario.cl\/new\/#organization\",\"name\":\"Revista de Agricultura\",\"url\":\"https:\/\/www.mundoagropecuario.cl\/new\/\",\"logo\":{\"@type\":\"ImageObject\",\"inLanguage\":\"es\",\"@id\":\"https:\/\/www.mundoagropecuario.cl\/new\/#\/schema\/logo\/image\/\",\"url\":\"https:\/\/www.mundoagropecuario.cl\/new\/wp-content\/uploads\/2020\/11\/PORTAL-1-1.png\",\"contentUrl\":\"https:\/\/www.mundoagropecuario.cl\/new\/wp-content\/uploads\/2020\/11\/PORTAL-1-1.png\",\"width\":1026,\"height\":100,\"caption\":\"Revista de Agricultura\"},\"image\":{\"@id\":\"https:\/\/www.mundoagropecuario.cl\/new\/#\/schema\/logo\/image\/\"},\"sameAs\":[\"https:\/\/www.facebook.com\/mundo.agropecuario.3\",\"https:\/\/x.com\/MundoAgropecuar\",\"https:\/\/www.linkedin.com\/in\/mundo-agropecuario-934009201\/\"]},{\"@type\":\"Person\",\"@id\":\"https:\/\/www.mundoagropecuario.cl\/new\/#\/schema\/person\/0c221050801c74e45256a7a9a1ff0803\",\"name\":\"periodista\",\"url\":\"https:\/\/www.mundoagropecuario.cl\/new\/author\/periodista\/\"}]}<\/script>\n<!-- \/ Yoast SEO plugin. -->","yoast_head_json":{"title":"Agricultura organiz\u00f3 curso de poda para mujeres campesinas de la regi\u00f3n de Ays\u00e9n - Mundoagropecuario","robots":{"index":"index","follow":"follow","max-snippet":"max-snippet:-1","max-image-preview":"max-image-preview:large","max-video-preview":"max-video-preview:-1"},"canonical":"https:\/\/www.mundoagropecuario.cl\/new\/agricultura-organizo-curso-de-poda-para-mujeres-campesinas-de-la-region-de-aysen\/","og_locale":"es_ES","og_type":"article","og_title":"Agricultura organiz\u00f3 curso de poda para mujeres campesinas de la regi\u00f3n de Ays\u00e9n - Mundoagropecuario","og_description":"Mejorar productividad y competitividad de las mujeres que habitan y trabajan en las zonas rurales del pa\u00eds es uno de los objetivos que la Comisi\u00f3n Regional de Igualdad de Oportunidades...","og_url":"https:\/\/www.mundoagropecuario.cl\/new\/agricultura-organizo-curso-de-poda-para-mujeres-campesinas-de-la-region-de-aysen\/","og_site_name":"Mundoagropecuario","article_publisher":"https:\/\/www.facebook.com\/mundo.agropecuario.3","article_published_time":"2018-08-23T12:29:47+00:00","article_modified_time":"2018-08-27T20:41:09+00:00","og_image":[{"width":900,"height":675,"url":"https:\/\/www.mundoagropecuario.cl\/new\/wp-content\/uploads\/2018\/08\/minagriaysen2.jpg","type":"image\/jpeg"}],"author":"periodista","twitter_card":"summary_large_image","twitter_creator":"@MundoAgropecuar","twitter_site":"@MundoAgropecuar","twitter_misc":{"Escrito por":"periodista","Tiempo de lectura":"2 minutos"},"schema":{"@context":"https:\/\/schema.org","@graph":[{"@type":"Article","@id":"https:\/\/www.mundoagropecuario.cl\/new\/agricultura-organizo-curso-de-poda-para-mujeres-campesinas-de-la-region-de-aysen\/#article","isPartOf":{"@id":"https:\/\/www.mundoagropecuario.cl\/new\/agricultura-organizo-curso-de-poda-para-mujeres-campesinas-de-la-region-de-aysen\/"},"author":{"name":"periodista","@id":"https:\/\/www.mundoagropecuario.cl\/new\/#\/schema\/person\/0c221050801c74e45256a7a9a1ff0803"},"headline":"Agricultura organiz\u00f3 curso de poda para mujeres campesinas de la regi\u00f3n de Ays\u00e9n","datePublished":"2018-08-23T12:29:47+00:00","dateModified":"2018-08-27T20:41:09+00:00","mainEntityOfPage":{"@id":"https:\/\/www.mundoagropecuario.cl\/new\/agricultura-organizo-curso-de-poda-para-mujeres-campesinas-de-la-region-de-aysen\/"},"wordCount":443,"publisher":{"@id":"https:\/\/www.mundoagropecuario.cl\/new\/#organization"},"image":{"@id":"https:\/\/www.mundoagropecuario.cl\/new\/agricultura-organizo-curso-de-poda-para-mujeres-campesinas-de-la-region-de-aysen\/#primaryimage"},"thumbnailUrl":"https:\/\/www.mundoagropecuario.cl\/new\/wp-content\/uploads\/2018\/08\/minagriaysen2.jpg","keywords":["Comisi\u00f3n Regional de Igualdad de Oportunidades (CRIO)","Minagri","Programa Indap Fomento al Desarrollo Frut\u00edcola de la Agricultura Familiar Campesina","Regi\u00f3n de Ays\u00e9n"],"articleSection":["Noticias"],"inLanguage":"es"},{"@type":"WebPage","@id":"https:\/\/www.mundoagropecuario.cl\/new\/agricultura-organizo-curso-de-poda-para-mujeres-campesinas-de-la-region-de-aysen\/","url":"https:\/\/www.mundoagropecuario.cl\/new\/agricultura-organizo-curso-de-poda-para-mujeres-campesinas-de-la-region-de-aysen\/","name":"Agricultura organiz\u00f3 curso de poda para mujeres campesinas de la regi\u00f3n de Ays\u00e9n - Mundoagropecuario","isPartOf":{"@id":"https:\/\/www.mundoagropecuario.cl\/new\/#website"},"primaryImageOfPage":{"@id":"https:\/\/www.mundoagropecuario.cl\/new\/agricultura-organizo-curso-de-poda-para-mujeres-campesinas-de-la-region-de-aysen\/#primaryimage"},"image":{"@id":"https:\/\/www.mundoagropecuario.cl\/new\/agricultura-organizo-curso-de-poda-para-mujeres-campesinas-de-la-region-de-aysen\/#primaryimage"},"thumbnailUrl":"https:\/\/www.mundoagropecuario.cl\/new\/wp-content\/uploads\/2018\/08\/minagriaysen2.jpg","datePublished":"2018-08-23T12:29:47+00:00","dateModified":"2018-08-27T20:41:09+00:00","breadcrumb":{"@id":"https:\/\/www.mundoagropecuario.cl\/new\/agricultura-organizo-curso-de-poda-para-mujeres-campesinas-de-la-region-de-aysen\/#breadcrumb"},"inLanguage":"es","potentialAction":[{"@type":"ReadAction","target":["https:\/\/www.mundoagropecuario.cl\/new\/agricultura-organizo-curso-de-poda-para-mujeres-campesinas-de-la-region-de-aysen\/"]}]},{"@type":"ImageObject","inLanguage":"es","@id":"https:\/\/www.mundoagropecuario.cl\/new\/agricultura-organizo-curso-de-poda-para-mujeres-campesinas-de-la-region-de-aysen\/#primaryimage","url":"https:\/\/www.mundoagropecuario.cl\/new\/wp-content\/uploads\/2018\/08\/minagriaysen2.jpg","contentUrl":"https:\/\/www.mundoagropecuario.cl\/new\/wp-content\/uploads\/2018\/08\/minagriaysen2.jpg","width":533,"height":400},{"@type":"BreadcrumbList","@id":"https:\/\/www.mundoagropecuario.cl\/new\/agricultura-organizo-curso-de-poda-para-mujeres-campesinas-de-la-region-de-aysen\/#breadcrumb","itemListElement":[{"@type":"ListItem","position":1,"name":"Portada","item":"https:\/\/www.mundoagropecuario.cl\/new\/"},{"@type":"ListItem","position":2,"name":"Agricultura organiz\u00f3 curso de poda para mujeres campesinas de la regi\u00f3n de Ays\u00e9n"}]},{"@type":"WebSite","@id":"https:\/\/www.mundoagropecuario.cl\/new\/#website","url":"https:\/\/www.mundoagropecuario.cl\/new\/","name":"Mundoagropecuario","description":"Mundo Agropecuario","publisher":{"@id":"https:\/\/www.mundoagropecuario.cl\/new\/#organization"},"potentialAction":[{"@type":"SearchAction","target":{"@type":"EntryPoint","urlTemplate":"https:\/\/www.mundoagropecuario.cl\/new\/?s={search_term_string}"},"query-input":{"@type":"PropertyValueSpecification","valueRequired":true,"valueName":"search_term_string"}}],"inLanguage":"es"},{"@type":"Organization","@id":"https:\/\/www.mundoagropecuario.cl\/new\/#organization","name":"Revista de Agricultura","url":"https:\/\/www.mundoagropecuario.cl\/new\/","logo":{"@type":"ImageObject","inLanguage":"es","@id":"https:\/\/www.mundoagropecuario.cl\/new\/#\/schema\/logo\/image\/","url":"https:\/\/www.mundoagropecuario.cl\/new\/wp-content\/uploads\/2020\/11\/PORTAL-1-1.png","contentUrl":"https:\/\/www.mundoagropecuario.cl\/new\/wp-content\/uploads\/2020\/11\/PORTAL-1-1.png","width":1026,"height":100,"caption":"Revista de Agricultura"},"image":{"@id":"https:\/\/www.mundoagropecuario.cl\/new\/#\/schema\/logo\/image\/"},"sameAs":["https:\/\/www.facebook.com\/mundo.agropecuario.3","https:\/\/x.com\/MundoAgropecuar","https:\/\/www.linkedin.com\/in\/mundo-agropecuario-934009201\/"]},{"@type":"Person","@id":"https:\/\/www.mundoagropecuario.cl\/new\/#\/schema\/person\/0c221050801c74e45256a7a9a1ff0803","name":"periodista","url":"https:\/\/www.mundoagropecuario.cl\/new\/author\/periodista\/"}]}},"_links":{"self":[{"href":"https:\/\/www.mundoagropecuario.cl\/new\/wp-json\/wp\/v2\/posts\/8252","targetHints":{"allow":["GET"]}}],"collection":[{"href":"https:\/\/www.mundoagropecuario.cl\/new\/wp-json\/wp\/v2\/posts"}],"about":[{"href":"https:\/\/www.mundoagropecuario.cl\/new\/wp-json\/wp\/v2\/types\/post"}],"author":[{"embeddable":true,"href":"https:\/\/www.mundoagropecuario.cl\/new\/wp-json\/wp\/v2\/users\/3"}],"replies":[{"embeddable":true,"href":"https:\/\/www.mundoagropecuario.cl\/new\/wp-json\/wp\/v2\/comments?post=8252"}],"version-history":[{"count":1,"href":"https:\/\/www.mundoagropecuario.cl\/new\/wp-json\/wp\/v2\/posts\/8252\/revisions"}],"predecessor-version":[{"id":8255,"href":"https:\/\/www.mundoagropecuario.cl\/new\/wp-json\/wp\/v2\/posts\/8252\/revisions\/8255"}],"wp:featuredmedia":[{"embeddable":true,"href":"https:\/\/www.mundoagropecuario.cl\/new\/wp-json\/wp\/v2\/media\/8253"}],"wp:attachment":[{"href":"https:\/\/www.mundoagropecuario.cl\/new\/wp-json\/wp\/v2\/media?parent=8252"}],"wp:term":[{"taxonomy":"category","embeddable":true,"href":"https:\/\/www.mundoagropecuario.cl\/new\/wp-json\/wp\/v2\/categories?post=8252"},{"taxonomy":"post_tag","embeddable":true,"href":"https:\/\/www.mundoagropecuario.cl\/new\/wp-json\/wp\/v2\/tags?post=8252"}],"curies":[{"name":"wp","href":"https:\/\/api.w.org\/{rel}","templated":true}]}}