{"id":8171,"date":"2018-08-17T10:00:00","date_gmt":"2018-08-17T13:00:00","guid":{"rendered":"http:\/\/www.mundoagropecuario.cl\/new\/?p=8171"},"modified":"2018-08-17T10:01:59","modified_gmt":"2018-08-17T13:01:59","slug":"agricultores-de-programas-prodesal-y-pdti-de-lago-ranco-recibieron-proyectos-de-inversion","status":"publish","type":"post","link":"https:\/\/www.mundoagropecuario.cl\/new\/agricultores-de-programas-prodesal-y-pdti-de-lago-ranco-recibieron-proyectos-de-inversion\/","title":{"rendered":"Agricultores de programas Prodesal y PDTI de Lago Ranco recibieron proyectos de inversi\u00f3n"},"content":{"rendered":"<blockquote><p><em>Maquinaria e implementos de apoyo agr\u00edcola por m\u00e1s de 20 millones de pesos fueron entregados a 33 peque\u00f1os productores de la comuna de Lago Ranco, en la regi\u00f3n de Los R\u00edos. (Mundo Agropecuario).<\/em><\/p><\/blockquote>\n<p>Los incentivos se enmarcan dentro de los proyectos de inversi\u00f3n que Indap destina a los agricultores que son parte de los programas de Desarrollo Local (Prodesal) y de Desarrollo Territorial Ind\u00edgena (PDTI).<\/p>\n<p>Los beneficiados recibieron desbrozadoras, motosierras, triturador de granos, motocultivadores y maquinaria de orde\u00f1a m\u00f3vil, adem\u00e1s de materiales de construcci\u00f3n para bodegas, invernaderos y bodegas para secar le\u00f1a.<\/p>\n<p>El alcalde de Lago Ranco, Miguel Meza, expres\u00f3 que \u201ccon este capital de trabajo los peque\u00f1os productores podr\u00e1n continuar sus labores agr\u00edcolas y emprendimientos, y siempre estaremos pendientes de sus necesidades\u201d.<\/p>\n<p>El director (s) de Indap Los R\u00edos, Marcelo Ram\u00edrez, enfatiz\u00f3 que para el gobierno del Presidente Pi\u00f1era es muy importante la peque\u00f1a agricultura, porque es el motor para el desarrollo de la regi\u00f3n y la provincia. \u201cLos convenios que tenemos con las municipalidades en la regi\u00f3n, mediante los programas PDTI y Prodesal, nos permiten llegar a los usuarios con proyectos de inversi\u00f3n que fortalecen cada uno de sus rubros y proyectos\u201d.<\/p>\n<p>La agricultora Prodesal Olga Urrutia, del sector Mayay en la comuna de Lago Ranco, agradeci\u00f3 la entrega efectuada por Indap y coment\u00f3 que \u201cesto me servir\u00e1 para hacer apotreramiento para mi crianza de ovejas, as\u00ed que estoy muy feliz y agradecida\u201d.<\/p>\n<p>En la ceremonia participaron tambi\u00e9n el jefe de \u00e1rea de Indap R\u00edo Bueno, Mauricio Miranda, equipos territoriales y beneficiarios.<\/p>\n","protected":false},"excerpt":{"rendered":"<p>Maquinaria e implementos de apoyo agr\u00edcola por m\u00e1s de 20 millones de pesos fueron entregados a 33 peque\u00f1os productores de la comuna de Lago Ranco, en la regi\u00f3n de Los&#8230;<\/p>\n","protected":false},"author":3,"featured_media":8172,"comment_status":"closed","ping_status":"closed","sticky":false,"template":"","format":"standard","meta":{"footnotes":""},"categories":[1987],"tags":[1992,2295,1076],"class_list":["post-8171","post","type-post","status-publish","format-standard","has-post-thumbnail","hentry","category-instituciones","tag-indap","tag-lago-ranco","tag-region-de-los-rios"],"yoast_head":"<!-- This site is optimized with the Yoast SEO plugin v26.6 - https:\/\/yoast.com\/wordpress\/plugins\/seo\/ -->\n<title>Agricultores de programas Prodesal y PDTI de Lago Ranco recibieron proyectos de inversi\u00f3n - Mundoagropecuario<\/title>\n<meta name=\"robots\" content=\"index, follow, max-snippet:-1, max-image-preview:large, max-video-preview:-1\" \/>\n<link rel=\"canonical\" href=\"https:\/\/www.mundoagropecuario.cl\/new\/agricultores-de-programas-prodesal-y-pdti-de-lago-ranco-recibieron-proyectos-de-inversion\/\" \/>\n<meta property=\"og:locale\" content=\"es_ES\" \/>\n<meta property=\"og:type\" content=\"article\" \/>\n<meta property=\"og:title\" content=\"Agricultores de programas Prodesal y PDTI de Lago Ranco recibieron proyectos de inversi\u00f3n - Mundoagropecuario\" \/>\n<meta property=\"og:description\" content=\"Maquinaria e implementos de apoyo agr\u00edcola por m\u00e1s de 20 millones de pesos fueron entregados a 33 peque\u00f1os productores de la comuna de Lago Ranco, en la regi\u00f3n de Los...\" \/>\n<meta property=\"og:url\" content=\"https:\/\/www.mundoagropecuario.cl\/new\/agricultores-de-programas-prodesal-y-pdti-de-lago-ranco-recibieron-proyectos-de-inversion\/\" \/>\n<meta property=\"og:site_name\" content=\"Mundoagropecuario\" \/>\n<meta property=\"article:publisher\" content=\"https:\/\/www.facebook.com\/mundo.agropecuario.3\" \/>\n<meta property=\"article:published_time\" content=\"2018-08-17T13:00:00+00:00\" \/>\n<meta property=\"article:modified_time\" content=\"2018-08-17T13:01:59+00:00\" \/>\n<meta property=\"og:image\" content=\"https:\/\/www.mundoagropecuario.cl\/new\/wp-content\/uploads\/2018\/08\/lagoranco.jpg\" \/>\n\t<meta property=\"og:image:width\" content=\"900\" \/>\n\t<meta property=\"og:image:height\" content=\"599\" \/>\n\t<meta property=\"og:image:type\" content=\"image\/jpeg\" \/>\n<meta name=\"author\" content=\"periodista\" \/>\n<meta name=\"twitter:card\" content=\"summary_large_image\" \/>\n<meta name=\"twitter:creator\" content=\"@MundoAgropecuar\" \/>\n<meta name=\"twitter:site\" content=\"@MundoAgropecuar\" \/>\n<meta name=\"twitter:label1\" content=\"Escrito por\" \/>\n\t<meta name=\"twitter:data1\" content=\"periodista\" \/>\n\t<meta name=\"twitter:label2\" content=\"Tiempo de lectura\" \/>\n\t<meta name=\"twitter:data2\" content=\"1 minuto\" \/>\n<script type=\"application\/ld+json\" class=\"yoast-schema-graph\">{\"@context\":\"https:\/\/schema.org\",\"@graph\":[{\"@type\":\"Article\",\"@id\":\"https:\/\/www.mundoagropecuario.cl\/new\/agricultores-de-programas-prodesal-y-pdti-de-lago-ranco-recibieron-proyectos-de-inversion\/#article\",\"isPartOf\":{\"@id\":\"https:\/\/www.mundoagropecuario.cl\/new\/agricultores-de-programas-prodesal-y-pdti-de-lago-ranco-recibieron-proyectos-de-inversion\/\"},\"author\":{\"name\":\"periodista\",\"@id\":\"https:\/\/www.mundoagropecuario.cl\/new\/#\/schema\/person\/0c221050801c74e45256a7a9a1ff0803\"},\"headline\":\"Agricultores de programas Prodesal y PDTI de Lago Ranco recibieron proyectos de inversi\u00f3n\",\"datePublished\":\"2018-08-17T13:00:00+00:00\",\"dateModified\":\"2018-08-17T13:01:59+00:00\",\"mainEntityOfPage\":{\"@id\":\"https:\/\/www.mundoagropecuario.cl\/new\/agricultores-de-programas-prodesal-y-pdti-de-lago-ranco-recibieron-proyectos-de-inversion\/\"},\"wordCount\":290,\"publisher\":{\"@id\":\"https:\/\/www.mundoagropecuario.cl\/new\/#organization\"},\"image\":{\"@id\":\"https:\/\/www.mundoagropecuario.cl\/new\/agricultores-de-programas-prodesal-y-pdti-de-lago-ranco-recibieron-proyectos-de-inversion\/#primaryimage\"},\"thumbnailUrl\":\"https:\/\/www.mundoagropecuario.cl\/new\/wp-content\/uploads\/2018\/08\/lagoranco.jpg\",\"keywords\":[\"Indap\",\"Lago Ranco\",\"Regi\u00f3n de Los R\u00edos\"],\"articleSection\":[\"Instituciones\"],\"inLanguage\":\"es\"},{\"@type\":\"WebPage\",\"@id\":\"https:\/\/www.mundoagropecuario.cl\/new\/agricultores-de-programas-prodesal-y-pdti-de-lago-ranco-recibieron-proyectos-de-inversion\/\",\"url\":\"https:\/\/www.mundoagropecuario.cl\/new\/agricultores-de-programas-prodesal-y-pdti-de-lago-ranco-recibieron-proyectos-de-inversion\/\",\"name\":\"Agricultores de programas Prodesal y PDTI de Lago Ranco recibieron proyectos de inversi\u00f3n - Mundoagropecuario\",\"isPartOf\":{\"@id\":\"https:\/\/www.mundoagropecuario.cl\/new\/#website\"},\"primaryImageOfPage\":{\"@id\":\"https:\/\/www.mundoagropecuario.cl\/new\/agricultores-de-programas-prodesal-y-pdti-de-lago-ranco-recibieron-proyectos-de-inversion\/#primaryimage\"},\"image\":{\"@id\":\"https:\/\/www.mundoagropecuario.cl\/new\/agricultores-de-programas-prodesal-y-pdti-de-lago-ranco-recibieron-proyectos-de-inversion\/#primaryimage\"},\"thumbnailUrl\":\"https:\/\/www.mundoagropecuario.cl\/new\/wp-content\/uploads\/2018\/08\/lagoranco.jpg\",\"datePublished\":\"2018-08-17T13:00:00+00:00\",\"dateModified\":\"2018-08-17T13:01:59+00:00\",\"breadcrumb\":{\"@id\":\"https:\/\/www.mundoagropecuario.cl\/new\/agricultores-de-programas-prodesal-y-pdti-de-lago-ranco-recibieron-proyectos-de-inversion\/#breadcrumb\"},\"inLanguage\":\"es\",\"potentialAction\":[{\"@type\":\"ReadAction\",\"target\":[\"https:\/\/www.mundoagropecuario.cl\/new\/agricultores-de-programas-prodesal-y-pdti-de-lago-ranco-recibieron-proyectos-de-inversion\/\"]}]},{\"@type\":\"ImageObject\",\"inLanguage\":\"es\",\"@id\":\"https:\/\/www.mundoagropecuario.cl\/new\/agricultores-de-programas-prodesal-y-pdti-de-lago-ranco-recibieron-proyectos-de-inversion\/#primaryimage\",\"url\":\"https:\/\/www.mundoagropecuario.cl\/new\/wp-content\/uploads\/2018\/08\/lagoranco.jpg\",\"contentUrl\":\"https:\/\/www.mundoagropecuario.cl\/new\/wp-content\/uploads\/2018\/08\/lagoranco.jpg\",\"width\":601,\"height\":400},{\"@type\":\"BreadcrumbList\",\"@id\":\"https:\/\/www.mundoagropecuario.cl\/new\/agricultores-de-programas-prodesal-y-pdti-de-lago-ranco-recibieron-proyectos-de-inversion\/#breadcrumb\",\"itemListElement\":[{\"@type\":\"ListItem\",\"position\":1,\"name\":\"Portada\",\"item\":\"https:\/\/www.mundoagropecuario.cl\/new\/\"},{\"@type\":\"ListItem\",\"position\":2,\"name\":\"Agricultores de programas Prodesal y PDTI de Lago Ranco recibieron proyectos de inversi\u00f3n\"}]},{\"@type\":\"WebSite\",\"@id\":\"https:\/\/www.mundoagropecuario.cl\/new\/#website\",\"url\":\"https:\/\/www.mundoagropecuario.cl\/new\/\",\"name\":\"Mundoagropecuario\",\"description\":\"Mundo Agropecuario\",\"publisher\":{\"@id\":\"https:\/\/www.mundoagropecuario.cl\/new\/#organization\"},\"potentialAction\":[{\"@type\":\"SearchAction\",\"target\":{\"@type\":\"EntryPoint\",\"urlTemplate\":\"https:\/\/www.mundoagropecuario.cl\/new\/?s={search_term_string}\"},\"query-input\":{\"@type\":\"PropertyValueSpecification\",\"valueRequired\":true,\"valueName\":\"search_term_string\"}}],\"inLanguage\":\"es\"},{\"@type\":\"Organization\",\"@id\":\"https:\/\/www.mundoagropecuario.cl\/new\/#organization\",\"name\":\"Revista de Agricultura\",\"url\":\"https:\/\/www.mundoagropecuario.cl\/new\/\",\"logo\":{\"@type\":\"ImageObject\",\"inLanguage\":\"es\",\"@id\":\"https:\/\/www.mundoagropecuario.cl\/new\/#\/schema\/logo\/image\/\",\"url\":\"https:\/\/www.mundoagropecuario.cl\/new\/wp-content\/uploads\/2020\/11\/PORTAL-1-1.png\",\"contentUrl\":\"https:\/\/www.mundoagropecuario.cl\/new\/wp-content\/uploads\/2020\/11\/PORTAL-1-1.png\",\"width\":1026,\"height\":100,\"caption\":\"Revista de Agricultura\"},\"image\":{\"@id\":\"https:\/\/www.mundoagropecuario.cl\/new\/#\/schema\/logo\/image\/\"},\"sameAs\":[\"https:\/\/www.facebook.com\/mundo.agropecuario.3\",\"https:\/\/x.com\/MundoAgropecuar\",\"https:\/\/www.linkedin.com\/in\/mundo-agropecuario-934009201\/\"]},{\"@type\":\"Person\",\"@id\":\"https:\/\/www.mundoagropecuario.cl\/new\/#\/schema\/person\/0c221050801c74e45256a7a9a1ff0803\",\"name\":\"periodista\",\"url\":\"https:\/\/www.mundoagropecuario.cl\/new\/author\/periodista\/\"}]}<\/script>\n<!-- \/ Yoast SEO plugin. -->","yoast_head_json":{"title":"Agricultores de programas Prodesal y PDTI de Lago Ranco recibieron proyectos de inversi\u00f3n - Mundoagropecuario","robots":{"index":"index","follow":"follow","max-snippet":"max-snippet:-1","max-image-preview":"max-image-preview:large","max-video-preview":"max-video-preview:-1"},"canonical":"https:\/\/www.mundoagropecuario.cl\/new\/agricultores-de-programas-prodesal-y-pdti-de-lago-ranco-recibieron-proyectos-de-inversion\/","og_locale":"es_ES","og_type":"article","og_title":"Agricultores de programas Prodesal y PDTI de Lago Ranco recibieron proyectos de inversi\u00f3n - Mundoagropecuario","og_description":"Maquinaria e implementos de apoyo agr\u00edcola por m\u00e1s de 20 millones de pesos fueron entregados a 33 peque\u00f1os productores de la comuna de Lago Ranco, en la regi\u00f3n de Los...","og_url":"https:\/\/www.mundoagropecuario.cl\/new\/agricultores-de-programas-prodesal-y-pdti-de-lago-ranco-recibieron-proyectos-de-inversion\/","og_site_name":"Mundoagropecuario","article_publisher":"https:\/\/www.facebook.com\/mundo.agropecuario.3","article_published_time":"2018-08-17T13:00:00+00:00","article_modified_time":"2018-08-17T13:01:59+00:00","og_image":[{"width":900,"height":599,"url":"https:\/\/www.mundoagropecuario.cl\/new\/wp-content\/uploads\/2018\/08\/lagoranco.jpg","type":"image\/jpeg"}],"author":"periodista","twitter_card":"summary_large_image","twitter_creator":"@MundoAgropecuar","twitter_site":"@MundoAgropecuar","twitter_misc":{"Escrito por":"periodista","Tiempo de lectura":"1 minuto"},"schema":{"@context":"https:\/\/schema.org","@graph":[{"@type":"Article","@id":"https:\/\/www.mundoagropecuario.cl\/new\/agricultores-de-programas-prodesal-y-pdti-de-lago-ranco-recibieron-proyectos-de-inversion\/#article","isPartOf":{"@id":"https:\/\/www.mundoagropecuario.cl\/new\/agricultores-de-programas-prodesal-y-pdti-de-lago-ranco-recibieron-proyectos-de-inversion\/"},"author":{"name":"periodista","@id":"https:\/\/www.mundoagropecuario.cl\/new\/#\/schema\/person\/0c221050801c74e45256a7a9a1ff0803"},"headline":"Agricultores de programas Prodesal y PDTI de Lago Ranco recibieron proyectos de inversi\u00f3n","datePublished":"2018-08-17T13:00:00+00:00","dateModified":"2018-08-17T13:01:59+00:00","mainEntityOfPage":{"@id":"https:\/\/www.mundoagropecuario.cl\/new\/agricultores-de-programas-prodesal-y-pdti-de-lago-ranco-recibieron-proyectos-de-inversion\/"},"wordCount":290,"publisher":{"@id":"https:\/\/www.mundoagropecuario.cl\/new\/#organization"},"image":{"@id":"https:\/\/www.mundoagropecuario.cl\/new\/agricultores-de-programas-prodesal-y-pdti-de-lago-ranco-recibieron-proyectos-de-inversion\/#primaryimage"},"thumbnailUrl":"https:\/\/www.mundoagropecuario.cl\/new\/wp-content\/uploads\/2018\/08\/lagoranco.jpg","keywords":["Indap","Lago Ranco","Regi\u00f3n de Los R\u00edos"],"articleSection":["Instituciones"],"inLanguage":"es"},{"@type":"WebPage","@id":"https:\/\/www.mundoagropecuario.cl\/new\/agricultores-de-programas-prodesal-y-pdti-de-lago-ranco-recibieron-proyectos-de-inversion\/","url":"https:\/\/www.mundoagropecuario.cl\/new\/agricultores-de-programas-prodesal-y-pdti-de-lago-ranco-recibieron-proyectos-de-inversion\/","name":"Agricultores de programas Prodesal y PDTI de Lago Ranco recibieron proyectos de inversi\u00f3n - Mundoagropecuario","isPartOf":{"@id":"https:\/\/www.mundoagropecuario.cl\/new\/#website"},"primaryImageOfPage":{"@id":"https:\/\/www.mundoagropecuario.cl\/new\/agricultores-de-programas-prodesal-y-pdti-de-lago-ranco-recibieron-proyectos-de-inversion\/#primaryimage"},"image":{"@id":"https:\/\/www.mundoagropecuario.cl\/new\/agricultores-de-programas-prodesal-y-pdti-de-lago-ranco-recibieron-proyectos-de-inversion\/#primaryimage"},"thumbnailUrl":"https:\/\/www.mundoagropecuario.cl\/new\/wp-content\/uploads\/2018\/08\/lagoranco.jpg","datePublished":"2018-08-17T13:00:00+00:00","dateModified":"2018-08-17T13:01:59+00:00","breadcrumb":{"@id":"https:\/\/www.mundoagropecuario.cl\/new\/agricultores-de-programas-prodesal-y-pdti-de-lago-ranco-recibieron-proyectos-de-inversion\/#breadcrumb"},"inLanguage":"es","potentialAction":[{"@type":"ReadAction","target":["https:\/\/www.mundoagropecuario.cl\/new\/agricultores-de-programas-prodesal-y-pdti-de-lago-ranco-recibieron-proyectos-de-inversion\/"]}]},{"@type":"ImageObject","inLanguage":"es","@id":"https:\/\/www.mundoagropecuario.cl\/new\/agricultores-de-programas-prodesal-y-pdti-de-lago-ranco-recibieron-proyectos-de-inversion\/#primaryimage","url":"https:\/\/www.mundoagropecuario.cl\/new\/wp-content\/uploads\/2018\/08\/lagoranco.jpg","contentUrl":"https:\/\/www.mundoagropecuario.cl\/new\/wp-content\/uploads\/2018\/08\/lagoranco.jpg","width":601,"height":400},{"@type":"BreadcrumbList","@id":"https:\/\/www.mundoagropecuario.cl\/new\/agricultores-de-programas-prodesal-y-pdti-de-lago-ranco-recibieron-proyectos-de-inversion\/#breadcrumb","itemListElement":[{"@type":"ListItem","position":1,"name":"Portada","item":"https:\/\/www.mundoagropecuario.cl\/new\/"},{"@type":"ListItem","position":2,"name":"Agricultores de programas Prodesal y PDTI de Lago Ranco recibieron proyectos de inversi\u00f3n"}]},{"@type":"WebSite","@id":"https:\/\/www.mundoagropecuario.cl\/new\/#website","url":"https:\/\/www.mundoagropecuario.cl\/new\/","name":"Mundoagropecuario","description":"Mundo Agropecuario","publisher":{"@id":"https:\/\/www.mundoagropecuario.cl\/new\/#organization"},"potentialAction":[{"@type":"SearchAction","target":{"@type":"EntryPoint","urlTemplate":"https:\/\/www.mundoagropecuario.cl\/new\/?s={search_term_string}"},"query-input":{"@type":"PropertyValueSpecification","valueRequired":true,"valueName":"search_term_string"}}],"inLanguage":"es"},{"@type":"Organization","@id":"https:\/\/www.mundoagropecuario.cl\/new\/#organization","name":"Revista de Agricultura","url":"https:\/\/www.mundoagropecuario.cl\/new\/","logo":{"@type":"ImageObject","inLanguage":"es","@id":"https:\/\/www.mundoagropecuario.cl\/new\/#\/schema\/logo\/image\/","url":"https:\/\/www.mundoagropecuario.cl\/new\/wp-content\/uploads\/2020\/11\/PORTAL-1-1.png","contentUrl":"https:\/\/www.mundoagropecuario.cl\/new\/wp-content\/uploads\/2020\/11\/PORTAL-1-1.png","width":1026,"height":100,"caption":"Revista de Agricultura"},"image":{"@id":"https:\/\/www.mundoagropecuario.cl\/new\/#\/schema\/logo\/image\/"},"sameAs":["https:\/\/www.facebook.com\/mundo.agropecuario.3","https:\/\/x.com\/MundoAgropecuar","https:\/\/www.linkedin.com\/in\/mundo-agropecuario-934009201\/"]},{"@type":"Person","@id":"https:\/\/www.mundoagropecuario.cl\/new\/#\/schema\/person\/0c221050801c74e45256a7a9a1ff0803","name":"periodista","url":"https:\/\/www.mundoagropecuario.cl\/new\/author\/periodista\/"}]}},"_links":{"self":[{"href":"https:\/\/www.mundoagropecuario.cl\/new\/wp-json\/wp\/v2\/posts\/8171","targetHints":{"allow":["GET"]}}],"collection":[{"href":"https:\/\/www.mundoagropecuario.cl\/new\/wp-json\/wp\/v2\/posts"}],"about":[{"href":"https:\/\/www.mundoagropecuario.cl\/new\/wp-json\/wp\/v2\/types\/post"}],"author":[{"embeddable":true,"href":"https:\/\/www.mundoagropecuario.cl\/new\/wp-json\/wp\/v2\/users\/3"}],"replies":[{"embeddable":true,"href":"https:\/\/www.mundoagropecuario.cl\/new\/wp-json\/wp\/v2\/comments?post=8171"}],"version-history":[{"count":1,"href":"https:\/\/www.mundoagropecuario.cl\/new\/wp-json\/wp\/v2\/posts\/8171\/revisions"}],"predecessor-version":[{"id":8173,"href":"https:\/\/www.mundoagropecuario.cl\/new\/wp-json\/wp\/v2\/posts\/8171\/revisions\/8173"}],"wp:featuredmedia":[{"embeddable":true,"href":"https:\/\/www.mundoagropecuario.cl\/new\/wp-json\/wp\/v2\/media\/8172"}],"wp:attachment":[{"href":"https:\/\/www.mundoagropecuario.cl\/new\/wp-json\/wp\/v2\/media?parent=8171"}],"wp:term":[{"taxonomy":"category","embeddable":true,"href":"https:\/\/www.mundoagropecuario.cl\/new\/wp-json\/wp\/v2\/categories?post=8171"},{"taxonomy":"post_tag","embeddable":true,"href":"https:\/\/www.mundoagropecuario.cl\/new\/wp-json\/wp\/v2\/tags?post=8171"}],"curies":[{"name":"wp","href":"https:\/\/api.w.org\/{rel}","templated":true}]}}