{"id":8158,"date":"2018-08-17T09:21:11","date_gmt":"2018-08-17T12:21:11","guid":{"rendered":"http:\/\/www.mundoagropecuario.cl\/new\/?p=8158"},"modified":"2018-08-20T09:27:45","modified_gmt":"2018-08-20T12:27:45","slug":"catastro-fruticola-2018-encuentro-de-productores-en-rancagua-revelara-la-nueva-superficie-fruticola-de-la-region-de-ohiggins","status":"publish","type":"post","link":"https:\/\/www.mundoagropecuario.cl\/new\/catastro-fruticola-2018-encuentro-de-productores-en-rancagua-revelara-la-nueva-superficie-fruticola-de-la-region-de-ohiggins\/","title":{"rendered":"Catastro Frut\u00edcola 2018: encuentro de productores en Rancagua revelar\u00e1 la nueva superficie frut\u00edcola de la regi\u00f3n de O\u2019Higgins"},"content":{"rendered":"<blockquote><p><em>Ciren y Odepa llevar\u00e1 las cifras de su estudio, en el marco del auge de especies de mayor valor en los mercados y los menores m\u00e1rgenes de rentabilidad de los huertos tradicionales. (Mundo Agropecuario).<\/em><\/p><\/blockquote>\n<p>Dirigentes gremiales y autoridades como el ministro de Agricultura, Antonio Walker, analizar\u00e1n los resultados oficiales del Catastro Frut\u00edcola 2018 de la zona, el pr\u00f3ximo 21 de agosto en el Encuentro Regional de Fedefruta y Frusexta en Rancagua.<\/p>\n<p>Por ello, el encuentro tambi\u00e9n sostendr\u00e1 debates sobre la urgencia de recambio varietal en uva de mesa, especie que hasta el 2015, representaba la mayor superficie plantada de cultivos frutales en la regi\u00f3n de O\u2019Higgins, pese a ir bajando en su total de hect\u00e1reas.<\/p>\n<p>El mapa frut\u00edcola chileno ha evolucionado estos a\u00f1os en funci\u00f3n del cambio clim\u00e1tico, las especies y variedades demandadas en los mercados, y el alza de costos en la producci\u00f3n de los de las plantaciones m\u00e1s tradicionales.<\/p>\n<p>Los \u00faltimos Catastro Frut\u00edcolas del Ciren y Odepa, tanto en 2016 y 2017, han identificado fen\u00f3menos como la irrupci\u00f3n en el sur de Chile de especies de alto valor en el extranjero, como las cerezas, los berries y las nueces, desplazando a cultivos tradicionales como las manzanas, que han experimentado una reducci\u00f3n en sus m\u00e1rgenes de rentabilidad.<\/p>\n<p>Qu\u00e9 decir de la vid de mesa en la regi\u00f3n Metropolitana que, seg\u00fan los resultados de Ciren el a\u00f1o pasado, se ha visto desplazada por la superficie plantada de nogales, esta \u00faltima, que subi\u00f3 de 11 mil a m\u00e1s de 14 mil hect\u00e1reas, convirti\u00e9ndose en el frutal m\u00e1s importante de la zona. Esto, atendido por los menores costos de mano de obra en la producci\u00f3n de nueces, el menor requerimiento h\u00eddrico comparado al de los parrones de uva, y los precios de este fruto seco alcanzados esas temporadas.<\/p>\n<p>Si bien la cara de la fruticultura chilena est\u00e1 cambiando, la \u00faltima vez que se analiz\u00f3 la situaci\u00f3n de O\u2019Higgins, la regi\u00f3n con mayor superficie plantada de frutales en Chile, fue el 2015, por lo que la expectaci\u00f3n de conocer la realidad actual de la fruticultura de la regi\u00f3n es alta entre los productores agr\u00edcolas.<\/p>\n<p>Por eso es que el pr\u00f3ximo 21 de agosto, Ciren y Odepa dar\u00e1n a conocer resultados oficiales del Catastro Frut\u00edcola 2018 de la Regi\u00f3n de O\u2019Higgins, en el marco del Encuentro Regional de Fedefruta organizado con Frusexta y ProChile.\u00a0 En la cita, donde estar\u00e1n convocados dirigentes gremiales, empresarios frut\u00edcolas y el ministro de Agricultura, Antonio Walker Prieto, se presentar\u00e1n las cifras de este estudio, que revelar\u00e1 el nuevo escenario de la actividad frut\u00edcola de la regi\u00f3n.<\/p>\n<p><strong>Programa<\/strong><\/p>\n<p>El Encuentro Regional de Fedefruta en Rancagua tendr\u00e1 espacio tambi\u00e9n para analizar la situaci\u00f3n de las nuevas variedades de uva de mesa aplicables en la zona, de la mano del asesor y director de Uvanova, Mart\u00edn Silva, quien aportar\u00e1 estad\u00edsticas sobre la reconversi\u00f3n que se est\u00e1 haciendo hacia parrones m\u00e1s rentables, y los principales cuidados que tanto el productor como la industria deben considerar a la hora de plantearse un recambio de variedades.<\/p>\n<p>El encuentro partir\u00e1 adem\u00e1s con el Taller de Exportaci\u00f3n Directa organizado con ProChile, donde el moderador Rodrigo Manasevich de Utilitas conversar\u00e1 con panelistas y expertos sobre las claves de este modelo de negocios que Fedefruta ha impulsado por m\u00e1s de una d\u00e9cada, y que hoy por hoy tiene a una industria detr\u00e1s apoyando a los productores que se adentran en la exportaci\u00f3n sin intermediarios. Todo, como antesala el principal encuentro de la fruticultura chilena, Fruittrade 2018, a realizarse el 3 y 4 de octubre en Santiago y que convocar\u00e1 a importadores de todo el mundo con inter\u00e9s en entablar relaciones comerciales con productores frut\u00edcolas del pa\u00eds.<\/p>\n<p>El programa completo, junto con la inscripci\u00f3n, est\u00e1 disponible en <a href=\"http:\/\/fedefruta.cl\/encuentro-rancagua-2018\/\">http:\/\/fedefruta.cl\/encuentro-rancagua-2018\/<\/a><\/p>\n","protected":false},"excerpt":{"rendered":"<p>Ciren y Odepa llevar\u00e1 las cifras de su estudio, en el marco del auge de especies de mayor valor en los mercados y los menores m\u00e1rgenes de rentabilidad de los&#8230;<\/p>\n","protected":false},"author":3,"featured_media":8159,"comment_status":"closed","ping_status":"closed","sticky":false,"template":"","format":"standard","meta":{"footnotes":""},"categories":[1986],"tags":[2289,2095,2066,601,2132],"class_list":["post-8158","post","type-post","status-publish","format-standard","has-post-thumbnail","hentry","category-frutas","tag-ciren","tag-fedefruta","tag-odepa","tag-prochile","tag-region-de-ohiggins"],"yoast_head":"<!-- This site is optimized with the Yoast SEO plugin v26.6 - https:\/\/yoast.com\/wordpress\/plugins\/seo\/ -->\n<title>Catastro Frut\u00edcola 2018: encuentro de productores en Rancagua revelar\u00e1 la nueva superficie frut\u00edcola de la regi\u00f3n de O\u2019Higgins - Mundoagropecuario<\/title>\n<meta name=\"robots\" content=\"index, follow, max-snippet:-1, max-image-preview:large, max-video-preview:-1\" \/>\n<link rel=\"canonical\" href=\"https:\/\/www.mundoagropecuario.cl\/new\/catastro-fruticola-2018-encuentro-de-productores-en-rancagua-revelara-la-nueva-superficie-fruticola-de-la-region-de-ohiggins\/\" \/>\n<meta property=\"og:locale\" content=\"es_ES\" \/>\n<meta property=\"og:type\" content=\"article\" \/>\n<meta property=\"og:title\" content=\"Catastro Frut\u00edcola 2018: encuentro de productores en Rancagua revelar\u00e1 la nueva superficie frut\u00edcola de la regi\u00f3n de O\u2019Higgins - Mundoagropecuario\" \/>\n<meta property=\"og:description\" content=\"Ciren y Odepa llevar\u00e1 las cifras de su estudio, en el marco del auge de especies de mayor valor en los mercados y los menores m\u00e1rgenes de rentabilidad de los...\" \/>\n<meta property=\"og:url\" content=\"https:\/\/www.mundoagropecuario.cl\/new\/catastro-fruticola-2018-encuentro-de-productores-en-rancagua-revelara-la-nueva-superficie-fruticola-de-la-region-de-ohiggins\/\" \/>\n<meta property=\"og:site_name\" content=\"Mundoagropecuario\" \/>\n<meta property=\"article:publisher\" content=\"https:\/\/www.facebook.com\/mundo.agropecuario.3\" \/>\n<meta property=\"article:published_time\" content=\"2018-08-17T12:21:11+00:00\" \/>\n<meta property=\"article:modified_time\" content=\"2018-08-20T12:27:45+00:00\" \/>\n<meta property=\"og:image\" content=\"https:\/\/www.mundoagropecuario.cl\/new\/wp-content\/uploads\/2018\/08\/fruticola.jpg\" \/>\n\t<meta property=\"og:image:width\" content=\"900\" \/>\n\t<meta property=\"og:image:height\" content=\"540\" \/>\n\t<meta property=\"og:image:type\" content=\"image\/jpeg\" \/>\n<meta name=\"author\" content=\"periodista\" \/>\n<meta name=\"twitter:card\" content=\"summary_large_image\" \/>\n<meta name=\"twitter:creator\" content=\"@MundoAgropecuar\" \/>\n<meta name=\"twitter:site\" content=\"@MundoAgropecuar\" \/>\n<meta name=\"twitter:label1\" content=\"Escrito por\" \/>\n\t<meta name=\"twitter:data1\" content=\"periodista\" \/>\n\t<meta name=\"twitter:label2\" content=\"Tiempo de lectura\" \/>\n\t<meta name=\"twitter:data2\" content=\"3 minutos\" \/>\n<script type=\"application\/ld+json\" class=\"yoast-schema-graph\">{\"@context\":\"https:\/\/schema.org\",\"@graph\":[{\"@type\":\"Article\",\"@id\":\"https:\/\/www.mundoagropecuario.cl\/new\/catastro-fruticola-2018-encuentro-de-productores-en-rancagua-revelara-la-nueva-superficie-fruticola-de-la-region-de-ohiggins\/#article\",\"isPartOf\":{\"@id\":\"https:\/\/www.mundoagropecuario.cl\/new\/catastro-fruticola-2018-encuentro-de-productores-en-rancagua-revelara-la-nueva-superficie-fruticola-de-la-region-de-ohiggins\/\"},\"author\":{\"name\":\"periodista\",\"@id\":\"https:\/\/www.mundoagropecuario.cl\/new\/#\/schema\/person\/0c221050801c74e45256a7a9a1ff0803\"},\"headline\":\"Catastro Frut\u00edcola 2018: encuentro de productores en Rancagua revelar\u00e1 la nueva superficie frut\u00edcola de la regi\u00f3n de O\u2019Higgins\",\"datePublished\":\"2018-08-17T12:21:11+00:00\",\"dateModified\":\"2018-08-20T12:27:45+00:00\",\"mainEntityOfPage\":{\"@id\":\"https:\/\/www.mundoagropecuario.cl\/new\/catastro-fruticola-2018-encuentro-de-productores-en-rancagua-revelara-la-nueva-superficie-fruticola-de-la-region-de-ohiggins\/\"},\"wordCount\":689,\"publisher\":{\"@id\":\"https:\/\/www.mundoagropecuario.cl\/new\/#organization\"},\"image\":{\"@id\":\"https:\/\/www.mundoagropecuario.cl\/new\/catastro-fruticola-2018-encuentro-de-productores-en-rancagua-revelara-la-nueva-superficie-fruticola-de-la-region-de-ohiggins\/#primaryimage\"},\"thumbnailUrl\":\"https:\/\/www.mundoagropecuario.cl\/new\/wp-content\/uploads\/2018\/08\/fruticola.jpg\",\"keywords\":[\"Ciren\",\"Fedefruta\",\"Odepa\",\"ProChile\",\"Regi\u00f3n de O'Higgins\"],\"articleSection\":[\"Frutas\"],\"inLanguage\":\"es\"},{\"@type\":\"WebPage\",\"@id\":\"https:\/\/www.mundoagropecuario.cl\/new\/catastro-fruticola-2018-encuentro-de-productores-en-rancagua-revelara-la-nueva-superficie-fruticola-de-la-region-de-ohiggins\/\",\"url\":\"https:\/\/www.mundoagropecuario.cl\/new\/catastro-fruticola-2018-encuentro-de-productores-en-rancagua-revelara-la-nueva-superficie-fruticola-de-la-region-de-ohiggins\/\",\"name\":\"Catastro Frut\u00edcola 2018: encuentro de productores en Rancagua revelar\u00e1 la nueva superficie frut\u00edcola de la regi\u00f3n de O\u2019Higgins - Mundoagropecuario\",\"isPartOf\":{\"@id\":\"https:\/\/www.mundoagropecuario.cl\/new\/#website\"},\"primaryImageOfPage\":{\"@id\":\"https:\/\/www.mundoagropecuario.cl\/new\/catastro-fruticola-2018-encuentro-de-productores-en-rancagua-revelara-la-nueva-superficie-fruticola-de-la-region-de-ohiggins\/#primaryimage\"},\"image\":{\"@id\":\"https:\/\/www.mundoagropecuario.cl\/new\/catastro-fruticola-2018-encuentro-de-productores-en-rancagua-revelara-la-nueva-superficie-fruticola-de-la-region-de-ohiggins\/#primaryimage\"},\"thumbnailUrl\":\"https:\/\/www.mundoagropecuario.cl\/new\/wp-content\/uploads\/2018\/08\/fruticola.jpg\",\"datePublished\":\"2018-08-17T12:21:11+00:00\",\"dateModified\":\"2018-08-20T12:27:45+00:00\",\"breadcrumb\":{\"@id\":\"https:\/\/www.mundoagropecuario.cl\/new\/catastro-fruticola-2018-encuentro-de-productores-en-rancagua-revelara-la-nueva-superficie-fruticola-de-la-region-de-ohiggins\/#breadcrumb\"},\"inLanguage\":\"es\",\"potentialAction\":[{\"@type\":\"ReadAction\",\"target\":[\"https:\/\/www.mundoagropecuario.cl\/new\/catastro-fruticola-2018-encuentro-de-productores-en-rancagua-revelara-la-nueva-superficie-fruticola-de-la-region-de-ohiggins\/\"]}]},{\"@type\":\"ImageObject\",\"inLanguage\":\"es\",\"@id\":\"https:\/\/www.mundoagropecuario.cl\/new\/catastro-fruticola-2018-encuentro-de-productores-en-rancagua-revelara-la-nueva-superficie-fruticola-de-la-region-de-ohiggins\/#primaryimage\",\"url\":\"https:\/\/www.mundoagropecuario.cl\/new\/wp-content\/uploads\/2018\/08\/fruticola.jpg\",\"contentUrl\":\"https:\/\/www.mundoagropecuario.cl\/new\/wp-content\/uploads\/2018\/08\/fruticola.jpg\",\"width\":667,\"height\":400},{\"@type\":\"BreadcrumbList\",\"@id\":\"https:\/\/www.mundoagropecuario.cl\/new\/catastro-fruticola-2018-encuentro-de-productores-en-rancagua-revelara-la-nueva-superficie-fruticola-de-la-region-de-ohiggins\/#breadcrumb\",\"itemListElement\":[{\"@type\":\"ListItem\",\"position\":1,\"name\":\"Portada\",\"item\":\"https:\/\/www.mundoagropecuario.cl\/new\/\"},{\"@type\":\"ListItem\",\"position\":2,\"name\":\"Catastro Frut\u00edcola 2018: encuentro de productores en Rancagua revelar\u00e1 la nueva superficie frut\u00edcola de la regi\u00f3n de O\u2019Higgins\"}]},{\"@type\":\"WebSite\",\"@id\":\"https:\/\/www.mundoagropecuario.cl\/new\/#website\",\"url\":\"https:\/\/www.mundoagropecuario.cl\/new\/\",\"name\":\"Mundoagropecuario\",\"description\":\"Mundo Agropecuario\",\"publisher\":{\"@id\":\"https:\/\/www.mundoagropecuario.cl\/new\/#organization\"},\"potentialAction\":[{\"@type\":\"SearchAction\",\"target\":{\"@type\":\"EntryPoint\",\"urlTemplate\":\"https:\/\/www.mundoagropecuario.cl\/new\/?s={search_term_string}\"},\"query-input\":{\"@type\":\"PropertyValueSpecification\",\"valueRequired\":true,\"valueName\":\"search_term_string\"}}],\"inLanguage\":\"es\"},{\"@type\":\"Organization\",\"@id\":\"https:\/\/www.mundoagropecuario.cl\/new\/#organization\",\"name\":\"Revista de Agricultura\",\"url\":\"https:\/\/www.mundoagropecuario.cl\/new\/\",\"logo\":{\"@type\":\"ImageObject\",\"inLanguage\":\"es\",\"@id\":\"https:\/\/www.mundoagropecuario.cl\/new\/#\/schema\/logo\/image\/\",\"url\":\"https:\/\/www.mundoagropecuario.cl\/new\/wp-content\/uploads\/2020\/11\/PORTAL-1-1.png\",\"contentUrl\":\"https:\/\/www.mundoagropecuario.cl\/new\/wp-content\/uploads\/2020\/11\/PORTAL-1-1.png\",\"width\":1026,\"height\":100,\"caption\":\"Revista de Agricultura\"},\"image\":{\"@id\":\"https:\/\/www.mundoagropecuario.cl\/new\/#\/schema\/logo\/image\/\"},\"sameAs\":[\"https:\/\/www.facebook.com\/mundo.agropecuario.3\",\"https:\/\/x.com\/MundoAgropecuar\",\"https:\/\/www.linkedin.com\/in\/mundo-agropecuario-934009201\/\"]},{\"@type\":\"Person\",\"@id\":\"https:\/\/www.mundoagropecuario.cl\/new\/#\/schema\/person\/0c221050801c74e45256a7a9a1ff0803\",\"name\":\"periodista\",\"url\":\"https:\/\/www.mundoagropecuario.cl\/new\/author\/periodista\/\"}]}<\/script>\n<!-- \/ Yoast SEO plugin. -->","yoast_head_json":{"title":"Catastro Frut\u00edcola 2018: encuentro de productores en Rancagua revelar\u00e1 la nueva superficie frut\u00edcola de la regi\u00f3n de O\u2019Higgins - Mundoagropecuario","robots":{"index":"index","follow":"follow","max-snippet":"max-snippet:-1","max-image-preview":"max-image-preview:large","max-video-preview":"max-video-preview:-1"},"canonical":"https:\/\/www.mundoagropecuario.cl\/new\/catastro-fruticola-2018-encuentro-de-productores-en-rancagua-revelara-la-nueva-superficie-fruticola-de-la-region-de-ohiggins\/","og_locale":"es_ES","og_type":"article","og_title":"Catastro Frut\u00edcola 2018: encuentro de productores en Rancagua revelar\u00e1 la nueva superficie frut\u00edcola de la regi\u00f3n de O\u2019Higgins - Mundoagropecuario","og_description":"Ciren y Odepa llevar\u00e1 las cifras de su estudio, en el marco del auge de especies de mayor valor en los mercados y los menores m\u00e1rgenes de rentabilidad de los...","og_url":"https:\/\/www.mundoagropecuario.cl\/new\/catastro-fruticola-2018-encuentro-de-productores-en-rancagua-revelara-la-nueva-superficie-fruticola-de-la-region-de-ohiggins\/","og_site_name":"Mundoagropecuario","article_publisher":"https:\/\/www.facebook.com\/mundo.agropecuario.3","article_published_time":"2018-08-17T12:21:11+00:00","article_modified_time":"2018-08-20T12:27:45+00:00","og_image":[{"width":900,"height":540,"url":"https:\/\/www.mundoagropecuario.cl\/new\/wp-content\/uploads\/2018\/08\/fruticola.jpg","type":"image\/jpeg"}],"author":"periodista","twitter_card":"summary_large_image","twitter_creator":"@MundoAgropecuar","twitter_site":"@MundoAgropecuar","twitter_misc":{"Escrito por":"periodista","Tiempo de lectura":"3 minutos"},"schema":{"@context":"https:\/\/schema.org","@graph":[{"@type":"Article","@id":"https:\/\/www.mundoagropecuario.cl\/new\/catastro-fruticola-2018-encuentro-de-productores-en-rancagua-revelara-la-nueva-superficie-fruticola-de-la-region-de-ohiggins\/#article","isPartOf":{"@id":"https:\/\/www.mundoagropecuario.cl\/new\/catastro-fruticola-2018-encuentro-de-productores-en-rancagua-revelara-la-nueva-superficie-fruticola-de-la-region-de-ohiggins\/"},"author":{"name":"periodista","@id":"https:\/\/www.mundoagropecuario.cl\/new\/#\/schema\/person\/0c221050801c74e45256a7a9a1ff0803"},"headline":"Catastro Frut\u00edcola 2018: encuentro de productores en Rancagua revelar\u00e1 la nueva superficie frut\u00edcola de la regi\u00f3n de O\u2019Higgins","datePublished":"2018-08-17T12:21:11+00:00","dateModified":"2018-08-20T12:27:45+00:00","mainEntityOfPage":{"@id":"https:\/\/www.mundoagropecuario.cl\/new\/catastro-fruticola-2018-encuentro-de-productores-en-rancagua-revelara-la-nueva-superficie-fruticola-de-la-region-de-ohiggins\/"},"wordCount":689,"publisher":{"@id":"https:\/\/www.mundoagropecuario.cl\/new\/#organization"},"image":{"@id":"https:\/\/www.mundoagropecuario.cl\/new\/catastro-fruticola-2018-encuentro-de-productores-en-rancagua-revelara-la-nueva-superficie-fruticola-de-la-region-de-ohiggins\/#primaryimage"},"thumbnailUrl":"https:\/\/www.mundoagropecuario.cl\/new\/wp-content\/uploads\/2018\/08\/fruticola.jpg","keywords":["Ciren","Fedefruta","Odepa","ProChile","Regi\u00f3n de O'Higgins"],"articleSection":["Frutas"],"inLanguage":"es"},{"@type":"WebPage","@id":"https:\/\/www.mundoagropecuario.cl\/new\/catastro-fruticola-2018-encuentro-de-productores-en-rancagua-revelara-la-nueva-superficie-fruticola-de-la-region-de-ohiggins\/","url":"https:\/\/www.mundoagropecuario.cl\/new\/catastro-fruticola-2018-encuentro-de-productores-en-rancagua-revelara-la-nueva-superficie-fruticola-de-la-region-de-ohiggins\/","name":"Catastro Frut\u00edcola 2018: encuentro de productores en Rancagua revelar\u00e1 la nueva superficie frut\u00edcola de la regi\u00f3n de O\u2019Higgins - Mundoagropecuario","isPartOf":{"@id":"https:\/\/www.mundoagropecuario.cl\/new\/#website"},"primaryImageOfPage":{"@id":"https:\/\/www.mundoagropecuario.cl\/new\/catastro-fruticola-2018-encuentro-de-productores-en-rancagua-revelara-la-nueva-superficie-fruticola-de-la-region-de-ohiggins\/#primaryimage"},"image":{"@id":"https:\/\/www.mundoagropecuario.cl\/new\/catastro-fruticola-2018-encuentro-de-productores-en-rancagua-revelara-la-nueva-superficie-fruticola-de-la-region-de-ohiggins\/#primaryimage"},"thumbnailUrl":"https:\/\/www.mundoagropecuario.cl\/new\/wp-content\/uploads\/2018\/08\/fruticola.jpg","datePublished":"2018-08-17T12:21:11+00:00","dateModified":"2018-08-20T12:27:45+00:00","breadcrumb":{"@id":"https:\/\/www.mundoagropecuario.cl\/new\/catastro-fruticola-2018-encuentro-de-productores-en-rancagua-revelara-la-nueva-superficie-fruticola-de-la-region-de-ohiggins\/#breadcrumb"},"inLanguage":"es","potentialAction":[{"@type":"ReadAction","target":["https:\/\/www.mundoagropecuario.cl\/new\/catastro-fruticola-2018-encuentro-de-productores-en-rancagua-revelara-la-nueva-superficie-fruticola-de-la-region-de-ohiggins\/"]}]},{"@type":"ImageObject","inLanguage":"es","@id":"https:\/\/www.mundoagropecuario.cl\/new\/catastro-fruticola-2018-encuentro-de-productores-en-rancagua-revelara-la-nueva-superficie-fruticola-de-la-region-de-ohiggins\/#primaryimage","url":"https:\/\/www.mundoagropecuario.cl\/new\/wp-content\/uploads\/2018\/08\/fruticola.jpg","contentUrl":"https:\/\/www.mundoagropecuario.cl\/new\/wp-content\/uploads\/2018\/08\/fruticola.jpg","width":667,"height":400},{"@type":"BreadcrumbList","@id":"https:\/\/www.mundoagropecuario.cl\/new\/catastro-fruticola-2018-encuentro-de-productores-en-rancagua-revelara-la-nueva-superficie-fruticola-de-la-region-de-ohiggins\/#breadcrumb","itemListElement":[{"@type":"ListItem","position":1,"name":"Portada","item":"https:\/\/www.mundoagropecuario.cl\/new\/"},{"@type":"ListItem","position":2,"name":"Catastro Frut\u00edcola 2018: encuentro de productores en Rancagua revelar\u00e1 la nueva superficie frut\u00edcola de la regi\u00f3n de O\u2019Higgins"}]},{"@type":"WebSite","@id":"https:\/\/www.mundoagropecuario.cl\/new\/#website","url":"https:\/\/www.mundoagropecuario.cl\/new\/","name":"Mundoagropecuario","description":"Mundo Agropecuario","publisher":{"@id":"https:\/\/www.mundoagropecuario.cl\/new\/#organization"},"potentialAction":[{"@type":"SearchAction","target":{"@type":"EntryPoint","urlTemplate":"https:\/\/www.mundoagropecuario.cl\/new\/?s={search_term_string}"},"query-input":{"@type":"PropertyValueSpecification","valueRequired":true,"valueName":"search_term_string"}}],"inLanguage":"es"},{"@type":"Organization","@id":"https:\/\/www.mundoagropecuario.cl\/new\/#organization","name":"Revista de Agricultura","url":"https:\/\/www.mundoagropecuario.cl\/new\/","logo":{"@type":"ImageObject","inLanguage":"es","@id":"https:\/\/www.mundoagropecuario.cl\/new\/#\/schema\/logo\/image\/","url":"https:\/\/www.mundoagropecuario.cl\/new\/wp-content\/uploads\/2020\/11\/PORTAL-1-1.png","contentUrl":"https:\/\/www.mundoagropecuario.cl\/new\/wp-content\/uploads\/2020\/11\/PORTAL-1-1.png","width":1026,"height":100,"caption":"Revista de Agricultura"},"image":{"@id":"https:\/\/www.mundoagropecuario.cl\/new\/#\/schema\/logo\/image\/"},"sameAs":["https:\/\/www.facebook.com\/mundo.agropecuario.3","https:\/\/x.com\/MundoAgropecuar","https:\/\/www.linkedin.com\/in\/mundo-agropecuario-934009201\/"]},{"@type":"Person","@id":"https:\/\/www.mundoagropecuario.cl\/new\/#\/schema\/person\/0c221050801c74e45256a7a9a1ff0803","name":"periodista","url":"https:\/\/www.mundoagropecuario.cl\/new\/author\/periodista\/"}]}},"_links":{"self":[{"href":"https:\/\/www.mundoagropecuario.cl\/new\/wp-json\/wp\/v2\/posts\/8158","targetHints":{"allow":["GET"]}}],"collection":[{"href":"https:\/\/www.mundoagropecuario.cl\/new\/wp-json\/wp\/v2\/posts"}],"about":[{"href":"https:\/\/www.mundoagropecuario.cl\/new\/wp-json\/wp\/v2\/types\/post"}],"author":[{"embeddable":true,"href":"https:\/\/www.mundoagropecuario.cl\/new\/wp-json\/wp\/v2\/users\/3"}],"replies":[{"embeddable":true,"href":"https:\/\/www.mundoagropecuario.cl\/new\/wp-json\/wp\/v2\/comments?post=8158"}],"version-history":[{"count":2,"href":"https:\/\/www.mundoagropecuario.cl\/new\/wp-json\/wp\/v2\/posts\/8158\/revisions"}],"predecessor-version":[{"id":8161,"href":"https:\/\/www.mundoagropecuario.cl\/new\/wp-json\/wp\/v2\/posts\/8158\/revisions\/8161"}],"wp:featuredmedia":[{"embeddable":true,"href":"https:\/\/www.mundoagropecuario.cl\/new\/wp-json\/wp\/v2\/media\/8159"}],"wp:attachment":[{"href":"https:\/\/www.mundoagropecuario.cl\/new\/wp-json\/wp\/v2\/media?parent=8158"}],"wp:term":[{"taxonomy":"category","embeddable":true,"href":"https:\/\/www.mundoagropecuario.cl\/new\/wp-json\/wp\/v2\/categories?post=8158"},{"taxonomy":"post_tag","embeddable":true,"href":"https:\/\/www.mundoagropecuario.cl\/new\/wp-json\/wp\/v2\/tags?post=8158"}],"curies":[{"name":"wp","href":"https:\/\/api.w.org\/{rel}","templated":true}]}}