{"id":8039,"date":"2018-08-09T10:12:48","date_gmt":"2018-08-09T13:12:48","guid":{"rendered":"http:\/\/www.mundoagropecuario.cl\/new\/?p=8039"},"modified":"2018-08-09T10:15:36","modified_gmt":"2018-08-09T13:15:36","slug":"proponen-crear-una-gran-cooperativa-para-enfrentar-desafios-del-sector-agricola-en-linares","status":"publish","type":"post","link":"https:\/\/www.mundoagropecuario.cl\/new\/proponen-crear-una-gran-cooperativa-para-enfrentar-desafios-del-sector-agricola-en-linares\/","title":{"rendered":"Proponen crear una gran cooperativa para enfrentar desaf\u00edos del sector agr\u00edcola en Linares"},"content":{"rendered":"<blockquote><p><em>La jornada de trabajo realizada hoy en la capital de la provincia de Linares se concret\u00f3 tras la presentaci\u00f3n del Plan Maule que hizo el Gobierno ayer, para impulsar la reconversi\u00f3n de los agricultores y entregar nuevas oportunidades laborales a los trabajadores de la empresa afectada. (Mundo Agropecuario).<\/em><\/p><\/blockquote>\n<p>Hasta la ciudad de Linares lleg\u00f3 el ministro de Agricultura, Antonio Walker, junto al subsecretario de la cartera, Alfonso Vargas, y el equipo de directores nacionales del agro, para cumplir el compromiso del Presidente Sebasti\u00e1n Pi\u00f1era de apoyar con medidas concretas a los agricultores afectados por el cierre de la planta Iansa en la zona sur de la regi\u00f3n del Maule.<\/p>\n<p>Para ello, los representantes del Gobierno se reunieron con la asociaci\u00f3n de remolacheros y autoridades locales, con el objetivo de abordar las l\u00edneas de acci\u00f3n y la metodolog\u00eda de trabajo con la que se espera intervenir la ciudad y \u201cenfrentar el futuro sin un cultivo tan emblem\u00e1tico como la remolacha\u201d, dijo Walker.<\/p>\n<p>Al t\u00e9rmino del encuentro el Secretario de Estado destac\u00f3 el ambiente de unidad para enfrentar el problema y explic\u00f3 que existe una oportunidad de reconversi\u00f3n y modernizaci\u00f3n del sector productivo en Linares que puede enfrentarse a trav\u00e9s de la creaci\u00f3n de una gran cooperativa de remolacheros que represente a tanto a peque\u00f1os y medianos agricultores, para que sea \u00e9sta quien haga el nexo y alianza con la empresa y eso sea aplicado a otros rubros tambi\u00e9n.<\/p>\n<p>\u201cSobre esto \u00faltimo, quiero recordar que tenemos tres ejes de trabajo: asociatividad, mundo rural y agua. En octubre les vamos a proponer cu\u00e1l es el tipo de cooperativismo moderno que se adapta el siglo XXI,\u00a0 propio del Gobierno del Presidente Pi\u00f1era. Por ejemplo, lo hemos hecho en la Araucan\u00eda con San Pedro, empresas Sutil y Hortifrut. Ah\u00ed vamos a hacer una gran cooperativa para establecer una alianza comercial con Hortifrut para plantar avellano europeo, y esa f\u00f3rmula la queremos replicar ac\u00e1\u201d, indic\u00f3.<\/p>\n<p>Adem\u00e1s, el ministro dijo que \u201choy d\u00eda hemos hablado de ver c\u00f3mo aumentar los rendimientos de remolacha, c\u00f3mo reconvertirse a otros cultivos tradicionales, a frutales menores y mayores. Todo el apoyo del Gobierno del Presidente Pi\u00f1era para esta gran reconversi\u00f3n\u201d. Asimismo, agreg\u00f3 que \u201cqued\u00f3 pendiente s\u00ed una gran demanda que nos hicieron hoy d\u00eda los remolacheros sobre si vamos a poder cubrir el resto del flete a San Carlos. Nosotros no estamos hoy d\u00eda en condiciones de contestar esa pregunta, pero vinimos a hablar de la reconversi\u00f3n fundamentalmente. Vinimos tambi\u00e9n a traer noticias de un aporte econ\u00f3mico de $1.700 millones entre el Gobierno Regional y el Ministerio de Agricultura\u201d, explic\u00f3 la autoridad.<\/p>\n<p>Asimismo, se refiri\u00f3 a las diferencias entre la zona norte y sur de la regi\u00f3n, y enfatiz\u00f3 en que la provincia de Linares va en v\u00edas de hacer lo mismo que la provincia de Curic\u00f3, porque tienen todas las condiciones de clima, suelo, agua, y mucha gente que quiere tener una agricultura grande, fuerte, moderna y pujante. Sin embargo, en ese camino resulta fundamental el financiamiento, la asesor\u00eda t\u00e9cnica y la disposici\u00f3n de los agricultores.<\/p>\n<p>La jornada de trabajo realizada en la Gobernaci\u00f3n Provincial de Linares se concret\u00f3 tras la presentaci\u00f3n del Plan Maule que hicieron ayer los ministros de Agricultura, Antonio Walker; Econom\u00eda, Fomento y Turismo, Jos\u00e9 Ram\u00f3n Valente; y de Trabajo, Nicol\u00e1s Monckeberg, para impulsar no solo la reconversi\u00f3n de los agricultores sino entregar nuevas oportunidades laborales a los trabajadores de la empresa afectada.<\/p>\n<p>En ese sentido, el intendente de la regi\u00f3n del Maule, Pablo Milad manifest\u00f3 que \u201cestamos haciendo un plan de reactivaci\u00f3n regional principalmente, pensando en el Maule Sur que es la zona que tiene mayor cantidad de cesant\u00eda, reactivando y estimulando a la atracci\u00f3n de empresas con aportes de Corfo y eso es un plan real, concreto, y tambi\u00e9n con el incentivo del turismo y el agua. Nosotros vamos a desarrollar planes completamente directos a desarrollarla silvoagropecuaria en esta zona, pero tambi\u00e9n, incentivando a la inversi\u00f3n extranjera con proyectos concretos, directo y aplicables operativamente\u201d, dijo.<\/p>\n<p>Cabe destacar que la visita del ministro Walker su suma a otras que ya hab\u00eda realizado a la zona y a las intensas gestiones para evitar el cierre de la planta Iansa en Linares y, posteriormente, para disminuir los negativos efectos que esto podr\u00eda generar en una ciudad con un alto \u00edndice de cesant\u00eda que alcanza el 8,7% y cuya principal actividad econ\u00f3mica es la agricultura.<\/p>\n<p><strong>Visi\u00f3n provincial<\/strong><\/p>\n<p>En tanto, el alcalde de Linares, Mario Meza, dijo que \u201cla primera ocupaci\u00f3n que tiene el Gobierno del Presidente Pi\u00f1era es responder la pr\u00f3xima semana, lo que ha dicho el Intendente, lo que nosotros le planteamos en su momento en una reuni\u00f3n privada que es la bonificaci\u00f3n del 50% para el flete de Linares a San Carlos. Hay una tarea concreta por lo tanto la pr\u00f3xima semana Hacienda tendr\u00e1 que responder si o no respecto a esta solicitud que nosotros estamos planteando\u201d.<\/p>\n<p>Mientras que el presidente de la Federaci\u00f3n de Productores Remolacheros de Linares, Ricardo Escalona, explic\u00f3 que \u201cla empresa ha ofrecido financiar el diferencial del 50% del flete para la planta. Necesitamos que el otro 50% del flete pueda ser, de alguna forma, financiado para que nuestros agricultores no tengan que asumir ese diferencial de precio y eso para nosotros es fundamental. Nos vamos bastante satisfechos de la reuni\u00f3n con el ministro, ya que se nos han planteado soluciones que apuntan a una reconversi\u00f3n a largo plazo para nuestra gente, esto es important\u00edsimo, es lo m\u00e1s promisorio para nosotros&#8221;.<\/p>\n","protected":false},"excerpt":{"rendered":"<p>La jornada de trabajo realizada hoy en la capital de la provincia de Linares se concret\u00f3 tras la presentaci\u00f3n del Plan Maule que hizo el Gobierno ayer, para impulsar la&#8230;<\/p>\n","protected":false},"author":3,"featured_media":8040,"comment_status":"closed","ping_status":"closed","sticky":false,"template":"","format":"standard","meta":{"footnotes":""},"categories":[1987],"tags":[2035,2276],"class_list":["post-8039","post","type-post","status-publish","format-standard","has-post-thumbnail","hentry","category-instituciones","tag-minagri","tag-provincia-de-linares"],"yoast_head":"<!-- This site is optimized with the Yoast SEO plugin v26.6 - https:\/\/yoast.com\/wordpress\/plugins\/seo\/ -->\n<title>Proponen crear una gran cooperativa para enfrentar desaf\u00edos del sector agr\u00edcola en Linares - Mundoagropecuario<\/title>\n<meta name=\"robots\" content=\"index, follow, max-snippet:-1, max-image-preview:large, max-video-preview:-1\" \/>\n<link rel=\"canonical\" href=\"https:\/\/www.mundoagropecuario.cl\/new\/proponen-crear-una-gran-cooperativa-para-enfrentar-desafios-del-sector-agricola-en-linares\/\" \/>\n<meta property=\"og:locale\" content=\"es_ES\" \/>\n<meta property=\"og:type\" content=\"article\" \/>\n<meta property=\"og:title\" content=\"Proponen crear una gran cooperativa para enfrentar desaf\u00edos del sector agr\u00edcola en Linares - Mundoagropecuario\" \/>\n<meta property=\"og:description\" content=\"La jornada de trabajo realizada hoy en la capital de la provincia de Linares se concret\u00f3 tras la presentaci\u00f3n del Plan Maule que hizo el Gobierno ayer, para impulsar la...\" \/>\n<meta property=\"og:url\" content=\"https:\/\/www.mundoagropecuario.cl\/new\/proponen-crear-una-gran-cooperativa-para-enfrentar-desafios-del-sector-agricola-en-linares\/\" \/>\n<meta property=\"og:site_name\" content=\"Mundoagropecuario\" \/>\n<meta property=\"article:publisher\" content=\"https:\/\/www.facebook.com\/mundo.agropecuario.3\" \/>\n<meta property=\"article:published_time\" content=\"2018-08-09T13:12:48+00:00\" \/>\n<meta property=\"article:modified_time\" content=\"2018-08-09T13:15:36+00:00\" \/>\n<meta property=\"og:image\" content=\"https:\/\/www.mundoagropecuario.cl\/new\/wp-content\/uploads\/2018\/08\/linares.jpg\" \/>\n\t<meta property=\"og:image:width\" content=\"900\" \/>\n\t<meta property=\"og:image:height\" content=\"600\" \/>\n\t<meta property=\"og:image:type\" content=\"image\/jpeg\" \/>\n<meta name=\"author\" content=\"periodista\" \/>\n<meta name=\"twitter:card\" content=\"summary_large_image\" \/>\n<meta name=\"twitter:creator\" content=\"@MundoAgropecuar\" \/>\n<meta name=\"twitter:site\" content=\"@MundoAgropecuar\" \/>\n<meta name=\"twitter:label1\" content=\"Escrito por\" \/>\n\t<meta name=\"twitter:data1\" content=\"periodista\" \/>\n\t<meta name=\"twitter:label2\" content=\"Tiempo de lectura\" \/>\n\t<meta name=\"twitter:data2\" content=\"5 minutos\" \/>\n<script type=\"application\/ld+json\" class=\"yoast-schema-graph\">{\"@context\":\"https:\/\/schema.org\",\"@graph\":[{\"@type\":\"Article\",\"@id\":\"https:\/\/www.mundoagropecuario.cl\/new\/proponen-crear-una-gran-cooperativa-para-enfrentar-desafios-del-sector-agricola-en-linares\/#article\",\"isPartOf\":{\"@id\":\"https:\/\/www.mundoagropecuario.cl\/new\/proponen-crear-una-gran-cooperativa-para-enfrentar-desafios-del-sector-agricola-en-linares\/\"},\"author\":{\"name\":\"periodista\",\"@id\":\"https:\/\/www.mundoagropecuario.cl\/new\/#\/schema\/person\/0c221050801c74e45256a7a9a1ff0803\"},\"headline\":\"Proponen crear una gran cooperativa para enfrentar desaf\u00edos del sector agr\u00edcola en Linares\",\"datePublished\":\"2018-08-09T13:12:48+00:00\",\"dateModified\":\"2018-08-09T13:15:36+00:00\",\"mainEntityOfPage\":{\"@id\":\"https:\/\/www.mundoagropecuario.cl\/new\/proponen-crear-una-gran-cooperativa-para-enfrentar-desafios-del-sector-agricola-en-linares\/\"},\"wordCount\":985,\"publisher\":{\"@id\":\"https:\/\/www.mundoagropecuario.cl\/new\/#organization\"},\"image\":{\"@id\":\"https:\/\/www.mundoagropecuario.cl\/new\/proponen-crear-una-gran-cooperativa-para-enfrentar-desafios-del-sector-agricola-en-linares\/#primaryimage\"},\"thumbnailUrl\":\"https:\/\/www.mundoagropecuario.cl\/new\/wp-content\/uploads\/2018\/08\/linares.jpg\",\"keywords\":[\"Minagri\",\"Provincia de Linares\"],\"articleSection\":[\"Instituciones\"],\"inLanguage\":\"es\"},{\"@type\":\"WebPage\",\"@id\":\"https:\/\/www.mundoagropecuario.cl\/new\/proponen-crear-una-gran-cooperativa-para-enfrentar-desafios-del-sector-agricola-en-linares\/\",\"url\":\"https:\/\/www.mundoagropecuario.cl\/new\/proponen-crear-una-gran-cooperativa-para-enfrentar-desafios-del-sector-agricola-en-linares\/\",\"name\":\"Proponen crear una gran cooperativa para enfrentar desaf\u00edos del sector agr\u00edcola en Linares - Mundoagropecuario\",\"isPartOf\":{\"@id\":\"https:\/\/www.mundoagropecuario.cl\/new\/#website\"},\"primaryImageOfPage\":{\"@id\":\"https:\/\/www.mundoagropecuario.cl\/new\/proponen-crear-una-gran-cooperativa-para-enfrentar-desafios-del-sector-agricola-en-linares\/#primaryimage\"},\"image\":{\"@id\":\"https:\/\/www.mundoagropecuario.cl\/new\/proponen-crear-una-gran-cooperativa-para-enfrentar-desafios-del-sector-agricola-en-linares\/#primaryimage\"},\"thumbnailUrl\":\"https:\/\/www.mundoagropecuario.cl\/new\/wp-content\/uploads\/2018\/08\/linares.jpg\",\"datePublished\":\"2018-08-09T13:12:48+00:00\",\"dateModified\":\"2018-08-09T13:15:36+00:00\",\"breadcrumb\":{\"@id\":\"https:\/\/www.mundoagropecuario.cl\/new\/proponen-crear-una-gran-cooperativa-para-enfrentar-desafios-del-sector-agricola-en-linares\/#breadcrumb\"},\"inLanguage\":\"es\",\"potentialAction\":[{\"@type\":\"ReadAction\",\"target\":[\"https:\/\/www.mundoagropecuario.cl\/new\/proponen-crear-una-gran-cooperativa-para-enfrentar-desafios-del-sector-agricola-en-linares\/\"]}]},{\"@type\":\"ImageObject\",\"inLanguage\":\"es\",\"@id\":\"https:\/\/www.mundoagropecuario.cl\/new\/proponen-crear-una-gran-cooperativa-para-enfrentar-desafios-del-sector-agricola-en-linares\/#primaryimage\",\"url\":\"https:\/\/www.mundoagropecuario.cl\/new\/wp-content\/uploads\/2018\/08\/linares.jpg\",\"contentUrl\":\"https:\/\/www.mundoagropecuario.cl\/new\/wp-content\/uploads\/2018\/08\/linares.jpg\",\"width\":600,\"height\":400},{\"@type\":\"BreadcrumbList\",\"@id\":\"https:\/\/www.mundoagropecuario.cl\/new\/proponen-crear-una-gran-cooperativa-para-enfrentar-desafios-del-sector-agricola-en-linares\/#breadcrumb\",\"itemListElement\":[{\"@type\":\"ListItem\",\"position\":1,\"name\":\"Portada\",\"item\":\"https:\/\/www.mundoagropecuario.cl\/new\/\"},{\"@type\":\"ListItem\",\"position\":2,\"name\":\"Proponen crear una gran cooperativa para enfrentar desaf\u00edos del sector agr\u00edcola en Linares\"}]},{\"@type\":\"WebSite\",\"@id\":\"https:\/\/www.mundoagropecuario.cl\/new\/#website\",\"url\":\"https:\/\/www.mundoagropecuario.cl\/new\/\",\"name\":\"Mundoagropecuario\",\"description\":\"Mundo Agropecuario\",\"publisher\":{\"@id\":\"https:\/\/www.mundoagropecuario.cl\/new\/#organization\"},\"potentialAction\":[{\"@type\":\"SearchAction\",\"target\":{\"@type\":\"EntryPoint\",\"urlTemplate\":\"https:\/\/www.mundoagropecuario.cl\/new\/?s={search_term_string}\"},\"query-input\":{\"@type\":\"PropertyValueSpecification\",\"valueRequired\":true,\"valueName\":\"search_term_string\"}}],\"inLanguage\":\"es\"},{\"@type\":\"Organization\",\"@id\":\"https:\/\/www.mundoagropecuario.cl\/new\/#organization\",\"name\":\"Revista de Agricultura\",\"url\":\"https:\/\/www.mundoagropecuario.cl\/new\/\",\"logo\":{\"@type\":\"ImageObject\",\"inLanguage\":\"es\",\"@id\":\"https:\/\/www.mundoagropecuario.cl\/new\/#\/schema\/logo\/image\/\",\"url\":\"https:\/\/www.mundoagropecuario.cl\/new\/wp-content\/uploads\/2020\/11\/PORTAL-1-1.png\",\"contentUrl\":\"https:\/\/www.mundoagropecuario.cl\/new\/wp-content\/uploads\/2020\/11\/PORTAL-1-1.png\",\"width\":1026,\"height\":100,\"caption\":\"Revista de Agricultura\"},\"image\":{\"@id\":\"https:\/\/www.mundoagropecuario.cl\/new\/#\/schema\/logo\/image\/\"},\"sameAs\":[\"https:\/\/www.facebook.com\/mundo.agropecuario.3\",\"https:\/\/x.com\/MundoAgropecuar\",\"https:\/\/www.linkedin.com\/in\/mundo-agropecuario-934009201\/\"]},{\"@type\":\"Person\",\"@id\":\"https:\/\/www.mundoagropecuario.cl\/new\/#\/schema\/person\/0c221050801c74e45256a7a9a1ff0803\",\"name\":\"periodista\",\"url\":\"https:\/\/www.mundoagropecuario.cl\/new\/author\/periodista\/\"}]}<\/script>\n<!-- \/ Yoast SEO plugin. -->","yoast_head_json":{"title":"Proponen crear una gran cooperativa para enfrentar desaf\u00edos del sector agr\u00edcola en Linares - Mundoagropecuario","robots":{"index":"index","follow":"follow","max-snippet":"max-snippet:-1","max-image-preview":"max-image-preview:large","max-video-preview":"max-video-preview:-1"},"canonical":"https:\/\/www.mundoagropecuario.cl\/new\/proponen-crear-una-gran-cooperativa-para-enfrentar-desafios-del-sector-agricola-en-linares\/","og_locale":"es_ES","og_type":"article","og_title":"Proponen crear una gran cooperativa para enfrentar desaf\u00edos del sector agr\u00edcola en Linares - Mundoagropecuario","og_description":"La jornada de trabajo realizada hoy en la capital de la provincia de Linares se concret\u00f3 tras la presentaci\u00f3n del Plan Maule que hizo el Gobierno ayer, para impulsar la...","og_url":"https:\/\/www.mundoagropecuario.cl\/new\/proponen-crear-una-gran-cooperativa-para-enfrentar-desafios-del-sector-agricola-en-linares\/","og_site_name":"Mundoagropecuario","article_publisher":"https:\/\/www.facebook.com\/mundo.agropecuario.3","article_published_time":"2018-08-09T13:12:48+00:00","article_modified_time":"2018-08-09T13:15:36+00:00","og_image":[{"width":900,"height":600,"url":"https:\/\/www.mundoagropecuario.cl\/new\/wp-content\/uploads\/2018\/08\/linares.jpg","type":"image\/jpeg"}],"author":"periodista","twitter_card":"summary_large_image","twitter_creator":"@MundoAgropecuar","twitter_site":"@MundoAgropecuar","twitter_misc":{"Escrito por":"periodista","Tiempo de lectura":"5 minutos"},"schema":{"@context":"https:\/\/schema.org","@graph":[{"@type":"Article","@id":"https:\/\/www.mundoagropecuario.cl\/new\/proponen-crear-una-gran-cooperativa-para-enfrentar-desafios-del-sector-agricola-en-linares\/#article","isPartOf":{"@id":"https:\/\/www.mundoagropecuario.cl\/new\/proponen-crear-una-gran-cooperativa-para-enfrentar-desafios-del-sector-agricola-en-linares\/"},"author":{"name":"periodista","@id":"https:\/\/www.mundoagropecuario.cl\/new\/#\/schema\/person\/0c221050801c74e45256a7a9a1ff0803"},"headline":"Proponen crear una gran cooperativa para enfrentar desaf\u00edos del sector agr\u00edcola en Linares","datePublished":"2018-08-09T13:12:48+00:00","dateModified":"2018-08-09T13:15:36+00:00","mainEntityOfPage":{"@id":"https:\/\/www.mundoagropecuario.cl\/new\/proponen-crear-una-gran-cooperativa-para-enfrentar-desafios-del-sector-agricola-en-linares\/"},"wordCount":985,"publisher":{"@id":"https:\/\/www.mundoagropecuario.cl\/new\/#organization"},"image":{"@id":"https:\/\/www.mundoagropecuario.cl\/new\/proponen-crear-una-gran-cooperativa-para-enfrentar-desafios-del-sector-agricola-en-linares\/#primaryimage"},"thumbnailUrl":"https:\/\/www.mundoagropecuario.cl\/new\/wp-content\/uploads\/2018\/08\/linares.jpg","keywords":["Minagri","Provincia de Linares"],"articleSection":["Instituciones"],"inLanguage":"es"},{"@type":"WebPage","@id":"https:\/\/www.mundoagropecuario.cl\/new\/proponen-crear-una-gran-cooperativa-para-enfrentar-desafios-del-sector-agricola-en-linares\/","url":"https:\/\/www.mundoagropecuario.cl\/new\/proponen-crear-una-gran-cooperativa-para-enfrentar-desafios-del-sector-agricola-en-linares\/","name":"Proponen crear una gran cooperativa para enfrentar desaf\u00edos del sector agr\u00edcola en Linares - Mundoagropecuario","isPartOf":{"@id":"https:\/\/www.mundoagropecuario.cl\/new\/#website"},"primaryImageOfPage":{"@id":"https:\/\/www.mundoagropecuario.cl\/new\/proponen-crear-una-gran-cooperativa-para-enfrentar-desafios-del-sector-agricola-en-linares\/#primaryimage"},"image":{"@id":"https:\/\/www.mundoagropecuario.cl\/new\/proponen-crear-una-gran-cooperativa-para-enfrentar-desafios-del-sector-agricola-en-linares\/#primaryimage"},"thumbnailUrl":"https:\/\/www.mundoagropecuario.cl\/new\/wp-content\/uploads\/2018\/08\/linares.jpg","datePublished":"2018-08-09T13:12:48+00:00","dateModified":"2018-08-09T13:15:36+00:00","breadcrumb":{"@id":"https:\/\/www.mundoagropecuario.cl\/new\/proponen-crear-una-gran-cooperativa-para-enfrentar-desafios-del-sector-agricola-en-linares\/#breadcrumb"},"inLanguage":"es","potentialAction":[{"@type":"ReadAction","target":["https:\/\/www.mundoagropecuario.cl\/new\/proponen-crear-una-gran-cooperativa-para-enfrentar-desafios-del-sector-agricola-en-linares\/"]}]},{"@type":"ImageObject","inLanguage":"es","@id":"https:\/\/www.mundoagropecuario.cl\/new\/proponen-crear-una-gran-cooperativa-para-enfrentar-desafios-del-sector-agricola-en-linares\/#primaryimage","url":"https:\/\/www.mundoagropecuario.cl\/new\/wp-content\/uploads\/2018\/08\/linares.jpg","contentUrl":"https:\/\/www.mundoagropecuario.cl\/new\/wp-content\/uploads\/2018\/08\/linares.jpg","width":600,"height":400},{"@type":"BreadcrumbList","@id":"https:\/\/www.mundoagropecuario.cl\/new\/proponen-crear-una-gran-cooperativa-para-enfrentar-desafios-del-sector-agricola-en-linares\/#breadcrumb","itemListElement":[{"@type":"ListItem","position":1,"name":"Portada","item":"https:\/\/www.mundoagropecuario.cl\/new\/"},{"@type":"ListItem","position":2,"name":"Proponen crear una gran cooperativa para enfrentar desaf\u00edos del sector agr\u00edcola en Linares"}]},{"@type":"WebSite","@id":"https:\/\/www.mundoagropecuario.cl\/new\/#website","url":"https:\/\/www.mundoagropecuario.cl\/new\/","name":"Mundoagropecuario","description":"Mundo Agropecuario","publisher":{"@id":"https:\/\/www.mundoagropecuario.cl\/new\/#organization"},"potentialAction":[{"@type":"SearchAction","target":{"@type":"EntryPoint","urlTemplate":"https:\/\/www.mundoagropecuario.cl\/new\/?s={search_term_string}"},"query-input":{"@type":"PropertyValueSpecification","valueRequired":true,"valueName":"search_term_string"}}],"inLanguage":"es"},{"@type":"Organization","@id":"https:\/\/www.mundoagropecuario.cl\/new\/#organization","name":"Revista de Agricultura","url":"https:\/\/www.mundoagropecuario.cl\/new\/","logo":{"@type":"ImageObject","inLanguage":"es","@id":"https:\/\/www.mundoagropecuario.cl\/new\/#\/schema\/logo\/image\/","url":"https:\/\/www.mundoagropecuario.cl\/new\/wp-content\/uploads\/2020\/11\/PORTAL-1-1.png","contentUrl":"https:\/\/www.mundoagropecuario.cl\/new\/wp-content\/uploads\/2020\/11\/PORTAL-1-1.png","width":1026,"height":100,"caption":"Revista de Agricultura"},"image":{"@id":"https:\/\/www.mundoagropecuario.cl\/new\/#\/schema\/logo\/image\/"},"sameAs":["https:\/\/www.facebook.com\/mundo.agropecuario.3","https:\/\/x.com\/MundoAgropecuar","https:\/\/www.linkedin.com\/in\/mundo-agropecuario-934009201\/"]},{"@type":"Person","@id":"https:\/\/www.mundoagropecuario.cl\/new\/#\/schema\/person\/0c221050801c74e45256a7a9a1ff0803","name":"periodista","url":"https:\/\/www.mundoagropecuario.cl\/new\/author\/periodista\/"}]}},"_links":{"self":[{"href":"https:\/\/www.mundoagropecuario.cl\/new\/wp-json\/wp\/v2\/posts\/8039","targetHints":{"allow":["GET"]}}],"collection":[{"href":"https:\/\/www.mundoagropecuario.cl\/new\/wp-json\/wp\/v2\/posts"}],"about":[{"href":"https:\/\/www.mundoagropecuario.cl\/new\/wp-json\/wp\/v2\/types\/post"}],"author":[{"embeddable":true,"href":"https:\/\/www.mundoagropecuario.cl\/new\/wp-json\/wp\/v2\/users\/3"}],"replies":[{"embeddable":true,"href":"https:\/\/www.mundoagropecuario.cl\/new\/wp-json\/wp\/v2\/comments?post=8039"}],"version-history":[{"count":3,"href":"https:\/\/www.mundoagropecuario.cl\/new\/wp-json\/wp\/v2\/posts\/8039\/revisions"}],"predecessor-version":[{"id":8043,"href":"https:\/\/www.mundoagropecuario.cl\/new\/wp-json\/wp\/v2\/posts\/8039\/revisions\/8043"}],"wp:featuredmedia":[{"embeddable":true,"href":"https:\/\/www.mundoagropecuario.cl\/new\/wp-json\/wp\/v2\/media\/8040"}],"wp:attachment":[{"href":"https:\/\/www.mundoagropecuario.cl\/new\/wp-json\/wp\/v2\/media?parent=8039"}],"wp:term":[{"taxonomy":"category","embeddable":true,"href":"https:\/\/www.mundoagropecuario.cl\/new\/wp-json\/wp\/v2\/categories?post=8039"},{"taxonomy":"post_tag","embeddable":true,"href":"https:\/\/www.mundoagropecuario.cl\/new\/wp-json\/wp\/v2\/tags?post=8039"}],"curies":[{"name":"wp","href":"https:\/\/api.w.org\/{rel}","templated":true}]}}