{"id":8035,"date":"2018-08-09T10:07:04","date_gmt":"2018-08-09T13:07:04","guid":{"rendered":"http:\/\/www.mundoagropecuario.cl\/new\/?p=8035"},"modified":"2018-08-09T10:09:15","modified_gmt":"2018-08-09T13:09:15","slug":"usach-descubren-compuesto-natural-para-crecimiento-y-mejora-en-salud-de-arboles-frutales-y-bosque-nativo","status":"publish","type":"post","link":"https:\/\/www.mundoagropecuario.cl\/new\/usach-descubren-compuesto-natural-para-crecimiento-y-mejora-en-salud-de-arboles-frutales-y-bosque-nativo\/","title":{"rendered":"USACh: descubren compuesto natural para crecimiento y mejora en salud de \u00e1rboles frutales y bosque nativo"},"content":{"rendered":"<blockquote><p><em>Esta innovaci\u00f3n permite que los \u00e1rboles frutales y bosque nativo reduzcan su tiempo de crecimiento, previniendo y revirtiendo infecciones propias de las especies. (Mundo Agropecuario).<\/em><\/p><\/blockquote>\n<p>El trabajo de m\u00e1s de 15 a\u00f1os de la Dra. Alejandra Moenne, del Departamento de Biolog\u00eda de la Universidad de Santiago de Chile, deja en evidencia c\u00f3mo los oligo-carragenanos de algas marinas rojas estimulan el crecimiento y la defensa contra pat\u00f3genos en \u00e1rboles frutales y flora nativa.<\/p>\n<p>\u201cEstamos dando respuesta a una necesidad pa\u00eds y de la industria agr\u00edcola y forestal, con un producto 100% puro y org\u00e1nico que permite aumentar al doble la productividad de vides y \u00e1rboles frutales y estimula el crecimiento de bosque nativo.\u00a0 Adem\u00e1s, de disminuir las infecciones de los \u00e1rboles frutales, con un potencial para la productividad y sustentabilidad de los recursos que podr\u00edan ser muy importantes\u201d, se\u00f1ala Moenne.<\/p>\n<p>La iniciativa, ha permitido desarrollar y comercializar mediante la empresa Sirius Natura S.A., los compuestos bautizados como Karla, estimuladora de crecimiento y defensa contra pat\u00f3genos, y Thor, encargado de alimentar la tierra para permitir efecto de Karla.<\/p>\n<p>Para esto, se hicieron primero una serie de an\u00e1lisis en plantas de tabaco y en Eucalyptus que demostraban que el compuesto Karla aumenta la fotos\u00edntesis, la asimilaci\u00f3n de nitr\u00f3geno y de azufre lo cual significa un aumento del metabolismo basal. Adem\u00e1s, la defensa contra hongos, bacterias y virus, tambi\u00e9n se encontraba incrementada, logrando prevenir que la planta se infectara y tambi\u00e9n pudiendo revertir una infecci\u00f3n ya instalada.<\/p>\n<p>Los oligo-carragenanos, pueden ser del tipo lambda, iota o kappa (Karla). Este \u00faltimo, es con el cual trabaja principalmente gracias a sus caracter\u00edsticas que le permiten aumentar el crecimiento y la inmunidad innata de la planta mediante la aspersi\u00f3n de una soluci\u00f3n acuosa sobre las hojas de las plantas y \u00e1rboles.<\/p>\n<p>Luego de este tratamiento, se observa un aumento de la altura del \u00e1rbol, adem\u00e1s del di\u00e1metro y largo de las ra\u00edces y tronco, lo cual indica que el \u00e1rbol ha crecido m\u00e1s r\u00e1pido. Los positivos resultados, se han observado en vides, c\u00edtricos y kiwis, adem\u00e1s de cultivos forestales, entre los que destacan especies de bosque nativo como Roble, Quillay, Raul\u00ed y Coihue.<\/p>\n<p>\u201cNuestra apuesta es a encontrar socios en la industria de la fruta y en el mundo forestal. De esta forma, masificaremos los estudios. Las potencialidades son ilimitadas, hablamos de dar mayor sustentabilidad a recursos que son escasos, con el consiguiente impacto econ\u00f3mico, en los productores y consumidores\u201d, puntualiza la Dra. Alejandra Moenne.<\/p>\n","protected":false},"excerpt":{"rendered":"<p>Esta innovaci\u00f3n permite que los \u00e1rboles frutales y bosque nativo reduzcan su tiempo de crecimiento, previniendo y revirtiendo infecciones propias de las especies. (Mundo Agropecuario). El trabajo de m\u00e1s de&#8230;<\/p>\n","protected":false},"author":3,"featured_media":8036,"comment_status":"closed","ping_status":"closed","sticky":false,"template":"","format":"standard","meta":{"footnotes":""},"categories":[404],"tags":[1421],"class_list":["post-8035","post","type-post","status-publish","format-standard","has-post-thumbnail","hentry","category-titular-2","tag-usach"],"yoast_head":"<!-- This site is optimized with the Yoast SEO plugin v26.6 - https:\/\/yoast.com\/wordpress\/plugins\/seo\/ -->\n<title>USACh: descubren compuesto natural para crecimiento y mejora en salud de \u00e1rboles frutales y bosque nativo - Mundoagropecuario<\/title>\n<meta name=\"robots\" content=\"index, follow, max-snippet:-1, max-image-preview:large, max-video-preview:-1\" \/>\n<link rel=\"canonical\" href=\"https:\/\/www.mundoagropecuario.cl\/new\/usach-descubren-compuesto-natural-para-crecimiento-y-mejora-en-salud-de-arboles-frutales-y-bosque-nativo\/\" \/>\n<meta property=\"og:locale\" content=\"es_ES\" \/>\n<meta property=\"og:type\" content=\"article\" \/>\n<meta property=\"og:title\" content=\"USACh: descubren compuesto natural para crecimiento y mejora en salud de \u00e1rboles frutales y bosque nativo - Mundoagropecuario\" \/>\n<meta property=\"og:description\" content=\"Esta innovaci\u00f3n permite que los \u00e1rboles frutales y bosque nativo reduzcan su tiempo de crecimiento, previniendo y revirtiendo infecciones propias de las especies. (Mundo Agropecuario). El trabajo de m\u00e1s de...\" \/>\n<meta property=\"og:url\" content=\"https:\/\/www.mundoagropecuario.cl\/new\/usach-descubren-compuesto-natural-para-crecimiento-y-mejora-en-salud-de-arboles-frutales-y-bosque-nativo\/\" \/>\n<meta property=\"og:site_name\" content=\"Mundoagropecuario\" \/>\n<meta property=\"article:publisher\" content=\"https:\/\/www.facebook.com\/mundo.agropecuario.3\" \/>\n<meta property=\"article:published_time\" content=\"2018-08-09T13:07:04+00:00\" \/>\n<meta property=\"article:modified_time\" content=\"2018-08-09T13:09:15+00:00\" \/>\n<meta property=\"og:image\" content=\"https:\/\/www.mundoagropecuario.cl\/new\/wp-content\/uploads\/2018\/08\/moenne.jpg\" \/>\n\t<meta property=\"og:image:width\" content=\"900\" \/>\n\t<meta property=\"og:image:height\" content=\"624\" \/>\n\t<meta property=\"og:image:type\" content=\"image\/jpeg\" \/>\n<meta name=\"author\" content=\"periodista\" \/>\n<meta name=\"twitter:card\" content=\"summary_large_image\" \/>\n<meta name=\"twitter:creator\" content=\"@MundoAgropecuar\" \/>\n<meta name=\"twitter:site\" content=\"@MundoAgropecuar\" \/>\n<meta name=\"twitter:label1\" content=\"Escrito por\" \/>\n\t<meta name=\"twitter:data1\" content=\"periodista\" \/>\n\t<meta name=\"twitter:label2\" content=\"Tiempo de lectura\" \/>\n\t<meta name=\"twitter:data2\" content=\"2 minutos\" \/>\n<script type=\"application\/ld+json\" class=\"yoast-schema-graph\">{\"@context\":\"https:\/\/schema.org\",\"@graph\":[{\"@type\":\"Article\",\"@id\":\"https:\/\/www.mundoagropecuario.cl\/new\/usach-descubren-compuesto-natural-para-crecimiento-y-mejora-en-salud-de-arboles-frutales-y-bosque-nativo\/#article\",\"isPartOf\":{\"@id\":\"https:\/\/www.mundoagropecuario.cl\/new\/usach-descubren-compuesto-natural-para-crecimiento-y-mejora-en-salud-de-arboles-frutales-y-bosque-nativo\/\"},\"author\":{\"name\":\"periodista\",\"@id\":\"https:\/\/www.mundoagropecuario.cl\/new\/#\/schema\/person\/0c221050801c74e45256a7a9a1ff0803\"},\"headline\":\"USACh: descubren compuesto natural para crecimiento y mejora en salud de \u00e1rboles frutales y bosque nativo\",\"datePublished\":\"2018-08-09T13:07:04+00:00\",\"dateModified\":\"2018-08-09T13:09:15+00:00\",\"mainEntityOfPage\":{\"@id\":\"https:\/\/www.mundoagropecuario.cl\/new\/usach-descubren-compuesto-natural-para-crecimiento-y-mejora-en-salud-de-arboles-frutales-y-bosque-nativo\/\"},\"wordCount\":455,\"publisher\":{\"@id\":\"https:\/\/www.mundoagropecuario.cl\/new\/#organization\"},\"image\":{\"@id\":\"https:\/\/www.mundoagropecuario.cl\/new\/usach-descubren-compuesto-natural-para-crecimiento-y-mejora-en-salud-de-arboles-frutales-y-bosque-nativo\/#primaryimage\"},\"thumbnailUrl\":\"https:\/\/www.mundoagropecuario.cl\/new\/wp-content\/uploads\/2018\/08\/moenne.jpg\",\"keywords\":[\"USACh\"],\"articleSection\":[\"Titular 2\"],\"inLanguage\":\"es\"},{\"@type\":\"WebPage\",\"@id\":\"https:\/\/www.mundoagropecuario.cl\/new\/usach-descubren-compuesto-natural-para-crecimiento-y-mejora-en-salud-de-arboles-frutales-y-bosque-nativo\/\",\"url\":\"https:\/\/www.mundoagropecuario.cl\/new\/usach-descubren-compuesto-natural-para-crecimiento-y-mejora-en-salud-de-arboles-frutales-y-bosque-nativo\/\",\"name\":\"USACh: descubren compuesto natural para crecimiento y mejora en salud de \u00e1rboles frutales y bosque nativo - Mundoagropecuario\",\"isPartOf\":{\"@id\":\"https:\/\/www.mundoagropecuario.cl\/new\/#website\"},\"primaryImageOfPage\":{\"@id\":\"https:\/\/www.mundoagropecuario.cl\/new\/usach-descubren-compuesto-natural-para-crecimiento-y-mejora-en-salud-de-arboles-frutales-y-bosque-nativo\/#primaryimage\"},\"image\":{\"@id\":\"https:\/\/www.mundoagropecuario.cl\/new\/usach-descubren-compuesto-natural-para-crecimiento-y-mejora-en-salud-de-arboles-frutales-y-bosque-nativo\/#primaryimage\"},\"thumbnailUrl\":\"https:\/\/www.mundoagropecuario.cl\/new\/wp-content\/uploads\/2018\/08\/moenne.jpg\",\"datePublished\":\"2018-08-09T13:07:04+00:00\",\"dateModified\":\"2018-08-09T13:09:15+00:00\",\"breadcrumb\":{\"@id\":\"https:\/\/www.mundoagropecuario.cl\/new\/usach-descubren-compuesto-natural-para-crecimiento-y-mejora-en-salud-de-arboles-frutales-y-bosque-nativo\/#breadcrumb\"},\"inLanguage\":\"es\",\"potentialAction\":[{\"@type\":\"ReadAction\",\"target\":[\"https:\/\/www.mundoagropecuario.cl\/new\/usach-descubren-compuesto-natural-para-crecimiento-y-mejora-en-salud-de-arboles-frutales-y-bosque-nativo\/\"]}]},{\"@type\":\"ImageObject\",\"inLanguage\":\"es\",\"@id\":\"https:\/\/www.mundoagropecuario.cl\/new\/usach-descubren-compuesto-natural-para-crecimiento-y-mejora-en-salud-de-arboles-frutales-y-bosque-nativo\/#primaryimage\",\"url\":\"https:\/\/www.mundoagropecuario.cl\/new\/wp-content\/uploads\/2018\/08\/moenne.jpg\",\"contentUrl\":\"https:\/\/www.mundoagropecuario.cl\/new\/wp-content\/uploads\/2018\/08\/moenne.jpg\",\"width\":577,\"height\":400},{\"@type\":\"BreadcrumbList\",\"@id\":\"https:\/\/www.mundoagropecuario.cl\/new\/usach-descubren-compuesto-natural-para-crecimiento-y-mejora-en-salud-de-arboles-frutales-y-bosque-nativo\/#breadcrumb\",\"itemListElement\":[{\"@type\":\"ListItem\",\"position\":1,\"name\":\"Portada\",\"item\":\"https:\/\/www.mundoagropecuario.cl\/new\/\"},{\"@type\":\"ListItem\",\"position\":2,\"name\":\"USACh: descubren compuesto natural para crecimiento y mejora en salud de \u00e1rboles frutales y bosque nativo\"}]},{\"@type\":\"WebSite\",\"@id\":\"https:\/\/www.mundoagropecuario.cl\/new\/#website\",\"url\":\"https:\/\/www.mundoagropecuario.cl\/new\/\",\"name\":\"Mundoagropecuario\",\"description\":\"Mundo Agropecuario\",\"publisher\":{\"@id\":\"https:\/\/www.mundoagropecuario.cl\/new\/#organization\"},\"potentialAction\":[{\"@type\":\"SearchAction\",\"target\":{\"@type\":\"EntryPoint\",\"urlTemplate\":\"https:\/\/www.mundoagropecuario.cl\/new\/?s={search_term_string}\"},\"query-input\":{\"@type\":\"PropertyValueSpecification\",\"valueRequired\":true,\"valueName\":\"search_term_string\"}}],\"inLanguage\":\"es\"},{\"@type\":\"Organization\",\"@id\":\"https:\/\/www.mundoagropecuario.cl\/new\/#organization\",\"name\":\"Revista de Agricultura\",\"url\":\"https:\/\/www.mundoagropecuario.cl\/new\/\",\"logo\":{\"@type\":\"ImageObject\",\"inLanguage\":\"es\",\"@id\":\"https:\/\/www.mundoagropecuario.cl\/new\/#\/schema\/logo\/image\/\",\"url\":\"https:\/\/www.mundoagropecuario.cl\/new\/wp-content\/uploads\/2020\/11\/PORTAL-1-1.png\",\"contentUrl\":\"https:\/\/www.mundoagropecuario.cl\/new\/wp-content\/uploads\/2020\/11\/PORTAL-1-1.png\",\"width\":1026,\"height\":100,\"caption\":\"Revista de Agricultura\"},\"image\":{\"@id\":\"https:\/\/www.mundoagropecuario.cl\/new\/#\/schema\/logo\/image\/\"},\"sameAs\":[\"https:\/\/www.facebook.com\/mundo.agropecuario.3\",\"https:\/\/x.com\/MundoAgropecuar\",\"https:\/\/www.linkedin.com\/in\/mundo-agropecuario-934009201\/\"]},{\"@type\":\"Person\",\"@id\":\"https:\/\/www.mundoagropecuario.cl\/new\/#\/schema\/person\/0c221050801c74e45256a7a9a1ff0803\",\"name\":\"periodista\",\"url\":\"https:\/\/www.mundoagropecuario.cl\/new\/author\/periodista\/\"}]}<\/script>\n<!-- \/ Yoast SEO plugin. -->","yoast_head_json":{"title":"USACh: descubren compuesto natural para crecimiento y mejora en salud de \u00e1rboles frutales y bosque nativo - Mundoagropecuario","robots":{"index":"index","follow":"follow","max-snippet":"max-snippet:-1","max-image-preview":"max-image-preview:large","max-video-preview":"max-video-preview:-1"},"canonical":"https:\/\/www.mundoagropecuario.cl\/new\/usach-descubren-compuesto-natural-para-crecimiento-y-mejora-en-salud-de-arboles-frutales-y-bosque-nativo\/","og_locale":"es_ES","og_type":"article","og_title":"USACh: descubren compuesto natural para crecimiento y mejora en salud de \u00e1rboles frutales y bosque nativo - Mundoagropecuario","og_description":"Esta innovaci\u00f3n permite que los \u00e1rboles frutales y bosque nativo reduzcan su tiempo de crecimiento, previniendo y revirtiendo infecciones propias de las especies. (Mundo Agropecuario). El trabajo de m\u00e1s de...","og_url":"https:\/\/www.mundoagropecuario.cl\/new\/usach-descubren-compuesto-natural-para-crecimiento-y-mejora-en-salud-de-arboles-frutales-y-bosque-nativo\/","og_site_name":"Mundoagropecuario","article_publisher":"https:\/\/www.facebook.com\/mundo.agropecuario.3","article_published_time":"2018-08-09T13:07:04+00:00","article_modified_time":"2018-08-09T13:09:15+00:00","og_image":[{"width":900,"height":624,"url":"https:\/\/www.mundoagropecuario.cl\/new\/wp-content\/uploads\/2018\/08\/moenne.jpg","type":"image\/jpeg"}],"author":"periodista","twitter_card":"summary_large_image","twitter_creator":"@MundoAgropecuar","twitter_site":"@MundoAgropecuar","twitter_misc":{"Escrito por":"periodista","Tiempo de lectura":"2 minutos"},"schema":{"@context":"https:\/\/schema.org","@graph":[{"@type":"Article","@id":"https:\/\/www.mundoagropecuario.cl\/new\/usach-descubren-compuesto-natural-para-crecimiento-y-mejora-en-salud-de-arboles-frutales-y-bosque-nativo\/#article","isPartOf":{"@id":"https:\/\/www.mundoagropecuario.cl\/new\/usach-descubren-compuesto-natural-para-crecimiento-y-mejora-en-salud-de-arboles-frutales-y-bosque-nativo\/"},"author":{"name":"periodista","@id":"https:\/\/www.mundoagropecuario.cl\/new\/#\/schema\/person\/0c221050801c74e45256a7a9a1ff0803"},"headline":"USACh: descubren compuesto natural para crecimiento y mejora en salud de \u00e1rboles frutales y bosque nativo","datePublished":"2018-08-09T13:07:04+00:00","dateModified":"2018-08-09T13:09:15+00:00","mainEntityOfPage":{"@id":"https:\/\/www.mundoagropecuario.cl\/new\/usach-descubren-compuesto-natural-para-crecimiento-y-mejora-en-salud-de-arboles-frutales-y-bosque-nativo\/"},"wordCount":455,"publisher":{"@id":"https:\/\/www.mundoagropecuario.cl\/new\/#organization"},"image":{"@id":"https:\/\/www.mundoagropecuario.cl\/new\/usach-descubren-compuesto-natural-para-crecimiento-y-mejora-en-salud-de-arboles-frutales-y-bosque-nativo\/#primaryimage"},"thumbnailUrl":"https:\/\/www.mundoagropecuario.cl\/new\/wp-content\/uploads\/2018\/08\/moenne.jpg","keywords":["USACh"],"articleSection":["Titular 2"],"inLanguage":"es"},{"@type":"WebPage","@id":"https:\/\/www.mundoagropecuario.cl\/new\/usach-descubren-compuesto-natural-para-crecimiento-y-mejora-en-salud-de-arboles-frutales-y-bosque-nativo\/","url":"https:\/\/www.mundoagropecuario.cl\/new\/usach-descubren-compuesto-natural-para-crecimiento-y-mejora-en-salud-de-arboles-frutales-y-bosque-nativo\/","name":"USACh: descubren compuesto natural para crecimiento y mejora en salud de \u00e1rboles frutales y bosque nativo - Mundoagropecuario","isPartOf":{"@id":"https:\/\/www.mundoagropecuario.cl\/new\/#website"},"primaryImageOfPage":{"@id":"https:\/\/www.mundoagropecuario.cl\/new\/usach-descubren-compuesto-natural-para-crecimiento-y-mejora-en-salud-de-arboles-frutales-y-bosque-nativo\/#primaryimage"},"image":{"@id":"https:\/\/www.mundoagropecuario.cl\/new\/usach-descubren-compuesto-natural-para-crecimiento-y-mejora-en-salud-de-arboles-frutales-y-bosque-nativo\/#primaryimage"},"thumbnailUrl":"https:\/\/www.mundoagropecuario.cl\/new\/wp-content\/uploads\/2018\/08\/moenne.jpg","datePublished":"2018-08-09T13:07:04+00:00","dateModified":"2018-08-09T13:09:15+00:00","breadcrumb":{"@id":"https:\/\/www.mundoagropecuario.cl\/new\/usach-descubren-compuesto-natural-para-crecimiento-y-mejora-en-salud-de-arboles-frutales-y-bosque-nativo\/#breadcrumb"},"inLanguage":"es","potentialAction":[{"@type":"ReadAction","target":["https:\/\/www.mundoagropecuario.cl\/new\/usach-descubren-compuesto-natural-para-crecimiento-y-mejora-en-salud-de-arboles-frutales-y-bosque-nativo\/"]}]},{"@type":"ImageObject","inLanguage":"es","@id":"https:\/\/www.mundoagropecuario.cl\/new\/usach-descubren-compuesto-natural-para-crecimiento-y-mejora-en-salud-de-arboles-frutales-y-bosque-nativo\/#primaryimage","url":"https:\/\/www.mundoagropecuario.cl\/new\/wp-content\/uploads\/2018\/08\/moenne.jpg","contentUrl":"https:\/\/www.mundoagropecuario.cl\/new\/wp-content\/uploads\/2018\/08\/moenne.jpg","width":577,"height":400},{"@type":"BreadcrumbList","@id":"https:\/\/www.mundoagropecuario.cl\/new\/usach-descubren-compuesto-natural-para-crecimiento-y-mejora-en-salud-de-arboles-frutales-y-bosque-nativo\/#breadcrumb","itemListElement":[{"@type":"ListItem","position":1,"name":"Portada","item":"https:\/\/www.mundoagropecuario.cl\/new\/"},{"@type":"ListItem","position":2,"name":"USACh: descubren compuesto natural para crecimiento y mejora en salud de \u00e1rboles frutales y bosque nativo"}]},{"@type":"WebSite","@id":"https:\/\/www.mundoagropecuario.cl\/new\/#website","url":"https:\/\/www.mundoagropecuario.cl\/new\/","name":"Mundoagropecuario","description":"Mundo Agropecuario","publisher":{"@id":"https:\/\/www.mundoagropecuario.cl\/new\/#organization"},"potentialAction":[{"@type":"SearchAction","target":{"@type":"EntryPoint","urlTemplate":"https:\/\/www.mundoagropecuario.cl\/new\/?s={search_term_string}"},"query-input":{"@type":"PropertyValueSpecification","valueRequired":true,"valueName":"search_term_string"}}],"inLanguage":"es"},{"@type":"Organization","@id":"https:\/\/www.mundoagropecuario.cl\/new\/#organization","name":"Revista de Agricultura","url":"https:\/\/www.mundoagropecuario.cl\/new\/","logo":{"@type":"ImageObject","inLanguage":"es","@id":"https:\/\/www.mundoagropecuario.cl\/new\/#\/schema\/logo\/image\/","url":"https:\/\/www.mundoagropecuario.cl\/new\/wp-content\/uploads\/2020\/11\/PORTAL-1-1.png","contentUrl":"https:\/\/www.mundoagropecuario.cl\/new\/wp-content\/uploads\/2020\/11\/PORTAL-1-1.png","width":1026,"height":100,"caption":"Revista de Agricultura"},"image":{"@id":"https:\/\/www.mundoagropecuario.cl\/new\/#\/schema\/logo\/image\/"},"sameAs":["https:\/\/www.facebook.com\/mundo.agropecuario.3","https:\/\/x.com\/MundoAgropecuar","https:\/\/www.linkedin.com\/in\/mundo-agropecuario-934009201\/"]},{"@type":"Person","@id":"https:\/\/www.mundoagropecuario.cl\/new\/#\/schema\/person\/0c221050801c74e45256a7a9a1ff0803","name":"periodista","url":"https:\/\/www.mundoagropecuario.cl\/new\/author\/periodista\/"}]}},"_links":{"self":[{"href":"https:\/\/www.mundoagropecuario.cl\/new\/wp-json\/wp\/v2\/posts\/8035","targetHints":{"allow":["GET"]}}],"collection":[{"href":"https:\/\/www.mundoagropecuario.cl\/new\/wp-json\/wp\/v2\/posts"}],"about":[{"href":"https:\/\/www.mundoagropecuario.cl\/new\/wp-json\/wp\/v2\/types\/post"}],"author":[{"embeddable":true,"href":"https:\/\/www.mundoagropecuario.cl\/new\/wp-json\/wp\/v2\/users\/3"}],"replies":[{"embeddable":true,"href":"https:\/\/www.mundoagropecuario.cl\/new\/wp-json\/wp\/v2\/comments?post=8035"}],"version-history":[{"count":2,"href":"https:\/\/www.mundoagropecuario.cl\/new\/wp-json\/wp\/v2\/posts\/8035\/revisions"}],"predecessor-version":[{"id":8038,"href":"https:\/\/www.mundoagropecuario.cl\/new\/wp-json\/wp\/v2\/posts\/8035\/revisions\/8038"}],"wp:featuredmedia":[{"embeddable":true,"href":"https:\/\/www.mundoagropecuario.cl\/new\/wp-json\/wp\/v2\/media\/8036"}],"wp:attachment":[{"href":"https:\/\/www.mundoagropecuario.cl\/new\/wp-json\/wp\/v2\/media?parent=8035"}],"wp:term":[{"taxonomy":"category","embeddable":true,"href":"https:\/\/www.mundoagropecuario.cl\/new\/wp-json\/wp\/v2\/categories?post=8035"},{"taxonomy":"post_tag","embeddable":true,"href":"https:\/\/www.mundoagropecuario.cl\/new\/wp-json\/wp\/v2\/tags?post=8035"}],"curies":[{"name":"wp","href":"https:\/\/api.w.org\/{rel}","templated":true}]}}