{"id":8032,"date":"2018-08-09T10:02:28","date_gmt":"2018-08-09T13:02:28","guid":{"rendered":"http:\/\/www.mundoagropecuario.cl\/new\/?p=8032"},"modified":"2018-08-10T11:27:37","modified_gmt":"2018-08-10T14:27:37","slug":"crean-mesa-publico-privada-para-abordar-contingencias-sanitarias-en-el-sector-agropecuario","status":"publish","type":"post","link":"https:\/\/www.mundoagropecuario.cl\/new\/crean-mesa-publico-privada-para-abordar-contingencias-sanitarias-en-el-sector-agropecuario\/","title":{"rendered":"Crean mesa p\u00fablico-privada para abordar contingencias sanitarias en el sector agropecuario"},"content":{"rendered":"<blockquote><p><em>Durante el encuentro participaron la Sociedad Agr\u00edcola Ganadero (SAGO), Aproleche, Agrollanquihue, la Corporaci\u00f3n de la Carne, entre otras asociaciones. (Mundo Agropecuario).<\/em><\/p><\/blockquote>\n<p>Con el prop\u00f3sito de abordar de forma permanente las contingencias y desaf\u00edos sanitarios que afectan al sector ganadero de la regi\u00f3n de Los Lagos, el seremi de Agricultura, Juan Vicente Barrientos, impuls\u00f3 la creaci\u00f3n de la Mesa de Salud y Agricultura para la Sustentabilidad Agropecuaria.<\/p>\n<p>En esa l\u00ednea, se\u00f1al\u00f3 que la experiencia que dej\u00f3 el brote inusual de fiebre Q que se detect\u00f3 en 2017, expuso la necesidad de contar con una instancia de articulaci\u00f3n que re\u00fana a los ministerios de Agricultura, Salud y las asociaciones que representan al sector ganadero.<\/p>\n<p>\u201cEsta semana sesionamos por primera vez y revisamos el protocolo de medidas para abordar la fiebre Q, en conjunto lo estandarizamos y evaluamos su aplicabilidad, con el prop\u00f3sito de garantizar la salud de los trabajadores del sector y, tambi\u00e9n, que la actividad productiva se vea impactado lo menos posible. Esta propuesta la presentaremos al Ministerio de Salud para su aprobaci\u00f3n\u201d, explic\u00f3 el Seremi.<\/p>\n<p>En la oportunidad, participaron la Sociedad Agr\u00edcola Ganadero (Sago), Aproleche, Agrollanquihue, la Corporaci\u00f3n de la Carne, entre otras asociaciones.<\/p>\n<p>La agenda de esta instancia p\u00fablico-privada, agreg\u00f3 la autoridad del agro, va m\u00e1s all\u00e1 de la contingencia actual por fiebre Q, sino que busca abordar otras brechas productivas ocasionadas por enfermedades zoon\u00f3ticas, seguridad laboral en el agro y pr\u00e1cticas que generan riesgo para la sanidad animal y productiva.<\/p>\n","protected":false},"excerpt":{"rendered":"<p>Durante el encuentro participaron la Sociedad Agr\u00edcola Ganadero (SAGO), Aproleche, Agrollanquihue, la Corporaci\u00f3n de la Carne, entre otras asociaciones. (Mundo Agropecuario). Con el prop\u00f3sito de abordar de forma permanente las&#8230;<\/p>\n","protected":false},"author":3,"featured_media":8033,"comment_status":"closed","ping_status":"closed","sticky":false,"template":"","format":"standard","meta":{"footnotes":""},"categories":[1987],"tags":[563],"class_list":["post-8032","post","type-post","status-publish","format-standard","has-post-thumbnail","hentry","category-instituciones","tag-region-de-los-lagos"],"yoast_head":"<!-- This site is optimized with the Yoast SEO plugin v26.6 - https:\/\/yoast.com\/wordpress\/plugins\/seo\/ -->\n<title>Crean mesa p\u00fablico-privada para abordar contingencias sanitarias en el sector agropecuario - Mundoagropecuario<\/title>\n<meta name=\"robots\" content=\"index, follow, max-snippet:-1, max-image-preview:large, max-video-preview:-1\" \/>\n<link rel=\"canonical\" href=\"https:\/\/www.mundoagropecuario.cl\/new\/crean-mesa-publico-privada-para-abordar-contingencias-sanitarias-en-el-sector-agropecuario\/\" \/>\n<meta property=\"og:locale\" content=\"es_ES\" \/>\n<meta property=\"og:type\" content=\"article\" \/>\n<meta property=\"og:title\" content=\"Crean mesa p\u00fablico-privada para abordar contingencias sanitarias en el sector agropecuario - Mundoagropecuario\" \/>\n<meta property=\"og:description\" content=\"Durante el encuentro participaron la Sociedad Agr\u00edcola Ganadero (SAGO), Aproleche, Agrollanquihue, la Corporaci\u00f3n de la Carne, entre otras asociaciones. (Mundo Agropecuario). Con el prop\u00f3sito de abordar de forma permanente las...\" \/>\n<meta property=\"og:url\" content=\"https:\/\/www.mundoagropecuario.cl\/new\/crean-mesa-publico-privada-para-abordar-contingencias-sanitarias-en-el-sector-agropecuario\/\" \/>\n<meta property=\"og:site_name\" content=\"Mundoagropecuario\" \/>\n<meta property=\"article:publisher\" content=\"https:\/\/www.facebook.com\/mundo.agropecuario.3\" \/>\n<meta property=\"article:published_time\" content=\"2018-08-09T13:02:28+00:00\" \/>\n<meta property=\"article:modified_time\" content=\"2018-08-10T14:27:37+00:00\" \/>\n<meta property=\"og:image\" content=\"https:\/\/www.mundoagropecuario.cl\/new\/wp-content\/uploads\/2018\/08\/agroloslagos.jpg\" \/>\n\t<meta property=\"og:image:width\" content=\"910\" \/>\n\t<meta property=\"og:image:height\" content=\"670\" \/>\n\t<meta property=\"og:image:type\" content=\"image\/jpeg\" \/>\n<meta name=\"author\" content=\"periodista\" \/>\n<meta name=\"twitter:card\" content=\"summary_large_image\" \/>\n<meta name=\"twitter:creator\" content=\"@MundoAgropecuar\" \/>\n<meta name=\"twitter:site\" content=\"@MundoAgropecuar\" \/>\n<meta name=\"twitter:label1\" content=\"Escrito por\" \/>\n\t<meta name=\"twitter:data1\" content=\"periodista\" \/>\n\t<meta name=\"twitter:label2\" content=\"Tiempo de lectura\" \/>\n\t<meta name=\"twitter:data2\" content=\"1 minuto\" \/>\n<script type=\"application\/ld+json\" class=\"yoast-schema-graph\">{\"@context\":\"https:\/\/schema.org\",\"@graph\":[{\"@type\":\"Article\",\"@id\":\"https:\/\/www.mundoagropecuario.cl\/new\/crean-mesa-publico-privada-para-abordar-contingencias-sanitarias-en-el-sector-agropecuario\/#article\",\"isPartOf\":{\"@id\":\"https:\/\/www.mundoagropecuario.cl\/new\/crean-mesa-publico-privada-para-abordar-contingencias-sanitarias-en-el-sector-agropecuario\/\"},\"author\":{\"name\":\"periodista\",\"@id\":\"https:\/\/www.mundoagropecuario.cl\/new\/#\/schema\/person\/0c221050801c74e45256a7a9a1ff0803\"},\"headline\":\"Crean mesa p\u00fablico-privada para abordar contingencias sanitarias en el sector agropecuario\",\"datePublished\":\"2018-08-09T13:02:28+00:00\",\"dateModified\":\"2018-08-10T14:27:37+00:00\",\"mainEntityOfPage\":{\"@id\":\"https:\/\/www.mundoagropecuario.cl\/new\/crean-mesa-publico-privada-para-abordar-contingencias-sanitarias-en-el-sector-agropecuario\/\"},\"wordCount\":272,\"publisher\":{\"@id\":\"https:\/\/www.mundoagropecuario.cl\/new\/#organization\"},\"image\":{\"@id\":\"https:\/\/www.mundoagropecuario.cl\/new\/crean-mesa-publico-privada-para-abordar-contingencias-sanitarias-en-el-sector-agropecuario\/#primaryimage\"},\"thumbnailUrl\":\"https:\/\/www.mundoagropecuario.cl\/new\/wp-content\/uploads\/2018\/08\/agroloslagos.jpg\",\"keywords\":[\"Regi\u00f3n de Los Lagos\"],\"articleSection\":[\"Instituciones\"],\"inLanguage\":\"es\"},{\"@type\":\"WebPage\",\"@id\":\"https:\/\/www.mundoagropecuario.cl\/new\/crean-mesa-publico-privada-para-abordar-contingencias-sanitarias-en-el-sector-agropecuario\/\",\"url\":\"https:\/\/www.mundoagropecuario.cl\/new\/crean-mesa-publico-privada-para-abordar-contingencias-sanitarias-en-el-sector-agropecuario\/\",\"name\":\"Crean mesa p\u00fablico-privada para abordar contingencias sanitarias en el sector agropecuario - Mundoagropecuario\",\"isPartOf\":{\"@id\":\"https:\/\/www.mundoagropecuario.cl\/new\/#website\"},\"primaryImageOfPage\":{\"@id\":\"https:\/\/www.mundoagropecuario.cl\/new\/crean-mesa-publico-privada-para-abordar-contingencias-sanitarias-en-el-sector-agropecuario\/#primaryimage\"},\"image\":{\"@id\":\"https:\/\/www.mundoagropecuario.cl\/new\/crean-mesa-publico-privada-para-abordar-contingencias-sanitarias-en-el-sector-agropecuario\/#primaryimage\"},\"thumbnailUrl\":\"https:\/\/www.mundoagropecuario.cl\/new\/wp-content\/uploads\/2018\/08\/agroloslagos.jpg\",\"datePublished\":\"2018-08-09T13:02:28+00:00\",\"dateModified\":\"2018-08-10T14:27:37+00:00\",\"breadcrumb\":{\"@id\":\"https:\/\/www.mundoagropecuario.cl\/new\/crean-mesa-publico-privada-para-abordar-contingencias-sanitarias-en-el-sector-agropecuario\/#breadcrumb\"},\"inLanguage\":\"es\",\"potentialAction\":[{\"@type\":\"ReadAction\",\"target\":[\"https:\/\/www.mundoagropecuario.cl\/new\/crean-mesa-publico-privada-para-abordar-contingencias-sanitarias-en-el-sector-agropecuario\/\"]}]},{\"@type\":\"ImageObject\",\"inLanguage\":\"es\",\"@id\":\"https:\/\/www.mundoagropecuario.cl\/new\/crean-mesa-publico-privada-para-abordar-contingencias-sanitarias-en-el-sector-agropecuario\/#primaryimage\",\"url\":\"https:\/\/www.mundoagropecuario.cl\/new\/wp-content\/uploads\/2018\/08\/agroloslagos.jpg\",\"contentUrl\":\"https:\/\/www.mundoagropecuario.cl\/new\/wp-content\/uploads\/2018\/08\/agroloslagos.jpg\",\"width\":543,\"height\":400},{\"@type\":\"BreadcrumbList\",\"@id\":\"https:\/\/www.mundoagropecuario.cl\/new\/crean-mesa-publico-privada-para-abordar-contingencias-sanitarias-en-el-sector-agropecuario\/#breadcrumb\",\"itemListElement\":[{\"@type\":\"ListItem\",\"position\":1,\"name\":\"Portada\",\"item\":\"https:\/\/www.mundoagropecuario.cl\/new\/\"},{\"@type\":\"ListItem\",\"position\":2,\"name\":\"Crean mesa p\u00fablico-privada para abordar contingencias sanitarias en el sector agropecuario\"}]},{\"@type\":\"WebSite\",\"@id\":\"https:\/\/www.mundoagropecuario.cl\/new\/#website\",\"url\":\"https:\/\/www.mundoagropecuario.cl\/new\/\",\"name\":\"Mundoagropecuario\",\"description\":\"Mundo Agropecuario\",\"publisher\":{\"@id\":\"https:\/\/www.mundoagropecuario.cl\/new\/#organization\"},\"potentialAction\":[{\"@type\":\"SearchAction\",\"target\":{\"@type\":\"EntryPoint\",\"urlTemplate\":\"https:\/\/www.mundoagropecuario.cl\/new\/?s={search_term_string}\"},\"query-input\":{\"@type\":\"PropertyValueSpecification\",\"valueRequired\":true,\"valueName\":\"search_term_string\"}}],\"inLanguage\":\"es\"},{\"@type\":\"Organization\",\"@id\":\"https:\/\/www.mundoagropecuario.cl\/new\/#organization\",\"name\":\"Revista de Agricultura\",\"url\":\"https:\/\/www.mundoagropecuario.cl\/new\/\",\"logo\":{\"@type\":\"ImageObject\",\"inLanguage\":\"es\",\"@id\":\"https:\/\/www.mundoagropecuario.cl\/new\/#\/schema\/logo\/image\/\",\"url\":\"https:\/\/www.mundoagropecuario.cl\/new\/wp-content\/uploads\/2020\/11\/PORTAL-1-1.png\",\"contentUrl\":\"https:\/\/www.mundoagropecuario.cl\/new\/wp-content\/uploads\/2020\/11\/PORTAL-1-1.png\",\"width\":1026,\"height\":100,\"caption\":\"Revista de Agricultura\"},\"image\":{\"@id\":\"https:\/\/www.mundoagropecuario.cl\/new\/#\/schema\/logo\/image\/\"},\"sameAs\":[\"https:\/\/www.facebook.com\/mundo.agropecuario.3\",\"https:\/\/x.com\/MundoAgropecuar\",\"https:\/\/www.linkedin.com\/in\/mundo-agropecuario-934009201\/\"]},{\"@type\":\"Person\",\"@id\":\"https:\/\/www.mundoagropecuario.cl\/new\/#\/schema\/person\/0c221050801c74e45256a7a9a1ff0803\",\"name\":\"periodista\",\"url\":\"https:\/\/www.mundoagropecuario.cl\/new\/author\/periodista\/\"}]}<\/script>\n<!-- \/ Yoast SEO plugin. -->","yoast_head_json":{"title":"Crean mesa p\u00fablico-privada para abordar contingencias sanitarias en el sector agropecuario - Mundoagropecuario","robots":{"index":"index","follow":"follow","max-snippet":"max-snippet:-1","max-image-preview":"max-image-preview:large","max-video-preview":"max-video-preview:-1"},"canonical":"https:\/\/www.mundoagropecuario.cl\/new\/crean-mesa-publico-privada-para-abordar-contingencias-sanitarias-en-el-sector-agropecuario\/","og_locale":"es_ES","og_type":"article","og_title":"Crean mesa p\u00fablico-privada para abordar contingencias sanitarias en el sector agropecuario - Mundoagropecuario","og_description":"Durante el encuentro participaron la Sociedad Agr\u00edcola Ganadero (SAGO), Aproleche, Agrollanquihue, la Corporaci\u00f3n de la Carne, entre otras asociaciones. (Mundo Agropecuario). Con el prop\u00f3sito de abordar de forma permanente las...","og_url":"https:\/\/www.mundoagropecuario.cl\/new\/crean-mesa-publico-privada-para-abordar-contingencias-sanitarias-en-el-sector-agropecuario\/","og_site_name":"Mundoagropecuario","article_publisher":"https:\/\/www.facebook.com\/mundo.agropecuario.3","article_published_time":"2018-08-09T13:02:28+00:00","article_modified_time":"2018-08-10T14:27:37+00:00","og_image":[{"width":910,"height":670,"url":"https:\/\/www.mundoagropecuario.cl\/new\/wp-content\/uploads\/2018\/08\/agroloslagos.jpg","type":"image\/jpeg"}],"author":"periodista","twitter_card":"summary_large_image","twitter_creator":"@MundoAgropecuar","twitter_site":"@MundoAgropecuar","twitter_misc":{"Escrito por":"periodista","Tiempo de lectura":"1 minuto"},"schema":{"@context":"https:\/\/schema.org","@graph":[{"@type":"Article","@id":"https:\/\/www.mundoagropecuario.cl\/new\/crean-mesa-publico-privada-para-abordar-contingencias-sanitarias-en-el-sector-agropecuario\/#article","isPartOf":{"@id":"https:\/\/www.mundoagropecuario.cl\/new\/crean-mesa-publico-privada-para-abordar-contingencias-sanitarias-en-el-sector-agropecuario\/"},"author":{"name":"periodista","@id":"https:\/\/www.mundoagropecuario.cl\/new\/#\/schema\/person\/0c221050801c74e45256a7a9a1ff0803"},"headline":"Crean mesa p\u00fablico-privada para abordar contingencias sanitarias en el sector agropecuario","datePublished":"2018-08-09T13:02:28+00:00","dateModified":"2018-08-10T14:27:37+00:00","mainEntityOfPage":{"@id":"https:\/\/www.mundoagropecuario.cl\/new\/crean-mesa-publico-privada-para-abordar-contingencias-sanitarias-en-el-sector-agropecuario\/"},"wordCount":272,"publisher":{"@id":"https:\/\/www.mundoagropecuario.cl\/new\/#organization"},"image":{"@id":"https:\/\/www.mundoagropecuario.cl\/new\/crean-mesa-publico-privada-para-abordar-contingencias-sanitarias-en-el-sector-agropecuario\/#primaryimage"},"thumbnailUrl":"https:\/\/www.mundoagropecuario.cl\/new\/wp-content\/uploads\/2018\/08\/agroloslagos.jpg","keywords":["Regi\u00f3n de Los Lagos"],"articleSection":["Instituciones"],"inLanguage":"es"},{"@type":"WebPage","@id":"https:\/\/www.mundoagropecuario.cl\/new\/crean-mesa-publico-privada-para-abordar-contingencias-sanitarias-en-el-sector-agropecuario\/","url":"https:\/\/www.mundoagropecuario.cl\/new\/crean-mesa-publico-privada-para-abordar-contingencias-sanitarias-en-el-sector-agropecuario\/","name":"Crean mesa p\u00fablico-privada para abordar contingencias sanitarias en el sector agropecuario - Mundoagropecuario","isPartOf":{"@id":"https:\/\/www.mundoagropecuario.cl\/new\/#website"},"primaryImageOfPage":{"@id":"https:\/\/www.mundoagropecuario.cl\/new\/crean-mesa-publico-privada-para-abordar-contingencias-sanitarias-en-el-sector-agropecuario\/#primaryimage"},"image":{"@id":"https:\/\/www.mundoagropecuario.cl\/new\/crean-mesa-publico-privada-para-abordar-contingencias-sanitarias-en-el-sector-agropecuario\/#primaryimage"},"thumbnailUrl":"https:\/\/www.mundoagropecuario.cl\/new\/wp-content\/uploads\/2018\/08\/agroloslagos.jpg","datePublished":"2018-08-09T13:02:28+00:00","dateModified":"2018-08-10T14:27:37+00:00","breadcrumb":{"@id":"https:\/\/www.mundoagropecuario.cl\/new\/crean-mesa-publico-privada-para-abordar-contingencias-sanitarias-en-el-sector-agropecuario\/#breadcrumb"},"inLanguage":"es","potentialAction":[{"@type":"ReadAction","target":["https:\/\/www.mundoagropecuario.cl\/new\/crean-mesa-publico-privada-para-abordar-contingencias-sanitarias-en-el-sector-agropecuario\/"]}]},{"@type":"ImageObject","inLanguage":"es","@id":"https:\/\/www.mundoagropecuario.cl\/new\/crean-mesa-publico-privada-para-abordar-contingencias-sanitarias-en-el-sector-agropecuario\/#primaryimage","url":"https:\/\/www.mundoagropecuario.cl\/new\/wp-content\/uploads\/2018\/08\/agroloslagos.jpg","contentUrl":"https:\/\/www.mundoagropecuario.cl\/new\/wp-content\/uploads\/2018\/08\/agroloslagos.jpg","width":543,"height":400},{"@type":"BreadcrumbList","@id":"https:\/\/www.mundoagropecuario.cl\/new\/crean-mesa-publico-privada-para-abordar-contingencias-sanitarias-en-el-sector-agropecuario\/#breadcrumb","itemListElement":[{"@type":"ListItem","position":1,"name":"Portada","item":"https:\/\/www.mundoagropecuario.cl\/new\/"},{"@type":"ListItem","position":2,"name":"Crean mesa p\u00fablico-privada para abordar contingencias sanitarias en el sector agropecuario"}]},{"@type":"WebSite","@id":"https:\/\/www.mundoagropecuario.cl\/new\/#website","url":"https:\/\/www.mundoagropecuario.cl\/new\/","name":"Mundoagropecuario","description":"Mundo Agropecuario","publisher":{"@id":"https:\/\/www.mundoagropecuario.cl\/new\/#organization"},"potentialAction":[{"@type":"SearchAction","target":{"@type":"EntryPoint","urlTemplate":"https:\/\/www.mundoagropecuario.cl\/new\/?s={search_term_string}"},"query-input":{"@type":"PropertyValueSpecification","valueRequired":true,"valueName":"search_term_string"}}],"inLanguage":"es"},{"@type":"Organization","@id":"https:\/\/www.mundoagropecuario.cl\/new\/#organization","name":"Revista de Agricultura","url":"https:\/\/www.mundoagropecuario.cl\/new\/","logo":{"@type":"ImageObject","inLanguage":"es","@id":"https:\/\/www.mundoagropecuario.cl\/new\/#\/schema\/logo\/image\/","url":"https:\/\/www.mundoagropecuario.cl\/new\/wp-content\/uploads\/2020\/11\/PORTAL-1-1.png","contentUrl":"https:\/\/www.mundoagropecuario.cl\/new\/wp-content\/uploads\/2020\/11\/PORTAL-1-1.png","width":1026,"height":100,"caption":"Revista de Agricultura"},"image":{"@id":"https:\/\/www.mundoagropecuario.cl\/new\/#\/schema\/logo\/image\/"},"sameAs":["https:\/\/www.facebook.com\/mundo.agropecuario.3","https:\/\/x.com\/MundoAgropecuar","https:\/\/www.linkedin.com\/in\/mundo-agropecuario-934009201\/"]},{"@type":"Person","@id":"https:\/\/www.mundoagropecuario.cl\/new\/#\/schema\/person\/0c221050801c74e45256a7a9a1ff0803","name":"periodista","url":"https:\/\/www.mundoagropecuario.cl\/new\/author\/periodista\/"}]}},"_links":{"self":[{"href":"https:\/\/www.mundoagropecuario.cl\/new\/wp-json\/wp\/v2\/posts\/8032","targetHints":{"allow":["GET"]}}],"collection":[{"href":"https:\/\/www.mundoagropecuario.cl\/new\/wp-json\/wp\/v2\/posts"}],"about":[{"href":"https:\/\/www.mundoagropecuario.cl\/new\/wp-json\/wp\/v2\/types\/post"}],"author":[{"embeddable":true,"href":"https:\/\/www.mundoagropecuario.cl\/new\/wp-json\/wp\/v2\/users\/3"}],"replies":[{"embeddable":true,"href":"https:\/\/www.mundoagropecuario.cl\/new\/wp-json\/wp\/v2\/comments?post=8032"}],"version-history":[{"count":1,"href":"https:\/\/www.mundoagropecuario.cl\/new\/wp-json\/wp\/v2\/posts\/8032\/revisions"}],"predecessor-version":[{"id":8034,"href":"https:\/\/www.mundoagropecuario.cl\/new\/wp-json\/wp\/v2\/posts\/8032\/revisions\/8034"}],"wp:featuredmedia":[{"embeddable":true,"href":"https:\/\/www.mundoagropecuario.cl\/new\/wp-json\/wp\/v2\/media\/8033"}],"wp:attachment":[{"href":"https:\/\/www.mundoagropecuario.cl\/new\/wp-json\/wp\/v2\/media?parent=8032"}],"wp:term":[{"taxonomy":"category","embeddable":true,"href":"https:\/\/www.mundoagropecuario.cl\/new\/wp-json\/wp\/v2\/categories?post=8032"},{"taxonomy":"post_tag","embeddable":true,"href":"https:\/\/www.mundoagropecuario.cl\/new\/wp-json\/wp\/v2\/tags?post=8032"}],"curies":[{"name":"wp","href":"https:\/\/api.w.org\/{rel}","templated":true}]}}