{"id":7991,"date":"2018-08-07T10:53:30","date_gmt":"2018-08-07T13:53:30","guid":{"rendered":"http:\/\/www.mundoagropecuario.cl\/new\/?p=7991"},"modified":"2018-08-07T10:56:29","modified_gmt":"2018-08-07T13:56:29","slug":"minagri-apoyara-a-agricultores-de-la-region-de-ohiggins-afectados-por-la-falta-de-agua-y-ultimas-heladas","status":"publish","type":"post","link":"https:\/\/www.mundoagropecuario.cl\/new\/minagri-apoyara-a-agricultores-de-la-region-de-ohiggins-afectados-por-la-falta-de-agua-y-ultimas-heladas\/","title":{"rendered":"Minagri apoyar\u00e1 a agricultores de la regi\u00f3n de O\u00b4Higgins afectados por la falta de agua y \u00faltimas heladas"},"content":{"rendered":"<blockquote><p><em>Se destinar\u00e1n recursos a trav\u00e9s de Indap para las comunas de Ch\u00e9pica, Santa Cruz, Lolol, Marchig\u00fce, Litueche, La Estrella, Paredones, Pichilemu, Pumanque y Navidad. (Mundo Agropecuario).<\/em><\/p><\/blockquote>\n<p>El Ministerio de Agricultura, a trav\u00e9s del Instituto de Desarrollo Agropecuario (INDAP), entregar\u00e1 $200 millones para ir en apoyo de los agricultores afectados por la compleja situaci\u00f3n clim\u00e1tica que se ha vivido durante el \u00faltimo tiempo en la zona del secano costero de la Regi\u00f3n de O\u00b4Higgins. As\u00ed lo anunci\u00f3 el Director Nacional de organismo, Carlos Recondo, tras una reuni\u00f3n sostenida con el Ministro de Agricultura, Antonio Walker, el Senador Alejandro Garc\u00eda-Huidobro, el Diputado Ram\u00f3n Barros y alcaldes de la zona afectada.<\/p>\n<p>En la oportunidad Recondo se\u00f1al\u00f3 que \u201cel ministro nos ha se\u00f1alado la preocupaci\u00f3n y hemos respondido. El comit\u00e9 de emergencia de INDAP ha resulto apoyar a los peque\u00f1os agricultores afectados por esta emergencia, a aquellos que las heladas destruyeron sus praderas destinadas a la alimentaci\u00f3n del ganado y que se ven afectados. Hemos concurrido con recursos para enfrentar esta emergencia a trav\u00e9s de compra de forraje para suplementar al ganado\u201d.<\/p>\n<p>En el detalle, se destinar\u00e1n $200 millones para apoyar a cerca de 1.000 agricultores afectados, que, dependiendo de la cantidad de ganado, recibir\u00e1n entre $200 mil y $250 mil.<\/p>\n<p>En la oportunidad el Senador Garc\u00eda-Huidobro valor\u00f3 las medidas y enfatizo que \u201cagradecemos la premura y la r\u00e1pida respuesta ante la situaci\u00f3n que vive la regi\u00f3n. Generalmente este tipo de soluciones toman tiempo, pero lo que estamos haciendo ahora es llegar en el momento oportuno\u201d.<\/p>\n<p>Por su parte, el Diputado Barros destac\u00f3 que \u201cesta ayuda no va a llegar como en otras oportunidades en el mes de enero, no, esto se va a hacer de manera distinta como lo hace el gobierno del Presidente Pi\u00f1era, con oportunidad y esperamos con la visita que va a tener el Ministro el pr\u00f3ximo mi\u00e9rcoles a la regi\u00f3n de alguna manera volver a ratificar lo que nos ha planteado el director nacional\u201d.<\/p>\n<p>Finalmente, el Alcalde de La Estrella, Gast\u00f3n Fern\u00e1ndez, agradeci\u00f3 las medidas y se\u00f1al\u00f3 que \u201ceste es un momento complicado para nosotros ante la escasez de lluvia, las heladas y la baja producci\u00f3n de trigo y avena. Si la situaci\u00f3n sigue as\u00ed es imposible que tengamos buenos resultados por eso es una muy buena noticia y los peque\u00f1os agricultores van a estar muy contentos\u201d.<\/p>\n","protected":false},"excerpt":{"rendered":"<p>Se destinar\u00e1n recursos a trav\u00e9s de Indap para las comunas de Ch\u00e9pica, Santa Cruz, Lolol, Marchig\u00fce, Litueche, La Estrella, Paredones, Pichilemu, Pumanque y Navidad. (Mundo Agropecuario). El Ministerio de Agricultura,&#8230;<\/p>\n","protected":false},"author":3,"featured_media":7992,"comment_status":"closed","ping_status":"closed","sticky":false,"template":"","format":"standard","meta":{"footnotes":""},"categories":[1987],"tags":[2035],"class_list":["post-7991","post","type-post","status-publish","format-standard","has-post-thumbnail","hentry","category-instituciones","tag-minagri"],"yoast_head":"<!-- This site is optimized with the Yoast SEO plugin v26.6 - https:\/\/yoast.com\/wordpress\/plugins\/seo\/ -->\n<title>Minagri apoyar\u00e1 a agricultores de la regi\u00f3n de O\u00b4Higgins afectados por la falta de agua y \u00faltimas heladas - Mundoagropecuario<\/title>\n<meta name=\"robots\" content=\"index, follow, max-snippet:-1, max-image-preview:large, max-video-preview:-1\" \/>\n<link rel=\"canonical\" href=\"https:\/\/www.mundoagropecuario.cl\/new\/minagri-apoyara-a-agricultores-de-la-region-de-ohiggins-afectados-por-la-falta-de-agua-y-ultimas-heladas\/\" \/>\n<meta property=\"og:locale\" content=\"es_ES\" \/>\n<meta property=\"og:type\" content=\"article\" \/>\n<meta property=\"og:title\" content=\"Minagri apoyar\u00e1 a agricultores de la regi\u00f3n de O\u00b4Higgins afectados por la falta de agua y \u00faltimas heladas - Mundoagropecuario\" \/>\n<meta property=\"og:description\" content=\"Se destinar\u00e1n recursos a trav\u00e9s de Indap para las comunas de Ch\u00e9pica, Santa Cruz, Lolol, Marchig\u00fce, Litueche, La Estrella, Paredones, Pichilemu, Pumanque y Navidad. (Mundo Agropecuario). El Ministerio de Agricultura,...\" \/>\n<meta property=\"og:url\" content=\"https:\/\/www.mundoagropecuario.cl\/new\/minagri-apoyara-a-agricultores-de-la-region-de-ohiggins-afectados-por-la-falta-de-agua-y-ultimas-heladas\/\" \/>\n<meta property=\"og:site_name\" content=\"Mundoagropecuario\" \/>\n<meta property=\"article:publisher\" content=\"https:\/\/www.facebook.com\/mundo.agropecuario.3\" \/>\n<meta property=\"article:published_time\" content=\"2018-08-07T13:53:30+00:00\" \/>\n<meta property=\"article:modified_time\" content=\"2018-08-07T13:56:29+00:00\" \/>\n<meta property=\"og:image\" content=\"https:\/\/www.mundoagropecuario.cl\/new\/wp-content\/uploads\/2018\/08\/minagri.jpg\" \/>\n\t<meta property=\"og:image:width\" content=\"1000\" \/>\n\t<meta property=\"og:image:height\" content=\"666\" \/>\n\t<meta property=\"og:image:type\" content=\"image\/jpeg\" \/>\n<meta name=\"author\" content=\"periodista\" \/>\n<meta name=\"twitter:card\" content=\"summary_large_image\" \/>\n<meta name=\"twitter:creator\" content=\"@MundoAgropecuar\" \/>\n<meta name=\"twitter:site\" content=\"@MundoAgropecuar\" \/>\n<meta name=\"twitter:label1\" content=\"Escrito por\" \/>\n\t<meta name=\"twitter:data1\" content=\"periodista\" \/>\n\t<meta name=\"twitter:label2\" content=\"Tiempo de lectura\" \/>\n\t<meta name=\"twitter:data2\" content=\"2 minutos\" \/>\n<script type=\"application\/ld+json\" class=\"yoast-schema-graph\">{\"@context\":\"https:\/\/schema.org\",\"@graph\":[{\"@type\":\"Article\",\"@id\":\"https:\/\/www.mundoagropecuario.cl\/new\/minagri-apoyara-a-agricultores-de-la-region-de-ohiggins-afectados-por-la-falta-de-agua-y-ultimas-heladas\/#article\",\"isPartOf\":{\"@id\":\"https:\/\/www.mundoagropecuario.cl\/new\/minagri-apoyara-a-agricultores-de-la-region-de-ohiggins-afectados-por-la-falta-de-agua-y-ultimas-heladas\/\"},\"author\":{\"name\":\"periodista\",\"@id\":\"https:\/\/www.mundoagropecuario.cl\/new\/#\/schema\/person\/0c221050801c74e45256a7a9a1ff0803\"},\"headline\":\"Minagri apoyar\u00e1 a agricultores de la regi\u00f3n de O\u00b4Higgins afectados por la falta de agua y \u00faltimas heladas\",\"datePublished\":\"2018-08-07T13:53:30+00:00\",\"dateModified\":\"2018-08-07T13:56:29+00:00\",\"mainEntityOfPage\":{\"@id\":\"https:\/\/www.mundoagropecuario.cl\/new\/minagri-apoyara-a-agricultores-de-la-region-de-ohiggins-afectados-por-la-falta-de-agua-y-ultimas-heladas\/\"},\"wordCount\":437,\"publisher\":{\"@id\":\"https:\/\/www.mundoagropecuario.cl\/new\/#organization\"},\"image\":{\"@id\":\"https:\/\/www.mundoagropecuario.cl\/new\/minagri-apoyara-a-agricultores-de-la-region-de-ohiggins-afectados-por-la-falta-de-agua-y-ultimas-heladas\/#primaryimage\"},\"thumbnailUrl\":\"https:\/\/www.mundoagropecuario.cl\/new\/wp-content\/uploads\/2018\/08\/minagri.jpg\",\"keywords\":[\"Minagri\"],\"articleSection\":[\"Instituciones\"],\"inLanguage\":\"es\"},{\"@type\":\"WebPage\",\"@id\":\"https:\/\/www.mundoagropecuario.cl\/new\/minagri-apoyara-a-agricultores-de-la-region-de-ohiggins-afectados-por-la-falta-de-agua-y-ultimas-heladas\/\",\"url\":\"https:\/\/www.mundoagropecuario.cl\/new\/minagri-apoyara-a-agricultores-de-la-region-de-ohiggins-afectados-por-la-falta-de-agua-y-ultimas-heladas\/\",\"name\":\"Minagri apoyar\u00e1 a agricultores de la regi\u00f3n de O\u00b4Higgins afectados por la falta de agua y \u00faltimas heladas - Mundoagropecuario\",\"isPartOf\":{\"@id\":\"https:\/\/www.mundoagropecuario.cl\/new\/#website\"},\"primaryImageOfPage\":{\"@id\":\"https:\/\/www.mundoagropecuario.cl\/new\/minagri-apoyara-a-agricultores-de-la-region-de-ohiggins-afectados-por-la-falta-de-agua-y-ultimas-heladas\/#primaryimage\"},\"image\":{\"@id\":\"https:\/\/www.mundoagropecuario.cl\/new\/minagri-apoyara-a-agricultores-de-la-region-de-ohiggins-afectados-por-la-falta-de-agua-y-ultimas-heladas\/#primaryimage\"},\"thumbnailUrl\":\"https:\/\/www.mundoagropecuario.cl\/new\/wp-content\/uploads\/2018\/08\/minagri.jpg\",\"datePublished\":\"2018-08-07T13:53:30+00:00\",\"dateModified\":\"2018-08-07T13:56:29+00:00\",\"breadcrumb\":{\"@id\":\"https:\/\/www.mundoagropecuario.cl\/new\/minagri-apoyara-a-agricultores-de-la-region-de-ohiggins-afectados-por-la-falta-de-agua-y-ultimas-heladas\/#breadcrumb\"},\"inLanguage\":\"es\",\"potentialAction\":[{\"@type\":\"ReadAction\",\"target\":[\"https:\/\/www.mundoagropecuario.cl\/new\/minagri-apoyara-a-agricultores-de-la-region-de-ohiggins-afectados-por-la-falta-de-agua-y-ultimas-heladas\/\"]}]},{\"@type\":\"ImageObject\",\"inLanguage\":\"es\",\"@id\":\"https:\/\/www.mundoagropecuario.cl\/new\/minagri-apoyara-a-agricultores-de-la-region-de-ohiggins-afectados-por-la-falta-de-agua-y-ultimas-heladas\/#primaryimage\",\"url\":\"https:\/\/www.mundoagropecuario.cl\/new\/wp-content\/uploads\/2018\/08\/minagri.jpg\",\"contentUrl\":\"https:\/\/www.mundoagropecuario.cl\/new\/wp-content\/uploads\/2018\/08\/minagri.jpg\",\"width\":601,\"height\":400},{\"@type\":\"BreadcrumbList\",\"@id\":\"https:\/\/www.mundoagropecuario.cl\/new\/minagri-apoyara-a-agricultores-de-la-region-de-ohiggins-afectados-por-la-falta-de-agua-y-ultimas-heladas\/#breadcrumb\",\"itemListElement\":[{\"@type\":\"ListItem\",\"position\":1,\"name\":\"Portada\",\"item\":\"https:\/\/www.mundoagropecuario.cl\/new\/\"},{\"@type\":\"ListItem\",\"position\":2,\"name\":\"Minagri apoyar\u00e1 a agricultores de la regi\u00f3n de O\u00b4Higgins afectados por la falta de agua y \u00faltimas heladas\"}]},{\"@type\":\"WebSite\",\"@id\":\"https:\/\/www.mundoagropecuario.cl\/new\/#website\",\"url\":\"https:\/\/www.mundoagropecuario.cl\/new\/\",\"name\":\"Mundoagropecuario\",\"description\":\"Mundo Agropecuario\",\"publisher\":{\"@id\":\"https:\/\/www.mundoagropecuario.cl\/new\/#organization\"},\"potentialAction\":[{\"@type\":\"SearchAction\",\"target\":{\"@type\":\"EntryPoint\",\"urlTemplate\":\"https:\/\/www.mundoagropecuario.cl\/new\/?s={search_term_string}\"},\"query-input\":{\"@type\":\"PropertyValueSpecification\",\"valueRequired\":true,\"valueName\":\"search_term_string\"}}],\"inLanguage\":\"es\"},{\"@type\":\"Organization\",\"@id\":\"https:\/\/www.mundoagropecuario.cl\/new\/#organization\",\"name\":\"Revista de Agricultura\",\"url\":\"https:\/\/www.mundoagropecuario.cl\/new\/\",\"logo\":{\"@type\":\"ImageObject\",\"inLanguage\":\"es\",\"@id\":\"https:\/\/www.mundoagropecuario.cl\/new\/#\/schema\/logo\/image\/\",\"url\":\"https:\/\/www.mundoagropecuario.cl\/new\/wp-content\/uploads\/2020\/11\/PORTAL-1-1.png\",\"contentUrl\":\"https:\/\/www.mundoagropecuario.cl\/new\/wp-content\/uploads\/2020\/11\/PORTAL-1-1.png\",\"width\":1026,\"height\":100,\"caption\":\"Revista de Agricultura\"},\"image\":{\"@id\":\"https:\/\/www.mundoagropecuario.cl\/new\/#\/schema\/logo\/image\/\"},\"sameAs\":[\"https:\/\/www.facebook.com\/mundo.agropecuario.3\",\"https:\/\/x.com\/MundoAgropecuar\",\"https:\/\/www.linkedin.com\/in\/mundo-agropecuario-934009201\/\"]},{\"@type\":\"Person\",\"@id\":\"https:\/\/www.mundoagropecuario.cl\/new\/#\/schema\/person\/0c221050801c74e45256a7a9a1ff0803\",\"name\":\"periodista\",\"url\":\"https:\/\/www.mundoagropecuario.cl\/new\/author\/periodista\/\"}]}<\/script>\n<!-- \/ Yoast SEO plugin. -->","yoast_head_json":{"title":"Minagri apoyar\u00e1 a agricultores de la regi\u00f3n de O\u00b4Higgins afectados por la falta de agua y \u00faltimas heladas - Mundoagropecuario","robots":{"index":"index","follow":"follow","max-snippet":"max-snippet:-1","max-image-preview":"max-image-preview:large","max-video-preview":"max-video-preview:-1"},"canonical":"https:\/\/www.mundoagropecuario.cl\/new\/minagri-apoyara-a-agricultores-de-la-region-de-ohiggins-afectados-por-la-falta-de-agua-y-ultimas-heladas\/","og_locale":"es_ES","og_type":"article","og_title":"Minagri apoyar\u00e1 a agricultores de la regi\u00f3n de O\u00b4Higgins afectados por la falta de agua y \u00faltimas heladas - Mundoagropecuario","og_description":"Se destinar\u00e1n recursos a trav\u00e9s de Indap para las comunas de Ch\u00e9pica, Santa Cruz, Lolol, Marchig\u00fce, Litueche, La Estrella, Paredones, Pichilemu, Pumanque y Navidad. (Mundo Agropecuario). El Ministerio de Agricultura,...","og_url":"https:\/\/www.mundoagropecuario.cl\/new\/minagri-apoyara-a-agricultores-de-la-region-de-ohiggins-afectados-por-la-falta-de-agua-y-ultimas-heladas\/","og_site_name":"Mundoagropecuario","article_publisher":"https:\/\/www.facebook.com\/mundo.agropecuario.3","article_published_time":"2018-08-07T13:53:30+00:00","article_modified_time":"2018-08-07T13:56:29+00:00","og_image":[{"width":1000,"height":666,"url":"https:\/\/www.mundoagropecuario.cl\/new\/wp-content\/uploads\/2018\/08\/minagri.jpg","type":"image\/jpeg"}],"author":"periodista","twitter_card":"summary_large_image","twitter_creator":"@MundoAgropecuar","twitter_site":"@MundoAgropecuar","twitter_misc":{"Escrito por":"periodista","Tiempo de lectura":"2 minutos"},"schema":{"@context":"https:\/\/schema.org","@graph":[{"@type":"Article","@id":"https:\/\/www.mundoagropecuario.cl\/new\/minagri-apoyara-a-agricultores-de-la-region-de-ohiggins-afectados-por-la-falta-de-agua-y-ultimas-heladas\/#article","isPartOf":{"@id":"https:\/\/www.mundoagropecuario.cl\/new\/minagri-apoyara-a-agricultores-de-la-region-de-ohiggins-afectados-por-la-falta-de-agua-y-ultimas-heladas\/"},"author":{"name":"periodista","@id":"https:\/\/www.mundoagropecuario.cl\/new\/#\/schema\/person\/0c221050801c74e45256a7a9a1ff0803"},"headline":"Minagri apoyar\u00e1 a agricultores de la regi\u00f3n de O\u00b4Higgins afectados por la falta de agua y \u00faltimas heladas","datePublished":"2018-08-07T13:53:30+00:00","dateModified":"2018-08-07T13:56:29+00:00","mainEntityOfPage":{"@id":"https:\/\/www.mundoagropecuario.cl\/new\/minagri-apoyara-a-agricultores-de-la-region-de-ohiggins-afectados-por-la-falta-de-agua-y-ultimas-heladas\/"},"wordCount":437,"publisher":{"@id":"https:\/\/www.mundoagropecuario.cl\/new\/#organization"},"image":{"@id":"https:\/\/www.mundoagropecuario.cl\/new\/minagri-apoyara-a-agricultores-de-la-region-de-ohiggins-afectados-por-la-falta-de-agua-y-ultimas-heladas\/#primaryimage"},"thumbnailUrl":"https:\/\/www.mundoagropecuario.cl\/new\/wp-content\/uploads\/2018\/08\/minagri.jpg","keywords":["Minagri"],"articleSection":["Instituciones"],"inLanguage":"es"},{"@type":"WebPage","@id":"https:\/\/www.mundoagropecuario.cl\/new\/minagri-apoyara-a-agricultores-de-la-region-de-ohiggins-afectados-por-la-falta-de-agua-y-ultimas-heladas\/","url":"https:\/\/www.mundoagropecuario.cl\/new\/minagri-apoyara-a-agricultores-de-la-region-de-ohiggins-afectados-por-la-falta-de-agua-y-ultimas-heladas\/","name":"Minagri apoyar\u00e1 a agricultores de la regi\u00f3n de O\u00b4Higgins afectados por la falta de agua y \u00faltimas heladas - Mundoagropecuario","isPartOf":{"@id":"https:\/\/www.mundoagropecuario.cl\/new\/#website"},"primaryImageOfPage":{"@id":"https:\/\/www.mundoagropecuario.cl\/new\/minagri-apoyara-a-agricultores-de-la-region-de-ohiggins-afectados-por-la-falta-de-agua-y-ultimas-heladas\/#primaryimage"},"image":{"@id":"https:\/\/www.mundoagropecuario.cl\/new\/minagri-apoyara-a-agricultores-de-la-region-de-ohiggins-afectados-por-la-falta-de-agua-y-ultimas-heladas\/#primaryimage"},"thumbnailUrl":"https:\/\/www.mundoagropecuario.cl\/new\/wp-content\/uploads\/2018\/08\/minagri.jpg","datePublished":"2018-08-07T13:53:30+00:00","dateModified":"2018-08-07T13:56:29+00:00","breadcrumb":{"@id":"https:\/\/www.mundoagropecuario.cl\/new\/minagri-apoyara-a-agricultores-de-la-region-de-ohiggins-afectados-por-la-falta-de-agua-y-ultimas-heladas\/#breadcrumb"},"inLanguage":"es","potentialAction":[{"@type":"ReadAction","target":["https:\/\/www.mundoagropecuario.cl\/new\/minagri-apoyara-a-agricultores-de-la-region-de-ohiggins-afectados-por-la-falta-de-agua-y-ultimas-heladas\/"]}]},{"@type":"ImageObject","inLanguage":"es","@id":"https:\/\/www.mundoagropecuario.cl\/new\/minagri-apoyara-a-agricultores-de-la-region-de-ohiggins-afectados-por-la-falta-de-agua-y-ultimas-heladas\/#primaryimage","url":"https:\/\/www.mundoagropecuario.cl\/new\/wp-content\/uploads\/2018\/08\/minagri.jpg","contentUrl":"https:\/\/www.mundoagropecuario.cl\/new\/wp-content\/uploads\/2018\/08\/minagri.jpg","width":601,"height":400},{"@type":"BreadcrumbList","@id":"https:\/\/www.mundoagropecuario.cl\/new\/minagri-apoyara-a-agricultores-de-la-region-de-ohiggins-afectados-por-la-falta-de-agua-y-ultimas-heladas\/#breadcrumb","itemListElement":[{"@type":"ListItem","position":1,"name":"Portada","item":"https:\/\/www.mundoagropecuario.cl\/new\/"},{"@type":"ListItem","position":2,"name":"Minagri apoyar\u00e1 a agricultores de la regi\u00f3n de O\u00b4Higgins afectados por la falta de agua y \u00faltimas heladas"}]},{"@type":"WebSite","@id":"https:\/\/www.mundoagropecuario.cl\/new\/#website","url":"https:\/\/www.mundoagropecuario.cl\/new\/","name":"Mundoagropecuario","description":"Mundo Agropecuario","publisher":{"@id":"https:\/\/www.mundoagropecuario.cl\/new\/#organization"},"potentialAction":[{"@type":"SearchAction","target":{"@type":"EntryPoint","urlTemplate":"https:\/\/www.mundoagropecuario.cl\/new\/?s={search_term_string}"},"query-input":{"@type":"PropertyValueSpecification","valueRequired":true,"valueName":"search_term_string"}}],"inLanguage":"es"},{"@type":"Organization","@id":"https:\/\/www.mundoagropecuario.cl\/new\/#organization","name":"Revista de Agricultura","url":"https:\/\/www.mundoagropecuario.cl\/new\/","logo":{"@type":"ImageObject","inLanguage":"es","@id":"https:\/\/www.mundoagropecuario.cl\/new\/#\/schema\/logo\/image\/","url":"https:\/\/www.mundoagropecuario.cl\/new\/wp-content\/uploads\/2020\/11\/PORTAL-1-1.png","contentUrl":"https:\/\/www.mundoagropecuario.cl\/new\/wp-content\/uploads\/2020\/11\/PORTAL-1-1.png","width":1026,"height":100,"caption":"Revista de Agricultura"},"image":{"@id":"https:\/\/www.mundoagropecuario.cl\/new\/#\/schema\/logo\/image\/"},"sameAs":["https:\/\/www.facebook.com\/mundo.agropecuario.3","https:\/\/x.com\/MundoAgropecuar","https:\/\/www.linkedin.com\/in\/mundo-agropecuario-934009201\/"]},{"@type":"Person","@id":"https:\/\/www.mundoagropecuario.cl\/new\/#\/schema\/person\/0c221050801c74e45256a7a9a1ff0803","name":"periodista","url":"https:\/\/www.mundoagropecuario.cl\/new\/author\/periodista\/"}]}},"_links":{"self":[{"href":"https:\/\/www.mundoagropecuario.cl\/new\/wp-json\/wp\/v2\/posts\/7991","targetHints":{"allow":["GET"]}}],"collection":[{"href":"https:\/\/www.mundoagropecuario.cl\/new\/wp-json\/wp\/v2\/posts"}],"about":[{"href":"https:\/\/www.mundoagropecuario.cl\/new\/wp-json\/wp\/v2\/types\/post"}],"author":[{"embeddable":true,"href":"https:\/\/www.mundoagropecuario.cl\/new\/wp-json\/wp\/v2\/users\/3"}],"replies":[{"embeddable":true,"href":"https:\/\/www.mundoagropecuario.cl\/new\/wp-json\/wp\/v2\/comments?post=7991"}],"version-history":[{"count":1,"href":"https:\/\/www.mundoagropecuario.cl\/new\/wp-json\/wp\/v2\/posts\/7991\/revisions"}],"predecessor-version":[{"id":7993,"href":"https:\/\/www.mundoagropecuario.cl\/new\/wp-json\/wp\/v2\/posts\/7991\/revisions\/7993"}],"wp:featuredmedia":[{"embeddable":true,"href":"https:\/\/www.mundoagropecuario.cl\/new\/wp-json\/wp\/v2\/media\/7992"}],"wp:attachment":[{"href":"https:\/\/www.mundoagropecuario.cl\/new\/wp-json\/wp\/v2\/media?parent=7991"}],"wp:term":[{"taxonomy":"category","embeddable":true,"href":"https:\/\/www.mundoagropecuario.cl\/new\/wp-json\/wp\/v2\/categories?post=7991"},{"taxonomy":"post_tag","embeddable":true,"href":"https:\/\/www.mundoagropecuario.cl\/new\/wp-json\/wp\/v2\/tags?post=7991"}],"curies":[{"name":"wp","href":"https:\/\/api.w.org\/{rel}","templated":true}]}}