{"id":7967,"date":"2018-08-06T10:51:51","date_gmt":"2018-08-06T13:51:51","guid":{"rendered":"http:\/\/www.mundoagropecuario.cl\/new\/?p=7967"},"modified":"2018-08-06T10:51:51","modified_gmt":"2018-08-06T13:51:51","slug":"refuerzan-lazos-de-investigacion-y-de-intercambio-con-instituciones-de-nueva-zelandia","status":"publish","type":"post","link":"https:\/\/www.mundoagropecuario.cl\/new\/refuerzan-lazos-de-investigacion-y-de-intercambio-con-instituciones-de-nueva-zelandia\/","title":{"rendered":"Refuerzan lazos de investigaci\u00f3n y de intercambio con instituciones de Nueva Zelandia"},"content":{"rendered":"<blockquote><p><em>El Dr. Juan Pablo Keim, acad\u00e9mico del Instituto de Producci\u00f3n Animal (IPA) de la Universidad Austral de Chile viaj\u00f3 a Nueva Zelandia para participar en la 78\u00aa Conferencia de la Sociedad Neocelandesa de Producci\u00f3n Animal y reunirse con representantes de la Universidad de Massey y del Agresearch. (UACh).<\/em><\/p><\/blockquote>\n<p>En la Conferencia, que se realiz\u00f3 en Lincoln entre el 10 y 12 de julio, el Profesor Keim present\u00f3 dos trabajos como parte de los resultados obtenidos en el proyecto Fondecyt 11150538 \u201cOptimising milk production of pasture-fed lactating dairy cows through the utilization of winter and summer brassicas\u201d.<\/p>\n<p>\u201cEsta fue una buena oportunidad para mostrar nuestras investigaciones, pues esta sociedad es muy prestigiosa a nivel internacional con m\u00e1s de 70 a\u00f1os de experiencia en esta \u00e1rea. Asimismo, siempre es muy interesante conocer los estudios desarrollados por cient\u00edficos de otros pa\u00edses pues permite evaluar nuestro trabajo y enfocarlo si fuera necesario\u201d, expres\u00f3 el Dr. Keim.<\/p>\n<p>Actividades en la U. de Massey y en el Agresearch<\/p>\n<p>En tanto durante su estad\u00eda en Massey University (Palmerston North), fue recibido por el Dr. Ignacio L\u00f3pez, con quien visit\u00f3 experimentos de sus estudiantes de doctorado y particip\u00f3 en reunines con distintos acad\u00e9micos de la Escuela de Agricultura y Medioambiente de la Universidad de Massey, para ver la posibilidad de incrementar el trabajo colaborativo entre ambas instituciones.<\/p>\n<p>Acompa\u00f1ado de los investigadores de la U. de Massey visit\u00f3 visitaron dos lecher\u00edas experimentales: En la primera se realiza un proyecto a largo plazo de orde\u00f1a una vez al d\u00eda y en la segunda, se desarrolla un sistema para mantener la productividad reduciendo las emisiones de nitr\u00f3geno en un 30 %\u201d.<\/p>\n<p>\u201cEn la \u00faltima instalaci\u00f3n se lleva a cabo un experimento liderado por el Dr. Peter Kemp y que est\u00e1 cargo de la Dra. Soledad Navarrete ex alumna de la carrera de Agronom\u00eda y del Magister en Ciencia menci\u00f3n Producci\u00f3n Animal de la UACh, en el cual miden las emisiones de nitr\u00f3geno a nivel de sistema en vacas alimentadas con plantago como alternativo a la ballica inglesa\u201d, indic\u00f3 el Dr. Juan Pablo Keim.<\/p>\n<p>Destac\u00f3 tambi\u00e9n la reuni\u00f3n sostenida con representantes de la Universidad de Massey y su departamento de Relaciones Internacionales, \u201cenfocada a reforzar el convenio que existe entre esa instituci\u00f3n y la UACh, con el fin de fortalecer el intercambio acad\u00e9mico y estudiantil entre ambos centros\u201d.<\/p>\n<p>En ese contexto, el Dr. Keim realiz\u00f3 la charla \u201cFrom theory to practice: research on sustainable agriculture in the south of Chile\u201d con el objetivo de dar a conocer la investigaci\u00f3n que se realiza en la Facultad de Ciencias Agrarias y la que asistieron acad\u00e9micos y estudiantes de Massesy.<\/p>\n<p>\u201cSe hizo una breve presentaci\u00f3n de la Universidad Austral, la Facultad de Ciencias Agrarias y se entregaron resultados de investigaciones realizadas en conjunto entre el Instituto de Producci\u00f3n Animal y el Instituto de Ingenier\u00eda Agraria y Suelo\u201d, inform\u00f3 el Prof. Keim.<\/p>\n<p>Por \u00faltimo, visit\u00f3 el Centro de Investigaci\u00f3n Grasslands de Agresearch (Nueva Zelanda), instituci\u00f3n que es catalogada como la m\u00e1s importante en el \u00e1rea de investigaci\u00f3n agropecuaria de su pa\u00eds y tambi\u00e9n a nivel internacional y en donde se reuni\u00f3 con los Dres. David Pacheco y Stefan Muetzel para evaluar proyectos conjuntos.<\/p>\n<p>Trabajos presentados en la Conferencia Sociedad Neocelandesa de Producci\u00f3n Animal<\/p>\n<p><strong>Las presentaciones fueron las siguientes<\/strong>:<\/p>\n<p>\u201cMilk production, feeding behaviour and rumen fermentation of dairy cows supplemented with winter brassica crops\u201d (JP. Keim, JR. Rodr\u00edguez, O Balocchi, R. Pulido, D. Pacheco and S Mutzel).<\/p>\n<p>\u201cMilk production responses and rumen fermentation of dairy cows supplemented with summer brassica crops\u201d (JP. Keim, M. Castillo, O. Balocchi, R Pulido, D. Pacheco and S. Muetzel).<\/p>\n","protected":false},"excerpt":{"rendered":"<p>El Dr. Juan Pablo Keim, acad\u00e9mico del Instituto de Producci\u00f3n Animal (IPA) de la Universidad Austral de Chile viaj\u00f3 a Nueva Zelandia para participar en la 78\u00aa Conferencia de la&#8230;<\/p>\n","protected":false},"author":3,"featured_media":7968,"comment_status":"closed","ping_status":"closed","sticky":false,"template":"","format":"standard","meta":{"footnotes":""},"categories":[404],"tags":[2247,578],"class_list":["post-7967","post","type-post","status-publish","format-standard","has-post-thumbnail","hentry","category-titular-2","tag-nueva-zelanda","tag-uach"],"yoast_head":"<!-- This site is optimized with the Yoast SEO plugin v26.6 - https:\/\/yoast.com\/wordpress\/plugins\/seo\/ -->\n<title>Refuerzan lazos de investigaci\u00f3n y de intercambio con instituciones de Nueva Zelandia - Mundoagropecuario<\/title>\n<meta name=\"robots\" content=\"index, follow, max-snippet:-1, max-image-preview:large, max-video-preview:-1\" \/>\n<link rel=\"canonical\" href=\"https:\/\/www.mundoagropecuario.cl\/new\/refuerzan-lazos-de-investigacion-y-de-intercambio-con-instituciones-de-nueva-zelandia\/\" \/>\n<meta property=\"og:locale\" content=\"es_ES\" \/>\n<meta property=\"og:type\" content=\"article\" \/>\n<meta property=\"og:title\" content=\"Refuerzan lazos de investigaci\u00f3n y de intercambio con instituciones de Nueva Zelandia - Mundoagropecuario\" \/>\n<meta property=\"og:description\" content=\"El Dr. Juan Pablo Keim, acad\u00e9mico del Instituto de Producci\u00f3n Animal (IPA) de la Universidad Austral de Chile viaj\u00f3 a Nueva Zelandia para participar en la 78\u00aa Conferencia de la...\" \/>\n<meta property=\"og:url\" content=\"https:\/\/www.mundoagropecuario.cl\/new\/refuerzan-lazos-de-investigacion-y-de-intercambio-con-instituciones-de-nueva-zelandia\/\" \/>\n<meta property=\"og:site_name\" content=\"Mundoagropecuario\" \/>\n<meta property=\"article:publisher\" content=\"https:\/\/www.facebook.com\/mundo.agropecuario.3\" \/>\n<meta property=\"article:published_time\" content=\"2018-08-06T13:51:51+00:00\" \/>\n<meta property=\"og:image\" content=\"https:\/\/www.mundoagropecuario.cl\/new\/wp-content\/uploads\/2018\/08\/uachnzeland.jpg\" \/>\n\t<meta property=\"og:image:width\" content=\"900\" \/>\n\t<meta property=\"og:image:height\" content=\"665\" \/>\n\t<meta property=\"og:image:type\" content=\"image\/jpeg\" \/>\n<meta name=\"author\" content=\"periodista\" \/>\n<meta name=\"twitter:card\" content=\"summary_large_image\" \/>\n<meta name=\"twitter:creator\" content=\"@MundoAgropecuar\" \/>\n<meta name=\"twitter:site\" content=\"@MundoAgropecuar\" \/>\n<meta name=\"twitter:label1\" content=\"Escrito por\" \/>\n\t<meta name=\"twitter:data1\" content=\"periodista\" \/>\n\t<meta name=\"twitter:label2\" content=\"Tiempo de lectura\" \/>\n\t<meta name=\"twitter:data2\" content=\"3 minutos\" \/>\n<script type=\"application\/ld+json\" class=\"yoast-schema-graph\">{\"@context\":\"https:\/\/schema.org\",\"@graph\":[{\"@type\":\"Article\",\"@id\":\"https:\/\/www.mundoagropecuario.cl\/new\/refuerzan-lazos-de-investigacion-y-de-intercambio-con-instituciones-de-nueva-zelandia\/#article\",\"isPartOf\":{\"@id\":\"https:\/\/www.mundoagropecuario.cl\/new\/refuerzan-lazos-de-investigacion-y-de-intercambio-con-instituciones-de-nueva-zelandia\/\"},\"author\":{\"name\":\"periodista\",\"@id\":\"https:\/\/www.mundoagropecuario.cl\/new\/#\/schema\/person\/0c221050801c74e45256a7a9a1ff0803\"},\"headline\":\"Refuerzan lazos de investigaci\u00f3n y de intercambio con instituciones de Nueva Zelandia\",\"datePublished\":\"2018-08-06T13:51:51+00:00\",\"mainEntityOfPage\":{\"@id\":\"https:\/\/www.mundoagropecuario.cl\/new\/refuerzan-lazos-de-investigacion-y-de-intercambio-con-instituciones-de-nueva-zelandia\/\"},\"wordCount\":640,\"publisher\":{\"@id\":\"https:\/\/www.mundoagropecuario.cl\/new\/#organization\"},\"image\":{\"@id\":\"https:\/\/www.mundoagropecuario.cl\/new\/refuerzan-lazos-de-investigacion-y-de-intercambio-con-instituciones-de-nueva-zelandia\/#primaryimage\"},\"thumbnailUrl\":\"https:\/\/www.mundoagropecuario.cl\/new\/wp-content\/uploads\/2018\/08\/uachnzeland.jpg\",\"keywords\":[\"Nueva Zelanda\",\"UACh\"],\"articleSection\":[\"Titular 2\"],\"inLanguage\":\"es\"},{\"@type\":\"WebPage\",\"@id\":\"https:\/\/www.mundoagropecuario.cl\/new\/refuerzan-lazos-de-investigacion-y-de-intercambio-con-instituciones-de-nueva-zelandia\/\",\"url\":\"https:\/\/www.mundoagropecuario.cl\/new\/refuerzan-lazos-de-investigacion-y-de-intercambio-con-instituciones-de-nueva-zelandia\/\",\"name\":\"Refuerzan lazos de investigaci\u00f3n y de intercambio con instituciones de Nueva Zelandia - Mundoagropecuario\",\"isPartOf\":{\"@id\":\"https:\/\/www.mundoagropecuario.cl\/new\/#website\"},\"primaryImageOfPage\":{\"@id\":\"https:\/\/www.mundoagropecuario.cl\/new\/refuerzan-lazos-de-investigacion-y-de-intercambio-con-instituciones-de-nueva-zelandia\/#primaryimage\"},\"image\":{\"@id\":\"https:\/\/www.mundoagropecuario.cl\/new\/refuerzan-lazos-de-investigacion-y-de-intercambio-con-instituciones-de-nueva-zelandia\/#primaryimage\"},\"thumbnailUrl\":\"https:\/\/www.mundoagropecuario.cl\/new\/wp-content\/uploads\/2018\/08\/uachnzeland.jpg\",\"datePublished\":\"2018-08-06T13:51:51+00:00\",\"breadcrumb\":{\"@id\":\"https:\/\/www.mundoagropecuario.cl\/new\/refuerzan-lazos-de-investigacion-y-de-intercambio-con-instituciones-de-nueva-zelandia\/#breadcrumb\"},\"inLanguage\":\"es\",\"potentialAction\":[{\"@type\":\"ReadAction\",\"target\":[\"https:\/\/www.mundoagropecuario.cl\/new\/refuerzan-lazos-de-investigacion-y-de-intercambio-con-instituciones-de-nueva-zelandia\/\"]}]},{\"@type\":\"ImageObject\",\"inLanguage\":\"es\",\"@id\":\"https:\/\/www.mundoagropecuario.cl\/new\/refuerzan-lazos-de-investigacion-y-de-intercambio-con-instituciones-de-nueva-zelandia\/#primaryimage\",\"url\":\"https:\/\/www.mundoagropecuario.cl\/new\/wp-content\/uploads\/2018\/08\/uachnzeland.jpg\",\"contentUrl\":\"https:\/\/www.mundoagropecuario.cl\/new\/wp-content\/uploads\/2018\/08\/uachnzeland.jpg\",\"width\":541,\"height\":400},{\"@type\":\"BreadcrumbList\",\"@id\":\"https:\/\/www.mundoagropecuario.cl\/new\/refuerzan-lazos-de-investigacion-y-de-intercambio-con-instituciones-de-nueva-zelandia\/#breadcrumb\",\"itemListElement\":[{\"@type\":\"ListItem\",\"position\":1,\"name\":\"Portada\",\"item\":\"https:\/\/www.mundoagropecuario.cl\/new\/\"},{\"@type\":\"ListItem\",\"position\":2,\"name\":\"Refuerzan lazos de investigaci\u00f3n y de intercambio con instituciones de Nueva Zelandia\"}]},{\"@type\":\"WebSite\",\"@id\":\"https:\/\/www.mundoagropecuario.cl\/new\/#website\",\"url\":\"https:\/\/www.mundoagropecuario.cl\/new\/\",\"name\":\"Mundoagropecuario\",\"description\":\"Mundo Agropecuario\",\"publisher\":{\"@id\":\"https:\/\/www.mundoagropecuario.cl\/new\/#organization\"},\"potentialAction\":[{\"@type\":\"SearchAction\",\"target\":{\"@type\":\"EntryPoint\",\"urlTemplate\":\"https:\/\/www.mundoagropecuario.cl\/new\/?s={search_term_string}\"},\"query-input\":{\"@type\":\"PropertyValueSpecification\",\"valueRequired\":true,\"valueName\":\"search_term_string\"}}],\"inLanguage\":\"es\"},{\"@type\":\"Organization\",\"@id\":\"https:\/\/www.mundoagropecuario.cl\/new\/#organization\",\"name\":\"Revista de Agricultura\",\"url\":\"https:\/\/www.mundoagropecuario.cl\/new\/\",\"logo\":{\"@type\":\"ImageObject\",\"inLanguage\":\"es\",\"@id\":\"https:\/\/www.mundoagropecuario.cl\/new\/#\/schema\/logo\/image\/\",\"url\":\"https:\/\/www.mundoagropecuario.cl\/new\/wp-content\/uploads\/2020\/11\/PORTAL-1-1.png\",\"contentUrl\":\"https:\/\/www.mundoagropecuario.cl\/new\/wp-content\/uploads\/2020\/11\/PORTAL-1-1.png\",\"width\":1026,\"height\":100,\"caption\":\"Revista de Agricultura\"},\"image\":{\"@id\":\"https:\/\/www.mundoagropecuario.cl\/new\/#\/schema\/logo\/image\/\"},\"sameAs\":[\"https:\/\/www.facebook.com\/mundo.agropecuario.3\",\"https:\/\/x.com\/MundoAgropecuar\",\"https:\/\/www.linkedin.com\/in\/mundo-agropecuario-934009201\/\"]},{\"@type\":\"Person\",\"@id\":\"https:\/\/www.mundoagropecuario.cl\/new\/#\/schema\/person\/0c221050801c74e45256a7a9a1ff0803\",\"name\":\"periodista\",\"url\":\"https:\/\/www.mundoagropecuario.cl\/new\/author\/periodista\/\"}]}<\/script>\n<!-- \/ Yoast SEO plugin. -->","yoast_head_json":{"title":"Refuerzan lazos de investigaci\u00f3n y de intercambio con instituciones de Nueva Zelandia - Mundoagropecuario","robots":{"index":"index","follow":"follow","max-snippet":"max-snippet:-1","max-image-preview":"max-image-preview:large","max-video-preview":"max-video-preview:-1"},"canonical":"https:\/\/www.mundoagropecuario.cl\/new\/refuerzan-lazos-de-investigacion-y-de-intercambio-con-instituciones-de-nueva-zelandia\/","og_locale":"es_ES","og_type":"article","og_title":"Refuerzan lazos de investigaci\u00f3n y de intercambio con instituciones de Nueva Zelandia - Mundoagropecuario","og_description":"El Dr. Juan Pablo Keim, acad\u00e9mico del Instituto de Producci\u00f3n Animal (IPA) de la Universidad Austral de Chile viaj\u00f3 a Nueva Zelandia para participar en la 78\u00aa Conferencia de la...","og_url":"https:\/\/www.mundoagropecuario.cl\/new\/refuerzan-lazos-de-investigacion-y-de-intercambio-con-instituciones-de-nueva-zelandia\/","og_site_name":"Mundoagropecuario","article_publisher":"https:\/\/www.facebook.com\/mundo.agropecuario.3","article_published_time":"2018-08-06T13:51:51+00:00","og_image":[{"width":900,"height":665,"url":"https:\/\/www.mundoagropecuario.cl\/new\/wp-content\/uploads\/2018\/08\/uachnzeland.jpg","type":"image\/jpeg"}],"author":"periodista","twitter_card":"summary_large_image","twitter_creator":"@MundoAgropecuar","twitter_site":"@MundoAgropecuar","twitter_misc":{"Escrito por":"periodista","Tiempo de lectura":"3 minutos"},"schema":{"@context":"https:\/\/schema.org","@graph":[{"@type":"Article","@id":"https:\/\/www.mundoagropecuario.cl\/new\/refuerzan-lazos-de-investigacion-y-de-intercambio-con-instituciones-de-nueva-zelandia\/#article","isPartOf":{"@id":"https:\/\/www.mundoagropecuario.cl\/new\/refuerzan-lazos-de-investigacion-y-de-intercambio-con-instituciones-de-nueva-zelandia\/"},"author":{"name":"periodista","@id":"https:\/\/www.mundoagropecuario.cl\/new\/#\/schema\/person\/0c221050801c74e45256a7a9a1ff0803"},"headline":"Refuerzan lazos de investigaci\u00f3n y de intercambio con instituciones de Nueva Zelandia","datePublished":"2018-08-06T13:51:51+00:00","mainEntityOfPage":{"@id":"https:\/\/www.mundoagropecuario.cl\/new\/refuerzan-lazos-de-investigacion-y-de-intercambio-con-instituciones-de-nueva-zelandia\/"},"wordCount":640,"publisher":{"@id":"https:\/\/www.mundoagropecuario.cl\/new\/#organization"},"image":{"@id":"https:\/\/www.mundoagropecuario.cl\/new\/refuerzan-lazos-de-investigacion-y-de-intercambio-con-instituciones-de-nueva-zelandia\/#primaryimage"},"thumbnailUrl":"https:\/\/www.mundoagropecuario.cl\/new\/wp-content\/uploads\/2018\/08\/uachnzeland.jpg","keywords":["Nueva Zelanda","UACh"],"articleSection":["Titular 2"],"inLanguage":"es"},{"@type":"WebPage","@id":"https:\/\/www.mundoagropecuario.cl\/new\/refuerzan-lazos-de-investigacion-y-de-intercambio-con-instituciones-de-nueva-zelandia\/","url":"https:\/\/www.mundoagropecuario.cl\/new\/refuerzan-lazos-de-investigacion-y-de-intercambio-con-instituciones-de-nueva-zelandia\/","name":"Refuerzan lazos de investigaci\u00f3n y de intercambio con instituciones de Nueva Zelandia - Mundoagropecuario","isPartOf":{"@id":"https:\/\/www.mundoagropecuario.cl\/new\/#website"},"primaryImageOfPage":{"@id":"https:\/\/www.mundoagropecuario.cl\/new\/refuerzan-lazos-de-investigacion-y-de-intercambio-con-instituciones-de-nueva-zelandia\/#primaryimage"},"image":{"@id":"https:\/\/www.mundoagropecuario.cl\/new\/refuerzan-lazos-de-investigacion-y-de-intercambio-con-instituciones-de-nueva-zelandia\/#primaryimage"},"thumbnailUrl":"https:\/\/www.mundoagropecuario.cl\/new\/wp-content\/uploads\/2018\/08\/uachnzeland.jpg","datePublished":"2018-08-06T13:51:51+00:00","breadcrumb":{"@id":"https:\/\/www.mundoagropecuario.cl\/new\/refuerzan-lazos-de-investigacion-y-de-intercambio-con-instituciones-de-nueva-zelandia\/#breadcrumb"},"inLanguage":"es","potentialAction":[{"@type":"ReadAction","target":["https:\/\/www.mundoagropecuario.cl\/new\/refuerzan-lazos-de-investigacion-y-de-intercambio-con-instituciones-de-nueva-zelandia\/"]}]},{"@type":"ImageObject","inLanguage":"es","@id":"https:\/\/www.mundoagropecuario.cl\/new\/refuerzan-lazos-de-investigacion-y-de-intercambio-con-instituciones-de-nueva-zelandia\/#primaryimage","url":"https:\/\/www.mundoagropecuario.cl\/new\/wp-content\/uploads\/2018\/08\/uachnzeland.jpg","contentUrl":"https:\/\/www.mundoagropecuario.cl\/new\/wp-content\/uploads\/2018\/08\/uachnzeland.jpg","width":541,"height":400},{"@type":"BreadcrumbList","@id":"https:\/\/www.mundoagropecuario.cl\/new\/refuerzan-lazos-de-investigacion-y-de-intercambio-con-instituciones-de-nueva-zelandia\/#breadcrumb","itemListElement":[{"@type":"ListItem","position":1,"name":"Portada","item":"https:\/\/www.mundoagropecuario.cl\/new\/"},{"@type":"ListItem","position":2,"name":"Refuerzan lazos de investigaci\u00f3n y de intercambio con instituciones de Nueva Zelandia"}]},{"@type":"WebSite","@id":"https:\/\/www.mundoagropecuario.cl\/new\/#website","url":"https:\/\/www.mundoagropecuario.cl\/new\/","name":"Mundoagropecuario","description":"Mundo Agropecuario","publisher":{"@id":"https:\/\/www.mundoagropecuario.cl\/new\/#organization"},"potentialAction":[{"@type":"SearchAction","target":{"@type":"EntryPoint","urlTemplate":"https:\/\/www.mundoagropecuario.cl\/new\/?s={search_term_string}"},"query-input":{"@type":"PropertyValueSpecification","valueRequired":true,"valueName":"search_term_string"}}],"inLanguage":"es"},{"@type":"Organization","@id":"https:\/\/www.mundoagropecuario.cl\/new\/#organization","name":"Revista de Agricultura","url":"https:\/\/www.mundoagropecuario.cl\/new\/","logo":{"@type":"ImageObject","inLanguage":"es","@id":"https:\/\/www.mundoagropecuario.cl\/new\/#\/schema\/logo\/image\/","url":"https:\/\/www.mundoagropecuario.cl\/new\/wp-content\/uploads\/2020\/11\/PORTAL-1-1.png","contentUrl":"https:\/\/www.mundoagropecuario.cl\/new\/wp-content\/uploads\/2020\/11\/PORTAL-1-1.png","width":1026,"height":100,"caption":"Revista de Agricultura"},"image":{"@id":"https:\/\/www.mundoagropecuario.cl\/new\/#\/schema\/logo\/image\/"},"sameAs":["https:\/\/www.facebook.com\/mundo.agropecuario.3","https:\/\/x.com\/MundoAgropecuar","https:\/\/www.linkedin.com\/in\/mundo-agropecuario-934009201\/"]},{"@type":"Person","@id":"https:\/\/www.mundoagropecuario.cl\/new\/#\/schema\/person\/0c221050801c74e45256a7a9a1ff0803","name":"periodista","url":"https:\/\/www.mundoagropecuario.cl\/new\/author\/periodista\/"}]}},"_links":{"self":[{"href":"https:\/\/www.mundoagropecuario.cl\/new\/wp-json\/wp\/v2\/posts\/7967","targetHints":{"allow":["GET"]}}],"collection":[{"href":"https:\/\/www.mundoagropecuario.cl\/new\/wp-json\/wp\/v2\/posts"}],"about":[{"href":"https:\/\/www.mundoagropecuario.cl\/new\/wp-json\/wp\/v2\/types\/post"}],"author":[{"embeddable":true,"href":"https:\/\/www.mundoagropecuario.cl\/new\/wp-json\/wp\/v2\/users\/3"}],"replies":[{"embeddable":true,"href":"https:\/\/www.mundoagropecuario.cl\/new\/wp-json\/wp\/v2\/comments?post=7967"}],"version-history":[{"count":1,"href":"https:\/\/www.mundoagropecuario.cl\/new\/wp-json\/wp\/v2\/posts\/7967\/revisions"}],"predecessor-version":[{"id":7969,"href":"https:\/\/www.mundoagropecuario.cl\/new\/wp-json\/wp\/v2\/posts\/7967\/revisions\/7969"}],"wp:featuredmedia":[{"embeddable":true,"href":"https:\/\/www.mundoagropecuario.cl\/new\/wp-json\/wp\/v2\/media\/7968"}],"wp:attachment":[{"href":"https:\/\/www.mundoagropecuario.cl\/new\/wp-json\/wp\/v2\/media?parent=7967"}],"wp:term":[{"taxonomy":"category","embeddable":true,"href":"https:\/\/www.mundoagropecuario.cl\/new\/wp-json\/wp\/v2\/categories?post=7967"},{"taxonomy":"post_tag","embeddable":true,"href":"https:\/\/www.mundoagropecuario.cl\/new\/wp-json\/wp\/v2\/tags?post=7967"}],"curies":[{"name":"wp","href":"https:\/\/api.w.org\/{rel}","templated":true}]}}