{"id":7953,"date":"2018-08-03T10:49:52","date_gmt":"2018-08-03T13:49:52","guid":{"rendered":"http:\/\/www.mundoagropecuario.cl\/new\/?p=7953"},"modified":"2018-08-03T10:55:05","modified_gmt":"2018-08-03T13:55:05","slug":"seminario-aborda-los-impactos-del-cambio-climatico-en-la-agricultura-de-la-zona-sur-de-chile","status":"publish","type":"post","link":"https:\/\/www.mundoagropecuario.cl\/new\/seminario-aborda-los-impactos-del-cambio-climatico-en-la-agricultura-de-la-zona-sur-de-chile\/","title":{"rendered":"Seminario aborda los impactos del cambio clim\u00e1tico en la agricultura de la zona sur de Chile"},"content":{"rendered":"<blockquote><p><em>Con la participaci\u00f3n de autoridades de gobierno, universitarias y regionales, investigadores, profesionales, estudiantes y agricultores se desarroll\u00f3 la primera jornada del \u201cCuarto Seminario de Recursos H\u00eddricos y Cambio Clim\u00e1tico\u201d de la regi\u00f3n de Los R\u00edos. (Mundo Agropecuario).<\/em><\/p><\/blockquote>\n<p>La actividad, que es organizada, conjuntamente por Indap Los R\u00edos y por la Facultad de Ciencias Agrarias de la Universidad Austral de Chile, se extiende hasta el 4 de agosto en el auditorio Decano Ricardo Westermeyer, ubicado en Icytal, Campus Isla Teja de esta casa de estudios.<\/p>\n<p>En la ceremonia de inauguraci\u00f3n, la seremi de Agricultura, Moira Henzi, dijo que \u201cpara el gobierno del Presidente Pi\u00f1era es fundamental fortalecer la peque\u00f1a agricultura y mejorar la calidad de vida de los habitantes de sectores rurales, de manera que se logre igualar las oportunidades del mundo rural con el urbano. Con este seminario buscamos ser parte de la discusi\u00f3n sobre cambio clim\u00e1tico y c\u00f3mo debemos adaptar nuestras pol\u00edticas p\u00fablicas a estos cambios, con el fin de ser un apoyo para la peque\u00f1a agricultura que se enfrenta d\u00eda a d\u00eda a nuevas situaciones climatol\u00f3gicas\u201d.<\/p>\n<p>Agreg\u00f3 que \u201cen este sentido el riego cobra gran importancia y nuestra regi\u00f3n debemos ir sentando las bases para un correcto y eficaz uso del agua para el sector silvoagropecuario\u201d.<\/p>\n<p>El decano de la Facultad de Ciencias Agrarias de la UACh, Rodrigo Echeverr\u00eda, se\u00f1al\u00f3 que como universidad \u201csiempre estamos velando por contribuir al desarrollo de la sociedad a trav\u00e9s de la academia, de la formaci\u00f3n de capital humano y de la investigaci\u00f3n b\u00e1sica y aplicada\u201d.<\/p>\n<p>En este contexto -dijo- actividades como este seminario \u201cson fundamentales para aportar al medio desde la perspectiva de vinculaci\u00f3n con el \u00e1rea agropecuaria que como Facultad queremos lograr, y una buena manera de hacerlo es mediante la tem\u00e1tica del cambio clim\u00e1tico y del uso y de las fuentes de los recursos h\u00eddricos\u201d.<\/p>\n<p>El director regional (s) de Indap, Marcelo Ram\u00edrez, enfatiz\u00f3 que este tipo de actividades son un desaf\u00edo tanto para entidades p\u00fablicas como privadas: \u201cDebemos desarrollar estrategias p\u00fablicas y pol\u00edticas de fomento, mayor investigaci\u00f3n cient\u00edfica y adecuaci\u00f3n acad\u00e9mica para estar a la altura de la tem\u00e1tica y as\u00ed ofrecer soluciones a los habitantes de la regi\u00f3n\u201d.<\/p>\n<p>\u201cEl Presidente Pi\u00f1era ha se\u00f1alado que los recursos h\u00eddricos son claves hoy en d\u00eda y es nuestro deber, a trav\u00e9s del Ministerio de Agricultura, tomar las medidas tendientes a superar las brechas. Desde el 2011 Indap ha impulsado fuertemente obras en materia de riego tanto individuales como asociativas que han permitido mitigar estos efectos negativos y as\u00ed seguiremos trabajando en beneficio de mejorar el desarrollo y crecimiento de la Agricultura Familiar Campesina\u201d.<\/p>\n<p>El seminario se realiza como parte del convenio de colaboraci\u00f3n que existe entre Indap Los R\u00edos y la UACh y que fue firmado hace un a\u00f1o.<\/p>\n<p><strong>Los expositores<\/strong><\/p>\n<p>El profesor del Instituto de Historia y Ciencias Sociales de la UACh e investigador del Centro Ideal y del CR (2), Gustavo Blanco, expuso sobre \u201cCambio clim\u00e1tico en Chile: Marco pol\u00edtico y principales conceptos de trabajo\u201d, donde apunt\u00f3 a lo relevante que es entender este tema como fen\u00f3meno p\u00fablico: \u201cEsto debe ser enfrentado colectivamente m\u00e1s all\u00e1 de los gobiernos, transform\u00e1ndose en una oportunidad para la Agricultura Familiar Campesina\u201d.<\/p>\n<p>Tambi\u00e9n enfatiz\u00f3 en algunos puntos que afectan directamente a este fen\u00f3meno, \u201cla megasequ\u00eda con el d\u00e9ficit pluviom\u00e9trico que nos aqueja desde hace un par de d\u00e9cadas, y el efecto antr\u00f3pico\u201d.<\/p>\n<p>El acad\u00e9mico de Facultad de Ciencias Agrarias de la Universidad Austral de Chile Eduardo von Bennewitz present\u00f3 la exposici\u00f3n \u201cEfectos del cambio clim\u00e1tico sobre el desarrollo frut\u00edcola. Ejemplos de regiones frut\u00edcolas en Chile Central (Maule y Araucan\u00eda)\u201d, donde afirm\u00f3 que \u201cla proyecci\u00f3n del 2010 al 2050 para el pa\u00eds es que habr\u00e1 una disminuci\u00f3n en la temperatura media que afectar\u00e1 al desarrollo frut\u00edcola. Algunos de los efectos esperados sobre producci\u00f3n y ca\u00edda de frutos ser\u00e1n la alteraci\u00f3n de ciclos, cambio de zonas productivas y oportunidades de cultivar nuevas\u201d.<\/p>\n<p>Brenda Rom\u00e1n, ingeniera forestal de Satori Gesti\u00f3n Territorial, expuso sobre \u201cCapacidades y competencias de la regi\u00f3n de Los R\u00edos frente al cambio clim\u00e1tico\u201d, subrayando que es muy importante saber cu\u00e1les son los sitios prioritarios para trabajar en esta materia en la zona. Un concepto clave -dijo- es la exposici\u00f3n que est\u00e1 dada por la variabilidad en el clima que no lo podemos manejar, ah\u00ed entra el concepto de capacidad adaptativa\u201d.<\/p>\n<p>\u201cLa regi\u00f3n ha cambiado en nivel de precipitaciones. Desde 1997 se han reducido en un 37%, sobre todo en la cordillera de Los Andes. Su disminuci\u00f3n afecta a la agricultura, al rubro l\u00e1cteo y frutales menores, entre otros\u201d, puntualiz\u00f3 Rom\u00e1n.<\/p>\n<p>A su turno, el director del Instituto de Producci\u00f3n Animal, M\u00e1ximo Alonso, se refiri\u00f3 al \u201cRendimiento de praderas frente al estr\u00e9s h\u00eddrico\u201d, donde explic\u00f3 la situaci\u00f3n de las regiones de La Araucan\u00eda y Los R\u00edos y mencion\u00f3 ejemplos de especies forrajeras adaptables a la situaci\u00f3n del cambio clim\u00e1tico, entre otros temas.<\/p>\n","protected":false},"excerpt":{"rendered":"<p>Con la participaci\u00f3n de autoridades de gobierno, universitarias y regionales, investigadores, profesionales, estudiantes y agricultores se desarroll\u00f3 la primera jornada del \u201cCuarto Seminario de Recursos H\u00eddricos y Cambio Clim\u00e1tico\u201d de&#8230;<\/p>\n","protected":false},"author":3,"featured_media":7954,"comment_status":"closed","ping_status":"closed","sticky":false,"template":"","format":"standard","meta":{"footnotes":""},"categories":[1987],"tags":[1992,578],"class_list":["post-7953","post","type-post","status-publish","format-standard","has-post-thumbnail","hentry","category-instituciones","tag-indap","tag-uach"],"yoast_head":"<!-- This site is optimized with the Yoast SEO plugin v26.6 - https:\/\/yoast.com\/wordpress\/plugins\/seo\/ -->\n<title>Seminario aborda los impactos del cambio clim\u00e1tico en la agricultura de la zona sur de Chile - Mundoagropecuario<\/title>\n<meta name=\"robots\" content=\"index, follow, max-snippet:-1, max-image-preview:large, max-video-preview:-1\" \/>\n<link rel=\"canonical\" href=\"https:\/\/www.mundoagropecuario.cl\/new\/seminario-aborda-los-impactos-del-cambio-climatico-en-la-agricultura-de-la-zona-sur-de-chile\/\" \/>\n<meta property=\"og:locale\" content=\"es_ES\" \/>\n<meta property=\"og:type\" content=\"article\" \/>\n<meta property=\"og:title\" content=\"Seminario aborda los impactos del cambio clim\u00e1tico en la agricultura de la zona sur de Chile - Mundoagropecuario\" \/>\n<meta property=\"og:description\" content=\"Con la participaci\u00f3n de autoridades de gobierno, universitarias y regionales, investigadores, profesionales, estudiantes y agricultores se desarroll\u00f3 la primera jornada del \u201cCuarto Seminario de Recursos H\u00eddricos y Cambio Clim\u00e1tico\u201d de...\" \/>\n<meta property=\"og:url\" content=\"https:\/\/www.mundoagropecuario.cl\/new\/seminario-aborda-los-impactos-del-cambio-climatico-en-la-agricultura-de-la-zona-sur-de-chile\/\" \/>\n<meta property=\"og:site_name\" content=\"Mundoagropecuario\" \/>\n<meta property=\"article:publisher\" content=\"https:\/\/www.facebook.com\/mundo.agropecuario.3\" \/>\n<meta property=\"article:published_time\" content=\"2018-08-03T13:49:52+00:00\" \/>\n<meta property=\"article:modified_time\" content=\"2018-08-03T13:55:05+00:00\" \/>\n<meta property=\"og:image\" content=\"https:\/\/www.mundoagropecuario.cl\/new\/wp-content\/uploads\/2018\/08\/seminario-cambio-clim\u00e1tico-los-r\u00edos-3.jpg\" \/>\n\t<meta property=\"og:image:width\" content=\"650\" \/>\n\t<meta property=\"og:image:height\" content=\"413\" \/>\n\t<meta property=\"og:image:type\" content=\"image\/jpeg\" \/>\n<meta name=\"author\" content=\"periodista\" \/>\n<meta name=\"twitter:card\" content=\"summary_large_image\" \/>\n<meta name=\"twitter:creator\" content=\"@MundoAgropecuar\" \/>\n<meta name=\"twitter:site\" content=\"@MundoAgropecuar\" \/>\n<meta name=\"twitter:label1\" content=\"Escrito por\" \/>\n\t<meta name=\"twitter:data1\" content=\"periodista\" \/>\n\t<meta name=\"twitter:label2\" content=\"Tiempo de lectura\" \/>\n\t<meta name=\"twitter:data2\" content=\"4 minutos\" \/>\n<script type=\"application\/ld+json\" class=\"yoast-schema-graph\">{\"@context\":\"https:\/\/schema.org\",\"@graph\":[{\"@type\":\"Article\",\"@id\":\"https:\/\/www.mundoagropecuario.cl\/new\/seminario-aborda-los-impactos-del-cambio-climatico-en-la-agricultura-de-la-zona-sur-de-chile\/#article\",\"isPartOf\":{\"@id\":\"https:\/\/www.mundoagropecuario.cl\/new\/seminario-aborda-los-impactos-del-cambio-climatico-en-la-agricultura-de-la-zona-sur-de-chile\/\"},\"author\":{\"name\":\"periodista\",\"@id\":\"https:\/\/www.mundoagropecuario.cl\/new\/#\/schema\/person\/0c221050801c74e45256a7a9a1ff0803\"},\"headline\":\"Seminario aborda los impactos del cambio clim\u00e1tico en la agricultura de la zona sur de Chile\",\"datePublished\":\"2018-08-03T13:49:52+00:00\",\"dateModified\":\"2018-08-03T13:55:05+00:00\",\"mainEntityOfPage\":{\"@id\":\"https:\/\/www.mundoagropecuario.cl\/new\/seminario-aborda-los-impactos-del-cambio-climatico-en-la-agricultura-de-la-zona-sur-de-chile\/\"},\"wordCount\":912,\"publisher\":{\"@id\":\"https:\/\/www.mundoagropecuario.cl\/new\/#organization\"},\"image\":{\"@id\":\"https:\/\/www.mundoagropecuario.cl\/new\/seminario-aborda-los-impactos-del-cambio-climatico-en-la-agricultura-de-la-zona-sur-de-chile\/#primaryimage\"},\"thumbnailUrl\":\"https:\/\/www.mundoagropecuario.cl\/new\/wp-content\/uploads\/2018\/08\/seminario-cambio-clim\u00e1tico-los-r\u00edos-3.jpg\",\"keywords\":[\"Indap\",\"UACh\"],\"articleSection\":[\"Instituciones\"],\"inLanguage\":\"es\"},{\"@type\":\"WebPage\",\"@id\":\"https:\/\/www.mundoagropecuario.cl\/new\/seminario-aborda-los-impactos-del-cambio-climatico-en-la-agricultura-de-la-zona-sur-de-chile\/\",\"url\":\"https:\/\/www.mundoagropecuario.cl\/new\/seminario-aborda-los-impactos-del-cambio-climatico-en-la-agricultura-de-la-zona-sur-de-chile\/\",\"name\":\"Seminario aborda los impactos del cambio clim\u00e1tico en la agricultura de la zona sur de Chile - Mundoagropecuario\",\"isPartOf\":{\"@id\":\"https:\/\/www.mundoagropecuario.cl\/new\/#website\"},\"primaryImageOfPage\":{\"@id\":\"https:\/\/www.mundoagropecuario.cl\/new\/seminario-aborda-los-impactos-del-cambio-climatico-en-la-agricultura-de-la-zona-sur-de-chile\/#primaryimage\"},\"image\":{\"@id\":\"https:\/\/www.mundoagropecuario.cl\/new\/seminario-aborda-los-impactos-del-cambio-climatico-en-la-agricultura-de-la-zona-sur-de-chile\/#primaryimage\"},\"thumbnailUrl\":\"https:\/\/www.mundoagropecuario.cl\/new\/wp-content\/uploads\/2018\/08\/seminario-cambio-clim\u00e1tico-los-r\u00edos-3.jpg\",\"datePublished\":\"2018-08-03T13:49:52+00:00\",\"dateModified\":\"2018-08-03T13:55:05+00:00\",\"breadcrumb\":{\"@id\":\"https:\/\/www.mundoagropecuario.cl\/new\/seminario-aborda-los-impactos-del-cambio-climatico-en-la-agricultura-de-la-zona-sur-de-chile\/#breadcrumb\"},\"inLanguage\":\"es\",\"potentialAction\":[{\"@type\":\"ReadAction\",\"target\":[\"https:\/\/www.mundoagropecuario.cl\/new\/seminario-aborda-los-impactos-del-cambio-climatico-en-la-agricultura-de-la-zona-sur-de-chile\/\"]}]},{\"@type\":\"ImageObject\",\"inLanguage\":\"es\",\"@id\":\"https:\/\/www.mundoagropecuario.cl\/new\/seminario-aborda-los-impactos-del-cambio-climatico-en-la-agricultura-de-la-zona-sur-de-chile\/#primaryimage\",\"url\":\"https:\/\/www.mundoagropecuario.cl\/new\/wp-content\/uploads\/2018\/08\/seminario-cambio-clim\u00e1tico-los-r\u00edos-3.jpg\",\"contentUrl\":\"https:\/\/www.mundoagropecuario.cl\/new\/wp-content\/uploads\/2018\/08\/seminario-cambio-clim\u00e1tico-los-r\u00edos-3.jpg\",\"width\":630,\"height\":400},{\"@type\":\"BreadcrumbList\",\"@id\":\"https:\/\/www.mundoagropecuario.cl\/new\/seminario-aborda-los-impactos-del-cambio-climatico-en-la-agricultura-de-la-zona-sur-de-chile\/#breadcrumb\",\"itemListElement\":[{\"@type\":\"ListItem\",\"position\":1,\"name\":\"Portada\",\"item\":\"https:\/\/www.mundoagropecuario.cl\/new\/\"},{\"@type\":\"ListItem\",\"position\":2,\"name\":\"Seminario aborda los impactos del cambio clim\u00e1tico en la agricultura de la zona sur de Chile\"}]},{\"@type\":\"WebSite\",\"@id\":\"https:\/\/www.mundoagropecuario.cl\/new\/#website\",\"url\":\"https:\/\/www.mundoagropecuario.cl\/new\/\",\"name\":\"Mundoagropecuario\",\"description\":\"Mundo Agropecuario\",\"publisher\":{\"@id\":\"https:\/\/www.mundoagropecuario.cl\/new\/#organization\"},\"potentialAction\":[{\"@type\":\"SearchAction\",\"target\":{\"@type\":\"EntryPoint\",\"urlTemplate\":\"https:\/\/www.mundoagropecuario.cl\/new\/?s={search_term_string}\"},\"query-input\":{\"@type\":\"PropertyValueSpecification\",\"valueRequired\":true,\"valueName\":\"search_term_string\"}}],\"inLanguage\":\"es\"},{\"@type\":\"Organization\",\"@id\":\"https:\/\/www.mundoagropecuario.cl\/new\/#organization\",\"name\":\"Revista de Agricultura\",\"url\":\"https:\/\/www.mundoagropecuario.cl\/new\/\",\"logo\":{\"@type\":\"ImageObject\",\"inLanguage\":\"es\",\"@id\":\"https:\/\/www.mundoagropecuario.cl\/new\/#\/schema\/logo\/image\/\",\"url\":\"https:\/\/www.mundoagropecuario.cl\/new\/wp-content\/uploads\/2020\/11\/PORTAL-1-1.png\",\"contentUrl\":\"https:\/\/www.mundoagropecuario.cl\/new\/wp-content\/uploads\/2020\/11\/PORTAL-1-1.png\",\"width\":1026,\"height\":100,\"caption\":\"Revista de Agricultura\"},\"image\":{\"@id\":\"https:\/\/www.mundoagropecuario.cl\/new\/#\/schema\/logo\/image\/\"},\"sameAs\":[\"https:\/\/www.facebook.com\/mundo.agropecuario.3\",\"https:\/\/x.com\/MundoAgropecuar\",\"https:\/\/www.linkedin.com\/in\/mundo-agropecuario-934009201\/\"]},{\"@type\":\"Person\",\"@id\":\"https:\/\/www.mundoagropecuario.cl\/new\/#\/schema\/person\/0c221050801c74e45256a7a9a1ff0803\",\"name\":\"periodista\",\"url\":\"https:\/\/www.mundoagropecuario.cl\/new\/author\/periodista\/\"}]}<\/script>\n<!-- \/ Yoast SEO plugin. -->","yoast_head_json":{"title":"Seminario aborda los impactos del cambio clim\u00e1tico en la agricultura de la zona sur de Chile - Mundoagropecuario","robots":{"index":"index","follow":"follow","max-snippet":"max-snippet:-1","max-image-preview":"max-image-preview:large","max-video-preview":"max-video-preview:-1"},"canonical":"https:\/\/www.mundoagropecuario.cl\/new\/seminario-aborda-los-impactos-del-cambio-climatico-en-la-agricultura-de-la-zona-sur-de-chile\/","og_locale":"es_ES","og_type":"article","og_title":"Seminario aborda los impactos del cambio clim\u00e1tico en la agricultura de la zona sur de Chile - Mundoagropecuario","og_description":"Con la participaci\u00f3n de autoridades de gobierno, universitarias y regionales, investigadores, profesionales, estudiantes y agricultores se desarroll\u00f3 la primera jornada del \u201cCuarto Seminario de Recursos H\u00eddricos y Cambio Clim\u00e1tico\u201d de...","og_url":"https:\/\/www.mundoagropecuario.cl\/new\/seminario-aborda-los-impactos-del-cambio-climatico-en-la-agricultura-de-la-zona-sur-de-chile\/","og_site_name":"Mundoagropecuario","article_publisher":"https:\/\/www.facebook.com\/mundo.agropecuario.3","article_published_time":"2018-08-03T13:49:52+00:00","article_modified_time":"2018-08-03T13:55:05+00:00","og_image":[{"width":650,"height":413,"url":"https:\/\/www.mundoagropecuario.cl\/new\/wp-content\/uploads\/2018\/08\/seminario-cambio-clim\u00e1tico-los-r\u00edos-3.jpg","type":"image\/jpeg"}],"author":"periodista","twitter_card":"summary_large_image","twitter_creator":"@MundoAgropecuar","twitter_site":"@MundoAgropecuar","twitter_misc":{"Escrito por":"periodista","Tiempo de lectura":"4 minutos"},"schema":{"@context":"https:\/\/schema.org","@graph":[{"@type":"Article","@id":"https:\/\/www.mundoagropecuario.cl\/new\/seminario-aborda-los-impactos-del-cambio-climatico-en-la-agricultura-de-la-zona-sur-de-chile\/#article","isPartOf":{"@id":"https:\/\/www.mundoagropecuario.cl\/new\/seminario-aborda-los-impactos-del-cambio-climatico-en-la-agricultura-de-la-zona-sur-de-chile\/"},"author":{"name":"periodista","@id":"https:\/\/www.mundoagropecuario.cl\/new\/#\/schema\/person\/0c221050801c74e45256a7a9a1ff0803"},"headline":"Seminario aborda los impactos del cambio clim\u00e1tico en la agricultura de la zona sur de Chile","datePublished":"2018-08-03T13:49:52+00:00","dateModified":"2018-08-03T13:55:05+00:00","mainEntityOfPage":{"@id":"https:\/\/www.mundoagropecuario.cl\/new\/seminario-aborda-los-impactos-del-cambio-climatico-en-la-agricultura-de-la-zona-sur-de-chile\/"},"wordCount":912,"publisher":{"@id":"https:\/\/www.mundoagropecuario.cl\/new\/#organization"},"image":{"@id":"https:\/\/www.mundoagropecuario.cl\/new\/seminario-aborda-los-impactos-del-cambio-climatico-en-la-agricultura-de-la-zona-sur-de-chile\/#primaryimage"},"thumbnailUrl":"https:\/\/www.mundoagropecuario.cl\/new\/wp-content\/uploads\/2018\/08\/seminario-cambio-clim\u00e1tico-los-r\u00edos-3.jpg","keywords":["Indap","UACh"],"articleSection":["Instituciones"],"inLanguage":"es"},{"@type":"WebPage","@id":"https:\/\/www.mundoagropecuario.cl\/new\/seminario-aborda-los-impactos-del-cambio-climatico-en-la-agricultura-de-la-zona-sur-de-chile\/","url":"https:\/\/www.mundoagropecuario.cl\/new\/seminario-aborda-los-impactos-del-cambio-climatico-en-la-agricultura-de-la-zona-sur-de-chile\/","name":"Seminario aborda los impactos del cambio clim\u00e1tico en la agricultura de la zona sur de Chile - Mundoagropecuario","isPartOf":{"@id":"https:\/\/www.mundoagropecuario.cl\/new\/#website"},"primaryImageOfPage":{"@id":"https:\/\/www.mundoagropecuario.cl\/new\/seminario-aborda-los-impactos-del-cambio-climatico-en-la-agricultura-de-la-zona-sur-de-chile\/#primaryimage"},"image":{"@id":"https:\/\/www.mundoagropecuario.cl\/new\/seminario-aborda-los-impactos-del-cambio-climatico-en-la-agricultura-de-la-zona-sur-de-chile\/#primaryimage"},"thumbnailUrl":"https:\/\/www.mundoagropecuario.cl\/new\/wp-content\/uploads\/2018\/08\/seminario-cambio-clim\u00e1tico-los-r\u00edos-3.jpg","datePublished":"2018-08-03T13:49:52+00:00","dateModified":"2018-08-03T13:55:05+00:00","breadcrumb":{"@id":"https:\/\/www.mundoagropecuario.cl\/new\/seminario-aborda-los-impactos-del-cambio-climatico-en-la-agricultura-de-la-zona-sur-de-chile\/#breadcrumb"},"inLanguage":"es","potentialAction":[{"@type":"ReadAction","target":["https:\/\/www.mundoagropecuario.cl\/new\/seminario-aborda-los-impactos-del-cambio-climatico-en-la-agricultura-de-la-zona-sur-de-chile\/"]}]},{"@type":"ImageObject","inLanguage":"es","@id":"https:\/\/www.mundoagropecuario.cl\/new\/seminario-aborda-los-impactos-del-cambio-climatico-en-la-agricultura-de-la-zona-sur-de-chile\/#primaryimage","url":"https:\/\/www.mundoagropecuario.cl\/new\/wp-content\/uploads\/2018\/08\/seminario-cambio-clim\u00e1tico-los-r\u00edos-3.jpg","contentUrl":"https:\/\/www.mundoagropecuario.cl\/new\/wp-content\/uploads\/2018\/08\/seminario-cambio-clim\u00e1tico-los-r\u00edos-3.jpg","width":630,"height":400},{"@type":"BreadcrumbList","@id":"https:\/\/www.mundoagropecuario.cl\/new\/seminario-aborda-los-impactos-del-cambio-climatico-en-la-agricultura-de-la-zona-sur-de-chile\/#breadcrumb","itemListElement":[{"@type":"ListItem","position":1,"name":"Portada","item":"https:\/\/www.mundoagropecuario.cl\/new\/"},{"@type":"ListItem","position":2,"name":"Seminario aborda los impactos del cambio clim\u00e1tico en la agricultura de la zona sur de Chile"}]},{"@type":"WebSite","@id":"https:\/\/www.mundoagropecuario.cl\/new\/#website","url":"https:\/\/www.mundoagropecuario.cl\/new\/","name":"Mundoagropecuario","description":"Mundo Agropecuario","publisher":{"@id":"https:\/\/www.mundoagropecuario.cl\/new\/#organization"},"potentialAction":[{"@type":"SearchAction","target":{"@type":"EntryPoint","urlTemplate":"https:\/\/www.mundoagropecuario.cl\/new\/?s={search_term_string}"},"query-input":{"@type":"PropertyValueSpecification","valueRequired":true,"valueName":"search_term_string"}}],"inLanguage":"es"},{"@type":"Organization","@id":"https:\/\/www.mundoagropecuario.cl\/new\/#organization","name":"Revista de Agricultura","url":"https:\/\/www.mundoagropecuario.cl\/new\/","logo":{"@type":"ImageObject","inLanguage":"es","@id":"https:\/\/www.mundoagropecuario.cl\/new\/#\/schema\/logo\/image\/","url":"https:\/\/www.mundoagropecuario.cl\/new\/wp-content\/uploads\/2020\/11\/PORTAL-1-1.png","contentUrl":"https:\/\/www.mundoagropecuario.cl\/new\/wp-content\/uploads\/2020\/11\/PORTAL-1-1.png","width":1026,"height":100,"caption":"Revista de Agricultura"},"image":{"@id":"https:\/\/www.mundoagropecuario.cl\/new\/#\/schema\/logo\/image\/"},"sameAs":["https:\/\/www.facebook.com\/mundo.agropecuario.3","https:\/\/x.com\/MundoAgropecuar","https:\/\/www.linkedin.com\/in\/mundo-agropecuario-934009201\/"]},{"@type":"Person","@id":"https:\/\/www.mundoagropecuario.cl\/new\/#\/schema\/person\/0c221050801c74e45256a7a9a1ff0803","name":"periodista","url":"https:\/\/www.mundoagropecuario.cl\/new\/author\/periodista\/"}]}},"_links":{"self":[{"href":"https:\/\/www.mundoagropecuario.cl\/new\/wp-json\/wp\/v2\/posts\/7953","targetHints":{"allow":["GET"]}}],"collection":[{"href":"https:\/\/www.mundoagropecuario.cl\/new\/wp-json\/wp\/v2\/posts"}],"about":[{"href":"https:\/\/www.mundoagropecuario.cl\/new\/wp-json\/wp\/v2\/types\/post"}],"author":[{"embeddable":true,"href":"https:\/\/www.mundoagropecuario.cl\/new\/wp-json\/wp\/v2\/users\/3"}],"replies":[{"embeddable":true,"href":"https:\/\/www.mundoagropecuario.cl\/new\/wp-json\/wp\/v2\/comments?post=7953"}],"version-history":[{"count":1,"href":"https:\/\/www.mundoagropecuario.cl\/new\/wp-json\/wp\/v2\/posts\/7953\/revisions"}],"predecessor-version":[{"id":7955,"href":"https:\/\/www.mundoagropecuario.cl\/new\/wp-json\/wp\/v2\/posts\/7953\/revisions\/7955"}],"wp:featuredmedia":[{"embeddable":true,"href":"https:\/\/www.mundoagropecuario.cl\/new\/wp-json\/wp\/v2\/media\/7954"}],"wp:attachment":[{"href":"https:\/\/www.mundoagropecuario.cl\/new\/wp-json\/wp\/v2\/media?parent=7953"}],"wp:term":[{"taxonomy":"category","embeddable":true,"href":"https:\/\/www.mundoagropecuario.cl\/new\/wp-json\/wp\/v2\/categories?post=7953"},{"taxonomy":"post_tag","embeddable":true,"href":"https:\/\/www.mundoagropecuario.cl\/new\/wp-json\/wp\/v2\/tags?post=7953"}],"curies":[{"name":"wp","href":"https:\/\/api.w.org\/{rel}","templated":true}]}}