{"id":7929,"date":"2018-08-02T10:51:06","date_gmt":"2018-08-02T13:51:06","guid":{"rendered":"http:\/\/www.mundoagropecuario.cl\/new\/?p=7929"},"modified":"2018-08-03T11:07:19","modified_gmt":"2018-08-03T14:07:19","slug":"colun-contraataca-a-watts-en-el-tdlc-y-afirma-que-su-analisis-es-parcial-y-sesgado","status":"publish","type":"post","link":"https:\/\/www.mundoagropecuario.cl\/new\/colun-contraataca-a-watts-en-el-tdlc-y-afirma-que-su-analisis-es-parcial-y-sesgado\/","title":{"rendered":"Colun contraataca a Watt&#8217;s en el TDLC y afirma que su an\u00e1lisis es parcial y sesgado"},"content":{"rendered":"<blockquote><p><em>La cooperativa asegur\u00f3 que la firma caracteriz\u00f3 mal al mercado l\u00e1cteo y que el an\u00e1lisis debi\u00f3 incluir las importaciones. (El Mercurio).<\/em><\/p><\/blockquote>\n<p>En medio del bajo dinamismo del sector lechero y del conflicto por la disyuntiva para que las empresas publiquen o no los precios de la leche pagados a productor, Colun respondi\u00f3 categ\u00f3ricamente a la consulta planteada al Tribunal de Defensa de la Libre Competencia (TDLC) por Watt&#8217;s. Esta \u00faltima ha expuesto la necesidad de establecer condiciones equivalentes entre las empresas procesadoras, ya que ha manifestado que algunas -como Watt&#8217;s, Nestl\u00e9 y Soprole- tienen la obligaci\u00f3n de publicar estas pautas, en circunstancias de que compa\u00f1\u00edas como Colun o Quillayes no lo deben realizar.<\/p>\n<p>Independientemente de lo relativo a las pautas de precios, Colun extiende su presentaci\u00f3n a otros temas relevantes de la industria. La cooperativa reclam\u00f3 en su escrito que &#8220;Watt&#8217;s hace \u00e9nfasis en el crecimiento de Colun, como queriendo atribuirlo al hecho de que no publica pautas de precio. Nada m\u00e1s alejado de la realidad&#8221;. Afirm\u00f3 que &#8220;aunque moleste a Watt&#8217;s, el &#8216;secreto&#8217; de Colun es ser una cooperativa que hace las cosas bien&#8221;.<\/p>\n<p>En cuanto a la situaci\u00f3n que hoy atraviesa el mercado l\u00e1cteo, la cooperativa sure\u00f1a indic\u00f3 que &#8220;sostener livianamente -como lo hace Watt&#8217;s- que la mayor\u00eda de las empresas han disminuido su participaci\u00f3n de mercado de compra de leche cruda en los \u00faltimos a\u00f1os, salvo Colun, es tan simplista como errado, pues no considera el hecho de que tales empresas han sustituido, en parte, sus compras de leche cruda con la importaci\u00f3n de productos l\u00e1cteos&#8221;. As\u00ed, detall\u00f3 que las compras al extranjero incluyen leche en polvo -que permite la producci\u00f3n de leche l\u00edquida o yogur- y otros productos elaborados, como quesos. Colun tambi\u00e9n sostuvo que sus cooperados son, principalmente, peque\u00f1os y medianos agricultores, donde el 58% de los socios suministraron el a\u00f1o pasado menos de 500 mil litros de leche en total.<\/p>\n<p>Respecto del tema de las pautas de precios, Colun manifest\u00f3 que el an\u00e1lisis de Watt&#8217;s es parcial, sesgado y caracteriza de manera err\u00f3nea al mercado l\u00e1cteo. De hecho, asever\u00f3 que la consulta de Watt&#8217;s se bas\u00f3 en datos contenidos en una antigua presentaci\u00f3n de Fedeleche y no en informes actuales de la Fiscal\u00eda Nacional Econ\u00f3mica. Reclam\u00f3 tambi\u00e9n que &#8220;si bien Watt&#8217;s alega sufrir desventajas competitivas, porque algunos no se encuentran sujetos a la obligaci\u00f3n de publicar sus pautas de precio, lo cierto es que en su consulta no aporta antecedente concreto alguno sobre el particular&#8221;.<\/p>\n<p><strong>Firmas procesadoras debaten sobre el crecimiento de Colun<\/strong><\/p>\n<p>Distintas compa\u00f1\u00edas expresaron sus puntos de vista acerca de las pautas de pago de la leche a productor y sobre el crecimiento de Colun.<\/p>\n<p>En Nestl\u00e9 afirmaron que ha habido una concentraci\u00f3n en el segmento productor, con lo que han ganado un importante poder negociador, de cara a las procesadoras. A su vez, sostuvieron que, en las regiones de Los R\u00edos y Los Lagos, Colun ha logrado un importante incremento de la recepci\u00f3n de leche cruda, con cerca del 88% de la cuota de mercado en la primera zona.<\/p>\n<p>Afirmaron que lo contrario ha sucedido con Soprole y Nestl\u00e9. Prolesur y Soprole, en tanto, se limitaron a enunciar aspectos generales relativos a las pautas de pago a productor.<\/p>\n<p>En tanto, Quillayes afirm\u00f3 que la obligaci\u00f3n para la publicaci\u00f3n de pautas a firmas peque\u00f1as y medianas no se justifica y sostuvo que el crecimiento de Colun no depende de eso, sino de &#8220;la exenci\u00f3n impositiva que goza como cooperativa&#8221;.<\/p>\n<p>Lea la nota original de <em>El Mercurio<\/em> en <a href=\"http:\/\/impresa.elmercurio.com\/Pages\/NewsDetail.aspx?dt=2018-08-02&amp;dtB=02-08-2018%200:00:00&amp;PaginaId=11&amp;bodyid=2\">este enlace.<\/a><\/p>\n","protected":false},"excerpt":{"rendered":"<p>La cooperativa asegur\u00f3 que la firma caracteriz\u00f3 mal al mercado l\u00e1cteo y que el an\u00e1lisis debi\u00f3 incluir las importaciones. (El Mercurio). En medio del bajo dinamismo del sector lechero y&#8230;<\/p>\n","protected":false},"author":3,"featured_media":7930,"comment_status":"closed","ping_status":"closed","sticky":false,"template":"","format":"standard","meta":{"footnotes":""},"categories":[126],"tags":[2034,2068,2150,2268,2085],"class_list":["post-7929","post","type-post","status-publish","format-standard","has-post-thumbnail","hentry","category-noticias","tag-colun","tag-industria-lactea","tag-nestle","tag-soporle","tag-watts"],"yoast_head":"<!-- This site is optimized with the Yoast SEO plugin v26.6 - https:\/\/yoast.com\/wordpress\/plugins\/seo\/ -->\n<title>Colun contraataca a Watt&#039;s en el TDLC y afirma que su an\u00e1lisis es parcial y sesgado - Mundoagropecuario<\/title>\n<meta name=\"robots\" content=\"index, follow, max-snippet:-1, max-image-preview:large, max-video-preview:-1\" \/>\n<link rel=\"canonical\" href=\"https:\/\/www.mundoagropecuario.cl\/new\/colun-contraataca-a-watts-en-el-tdlc-y-afirma-que-su-analisis-es-parcial-y-sesgado\/\" \/>\n<meta property=\"og:locale\" content=\"es_ES\" \/>\n<meta property=\"og:type\" content=\"article\" \/>\n<meta property=\"og:title\" content=\"Colun contraataca a Watt&#039;s en el TDLC y afirma que su an\u00e1lisis es parcial y sesgado - Mundoagropecuario\" \/>\n<meta property=\"og:description\" content=\"La cooperativa asegur\u00f3 que la firma caracteriz\u00f3 mal al mercado l\u00e1cteo y que el an\u00e1lisis debi\u00f3 incluir las importaciones. (El Mercurio). En medio del bajo dinamismo del sector lechero y...\" \/>\n<meta property=\"og:url\" content=\"https:\/\/www.mundoagropecuario.cl\/new\/colun-contraataca-a-watts-en-el-tdlc-y-afirma-que-su-analisis-es-parcial-y-sesgado\/\" \/>\n<meta property=\"og:site_name\" content=\"Mundoagropecuario\" \/>\n<meta property=\"article:publisher\" content=\"https:\/\/www.facebook.com\/mundo.agropecuario.3\" \/>\n<meta property=\"article:published_time\" content=\"2018-08-02T13:51:06+00:00\" \/>\n<meta property=\"article:modified_time\" content=\"2018-08-03T14:07:19+00:00\" \/>\n<meta property=\"og:image\" content=\"https:\/\/www.mundoagropecuario.cl\/new\/wp-content\/uploads\/2018\/08\/colun.jpg\" \/>\n\t<meta property=\"og:image:width\" content=\"1024\" \/>\n\t<meta property=\"og:image:height\" content=\"683\" \/>\n\t<meta property=\"og:image:type\" content=\"image\/jpeg\" \/>\n<meta name=\"author\" content=\"periodista\" \/>\n<meta name=\"twitter:card\" content=\"summary_large_image\" \/>\n<meta name=\"twitter:creator\" content=\"@MundoAgropecuar\" \/>\n<meta name=\"twitter:site\" content=\"@MundoAgropecuar\" \/>\n<meta name=\"twitter:label1\" content=\"Escrito por\" \/>\n\t<meta name=\"twitter:data1\" content=\"periodista\" \/>\n\t<meta name=\"twitter:label2\" content=\"Tiempo de lectura\" \/>\n\t<meta name=\"twitter:data2\" content=\"3 minutos\" \/>\n<script type=\"application\/ld+json\" class=\"yoast-schema-graph\">{\"@context\":\"https:\/\/schema.org\",\"@graph\":[{\"@type\":\"Article\",\"@id\":\"https:\/\/www.mundoagropecuario.cl\/new\/colun-contraataca-a-watts-en-el-tdlc-y-afirma-que-su-analisis-es-parcial-y-sesgado\/#article\",\"isPartOf\":{\"@id\":\"https:\/\/www.mundoagropecuario.cl\/new\/colun-contraataca-a-watts-en-el-tdlc-y-afirma-que-su-analisis-es-parcial-y-sesgado\/\"},\"author\":{\"name\":\"periodista\",\"@id\":\"https:\/\/www.mundoagropecuario.cl\/new\/#\/schema\/person\/0c221050801c74e45256a7a9a1ff0803\"},\"headline\":\"Colun contraataca a Watt&#8217;s en el TDLC y afirma que su an\u00e1lisis es parcial y sesgado\",\"datePublished\":\"2018-08-02T13:51:06+00:00\",\"dateModified\":\"2018-08-03T14:07:19+00:00\",\"mainEntityOfPage\":{\"@id\":\"https:\/\/www.mundoagropecuario.cl\/new\/colun-contraataca-a-watts-en-el-tdlc-y-afirma-que-su-analisis-es-parcial-y-sesgado\/\"},\"wordCount\":637,\"publisher\":{\"@id\":\"https:\/\/www.mundoagropecuario.cl\/new\/#organization\"},\"image\":{\"@id\":\"https:\/\/www.mundoagropecuario.cl\/new\/colun-contraataca-a-watts-en-el-tdlc-y-afirma-que-su-analisis-es-parcial-y-sesgado\/#primaryimage\"},\"thumbnailUrl\":\"https:\/\/www.mundoagropecuario.cl\/new\/wp-content\/uploads\/2018\/08\/colun.jpg\",\"keywords\":[\"Colun\",\"Industria l\u00e1ctea\",\"Nestl\u00e9\",\"Soporle\",\"Watt's\"],\"articleSection\":[\"Noticias\"],\"inLanguage\":\"es\"},{\"@type\":\"WebPage\",\"@id\":\"https:\/\/www.mundoagropecuario.cl\/new\/colun-contraataca-a-watts-en-el-tdlc-y-afirma-que-su-analisis-es-parcial-y-sesgado\/\",\"url\":\"https:\/\/www.mundoagropecuario.cl\/new\/colun-contraataca-a-watts-en-el-tdlc-y-afirma-que-su-analisis-es-parcial-y-sesgado\/\",\"name\":\"Colun contraataca a Watt's en el TDLC y afirma que su an\u00e1lisis es parcial y sesgado - Mundoagropecuario\",\"isPartOf\":{\"@id\":\"https:\/\/www.mundoagropecuario.cl\/new\/#website\"},\"primaryImageOfPage\":{\"@id\":\"https:\/\/www.mundoagropecuario.cl\/new\/colun-contraataca-a-watts-en-el-tdlc-y-afirma-que-su-analisis-es-parcial-y-sesgado\/#primaryimage\"},\"image\":{\"@id\":\"https:\/\/www.mundoagropecuario.cl\/new\/colun-contraataca-a-watts-en-el-tdlc-y-afirma-que-su-analisis-es-parcial-y-sesgado\/#primaryimage\"},\"thumbnailUrl\":\"https:\/\/www.mundoagropecuario.cl\/new\/wp-content\/uploads\/2018\/08\/colun.jpg\",\"datePublished\":\"2018-08-02T13:51:06+00:00\",\"dateModified\":\"2018-08-03T14:07:19+00:00\",\"breadcrumb\":{\"@id\":\"https:\/\/www.mundoagropecuario.cl\/new\/colun-contraataca-a-watts-en-el-tdlc-y-afirma-que-su-analisis-es-parcial-y-sesgado\/#breadcrumb\"},\"inLanguage\":\"es\",\"potentialAction\":[{\"@type\":\"ReadAction\",\"target\":[\"https:\/\/www.mundoagropecuario.cl\/new\/colun-contraataca-a-watts-en-el-tdlc-y-afirma-que-su-analisis-es-parcial-y-sesgado\/\"]}]},{\"@type\":\"ImageObject\",\"inLanguage\":\"es\",\"@id\":\"https:\/\/www.mundoagropecuario.cl\/new\/colun-contraataca-a-watts-en-el-tdlc-y-afirma-que-su-analisis-es-parcial-y-sesgado\/#primaryimage\",\"url\":\"https:\/\/www.mundoagropecuario.cl\/new\/wp-content\/uploads\/2018\/08\/colun.jpg\",\"contentUrl\":\"https:\/\/www.mundoagropecuario.cl\/new\/wp-content\/uploads\/2018\/08\/colun.jpg\",\"width\":600,\"height\":400},{\"@type\":\"BreadcrumbList\",\"@id\":\"https:\/\/www.mundoagropecuario.cl\/new\/colun-contraataca-a-watts-en-el-tdlc-y-afirma-que-su-analisis-es-parcial-y-sesgado\/#breadcrumb\",\"itemListElement\":[{\"@type\":\"ListItem\",\"position\":1,\"name\":\"Portada\",\"item\":\"https:\/\/www.mundoagropecuario.cl\/new\/\"},{\"@type\":\"ListItem\",\"position\":2,\"name\":\"Colun contraataca a Watt&#8217;s en el TDLC y afirma que su an\u00e1lisis es parcial y sesgado\"}]},{\"@type\":\"WebSite\",\"@id\":\"https:\/\/www.mundoagropecuario.cl\/new\/#website\",\"url\":\"https:\/\/www.mundoagropecuario.cl\/new\/\",\"name\":\"Mundoagropecuario\",\"description\":\"Mundo Agropecuario\",\"publisher\":{\"@id\":\"https:\/\/www.mundoagropecuario.cl\/new\/#organization\"},\"potentialAction\":[{\"@type\":\"SearchAction\",\"target\":{\"@type\":\"EntryPoint\",\"urlTemplate\":\"https:\/\/www.mundoagropecuario.cl\/new\/?s={search_term_string}\"},\"query-input\":{\"@type\":\"PropertyValueSpecification\",\"valueRequired\":true,\"valueName\":\"search_term_string\"}}],\"inLanguage\":\"es\"},{\"@type\":\"Organization\",\"@id\":\"https:\/\/www.mundoagropecuario.cl\/new\/#organization\",\"name\":\"Revista de Agricultura\",\"url\":\"https:\/\/www.mundoagropecuario.cl\/new\/\",\"logo\":{\"@type\":\"ImageObject\",\"inLanguage\":\"es\",\"@id\":\"https:\/\/www.mundoagropecuario.cl\/new\/#\/schema\/logo\/image\/\",\"url\":\"https:\/\/www.mundoagropecuario.cl\/new\/wp-content\/uploads\/2020\/11\/PORTAL-1-1.png\",\"contentUrl\":\"https:\/\/www.mundoagropecuario.cl\/new\/wp-content\/uploads\/2020\/11\/PORTAL-1-1.png\",\"width\":1026,\"height\":100,\"caption\":\"Revista de Agricultura\"},\"image\":{\"@id\":\"https:\/\/www.mundoagropecuario.cl\/new\/#\/schema\/logo\/image\/\"},\"sameAs\":[\"https:\/\/www.facebook.com\/mundo.agropecuario.3\",\"https:\/\/x.com\/MundoAgropecuar\",\"https:\/\/www.linkedin.com\/in\/mundo-agropecuario-934009201\/\"]},{\"@type\":\"Person\",\"@id\":\"https:\/\/www.mundoagropecuario.cl\/new\/#\/schema\/person\/0c221050801c74e45256a7a9a1ff0803\",\"name\":\"periodista\",\"url\":\"https:\/\/www.mundoagropecuario.cl\/new\/author\/periodista\/\"}]}<\/script>\n<!-- \/ Yoast SEO plugin. -->","yoast_head_json":{"title":"Colun contraataca a Watt's en el TDLC y afirma que su an\u00e1lisis es parcial y sesgado - Mundoagropecuario","robots":{"index":"index","follow":"follow","max-snippet":"max-snippet:-1","max-image-preview":"max-image-preview:large","max-video-preview":"max-video-preview:-1"},"canonical":"https:\/\/www.mundoagropecuario.cl\/new\/colun-contraataca-a-watts-en-el-tdlc-y-afirma-que-su-analisis-es-parcial-y-sesgado\/","og_locale":"es_ES","og_type":"article","og_title":"Colun contraataca a Watt's en el TDLC y afirma que su an\u00e1lisis es parcial y sesgado - Mundoagropecuario","og_description":"La cooperativa asegur\u00f3 que la firma caracteriz\u00f3 mal al mercado l\u00e1cteo y que el an\u00e1lisis debi\u00f3 incluir las importaciones. (El Mercurio). En medio del bajo dinamismo del sector lechero y...","og_url":"https:\/\/www.mundoagropecuario.cl\/new\/colun-contraataca-a-watts-en-el-tdlc-y-afirma-que-su-analisis-es-parcial-y-sesgado\/","og_site_name":"Mundoagropecuario","article_publisher":"https:\/\/www.facebook.com\/mundo.agropecuario.3","article_published_time":"2018-08-02T13:51:06+00:00","article_modified_time":"2018-08-03T14:07:19+00:00","og_image":[{"width":1024,"height":683,"url":"https:\/\/www.mundoagropecuario.cl\/new\/wp-content\/uploads\/2018\/08\/colun.jpg","type":"image\/jpeg"}],"author":"periodista","twitter_card":"summary_large_image","twitter_creator":"@MundoAgropecuar","twitter_site":"@MundoAgropecuar","twitter_misc":{"Escrito por":"periodista","Tiempo de lectura":"3 minutos"},"schema":{"@context":"https:\/\/schema.org","@graph":[{"@type":"Article","@id":"https:\/\/www.mundoagropecuario.cl\/new\/colun-contraataca-a-watts-en-el-tdlc-y-afirma-que-su-analisis-es-parcial-y-sesgado\/#article","isPartOf":{"@id":"https:\/\/www.mundoagropecuario.cl\/new\/colun-contraataca-a-watts-en-el-tdlc-y-afirma-que-su-analisis-es-parcial-y-sesgado\/"},"author":{"name":"periodista","@id":"https:\/\/www.mundoagropecuario.cl\/new\/#\/schema\/person\/0c221050801c74e45256a7a9a1ff0803"},"headline":"Colun contraataca a Watt&#8217;s en el TDLC y afirma que su an\u00e1lisis es parcial y sesgado","datePublished":"2018-08-02T13:51:06+00:00","dateModified":"2018-08-03T14:07:19+00:00","mainEntityOfPage":{"@id":"https:\/\/www.mundoagropecuario.cl\/new\/colun-contraataca-a-watts-en-el-tdlc-y-afirma-que-su-analisis-es-parcial-y-sesgado\/"},"wordCount":637,"publisher":{"@id":"https:\/\/www.mundoagropecuario.cl\/new\/#organization"},"image":{"@id":"https:\/\/www.mundoagropecuario.cl\/new\/colun-contraataca-a-watts-en-el-tdlc-y-afirma-que-su-analisis-es-parcial-y-sesgado\/#primaryimage"},"thumbnailUrl":"https:\/\/www.mundoagropecuario.cl\/new\/wp-content\/uploads\/2018\/08\/colun.jpg","keywords":["Colun","Industria l\u00e1ctea","Nestl\u00e9","Soporle","Watt's"],"articleSection":["Noticias"],"inLanguage":"es"},{"@type":"WebPage","@id":"https:\/\/www.mundoagropecuario.cl\/new\/colun-contraataca-a-watts-en-el-tdlc-y-afirma-que-su-analisis-es-parcial-y-sesgado\/","url":"https:\/\/www.mundoagropecuario.cl\/new\/colun-contraataca-a-watts-en-el-tdlc-y-afirma-que-su-analisis-es-parcial-y-sesgado\/","name":"Colun contraataca a Watt's en el TDLC y afirma que su an\u00e1lisis es parcial y sesgado - Mundoagropecuario","isPartOf":{"@id":"https:\/\/www.mundoagropecuario.cl\/new\/#website"},"primaryImageOfPage":{"@id":"https:\/\/www.mundoagropecuario.cl\/new\/colun-contraataca-a-watts-en-el-tdlc-y-afirma-que-su-analisis-es-parcial-y-sesgado\/#primaryimage"},"image":{"@id":"https:\/\/www.mundoagropecuario.cl\/new\/colun-contraataca-a-watts-en-el-tdlc-y-afirma-que-su-analisis-es-parcial-y-sesgado\/#primaryimage"},"thumbnailUrl":"https:\/\/www.mundoagropecuario.cl\/new\/wp-content\/uploads\/2018\/08\/colun.jpg","datePublished":"2018-08-02T13:51:06+00:00","dateModified":"2018-08-03T14:07:19+00:00","breadcrumb":{"@id":"https:\/\/www.mundoagropecuario.cl\/new\/colun-contraataca-a-watts-en-el-tdlc-y-afirma-que-su-analisis-es-parcial-y-sesgado\/#breadcrumb"},"inLanguage":"es","potentialAction":[{"@type":"ReadAction","target":["https:\/\/www.mundoagropecuario.cl\/new\/colun-contraataca-a-watts-en-el-tdlc-y-afirma-que-su-analisis-es-parcial-y-sesgado\/"]}]},{"@type":"ImageObject","inLanguage":"es","@id":"https:\/\/www.mundoagropecuario.cl\/new\/colun-contraataca-a-watts-en-el-tdlc-y-afirma-que-su-analisis-es-parcial-y-sesgado\/#primaryimage","url":"https:\/\/www.mundoagropecuario.cl\/new\/wp-content\/uploads\/2018\/08\/colun.jpg","contentUrl":"https:\/\/www.mundoagropecuario.cl\/new\/wp-content\/uploads\/2018\/08\/colun.jpg","width":600,"height":400},{"@type":"BreadcrumbList","@id":"https:\/\/www.mundoagropecuario.cl\/new\/colun-contraataca-a-watts-en-el-tdlc-y-afirma-que-su-analisis-es-parcial-y-sesgado\/#breadcrumb","itemListElement":[{"@type":"ListItem","position":1,"name":"Portada","item":"https:\/\/www.mundoagropecuario.cl\/new\/"},{"@type":"ListItem","position":2,"name":"Colun contraataca a Watt&#8217;s en el TDLC y afirma que su an\u00e1lisis es parcial y sesgado"}]},{"@type":"WebSite","@id":"https:\/\/www.mundoagropecuario.cl\/new\/#website","url":"https:\/\/www.mundoagropecuario.cl\/new\/","name":"Mundoagropecuario","description":"Mundo Agropecuario","publisher":{"@id":"https:\/\/www.mundoagropecuario.cl\/new\/#organization"},"potentialAction":[{"@type":"SearchAction","target":{"@type":"EntryPoint","urlTemplate":"https:\/\/www.mundoagropecuario.cl\/new\/?s={search_term_string}"},"query-input":{"@type":"PropertyValueSpecification","valueRequired":true,"valueName":"search_term_string"}}],"inLanguage":"es"},{"@type":"Organization","@id":"https:\/\/www.mundoagropecuario.cl\/new\/#organization","name":"Revista de Agricultura","url":"https:\/\/www.mundoagropecuario.cl\/new\/","logo":{"@type":"ImageObject","inLanguage":"es","@id":"https:\/\/www.mundoagropecuario.cl\/new\/#\/schema\/logo\/image\/","url":"https:\/\/www.mundoagropecuario.cl\/new\/wp-content\/uploads\/2020\/11\/PORTAL-1-1.png","contentUrl":"https:\/\/www.mundoagropecuario.cl\/new\/wp-content\/uploads\/2020\/11\/PORTAL-1-1.png","width":1026,"height":100,"caption":"Revista de Agricultura"},"image":{"@id":"https:\/\/www.mundoagropecuario.cl\/new\/#\/schema\/logo\/image\/"},"sameAs":["https:\/\/www.facebook.com\/mundo.agropecuario.3","https:\/\/x.com\/MundoAgropecuar","https:\/\/www.linkedin.com\/in\/mundo-agropecuario-934009201\/"]},{"@type":"Person","@id":"https:\/\/www.mundoagropecuario.cl\/new\/#\/schema\/person\/0c221050801c74e45256a7a9a1ff0803","name":"periodista","url":"https:\/\/www.mundoagropecuario.cl\/new\/author\/periodista\/"}]}},"_links":{"self":[{"href":"https:\/\/www.mundoagropecuario.cl\/new\/wp-json\/wp\/v2\/posts\/7929","targetHints":{"allow":["GET"]}}],"collection":[{"href":"https:\/\/www.mundoagropecuario.cl\/new\/wp-json\/wp\/v2\/posts"}],"about":[{"href":"https:\/\/www.mundoagropecuario.cl\/new\/wp-json\/wp\/v2\/types\/post"}],"author":[{"embeddable":true,"href":"https:\/\/www.mundoagropecuario.cl\/new\/wp-json\/wp\/v2\/users\/3"}],"replies":[{"embeddable":true,"href":"https:\/\/www.mundoagropecuario.cl\/new\/wp-json\/wp\/v2\/comments?post=7929"}],"version-history":[{"count":1,"href":"https:\/\/www.mundoagropecuario.cl\/new\/wp-json\/wp\/v2\/posts\/7929\/revisions"}],"predecessor-version":[{"id":7931,"href":"https:\/\/www.mundoagropecuario.cl\/new\/wp-json\/wp\/v2\/posts\/7929\/revisions\/7931"}],"wp:featuredmedia":[{"embeddable":true,"href":"https:\/\/www.mundoagropecuario.cl\/new\/wp-json\/wp\/v2\/media\/7930"}],"wp:attachment":[{"href":"https:\/\/www.mundoagropecuario.cl\/new\/wp-json\/wp\/v2\/media?parent=7929"}],"wp:term":[{"taxonomy":"category","embeddable":true,"href":"https:\/\/www.mundoagropecuario.cl\/new\/wp-json\/wp\/v2\/categories?post=7929"},{"taxonomy":"post_tag","embeddable":true,"href":"https:\/\/www.mundoagropecuario.cl\/new\/wp-json\/wp\/v2\/tags?post=7929"}],"curies":[{"name":"wp","href":"https:\/\/api.w.org\/{rel}","templated":true}]}}