{"id":7879,"date":"2018-07-31T10:55:01","date_gmt":"2018-07-31T13:55:01","guid":{"rendered":"http:\/\/www.mundoagropecuario.cl\/new\/?p=7879"},"modified":"2018-08-01T11:17:00","modified_gmt":"2018-08-01T14:17:00","slug":"cooprinsem-realizo-lanzamiento-de-su-catalogo-de-toros-de-carne-2018","status":"publish","type":"post","link":"https:\/\/www.mundoagropecuario.cl\/new\/cooprinsem-realizo-lanzamiento-de-su-catalogo-de-toros-de-carne-2018\/","title":{"rendered":"Cooprinsem realiz\u00f3 lanzamiento de su Cat\u00e1logo de Toros de Carne 2018"},"content":{"rendered":"<blockquote><p><em>Esta semana en el criadero California, propiedad de Ricardo Hevia Hott, ubicado en la localidad de Osorno, camino a Puerto Octay; Cooprinsem, a trav\u00e9s de su Departamento de Reproducci\u00f3n e Inseminaci\u00f3n Artificial, realizaron al lanzamiento de la temporada \u201cToros de Carne 2018&#8243;. (Mundo Agropecuario).<\/em><\/p><\/blockquote>\n<p>La actividad tuvo como fin dar a conocer la selecci\u00f3n del cat\u00e1logo de toros de este a\u00f1o, contando con la participaci\u00f3n de m\u00e1s de 70 personas, incluidos productores, asesores y profesionales del \u00e1rea. Adem\u00e1s, se demostr\u00f3 en terreno, el trabajo realizado junto a los clientes, tanto en servicios como en gen\u00e9tica.<\/p>\n<p><a href=\"https:\/\/www.mundoagropecuario.cl\/new\/wp-content\/uploads\/2018\/07\/toroscarne6.jpg\"><img loading=\"lazy\" decoding=\"async\" class=\"alignleft wp-image-7891\" src=\"https:\/\/www.mundoagropecuario.cl\/new\/wp-content\/uploads\/2018\/07\/toroscarne6.jpg\" alt=\"\" width=\"350\" height=\"263\" srcset=\"https:\/\/www.mundoagropecuario.cl\/new\/wp-content\/uploads\/2018\/07\/toroscarne6.jpg 533w, https:\/\/www.mundoagropecuario.cl\/new\/wp-content\/uploads\/2018\/07\/toroscarne6-586x440.jpg 586w, https:\/\/www.mundoagropecuario.cl\/new\/wp-content\/uploads\/2018\/07\/toroscarne6-768x576.jpg 768w\" sizes=\"auto, (max-width: 350px) 100vw, 350px\" \/><\/a>La jornada la abri\u00f3 la directora del Departamento de Reproducci\u00f3n e Inseminaci\u00f3n Artificial, Paola Vargas, dando la bienvenida a los presentes.<\/p>\n<p>Siguiendo con este lanzamiento, el veterinario Mario Olivares estuvo a cargo de la presentaci\u00f3n del <a href=\"https:\/\/cooprinsem.cl\/home\/catalogo\/toros_leche\/index.html\"><strong>cat\u00e1logo 2018<\/strong><\/a>, donde dio a conocer el fuerte equipo de toros y las diferentes razas con las que Cooprinsem trabaja. &#8220;Nuestro objetivo como cooperativa, es poner siempre a disposici\u00f3n de nuestros clientes la informaci\u00f3n que les ayude a tomar buenas decisiones, en t\u00e9rmino de qu\u00e9 tipo de gen\u00e9tica utilizar en sus reba\u00f1os productores de carne, considerando todo el proceso productivo. Asimismo, buscamos hacer visible nuestra oferta de gen\u00e9tica, entregando toros de diferentes or\u00edgenes y caracter\u00edsticas&#8221;.<\/p>\n<p>&#8220;Es as\u00ed como este a\u00f1o contamos con 12 tipos de raza como son la Angus Negro, Angus Rojo, Hereford, Charolais, Rogue Des Pres, Fleckvieh, Belgian Bue, Aubrac, Limousin, Inra 95, Gasconne y Bazadaise; de esta manera cubrimos de mejor manera las necesidades de todos nuestros clientes&#8221;, sostuvo el profesional.<\/p>\n<p>Luego, el m\u00e9dico veterinario y asesora t\u00e9cnica del Departamento de Reproducci\u00f3n e Inseminaci\u00f3n Artificial, Paola Santana, efectu\u00f3 una muestra de progenie, en donde se presentaron los hijos de los reproductores comercializados por Cooprinsem, destacando los Resource, Angus Valley y Pionner, entre otros; sobresaliendo sus buenos rendimientos productivos en praderas. Motivo por el cual el productor Ricardo Hevia, mostr\u00f3 su satisfacci\u00f3n con el resultado obtenido con la gen\u00e9tica de la cooperativa.<\/p>\n<p><a href=\"https:\/\/www.mundoagropecuario.cl\/new\/wp-content\/uploads\/2018\/07\/toroscarne7.jpg\"><img loading=\"lazy\" decoding=\"async\" class=\"alignright wp-image-7893\" src=\"https:\/\/www.mundoagropecuario.cl\/new\/wp-content\/uploads\/2018\/07\/toroscarne7.jpg\" alt=\"\" width=\"350\" height=\"263\" srcset=\"https:\/\/www.mundoagropecuario.cl\/new\/wp-content\/uploads\/2018\/07\/toroscarne7.jpg 533w, https:\/\/www.mundoagropecuario.cl\/new\/wp-content\/uploads\/2018\/07\/toroscarne7-586x440.jpg 586w, https:\/\/www.mundoagropecuario.cl\/new\/wp-content\/uploads\/2018\/07\/toroscarne7-768x576.jpg 768w\" sizes=\"auto, (max-width: 350px) 100vw, 350px\" \/><\/a>Por su parte, Humberto Rivera, manager regional de ventas para Latinoam\u00e9rica de Select Sires, destac\u00f3 el trabajo consistente y muy bien organizado que ha realizado Cooprinsem a trav\u00e9s de todos estos a\u00f1os. &#8220;Me parece un programa excepcional el que han llevado a cabo. Existe un gran apoyo t\u00e9cnico orientado a la selecci\u00f3n gen\u00e9tica\u00a0 para los productores de carne, donde se les indica los par\u00e1metros econ\u00f3micos para desarrollar este mercado.\u00a0 Adem\u00e1s, los animales que fueron exhibidos, son bovinos de muy buen rendimiento, que tienen la misma calidad que cualquier ganado de los Estados Unidos&#8221;.<\/p>\n<p>A su vez, Alejandra Grau, gerente de calidad en Range Meats Chile, dio a conocer una alternativa de negocio para los productores de carne, en donde se mostr\u00f3 la comercializaci\u00f3n de este producto, proveniente desde la regi\u00f3n de Los Lagos hasta la Patagonia, producida solo a pastoreo, libre de anab\u00f3licos y antibi\u00f3ticos.<\/p>\n<p><a href=\"https:\/\/www.mundoagropecuario.cl\/new\/wp-content\/uploads\/2018\/07\/cooprinsem.jpg\"><img loading=\"lazy\" decoding=\"async\" class=\"alignleft wp-image-7896\" src=\"https:\/\/www.mundoagropecuario.cl\/new\/wp-content\/uploads\/2018\/07\/cooprinsem.jpg\" alt=\"\" width=\"350\" height=\"263\" srcset=\"https:\/\/www.mundoagropecuario.cl\/new\/wp-content\/uploads\/2018\/07\/cooprinsem.jpg 533w, https:\/\/www.mundoagropecuario.cl\/new\/wp-content\/uploads\/2018\/07\/cooprinsem-586x440.jpg 586w, https:\/\/www.mundoagropecuario.cl\/new\/wp-content\/uploads\/2018\/07\/cooprinsem-768x576.jpg 768w\" sizes=\"auto, (max-width: 350px) 100vw, 350px\" \/><\/a>Finalmente, Paola Vargas, directora del departamento de reproducci\u00f3n e inseminaci\u00f3n artificial, realiz\u00f3 un sorteo de dosis de semen y otros premios a los asistentes, recalcando que, con este lanzamiento, se demostraron las diferentes ofertas de servicios y gen\u00e9tica con las que cuenta la cooperativa.<\/p>\n<p>&#8220;En Cooprinsem hemos potenciado el resultado en productividad y rentabilidad de los sistemas productivos, dado que tenemos presente que la incorporaci\u00f3n de gen\u00e9tica es primordial, y es una ventaja competitiva para acelerar estos procesos. Es por eso que hemos buscado animales con muy buena adaptaci\u00f3n a los distintos climas presentes a lo largo de nuestro pa\u00eds, en respuesta a las necesidades planteadas por nuestros clientes, con el fin de ser un real aporte a la cadena productiva de la carne&#8221;, concluy\u00f3 Paola Vargas.<\/p>\n","protected":false},"excerpt":{"rendered":"<p>Esta semana en el criadero California, propiedad de Ricardo Hevia Hott, ubicado en la localidad de Osorno, camino a Puerto Octay; Cooprinsem, a trav\u00e9s de su Departamento de Reproducci\u00f3n e&#8230;<\/p>\n","protected":false},"author":3,"featured_media":7880,"comment_status":"closed","ping_status":"closed","sticky":false,"template":"","format":"gallery","meta":{"footnotes":""},"categories":[1944],"tags":[2261,2262],"class_list":["post-7879","post","type-post","status-publish","format-gallery","has-post-thumbnail","hentry","category-ganaderia","tag-cooprinsem","tag-toros-de-carne","post_format-post-format-gallery"],"yoast_head":"<!-- This site is optimized with the Yoast SEO plugin v26.6 - https:\/\/yoast.com\/wordpress\/plugins\/seo\/ -->\n<title>Cooprinsem realiz\u00f3 lanzamiento de su Cat\u00e1logo de Toros de Carne 2018 - Mundoagropecuario<\/title>\n<meta name=\"robots\" content=\"index, follow, max-snippet:-1, max-image-preview:large, max-video-preview:-1\" \/>\n<link rel=\"canonical\" href=\"https:\/\/www.mundoagropecuario.cl\/new\/cooprinsem-realizo-lanzamiento-de-su-catalogo-de-toros-de-carne-2018\/\" \/>\n<meta property=\"og:locale\" content=\"es_ES\" \/>\n<meta property=\"og:type\" content=\"article\" \/>\n<meta property=\"og:title\" content=\"Cooprinsem realiz\u00f3 lanzamiento de su Cat\u00e1logo de Toros de Carne 2018 - Mundoagropecuario\" \/>\n<meta property=\"og:description\" content=\"Esta semana en el criadero California, propiedad de Ricardo Hevia Hott, ubicado en la localidad de Osorno, camino a Puerto Octay; Cooprinsem, a trav\u00e9s de su Departamento de Reproducci\u00f3n e...\" \/>\n<meta property=\"og:url\" content=\"https:\/\/www.mundoagropecuario.cl\/new\/cooprinsem-realizo-lanzamiento-de-su-catalogo-de-toros-de-carne-2018\/\" \/>\n<meta property=\"og:site_name\" content=\"Mundoagropecuario\" \/>\n<meta property=\"article:publisher\" content=\"https:\/\/www.facebook.com\/mundo.agropecuario.3\" \/>\n<meta property=\"article:published_time\" content=\"2018-07-31T13:55:01+00:00\" \/>\n<meta property=\"article:modified_time\" content=\"2018-08-01T14:17:00+00:00\" \/>\n<meta property=\"og:image\" content=\"https:\/\/www.mundoagropecuario.cl\/new\/wp-content\/uploads\/2018\/07\/toros.jpg\" \/>\n\t<meta property=\"og:image:width\" content=\"1000\" \/>\n\t<meta property=\"og:image:height\" content=\"750\" \/>\n\t<meta property=\"og:image:type\" content=\"image\/jpeg\" \/>\n<meta name=\"author\" content=\"periodista\" \/>\n<meta name=\"twitter:card\" content=\"summary_large_image\" \/>\n<meta name=\"twitter:creator\" content=\"@MundoAgropecuar\" \/>\n<meta name=\"twitter:site\" content=\"@MundoAgropecuar\" \/>\n<meta name=\"twitter:label1\" content=\"Escrito por\" \/>\n\t<meta name=\"twitter:data1\" content=\"periodista\" \/>\n\t<meta name=\"twitter:label2\" content=\"Tiempo de lectura\" \/>\n\t<meta name=\"twitter:data2\" content=\"3 minutos\" \/>\n<script type=\"application\/ld+json\" class=\"yoast-schema-graph\">{\"@context\":\"https:\/\/schema.org\",\"@graph\":[{\"@type\":\"Article\",\"@id\":\"https:\/\/www.mundoagropecuario.cl\/new\/cooprinsem-realizo-lanzamiento-de-su-catalogo-de-toros-de-carne-2018\/#article\",\"isPartOf\":{\"@id\":\"https:\/\/www.mundoagropecuario.cl\/new\/cooprinsem-realizo-lanzamiento-de-su-catalogo-de-toros-de-carne-2018\/\"},\"author\":{\"name\":\"periodista\",\"@id\":\"https:\/\/www.mundoagropecuario.cl\/new\/#\/schema\/person\/0c221050801c74e45256a7a9a1ff0803\"},\"headline\":\"Cooprinsem realiz\u00f3 lanzamiento de su Cat\u00e1logo de Toros de Carne 2018\",\"datePublished\":\"2018-07-31T13:55:01+00:00\",\"dateModified\":\"2018-08-01T14:17:00+00:00\",\"mainEntityOfPage\":{\"@id\":\"https:\/\/www.mundoagropecuario.cl\/new\/cooprinsem-realizo-lanzamiento-de-su-catalogo-de-toros-de-carne-2018\/\"},\"wordCount\":652,\"publisher\":{\"@id\":\"https:\/\/www.mundoagropecuario.cl\/new\/#organization\"},\"image\":{\"@id\":\"https:\/\/www.mundoagropecuario.cl\/new\/cooprinsem-realizo-lanzamiento-de-su-catalogo-de-toros-de-carne-2018\/#primaryimage\"},\"thumbnailUrl\":\"https:\/\/www.mundoagropecuario.cl\/new\/wp-content\/uploads\/2018\/07\/toros.jpg\",\"keywords\":[\"Cooprinsem\",\"Toros de carne\"],\"articleSection\":[\"Ganader\u00eda\"],\"inLanguage\":\"es\"},{\"@type\":\"WebPage\",\"@id\":\"https:\/\/www.mundoagropecuario.cl\/new\/cooprinsem-realizo-lanzamiento-de-su-catalogo-de-toros-de-carne-2018\/\",\"url\":\"https:\/\/www.mundoagropecuario.cl\/new\/cooprinsem-realizo-lanzamiento-de-su-catalogo-de-toros-de-carne-2018\/\",\"name\":\"Cooprinsem realiz\u00f3 lanzamiento de su Cat\u00e1logo de Toros de Carne 2018 - Mundoagropecuario\",\"isPartOf\":{\"@id\":\"https:\/\/www.mundoagropecuario.cl\/new\/#website\"},\"primaryImageOfPage\":{\"@id\":\"https:\/\/www.mundoagropecuario.cl\/new\/cooprinsem-realizo-lanzamiento-de-su-catalogo-de-toros-de-carne-2018\/#primaryimage\"},\"image\":{\"@id\":\"https:\/\/www.mundoagropecuario.cl\/new\/cooprinsem-realizo-lanzamiento-de-su-catalogo-de-toros-de-carne-2018\/#primaryimage\"},\"thumbnailUrl\":\"https:\/\/www.mundoagropecuario.cl\/new\/wp-content\/uploads\/2018\/07\/toros.jpg\",\"datePublished\":\"2018-07-31T13:55:01+00:00\",\"dateModified\":\"2018-08-01T14:17:00+00:00\",\"breadcrumb\":{\"@id\":\"https:\/\/www.mundoagropecuario.cl\/new\/cooprinsem-realizo-lanzamiento-de-su-catalogo-de-toros-de-carne-2018\/#breadcrumb\"},\"inLanguage\":\"es\",\"potentialAction\":[{\"@type\":\"ReadAction\",\"target\":[\"https:\/\/www.mundoagropecuario.cl\/new\/cooprinsem-realizo-lanzamiento-de-su-catalogo-de-toros-de-carne-2018\/\"]}]},{\"@type\":\"ImageObject\",\"inLanguage\":\"es\",\"@id\":\"https:\/\/www.mundoagropecuario.cl\/new\/cooprinsem-realizo-lanzamiento-de-su-catalogo-de-toros-de-carne-2018\/#primaryimage\",\"url\":\"https:\/\/www.mundoagropecuario.cl\/new\/wp-content\/uploads\/2018\/07\/toros.jpg\",\"contentUrl\":\"https:\/\/www.mundoagropecuario.cl\/new\/wp-content\/uploads\/2018\/07\/toros.jpg\",\"width\":533,\"height\":400},{\"@type\":\"BreadcrumbList\",\"@id\":\"https:\/\/www.mundoagropecuario.cl\/new\/cooprinsem-realizo-lanzamiento-de-su-catalogo-de-toros-de-carne-2018\/#breadcrumb\",\"itemListElement\":[{\"@type\":\"ListItem\",\"position\":1,\"name\":\"Portada\",\"item\":\"https:\/\/www.mundoagropecuario.cl\/new\/\"},{\"@type\":\"ListItem\",\"position\":2,\"name\":\"Cooprinsem realiz\u00f3 lanzamiento de su Cat\u00e1logo de Toros de Carne 2018\"}]},{\"@type\":\"WebSite\",\"@id\":\"https:\/\/www.mundoagropecuario.cl\/new\/#website\",\"url\":\"https:\/\/www.mundoagropecuario.cl\/new\/\",\"name\":\"Mundoagropecuario\",\"description\":\"Mundo Agropecuario\",\"publisher\":{\"@id\":\"https:\/\/www.mundoagropecuario.cl\/new\/#organization\"},\"potentialAction\":[{\"@type\":\"SearchAction\",\"target\":{\"@type\":\"EntryPoint\",\"urlTemplate\":\"https:\/\/www.mundoagropecuario.cl\/new\/?s={search_term_string}\"},\"query-input\":{\"@type\":\"PropertyValueSpecification\",\"valueRequired\":true,\"valueName\":\"search_term_string\"}}],\"inLanguage\":\"es\"},{\"@type\":\"Organization\",\"@id\":\"https:\/\/www.mundoagropecuario.cl\/new\/#organization\",\"name\":\"Revista de Agricultura\",\"url\":\"https:\/\/www.mundoagropecuario.cl\/new\/\",\"logo\":{\"@type\":\"ImageObject\",\"inLanguage\":\"es\",\"@id\":\"https:\/\/www.mundoagropecuario.cl\/new\/#\/schema\/logo\/image\/\",\"url\":\"https:\/\/www.mundoagropecuario.cl\/new\/wp-content\/uploads\/2020\/11\/PORTAL-1-1.png\",\"contentUrl\":\"https:\/\/www.mundoagropecuario.cl\/new\/wp-content\/uploads\/2020\/11\/PORTAL-1-1.png\",\"width\":1026,\"height\":100,\"caption\":\"Revista de Agricultura\"},\"image\":{\"@id\":\"https:\/\/www.mundoagropecuario.cl\/new\/#\/schema\/logo\/image\/\"},\"sameAs\":[\"https:\/\/www.facebook.com\/mundo.agropecuario.3\",\"https:\/\/x.com\/MundoAgropecuar\",\"https:\/\/www.linkedin.com\/in\/mundo-agropecuario-934009201\/\"]},{\"@type\":\"Person\",\"@id\":\"https:\/\/www.mundoagropecuario.cl\/new\/#\/schema\/person\/0c221050801c74e45256a7a9a1ff0803\",\"name\":\"periodista\",\"url\":\"https:\/\/www.mundoagropecuario.cl\/new\/author\/periodista\/\"}]}<\/script>\n<!-- \/ Yoast SEO plugin. -->","yoast_head_json":{"title":"Cooprinsem realiz\u00f3 lanzamiento de su Cat\u00e1logo de Toros de Carne 2018 - Mundoagropecuario","robots":{"index":"index","follow":"follow","max-snippet":"max-snippet:-1","max-image-preview":"max-image-preview:large","max-video-preview":"max-video-preview:-1"},"canonical":"https:\/\/www.mundoagropecuario.cl\/new\/cooprinsem-realizo-lanzamiento-de-su-catalogo-de-toros-de-carne-2018\/","og_locale":"es_ES","og_type":"article","og_title":"Cooprinsem realiz\u00f3 lanzamiento de su Cat\u00e1logo de Toros de Carne 2018 - Mundoagropecuario","og_description":"Esta semana en el criadero California, propiedad de Ricardo Hevia Hott, ubicado en la localidad de Osorno, camino a Puerto Octay; Cooprinsem, a trav\u00e9s de su Departamento de Reproducci\u00f3n e...","og_url":"https:\/\/www.mundoagropecuario.cl\/new\/cooprinsem-realizo-lanzamiento-de-su-catalogo-de-toros-de-carne-2018\/","og_site_name":"Mundoagropecuario","article_publisher":"https:\/\/www.facebook.com\/mundo.agropecuario.3","article_published_time":"2018-07-31T13:55:01+00:00","article_modified_time":"2018-08-01T14:17:00+00:00","og_image":[{"width":1000,"height":750,"url":"https:\/\/www.mundoagropecuario.cl\/new\/wp-content\/uploads\/2018\/07\/toros.jpg","type":"image\/jpeg"}],"author":"periodista","twitter_card":"summary_large_image","twitter_creator":"@MundoAgropecuar","twitter_site":"@MundoAgropecuar","twitter_misc":{"Escrito por":"periodista","Tiempo de lectura":"3 minutos"},"schema":{"@context":"https:\/\/schema.org","@graph":[{"@type":"Article","@id":"https:\/\/www.mundoagropecuario.cl\/new\/cooprinsem-realizo-lanzamiento-de-su-catalogo-de-toros-de-carne-2018\/#article","isPartOf":{"@id":"https:\/\/www.mundoagropecuario.cl\/new\/cooprinsem-realizo-lanzamiento-de-su-catalogo-de-toros-de-carne-2018\/"},"author":{"name":"periodista","@id":"https:\/\/www.mundoagropecuario.cl\/new\/#\/schema\/person\/0c221050801c74e45256a7a9a1ff0803"},"headline":"Cooprinsem realiz\u00f3 lanzamiento de su Cat\u00e1logo de Toros de Carne 2018","datePublished":"2018-07-31T13:55:01+00:00","dateModified":"2018-08-01T14:17:00+00:00","mainEntityOfPage":{"@id":"https:\/\/www.mundoagropecuario.cl\/new\/cooprinsem-realizo-lanzamiento-de-su-catalogo-de-toros-de-carne-2018\/"},"wordCount":652,"publisher":{"@id":"https:\/\/www.mundoagropecuario.cl\/new\/#organization"},"image":{"@id":"https:\/\/www.mundoagropecuario.cl\/new\/cooprinsem-realizo-lanzamiento-de-su-catalogo-de-toros-de-carne-2018\/#primaryimage"},"thumbnailUrl":"https:\/\/www.mundoagropecuario.cl\/new\/wp-content\/uploads\/2018\/07\/toros.jpg","keywords":["Cooprinsem","Toros de carne"],"articleSection":["Ganader\u00eda"],"inLanguage":"es"},{"@type":"WebPage","@id":"https:\/\/www.mundoagropecuario.cl\/new\/cooprinsem-realizo-lanzamiento-de-su-catalogo-de-toros-de-carne-2018\/","url":"https:\/\/www.mundoagropecuario.cl\/new\/cooprinsem-realizo-lanzamiento-de-su-catalogo-de-toros-de-carne-2018\/","name":"Cooprinsem realiz\u00f3 lanzamiento de su Cat\u00e1logo de Toros de Carne 2018 - Mundoagropecuario","isPartOf":{"@id":"https:\/\/www.mundoagropecuario.cl\/new\/#website"},"primaryImageOfPage":{"@id":"https:\/\/www.mundoagropecuario.cl\/new\/cooprinsem-realizo-lanzamiento-de-su-catalogo-de-toros-de-carne-2018\/#primaryimage"},"image":{"@id":"https:\/\/www.mundoagropecuario.cl\/new\/cooprinsem-realizo-lanzamiento-de-su-catalogo-de-toros-de-carne-2018\/#primaryimage"},"thumbnailUrl":"https:\/\/www.mundoagropecuario.cl\/new\/wp-content\/uploads\/2018\/07\/toros.jpg","datePublished":"2018-07-31T13:55:01+00:00","dateModified":"2018-08-01T14:17:00+00:00","breadcrumb":{"@id":"https:\/\/www.mundoagropecuario.cl\/new\/cooprinsem-realizo-lanzamiento-de-su-catalogo-de-toros-de-carne-2018\/#breadcrumb"},"inLanguage":"es","potentialAction":[{"@type":"ReadAction","target":["https:\/\/www.mundoagropecuario.cl\/new\/cooprinsem-realizo-lanzamiento-de-su-catalogo-de-toros-de-carne-2018\/"]}]},{"@type":"ImageObject","inLanguage":"es","@id":"https:\/\/www.mundoagropecuario.cl\/new\/cooprinsem-realizo-lanzamiento-de-su-catalogo-de-toros-de-carne-2018\/#primaryimage","url":"https:\/\/www.mundoagropecuario.cl\/new\/wp-content\/uploads\/2018\/07\/toros.jpg","contentUrl":"https:\/\/www.mundoagropecuario.cl\/new\/wp-content\/uploads\/2018\/07\/toros.jpg","width":533,"height":400},{"@type":"BreadcrumbList","@id":"https:\/\/www.mundoagropecuario.cl\/new\/cooprinsem-realizo-lanzamiento-de-su-catalogo-de-toros-de-carne-2018\/#breadcrumb","itemListElement":[{"@type":"ListItem","position":1,"name":"Portada","item":"https:\/\/www.mundoagropecuario.cl\/new\/"},{"@type":"ListItem","position":2,"name":"Cooprinsem realiz\u00f3 lanzamiento de su Cat\u00e1logo de Toros de Carne 2018"}]},{"@type":"WebSite","@id":"https:\/\/www.mundoagropecuario.cl\/new\/#website","url":"https:\/\/www.mundoagropecuario.cl\/new\/","name":"Mundoagropecuario","description":"Mundo Agropecuario","publisher":{"@id":"https:\/\/www.mundoagropecuario.cl\/new\/#organization"},"potentialAction":[{"@type":"SearchAction","target":{"@type":"EntryPoint","urlTemplate":"https:\/\/www.mundoagropecuario.cl\/new\/?s={search_term_string}"},"query-input":{"@type":"PropertyValueSpecification","valueRequired":true,"valueName":"search_term_string"}}],"inLanguage":"es"},{"@type":"Organization","@id":"https:\/\/www.mundoagropecuario.cl\/new\/#organization","name":"Revista de Agricultura","url":"https:\/\/www.mundoagropecuario.cl\/new\/","logo":{"@type":"ImageObject","inLanguage":"es","@id":"https:\/\/www.mundoagropecuario.cl\/new\/#\/schema\/logo\/image\/","url":"https:\/\/www.mundoagropecuario.cl\/new\/wp-content\/uploads\/2020\/11\/PORTAL-1-1.png","contentUrl":"https:\/\/www.mundoagropecuario.cl\/new\/wp-content\/uploads\/2020\/11\/PORTAL-1-1.png","width":1026,"height":100,"caption":"Revista de Agricultura"},"image":{"@id":"https:\/\/www.mundoagropecuario.cl\/new\/#\/schema\/logo\/image\/"},"sameAs":["https:\/\/www.facebook.com\/mundo.agropecuario.3","https:\/\/x.com\/MundoAgropecuar","https:\/\/www.linkedin.com\/in\/mundo-agropecuario-934009201\/"]},{"@type":"Person","@id":"https:\/\/www.mundoagropecuario.cl\/new\/#\/schema\/person\/0c221050801c74e45256a7a9a1ff0803","name":"periodista","url":"https:\/\/www.mundoagropecuario.cl\/new\/author\/periodista\/"}]}},"_links":{"self":[{"href":"https:\/\/www.mundoagropecuario.cl\/new\/wp-json\/wp\/v2\/posts\/7879","targetHints":{"allow":["GET"]}}],"collection":[{"href":"https:\/\/www.mundoagropecuario.cl\/new\/wp-json\/wp\/v2\/posts"}],"about":[{"href":"https:\/\/www.mundoagropecuario.cl\/new\/wp-json\/wp\/v2\/types\/post"}],"author":[{"embeddable":true,"href":"https:\/\/www.mundoagropecuario.cl\/new\/wp-json\/wp\/v2\/users\/3"}],"replies":[{"embeddable":true,"href":"https:\/\/www.mundoagropecuario.cl\/new\/wp-json\/wp\/v2\/comments?post=7879"}],"version-history":[{"count":5,"href":"https:\/\/www.mundoagropecuario.cl\/new\/wp-json\/wp\/v2\/posts\/7879\/revisions"}],"predecessor-version":[{"id":7897,"href":"https:\/\/www.mundoagropecuario.cl\/new\/wp-json\/wp\/v2\/posts\/7879\/revisions\/7897"}],"wp:featuredmedia":[{"embeddable":true,"href":"https:\/\/www.mundoagropecuario.cl\/new\/wp-json\/wp\/v2\/media\/7880"}],"wp:attachment":[{"href":"https:\/\/www.mundoagropecuario.cl\/new\/wp-json\/wp\/v2\/media?parent=7879"}],"wp:term":[{"taxonomy":"category","embeddable":true,"href":"https:\/\/www.mundoagropecuario.cl\/new\/wp-json\/wp\/v2\/categories?post=7879"},{"taxonomy":"post_tag","embeddable":true,"href":"https:\/\/www.mundoagropecuario.cl\/new\/wp-json\/wp\/v2\/tags?post=7879"}],"curies":[{"name":"wp","href":"https:\/\/api.w.org\/{rel}","templated":true}]}}