{"id":7854,"date":"2018-07-30T10:37:44","date_gmt":"2018-07-30T13:37:44","guid":{"rendered":"http:\/\/www.mundoagropecuario.cl\/new\/?p=7854"},"modified":"2018-07-30T10:37:44","modified_gmt":"2018-07-30T13:37:44","slug":"minsal-decreto-alerta-alimentaria-por-presencia-de-moho-en-formula-nan-prematuros-de-nestle","status":"publish","type":"post","link":"https:\/\/www.mundoagropecuario.cl\/new\/minsal-decreto-alerta-alimentaria-por-presencia-de-moho-en-formula-nan-prematuros-de-nestle\/","title":{"rendered":"Minsal decret\u00f3 Alerta Alimentaria por presencia de moho en f\u00f3rmula NAN Prematuros de Nestl\u00e9"},"content":{"rendered":"<blockquote><p><em>Los productos son distribuidos a trav\u00e9s de los establecimientos de atenci\u00f3n primaria de salud (APS) de todo el pa\u00eds. (Mundo Agropecuario).<\/em><\/p><\/blockquote>\n<p>El Ministerio de Salud inform\u00f3 el viernes 27 de julio que tras una investigaci\u00f3n en la que se analizaron siete unidades del producto Nan Prematuros (tambi\u00e9n conocido como PreNan, de Nestl\u00e9), se detect\u00f3 la presencia de moho fuera de los rangos tolerables, por lo cual se decret\u00f3 Alerta Alimentaria Nacional en 10.092 productos del Programa de Alimentaci\u00f3n Complementaria (PNAC) del Ministerio de Salud.<\/p>\n<p>El PNAC considera un Subprograma Prematuros Extremos. Uno de los productos entregados es la f\u00f3rmula l\u00e1ctea PreNan. Los productos son distribuidos a trav\u00e9s de los establecimientos de atenci\u00f3n primaria de salud (APS) de todo el pa\u00eds.<\/p>\n<p>Los productos afectados, que pertenecen al lote L80190346AH, fueron distribuidos entre mayo (9.864) y junio (228) del a\u00f1o en curso. El Ministerio de Salud se encuentra recabando la informaci\u00f3n con respecto a unidades comercializadas por otros canales como farmacias, supermercados, hospitales y cl\u00ednicas, entre otros.<\/p>\n<p>La Subsecretaria de Salud, Paula Daza, explic\u00f3 que \u201cesta es una medida preventiva para resguardar a nuestros ni\u00f1os. En poblaciones especialmente vulnerables, como es el caso de los lactantes prematuros, ciertos hongos fuera de los rangos establecidos podr\u00edan causar problemas en la salud\u201d.<\/p>\n<p>El Ministerio de Salud aclara que esta Alerta Alimentaria es una medida precautoria, ya que hasta ahora no hay casos cl\u00ednicos asociados y las muestras analizadas fueron enviadas al Instituto de Salud P\u00fablica (ISP) para la determinaci\u00f3n de la especie de moho encontrado.<\/p>\n<p>Como primera medida, se determin\u00f3 el bloqueo completo del lote en todo el pa\u00eds y ya se instruy\u00f3 a las encargadas de Programas Alimentarios de las Seremis a que se realice la recuperaci\u00f3n de los lotes afectados en poder de los beneficiarios, reponi\u00e9ndose con lotes liberados.<\/p>\n<p>El Ministerio de Salud se encuentra en coordinaci\u00f3n con todas las instituciones que hayan recibido productos de estos lotes, con el fin de proceder al bloqueo de estos productos para evitar que lleguen a los usuarios.<\/p>\n<p>El Minsal tom\u00f3 contact\u00f3 con Nestl\u00e9, quien ya inici\u00f3 la trazabilidad de los productos y determinaci\u00f3n de pasos a seguir para la seguridad de la poblaci\u00f3n.<\/p>\n<p>Por tanto, se hace un llamado a la poblaci\u00f3n que tenga en su poder alg\u00fan producto que forme parte de los lotes afectados, a dejar inmediatamente de consumirlos. Si son beneficiarios del programa PNAC deben acercarse al Cesfam correspondiente para hacer entrega del producto perteneciente al mencionado lote y recibir una unidad no afectada.<\/p>\n","protected":false},"excerpt":{"rendered":"<p>Los productos son distribuidos a trav\u00e9s de los establecimientos de atenci\u00f3n primaria de salud (APS) de todo el pa\u00eds. (Mundo Agropecuario). El Ministerio de Salud inform\u00f3 el viernes 27 de&#8230;<\/p>\n","protected":false},"author":3,"featured_media":7855,"comment_status":"closed","ping_status":"closed","sticky":false,"template":"","format":"standard","meta":{"footnotes":""},"categories":[404],"tags":[2256],"class_list":["post-7854","post","type-post","status-publish","format-standard","has-post-thumbnail","hentry","category-titular-2","tag-nan"],"yoast_head":"<!-- This site is optimized with the Yoast SEO plugin v26.6 - https:\/\/yoast.com\/wordpress\/plugins\/seo\/ -->\n<title>Minsal decret\u00f3 Alerta Alimentaria por presencia de moho en f\u00f3rmula NAN Prematuros de Nestl\u00e9 - Mundoagropecuario<\/title>\n<meta name=\"robots\" content=\"index, follow, max-snippet:-1, max-image-preview:large, max-video-preview:-1\" \/>\n<link rel=\"canonical\" href=\"https:\/\/www.mundoagropecuario.cl\/new\/minsal-decreto-alerta-alimentaria-por-presencia-de-moho-en-formula-nan-prematuros-de-nestle\/\" \/>\n<meta property=\"og:locale\" content=\"es_ES\" \/>\n<meta property=\"og:type\" content=\"article\" \/>\n<meta property=\"og:title\" content=\"Minsal decret\u00f3 Alerta Alimentaria por presencia de moho en f\u00f3rmula NAN Prematuros de Nestl\u00e9 - Mundoagropecuario\" \/>\n<meta property=\"og:description\" content=\"Los productos son distribuidos a trav\u00e9s de los establecimientos de atenci\u00f3n primaria de salud (APS) de todo el pa\u00eds. (Mundo Agropecuario). El Ministerio de Salud inform\u00f3 el viernes 27 de...\" \/>\n<meta property=\"og:url\" content=\"https:\/\/www.mundoagropecuario.cl\/new\/minsal-decreto-alerta-alimentaria-por-presencia-de-moho-en-formula-nan-prematuros-de-nestle\/\" \/>\n<meta property=\"og:site_name\" content=\"Mundoagropecuario\" \/>\n<meta property=\"article:publisher\" content=\"https:\/\/www.facebook.com\/mundo.agropecuario.3\" \/>\n<meta property=\"article:published_time\" content=\"2018-07-30T13:37:44+00:00\" \/>\n<meta property=\"og:image\" content=\"https:\/\/www.mundoagropecuario.cl\/new\/wp-content\/uploads\/2018\/07\/nan.jpg\" \/>\n\t<meta property=\"og:image:width\" content=\"1024\" \/>\n\t<meta property=\"og:image:height\" content=\"1024\" \/>\n\t<meta property=\"og:image:type\" content=\"image\/jpeg\" \/>\n<meta name=\"author\" content=\"periodista\" \/>\n<meta name=\"twitter:card\" content=\"summary_large_image\" \/>\n<meta name=\"twitter:creator\" content=\"@MundoAgropecuar\" \/>\n<meta name=\"twitter:site\" content=\"@MundoAgropecuar\" \/>\n<meta name=\"twitter:label1\" content=\"Escrito por\" \/>\n\t<meta name=\"twitter:data1\" content=\"periodista\" \/>\n\t<meta name=\"twitter:label2\" content=\"Tiempo de lectura\" \/>\n\t<meta name=\"twitter:data2\" content=\"2 minutos\" \/>\n<script type=\"application\/ld+json\" class=\"yoast-schema-graph\">{\"@context\":\"https:\/\/schema.org\",\"@graph\":[{\"@type\":\"Article\",\"@id\":\"https:\/\/www.mundoagropecuario.cl\/new\/minsal-decreto-alerta-alimentaria-por-presencia-de-moho-en-formula-nan-prematuros-de-nestle\/#article\",\"isPartOf\":{\"@id\":\"https:\/\/www.mundoagropecuario.cl\/new\/minsal-decreto-alerta-alimentaria-por-presencia-de-moho-en-formula-nan-prematuros-de-nestle\/\"},\"author\":{\"name\":\"periodista\",\"@id\":\"https:\/\/www.mundoagropecuario.cl\/new\/#\/schema\/person\/0c221050801c74e45256a7a9a1ff0803\"},\"headline\":\"Minsal decret\u00f3 Alerta Alimentaria por presencia de moho en f\u00f3rmula NAN Prematuros de Nestl\u00e9\",\"datePublished\":\"2018-07-30T13:37:44+00:00\",\"mainEntityOfPage\":{\"@id\":\"https:\/\/www.mundoagropecuario.cl\/new\/minsal-decreto-alerta-alimentaria-por-presencia-de-moho-en-formula-nan-prematuros-de-nestle\/\"},\"wordCount\":452,\"publisher\":{\"@id\":\"https:\/\/www.mundoagropecuario.cl\/new\/#organization\"},\"image\":{\"@id\":\"https:\/\/www.mundoagropecuario.cl\/new\/minsal-decreto-alerta-alimentaria-por-presencia-de-moho-en-formula-nan-prematuros-de-nestle\/#primaryimage\"},\"thumbnailUrl\":\"https:\/\/www.mundoagropecuario.cl\/new\/wp-content\/uploads\/2018\/07\/nan.jpg\",\"keywords\":[\"NAN\"],\"articleSection\":[\"Titular 2\"],\"inLanguage\":\"es\"},{\"@type\":\"WebPage\",\"@id\":\"https:\/\/www.mundoagropecuario.cl\/new\/minsal-decreto-alerta-alimentaria-por-presencia-de-moho-en-formula-nan-prematuros-de-nestle\/\",\"url\":\"https:\/\/www.mundoagropecuario.cl\/new\/minsal-decreto-alerta-alimentaria-por-presencia-de-moho-en-formula-nan-prematuros-de-nestle\/\",\"name\":\"Minsal decret\u00f3 Alerta Alimentaria por presencia de moho en f\u00f3rmula NAN Prematuros de Nestl\u00e9 - Mundoagropecuario\",\"isPartOf\":{\"@id\":\"https:\/\/www.mundoagropecuario.cl\/new\/#website\"},\"primaryImageOfPage\":{\"@id\":\"https:\/\/www.mundoagropecuario.cl\/new\/minsal-decreto-alerta-alimentaria-por-presencia-de-moho-en-formula-nan-prematuros-de-nestle\/#primaryimage\"},\"image\":{\"@id\":\"https:\/\/www.mundoagropecuario.cl\/new\/minsal-decreto-alerta-alimentaria-por-presencia-de-moho-en-formula-nan-prematuros-de-nestle\/#primaryimage\"},\"thumbnailUrl\":\"https:\/\/www.mundoagropecuario.cl\/new\/wp-content\/uploads\/2018\/07\/nan.jpg\",\"datePublished\":\"2018-07-30T13:37:44+00:00\",\"breadcrumb\":{\"@id\":\"https:\/\/www.mundoagropecuario.cl\/new\/minsal-decreto-alerta-alimentaria-por-presencia-de-moho-en-formula-nan-prematuros-de-nestle\/#breadcrumb\"},\"inLanguage\":\"es\",\"potentialAction\":[{\"@type\":\"ReadAction\",\"target\":[\"https:\/\/www.mundoagropecuario.cl\/new\/minsal-decreto-alerta-alimentaria-por-presencia-de-moho-en-formula-nan-prematuros-de-nestle\/\"]}]},{\"@type\":\"ImageObject\",\"inLanguage\":\"es\",\"@id\":\"https:\/\/www.mundoagropecuario.cl\/new\/minsal-decreto-alerta-alimentaria-por-presencia-de-moho-en-formula-nan-prematuros-de-nestle\/#primaryimage\",\"url\":\"https:\/\/www.mundoagropecuario.cl\/new\/wp-content\/uploads\/2018\/07\/nan.jpg\",\"contentUrl\":\"https:\/\/www.mundoagropecuario.cl\/new\/wp-content\/uploads\/2018\/07\/nan.jpg\",\"width\":400,\"height\":400},{\"@type\":\"BreadcrumbList\",\"@id\":\"https:\/\/www.mundoagropecuario.cl\/new\/minsal-decreto-alerta-alimentaria-por-presencia-de-moho-en-formula-nan-prematuros-de-nestle\/#breadcrumb\",\"itemListElement\":[{\"@type\":\"ListItem\",\"position\":1,\"name\":\"Portada\",\"item\":\"https:\/\/www.mundoagropecuario.cl\/new\/\"},{\"@type\":\"ListItem\",\"position\":2,\"name\":\"Minsal decret\u00f3 Alerta Alimentaria por presencia de moho en f\u00f3rmula NAN Prematuros de Nestl\u00e9\"}]},{\"@type\":\"WebSite\",\"@id\":\"https:\/\/www.mundoagropecuario.cl\/new\/#website\",\"url\":\"https:\/\/www.mundoagropecuario.cl\/new\/\",\"name\":\"Mundoagropecuario\",\"description\":\"Mundo Agropecuario\",\"publisher\":{\"@id\":\"https:\/\/www.mundoagropecuario.cl\/new\/#organization\"},\"potentialAction\":[{\"@type\":\"SearchAction\",\"target\":{\"@type\":\"EntryPoint\",\"urlTemplate\":\"https:\/\/www.mundoagropecuario.cl\/new\/?s={search_term_string}\"},\"query-input\":{\"@type\":\"PropertyValueSpecification\",\"valueRequired\":true,\"valueName\":\"search_term_string\"}}],\"inLanguage\":\"es\"},{\"@type\":\"Organization\",\"@id\":\"https:\/\/www.mundoagropecuario.cl\/new\/#organization\",\"name\":\"Revista de Agricultura\",\"url\":\"https:\/\/www.mundoagropecuario.cl\/new\/\",\"logo\":{\"@type\":\"ImageObject\",\"inLanguage\":\"es\",\"@id\":\"https:\/\/www.mundoagropecuario.cl\/new\/#\/schema\/logo\/image\/\",\"url\":\"https:\/\/www.mundoagropecuario.cl\/new\/wp-content\/uploads\/2020\/11\/PORTAL-1-1.png\",\"contentUrl\":\"https:\/\/www.mundoagropecuario.cl\/new\/wp-content\/uploads\/2020\/11\/PORTAL-1-1.png\",\"width\":1026,\"height\":100,\"caption\":\"Revista de Agricultura\"},\"image\":{\"@id\":\"https:\/\/www.mundoagropecuario.cl\/new\/#\/schema\/logo\/image\/\"},\"sameAs\":[\"https:\/\/www.facebook.com\/mundo.agropecuario.3\",\"https:\/\/x.com\/MundoAgropecuar\",\"https:\/\/www.linkedin.com\/in\/mundo-agropecuario-934009201\/\"]},{\"@type\":\"Person\",\"@id\":\"https:\/\/www.mundoagropecuario.cl\/new\/#\/schema\/person\/0c221050801c74e45256a7a9a1ff0803\",\"name\":\"periodista\",\"url\":\"https:\/\/www.mundoagropecuario.cl\/new\/author\/periodista\/\"}]}<\/script>\n<!-- \/ Yoast SEO plugin. -->","yoast_head_json":{"title":"Minsal decret\u00f3 Alerta Alimentaria por presencia de moho en f\u00f3rmula NAN Prematuros de Nestl\u00e9 - Mundoagropecuario","robots":{"index":"index","follow":"follow","max-snippet":"max-snippet:-1","max-image-preview":"max-image-preview:large","max-video-preview":"max-video-preview:-1"},"canonical":"https:\/\/www.mundoagropecuario.cl\/new\/minsal-decreto-alerta-alimentaria-por-presencia-de-moho-en-formula-nan-prematuros-de-nestle\/","og_locale":"es_ES","og_type":"article","og_title":"Minsal decret\u00f3 Alerta Alimentaria por presencia de moho en f\u00f3rmula NAN Prematuros de Nestl\u00e9 - Mundoagropecuario","og_description":"Los productos son distribuidos a trav\u00e9s de los establecimientos de atenci\u00f3n primaria de salud (APS) de todo el pa\u00eds. (Mundo Agropecuario). El Ministerio de Salud inform\u00f3 el viernes 27 de...","og_url":"https:\/\/www.mundoagropecuario.cl\/new\/minsal-decreto-alerta-alimentaria-por-presencia-de-moho-en-formula-nan-prematuros-de-nestle\/","og_site_name":"Mundoagropecuario","article_publisher":"https:\/\/www.facebook.com\/mundo.agropecuario.3","article_published_time":"2018-07-30T13:37:44+00:00","og_image":[{"width":1024,"height":1024,"url":"https:\/\/www.mundoagropecuario.cl\/new\/wp-content\/uploads\/2018\/07\/nan.jpg","type":"image\/jpeg"}],"author":"periodista","twitter_card":"summary_large_image","twitter_creator":"@MundoAgropecuar","twitter_site":"@MundoAgropecuar","twitter_misc":{"Escrito por":"periodista","Tiempo de lectura":"2 minutos"},"schema":{"@context":"https:\/\/schema.org","@graph":[{"@type":"Article","@id":"https:\/\/www.mundoagropecuario.cl\/new\/minsal-decreto-alerta-alimentaria-por-presencia-de-moho-en-formula-nan-prematuros-de-nestle\/#article","isPartOf":{"@id":"https:\/\/www.mundoagropecuario.cl\/new\/minsal-decreto-alerta-alimentaria-por-presencia-de-moho-en-formula-nan-prematuros-de-nestle\/"},"author":{"name":"periodista","@id":"https:\/\/www.mundoagropecuario.cl\/new\/#\/schema\/person\/0c221050801c74e45256a7a9a1ff0803"},"headline":"Minsal decret\u00f3 Alerta Alimentaria por presencia de moho en f\u00f3rmula NAN Prematuros de Nestl\u00e9","datePublished":"2018-07-30T13:37:44+00:00","mainEntityOfPage":{"@id":"https:\/\/www.mundoagropecuario.cl\/new\/minsal-decreto-alerta-alimentaria-por-presencia-de-moho-en-formula-nan-prematuros-de-nestle\/"},"wordCount":452,"publisher":{"@id":"https:\/\/www.mundoagropecuario.cl\/new\/#organization"},"image":{"@id":"https:\/\/www.mundoagropecuario.cl\/new\/minsal-decreto-alerta-alimentaria-por-presencia-de-moho-en-formula-nan-prematuros-de-nestle\/#primaryimage"},"thumbnailUrl":"https:\/\/www.mundoagropecuario.cl\/new\/wp-content\/uploads\/2018\/07\/nan.jpg","keywords":["NAN"],"articleSection":["Titular 2"],"inLanguage":"es"},{"@type":"WebPage","@id":"https:\/\/www.mundoagropecuario.cl\/new\/minsal-decreto-alerta-alimentaria-por-presencia-de-moho-en-formula-nan-prematuros-de-nestle\/","url":"https:\/\/www.mundoagropecuario.cl\/new\/minsal-decreto-alerta-alimentaria-por-presencia-de-moho-en-formula-nan-prematuros-de-nestle\/","name":"Minsal decret\u00f3 Alerta Alimentaria por presencia de moho en f\u00f3rmula NAN Prematuros de Nestl\u00e9 - Mundoagropecuario","isPartOf":{"@id":"https:\/\/www.mundoagropecuario.cl\/new\/#website"},"primaryImageOfPage":{"@id":"https:\/\/www.mundoagropecuario.cl\/new\/minsal-decreto-alerta-alimentaria-por-presencia-de-moho-en-formula-nan-prematuros-de-nestle\/#primaryimage"},"image":{"@id":"https:\/\/www.mundoagropecuario.cl\/new\/minsal-decreto-alerta-alimentaria-por-presencia-de-moho-en-formula-nan-prematuros-de-nestle\/#primaryimage"},"thumbnailUrl":"https:\/\/www.mundoagropecuario.cl\/new\/wp-content\/uploads\/2018\/07\/nan.jpg","datePublished":"2018-07-30T13:37:44+00:00","breadcrumb":{"@id":"https:\/\/www.mundoagropecuario.cl\/new\/minsal-decreto-alerta-alimentaria-por-presencia-de-moho-en-formula-nan-prematuros-de-nestle\/#breadcrumb"},"inLanguage":"es","potentialAction":[{"@type":"ReadAction","target":["https:\/\/www.mundoagropecuario.cl\/new\/minsal-decreto-alerta-alimentaria-por-presencia-de-moho-en-formula-nan-prematuros-de-nestle\/"]}]},{"@type":"ImageObject","inLanguage":"es","@id":"https:\/\/www.mundoagropecuario.cl\/new\/minsal-decreto-alerta-alimentaria-por-presencia-de-moho-en-formula-nan-prematuros-de-nestle\/#primaryimage","url":"https:\/\/www.mundoagropecuario.cl\/new\/wp-content\/uploads\/2018\/07\/nan.jpg","contentUrl":"https:\/\/www.mundoagropecuario.cl\/new\/wp-content\/uploads\/2018\/07\/nan.jpg","width":400,"height":400},{"@type":"BreadcrumbList","@id":"https:\/\/www.mundoagropecuario.cl\/new\/minsal-decreto-alerta-alimentaria-por-presencia-de-moho-en-formula-nan-prematuros-de-nestle\/#breadcrumb","itemListElement":[{"@type":"ListItem","position":1,"name":"Portada","item":"https:\/\/www.mundoagropecuario.cl\/new\/"},{"@type":"ListItem","position":2,"name":"Minsal decret\u00f3 Alerta Alimentaria por presencia de moho en f\u00f3rmula NAN Prematuros de Nestl\u00e9"}]},{"@type":"WebSite","@id":"https:\/\/www.mundoagropecuario.cl\/new\/#website","url":"https:\/\/www.mundoagropecuario.cl\/new\/","name":"Mundoagropecuario","description":"Mundo Agropecuario","publisher":{"@id":"https:\/\/www.mundoagropecuario.cl\/new\/#organization"},"potentialAction":[{"@type":"SearchAction","target":{"@type":"EntryPoint","urlTemplate":"https:\/\/www.mundoagropecuario.cl\/new\/?s={search_term_string}"},"query-input":{"@type":"PropertyValueSpecification","valueRequired":true,"valueName":"search_term_string"}}],"inLanguage":"es"},{"@type":"Organization","@id":"https:\/\/www.mundoagropecuario.cl\/new\/#organization","name":"Revista de Agricultura","url":"https:\/\/www.mundoagropecuario.cl\/new\/","logo":{"@type":"ImageObject","inLanguage":"es","@id":"https:\/\/www.mundoagropecuario.cl\/new\/#\/schema\/logo\/image\/","url":"https:\/\/www.mundoagropecuario.cl\/new\/wp-content\/uploads\/2020\/11\/PORTAL-1-1.png","contentUrl":"https:\/\/www.mundoagropecuario.cl\/new\/wp-content\/uploads\/2020\/11\/PORTAL-1-1.png","width":1026,"height":100,"caption":"Revista de Agricultura"},"image":{"@id":"https:\/\/www.mundoagropecuario.cl\/new\/#\/schema\/logo\/image\/"},"sameAs":["https:\/\/www.facebook.com\/mundo.agropecuario.3","https:\/\/x.com\/MundoAgropecuar","https:\/\/www.linkedin.com\/in\/mundo-agropecuario-934009201\/"]},{"@type":"Person","@id":"https:\/\/www.mundoagropecuario.cl\/new\/#\/schema\/person\/0c221050801c74e45256a7a9a1ff0803","name":"periodista","url":"https:\/\/www.mundoagropecuario.cl\/new\/author\/periodista\/"}]}},"_links":{"self":[{"href":"https:\/\/www.mundoagropecuario.cl\/new\/wp-json\/wp\/v2\/posts\/7854","targetHints":{"allow":["GET"]}}],"collection":[{"href":"https:\/\/www.mundoagropecuario.cl\/new\/wp-json\/wp\/v2\/posts"}],"about":[{"href":"https:\/\/www.mundoagropecuario.cl\/new\/wp-json\/wp\/v2\/types\/post"}],"author":[{"embeddable":true,"href":"https:\/\/www.mundoagropecuario.cl\/new\/wp-json\/wp\/v2\/users\/3"}],"replies":[{"embeddable":true,"href":"https:\/\/www.mundoagropecuario.cl\/new\/wp-json\/wp\/v2\/comments?post=7854"}],"version-history":[{"count":1,"href":"https:\/\/www.mundoagropecuario.cl\/new\/wp-json\/wp\/v2\/posts\/7854\/revisions"}],"predecessor-version":[{"id":7856,"href":"https:\/\/www.mundoagropecuario.cl\/new\/wp-json\/wp\/v2\/posts\/7854\/revisions\/7856"}],"wp:featuredmedia":[{"embeddable":true,"href":"https:\/\/www.mundoagropecuario.cl\/new\/wp-json\/wp\/v2\/media\/7855"}],"wp:attachment":[{"href":"https:\/\/www.mundoagropecuario.cl\/new\/wp-json\/wp\/v2\/media?parent=7854"}],"wp:term":[{"taxonomy":"category","embeddable":true,"href":"https:\/\/www.mundoagropecuario.cl\/new\/wp-json\/wp\/v2\/categories?post=7854"},{"taxonomy":"post_tag","embeddable":true,"href":"https:\/\/www.mundoagropecuario.cl\/new\/wp-json\/wp\/v2\/tags?post=7854"}],"curies":[{"name":"wp","href":"https:\/\/api.w.org\/{rel}","templated":true}]}}