{"id":7851,"date":"2018-07-30T10:30:36","date_gmt":"2018-07-30T13:30:36","guid":{"rendered":"http:\/\/www.mundoagropecuario.cl\/new\/?p=7851"},"modified":"2018-07-31T13:28:37","modified_gmt":"2018-07-31T16:28:37","slug":"watts-arremete-contra-colun-y-estima-que-el-fisco-deja-de-percibir-15-mil-millones-en-tributos","status":"publish","type":"post","link":"https:\/\/www.mundoagropecuario.cl\/new\/watts-arremete-contra-colun-y-estima-que-el-fisco-deja-de-percibir-15-mil-millones-en-tributos\/","title":{"rendered":"Watt&#8217;s arremete contra Colun y estima que el fisco deja de percibir $15 mil millones en tributos"},"content":{"rendered":"<blockquote><p><em>El gerente general de la empresa afirma que la productora de leche de La Uni\u00f3n termin\u00f3 siendo &#8220;un gran negocio para unos pocos&#8221;. Sostiene que solo hay una &#8220;aparente&#8221; asociatividad, acusa a la firma de abusar de sus atribuciones y alega que esto ha generado serias distorsiones en la industria l\u00e1ctea. (El Mercurio).<\/em><\/p><\/blockquote>\n<p>Aberrante. Ese es el calificativo con el que el gerente general de Watt&#8217;s, Rodolfo V\u00e9liz, eval\u00faa la situaci\u00f3n de la industria l\u00e1ctea. La compa\u00f1\u00eda ligada a la familia Larra\u00edn -que opera en ese sector a trav\u00e9s de Loncoleche, Calo y Danone, que representan en torno al 50% de las ventas de Watt&#8217;s- arremeti\u00f3 contra las &#8220;ventajas&#8221; que a su juicio tiene la cooperativa Colun.<\/p>\n<p>En entrevista con <em>&#8220;El Mercurio&#8221;<\/em>, V\u00e9liz sostuvo que existe competencia desleal en la industria l\u00e1ctea originada por el &#8220;uso y abuso de una ventaja tributaria que no se justifica y que, en el Chile de hoy, resulta aberrante&#8221;. Subray\u00f3 que la firma no es una asociaci\u00f3n de peque\u00f1os agricultores.<\/p>\n<p>&#8220;Es una de las 10 empresas de alimentos m\u00e1s grandes de Chile, que vende m\u00e1s de US$ 600 millones al a\u00f1o y que tiene utilidades de US$ 80 millones. Cuando el legislador cre\u00f3 las cooperativas no estaba pensando en un modelo como el de Colun&#8221;, dispar\u00f3 V\u00e9liz.<\/p>\n<p>Pese a lo anterior, el Gobierno ha manifestado en reiteradas ocasiones su apoyo a Colun y a la asociatividad. Ante ello, el ejecutivo sostuvo que &#8220;no estamos en contra de la asociatividad, sino contra el abuso que algunos hacen con ellas&#8221;. Como ejemplo, aleg\u00f3 que en Colun &#8220;el 7% de los cooperados concentra m\u00e1s de la mitad de las utilidades. De hecho, estos no son m\u00e1s de 50 personas que, en promedio, ganan m\u00e1s de $500 millones al a\u00f1o sin pagar impuestos. Termin\u00f3 siendo un gran negocio para unos pocos&#8221;. V\u00e9liz agreg\u00f3 que esta situaci\u00f3n es injusta para los agricultores.<\/p>\n<p>&#8220;En el sur hay alrededor de cinco mil productores de leche, y solo 700 de ellos pueden acceder a estos beneficios tributarios&#8221;, dijo. &#8220;No se trata de productores peque\u00f1os, sino de agricultores muy grandes y con muchos recursos, que se han beneficiado con unas ventajas tributarias que no se justifican&#8221;, remarc\u00f3.<\/p>\n<p>Respecto a la producci\u00f3n l\u00e1ctea, indic\u00f3 que &#8220;desde 2004, al menos, la producci\u00f3n de leche en Chile ha crecido en l\u00ednea con la tasa de crecimiento del pa\u00eds. No estamos en una crisis l\u00e1ctea&#8221;. Manifest\u00f3, eso s\u00ed, que &#8220;ha habido alguna concentraci\u00f3n y han desaparecido productores que son ineficientes. Pero eso ha pasado en todo \u00e1mbito econ\u00f3mico&#8221;.<\/p>\n<p>Respecto al aumento de las importaciones, dijo que &#8220;el precio interno que se ha estado pagando es m\u00e1s alto que el costo de importar algunos productos. Pero, al final del d\u00eda, es marginal con la leche que se compra internamente. Adem\u00e1s, con la baja del precio internacional y la baja del d\u00f3lar, ha costado m\u00e1s exportar&#8221;.<\/p>\n<p>A su vez, expres\u00f3 su preocupaci\u00f3n sobre las salvaguardias a la leche en polvo y queso importados solicitadas por Fedeleche. &#8220;Uno sabe d\u00f3nde empiezan estas cosas, pero no sabe d\u00f3nde terminan. A m\u00ed me interesa exportar leche. Si aplicamos salvaguardias, no s\u00e9 si terminaremos con impuestos m\u00e1s altos para nuestras exportaciones. No podemos mirar solo una cara de la moneda&#8221;, asegur\u00f3 V\u00e9liz.<\/p>\n<p><strong>Beneficios en la mira<\/strong><\/p>\n<p>El ejecutivo puso en tela de juicio las ventajas de las cooperativas, las que no pagan impuestos por sus ganancias, lo que se extiende a sus socios o cooperados. &#8220;Tampoco pagan impuestos de timbres y estampillas, y solo pagan la mitad del impuesto territorial, patentes o contribuciones a favor del fisco y las municipalidades. Cuando se discute sobre la equidad tributaria es importante preguntarse sobre la equidad de estos privilegios&#8221;, plante\u00f3.<\/p>\n<p>Apunt\u00f3 que &#8220;las empresas han visto un aumento de sus impuestos, que desde 2010 subieron de 17% a 27%. Pero algunos eluden esta carga, justific\u00e1ndose detr\u00e1s de una aparente asociatividad&#8221;.<\/p>\n<p>Otro aspecto que cuestion\u00f3 V\u00e9liz sobre Colun es la publicidad de su informaci\u00f3n. &#8220;Pese a la opacidad y secretismo de los datos, cuesti\u00f3n que es inadmisible si sumamos la cantidad de privilegios que tienen, estimamos que lo que deja de percibir el fisco es del orden de $15 mil millones en tributos al a\u00f1o. Es una cifra similar a lo que se recauda en impuestos por la actual Ley de Pesca&#8221;, advirti\u00f3.<\/p>\n<p>V\u00e9liz a\u00f1adi\u00f3 que esto causa una distorsi\u00f3n en el mercado l\u00e1cteo y vulnera la libre competencia. &#8220;Pierde la industria, pierde el libre mercado y tambi\u00e9n pierde el Estado&#8221;, recalc\u00f3 el principal ejecutivo de Watt&#8217;s. Tambi\u00e9n argument\u00f3 que &#8220;esta distorsi\u00f3n de mercado es la que explica que, en menos de 10 a\u00f1os, Colun haya pasado de ser la n\u00famero tres o cuatro del mercado a ser la n\u00famero uno en captaci\u00f3n de leche&#8221;.<\/p>\n<p>Consultado sobre el desarrollo que ha realizado Colun en la regi\u00f3n de Los R\u00edos, V\u00e9liz subray\u00f3 que &#8220;Colun no es, ni siquiera, la empresa que tiene m\u00e1s productores de leche. Nestl\u00e9 tiene m\u00e1s que Colun. No se puede atribuir que el estancamiento, decrecimiento o crecimiento de la leche sea atribuible a una empresa. \u00bfQu\u00e9 hubiera pasado con los otros 4.300 productores si hubieran tenido los mismos beneficios que aquellos de Colun?&#8221;. El gerente destac\u00f3 que su m\u00e9rito es haber sobrevivido, pese a no tener esos beneficios.<\/p>\n<p><strong>\u00bfMotivo de discusi\u00f3n?<\/strong><\/p>\n<p>Consultado sobre la posibilidad de demandar a Colun por una supuesta competencia desleal, Rodolfo V\u00e9liz dijo que la forma ideal de abordar este tema de supuesta inequidad tributaria es discutirlo en las modificaciones que busca introducir el Gobierno.<\/p>\n<p>&#8220;S\u00e9 que este tema fue discutido internamente en la primera reforma tributaria del Presidente Pi\u00f1era y tambi\u00e9n en la aprobada en el segundo Gobierno de la ex Presidenta Bachelet. Sin embargo, todo qued\u00f3 guardado en un caj\u00f3n. Esperamos que esta vez s\u00ed haya un debate serio sobre la igualdad y equidad tributarias&#8221;, subray\u00f3.<\/p>\n<p>A su vez, expuso que las autoridades advirtieron la existencia de una situaci\u00f3n fiscal estrecha, raz\u00f3n por la cual el Presidente Pi\u00f1era resolvi\u00f3 no bajar el impuesto a las empresas. &#8220;\u00bfNo ser\u00e1 tiempo de revisar estas exenciones y nivelar la cancha?&#8221;, pregunt\u00f3.<\/p>\n","protected":false},"excerpt":{"rendered":"<p>El gerente general de la empresa afirma que la productora de leche de La Uni\u00f3n termin\u00f3 siendo &#8220;un gran negocio para unos pocos&#8221;. Sostiene que solo hay una &#8220;aparente&#8221; asociatividad,&#8230;<\/p>\n","protected":false},"author":3,"featured_media":7852,"comment_status":"closed","ping_status":"closed","sticky":false,"template":"","format":"standard","meta":{"footnotes":""},"categories":[1950],"tags":[2034,2255,2085],"class_list":["post-7851","post","type-post","status-publish","format-standard","has-post-thumbnail","hentry","category-empresa","tag-colun","tag-rodolfo-veliz","tag-watts"],"yoast_head":"<!-- This site is optimized with the Yoast SEO plugin v26.6 - https:\/\/yoast.com\/wordpress\/plugins\/seo\/ -->\n<title>Watt&#039;s arremete contra Colun y estima que el fisco deja de percibir $15 mil millones en tributos - Mundoagropecuario<\/title>\n<meta name=\"robots\" content=\"index, follow, max-snippet:-1, max-image-preview:large, max-video-preview:-1\" \/>\n<link rel=\"canonical\" href=\"https:\/\/www.mundoagropecuario.cl\/new\/watts-arremete-contra-colun-y-estima-que-el-fisco-deja-de-percibir-15-mil-millones-en-tributos\/\" \/>\n<meta property=\"og:locale\" content=\"es_ES\" \/>\n<meta property=\"og:type\" content=\"article\" \/>\n<meta property=\"og:title\" content=\"Watt&#039;s arremete contra Colun y estima que el fisco deja de percibir $15 mil millones en tributos - Mundoagropecuario\" \/>\n<meta property=\"og:description\" content=\"El gerente general de la empresa afirma que la productora de leche de La Uni\u00f3n termin\u00f3 siendo &#8220;un gran negocio para unos pocos&#8221;. Sostiene que solo hay una &#8220;aparente&#8221; asociatividad,...\" \/>\n<meta property=\"og:url\" content=\"https:\/\/www.mundoagropecuario.cl\/new\/watts-arremete-contra-colun-y-estima-que-el-fisco-deja-de-percibir-15-mil-millones-en-tributos\/\" \/>\n<meta property=\"og:site_name\" content=\"Mundoagropecuario\" \/>\n<meta property=\"article:publisher\" content=\"https:\/\/www.facebook.com\/mundo.agropecuario.3\" \/>\n<meta property=\"article:published_time\" content=\"2018-07-30T13:30:36+00:00\" \/>\n<meta property=\"article:modified_time\" content=\"2018-07-31T16:28:37+00:00\" \/>\n<meta property=\"og:image\" content=\"https:\/\/www.mundoagropecuario.cl\/new\/wp-content\/uploads\/2018\/07\/watts.jpg\" \/>\n\t<meta property=\"og:image:width\" content=\"912\" \/>\n\t<meta property=\"og:image:height\" content=\"393\" \/>\n\t<meta property=\"og:image:type\" content=\"image\/jpeg\" \/>\n<meta name=\"author\" content=\"periodista\" \/>\n<meta name=\"twitter:card\" content=\"summary_large_image\" \/>\n<meta name=\"twitter:creator\" content=\"@MundoAgropecuar\" \/>\n<meta name=\"twitter:site\" content=\"@MundoAgropecuar\" \/>\n<meta name=\"twitter:label1\" content=\"Escrito por\" \/>\n\t<meta name=\"twitter:data1\" content=\"periodista\" \/>\n\t<meta name=\"twitter:label2\" content=\"Tiempo de lectura\" \/>\n\t<meta name=\"twitter:data2\" content=\"5 minutos\" \/>\n<script type=\"application\/ld+json\" class=\"yoast-schema-graph\">{\"@context\":\"https:\/\/schema.org\",\"@graph\":[{\"@type\":\"Article\",\"@id\":\"https:\/\/www.mundoagropecuario.cl\/new\/watts-arremete-contra-colun-y-estima-que-el-fisco-deja-de-percibir-15-mil-millones-en-tributos\/#article\",\"isPartOf\":{\"@id\":\"https:\/\/www.mundoagropecuario.cl\/new\/watts-arremete-contra-colun-y-estima-que-el-fisco-deja-de-percibir-15-mil-millones-en-tributos\/\"},\"author\":{\"name\":\"periodista\",\"@id\":\"https:\/\/www.mundoagropecuario.cl\/new\/#\/schema\/person\/0c221050801c74e45256a7a9a1ff0803\"},\"headline\":\"Watt&#8217;s arremete contra Colun y estima que el fisco deja de percibir $15 mil millones en tributos\",\"datePublished\":\"2018-07-30T13:30:36+00:00\",\"dateModified\":\"2018-07-31T16:28:37+00:00\",\"mainEntityOfPage\":{\"@id\":\"https:\/\/www.mundoagropecuario.cl\/new\/watts-arremete-contra-colun-y-estima-que-el-fisco-deja-de-percibir-15-mil-millones-en-tributos\/\"},\"wordCount\":1084,\"publisher\":{\"@id\":\"https:\/\/www.mundoagropecuario.cl\/new\/#organization\"},\"image\":{\"@id\":\"https:\/\/www.mundoagropecuario.cl\/new\/watts-arremete-contra-colun-y-estima-que-el-fisco-deja-de-percibir-15-mil-millones-en-tributos\/#primaryimage\"},\"thumbnailUrl\":\"https:\/\/www.mundoagropecuario.cl\/new\/wp-content\/uploads\/2018\/07\/watts.jpg\",\"keywords\":[\"Colun\",\"Rodolfo V\u00e9liz\",\"Watt's\"],\"articleSection\":[\"Empresa\"],\"inLanguage\":\"es\"},{\"@type\":\"WebPage\",\"@id\":\"https:\/\/www.mundoagropecuario.cl\/new\/watts-arremete-contra-colun-y-estima-que-el-fisco-deja-de-percibir-15-mil-millones-en-tributos\/\",\"url\":\"https:\/\/www.mundoagropecuario.cl\/new\/watts-arremete-contra-colun-y-estima-que-el-fisco-deja-de-percibir-15-mil-millones-en-tributos\/\",\"name\":\"Watt's arremete contra Colun y estima que el fisco deja de percibir $15 mil millones en tributos - Mundoagropecuario\",\"isPartOf\":{\"@id\":\"https:\/\/www.mundoagropecuario.cl\/new\/#website\"},\"primaryImageOfPage\":{\"@id\":\"https:\/\/www.mundoagropecuario.cl\/new\/watts-arremete-contra-colun-y-estima-que-el-fisco-deja-de-percibir-15-mil-millones-en-tributos\/#primaryimage\"},\"image\":{\"@id\":\"https:\/\/www.mundoagropecuario.cl\/new\/watts-arremete-contra-colun-y-estima-que-el-fisco-deja-de-percibir-15-mil-millones-en-tributos\/#primaryimage\"},\"thumbnailUrl\":\"https:\/\/www.mundoagropecuario.cl\/new\/wp-content\/uploads\/2018\/07\/watts.jpg\",\"datePublished\":\"2018-07-30T13:30:36+00:00\",\"dateModified\":\"2018-07-31T16:28:37+00:00\",\"breadcrumb\":{\"@id\":\"https:\/\/www.mundoagropecuario.cl\/new\/watts-arremete-contra-colun-y-estima-que-el-fisco-deja-de-percibir-15-mil-millones-en-tributos\/#breadcrumb\"},\"inLanguage\":\"es\",\"potentialAction\":[{\"@type\":\"ReadAction\",\"target\":[\"https:\/\/www.mundoagropecuario.cl\/new\/watts-arremete-contra-colun-y-estima-que-el-fisco-deja-de-percibir-15-mil-millones-en-tributos\/\"]}]},{\"@type\":\"ImageObject\",\"inLanguage\":\"es\",\"@id\":\"https:\/\/www.mundoagropecuario.cl\/new\/watts-arremete-contra-colun-y-estima-que-el-fisco-deja-de-percibir-15-mil-millones-en-tributos\/#primaryimage\",\"url\":\"https:\/\/www.mundoagropecuario.cl\/new\/wp-content\/uploads\/2018\/07\/watts.jpg\",\"contentUrl\":\"https:\/\/www.mundoagropecuario.cl\/new\/wp-content\/uploads\/2018\/07\/watts.jpg\",\"width\":720,\"height\":310},{\"@type\":\"BreadcrumbList\",\"@id\":\"https:\/\/www.mundoagropecuario.cl\/new\/watts-arremete-contra-colun-y-estima-que-el-fisco-deja-de-percibir-15-mil-millones-en-tributos\/#breadcrumb\",\"itemListElement\":[{\"@type\":\"ListItem\",\"position\":1,\"name\":\"Portada\",\"item\":\"https:\/\/www.mundoagropecuario.cl\/new\/\"},{\"@type\":\"ListItem\",\"position\":2,\"name\":\"Watt&#8217;s arremete contra Colun y estima que el fisco deja de percibir $15 mil millones en tributos\"}]},{\"@type\":\"WebSite\",\"@id\":\"https:\/\/www.mundoagropecuario.cl\/new\/#website\",\"url\":\"https:\/\/www.mundoagropecuario.cl\/new\/\",\"name\":\"Mundoagropecuario\",\"description\":\"Mundo Agropecuario\",\"publisher\":{\"@id\":\"https:\/\/www.mundoagropecuario.cl\/new\/#organization\"},\"potentialAction\":[{\"@type\":\"SearchAction\",\"target\":{\"@type\":\"EntryPoint\",\"urlTemplate\":\"https:\/\/www.mundoagropecuario.cl\/new\/?s={search_term_string}\"},\"query-input\":{\"@type\":\"PropertyValueSpecification\",\"valueRequired\":true,\"valueName\":\"search_term_string\"}}],\"inLanguage\":\"es\"},{\"@type\":\"Organization\",\"@id\":\"https:\/\/www.mundoagropecuario.cl\/new\/#organization\",\"name\":\"Revista de Agricultura\",\"url\":\"https:\/\/www.mundoagropecuario.cl\/new\/\",\"logo\":{\"@type\":\"ImageObject\",\"inLanguage\":\"es\",\"@id\":\"https:\/\/www.mundoagropecuario.cl\/new\/#\/schema\/logo\/image\/\",\"url\":\"https:\/\/www.mundoagropecuario.cl\/new\/wp-content\/uploads\/2020\/11\/PORTAL-1-1.png\",\"contentUrl\":\"https:\/\/www.mundoagropecuario.cl\/new\/wp-content\/uploads\/2020\/11\/PORTAL-1-1.png\",\"width\":1026,\"height\":100,\"caption\":\"Revista de Agricultura\"},\"image\":{\"@id\":\"https:\/\/www.mundoagropecuario.cl\/new\/#\/schema\/logo\/image\/\"},\"sameAs\":[\"https:\/\/www.facebook.com\/mundo.agropecuario.3\",\"https:\/\/x.com\/MundoAgropecuar\",\"https:\/\/www.linkedin.com\/in\/mundo-agropecuario-934009201\/\"]},{\"@type\":\"Person\",\"@id\":\"https:\/\/www.mundoagropecuario.cl\/new\/#\/schema\/person\/0c221050801c74e45256a7a9a1ff0803\",\"name\":\"periodista\",\"url\":\"https:\/\/www.mundoagropecuario.cl\/new\/author\/periodista\/\"}]}<\/script>\n<!-- \/ Yoast SEO plugin. -->","yoast_head_json":{"title":"Watt's arremete contra Colun y estima que el fisco deja de percibir $15 mil millones en tributos - Mundoagropecuario","robots":{"index":"index","follow":"follow","max-snippet":"max-snippet:-1","max-image-preview":"max-image-preview:large","max-video-preview":"max-video-preview:-1"},"canonical":"https:\/\/www.mundoagropecuario.cl\/new\/watts-arremete-contra-colun-y-estima-que-el-fisco-deja-de-percibir-15-mil-millones-en-tributos\/","og_locale":"es_ES","og_type":"article","og_title":"Watt's arremete contra Colun y estima que el fisco deja de percibir $15 mil millones en tributos - Mundoagropecuario","og_description":"El gerente general de la empresa afirma que la productora de leche de La Uni\u00f3n termin\u00f3 siendo &#8220;un gran negocio para unos pocos&#8221;. Sostiene que solo hay una &#8220;aparente&#8221; asociatividad,...","og_url":"https:\/\/www.mundoagropecuario.cl\/new\/watts-arremete-contra-colun-y-estima-que-el-fisco-deja-de-percibir-15-mil-millones-en-tributos\/","og_site_name":"Mundoagropecuario","article_publisher":"https:\/\/www.facebook.com\/mundo.agropecuario.3","article_published_time":"2018-07-30T13:30:36+00:00","article_modified_time":"2018-07-31T16:28:37+00:00","og_image":[{"width":912,"height":393,"url":"https:\/\/www.mundoagropecuario.cl\/new\/wp-content\/uploads\/2018\/07\/watts.jpg","type":"image\/jpeg"}],"author":"periodista","twitter_card":"summary_large_image","twitter_creator":"@MundoAgropecuar","twitter_site":"@MundoAgropecuar","twitter_misc":{"Escrito por":"periodista","Tiempo de lectura":"5 minutos"},"schema":{"@context":"https:\/\/schema.org","@graph":[{"@type":"Article","@id":"https:\/\/www.mundoagropecuario.cl\/new\/watts-arremete-contra-colun-y-estima-que-el-fisco-deja-de-percibir-15-mil-millones-en-tributos\/#article","isPartOf":{"@id":"https:\/\/www.mundoagropecuario.cl\/new\/watts-arremete-contra-colun-y-estima-que-el-fisco-deja-de-percibir-15-mil-millones-en-tributos\/"},"author":{"name":"periodista","@id":"https:\/\/www.mundoagropecuario.cl\/new\/#\/schema\/person\/0c221050801c74e45256a7a9a1ff0803"},"headline":"Watt&#8217;s arremete contra Colun y estima que el fisco deja de percibir $15 mil millones en tributos","datePublished":"2018-07-30T13:30:36+00:00","dateModified":"2018-07-31T16:28:37+00:00","mainEntityOfPage":{"@id":"https:\/\/www.mundoagropecuario.cl\/new\/watts-arremete-contra-colun-y-estima-que-el-fisco-deja-de-percibir-15-mil-millones-en-tributos\/"},"wordCount":1084,"publisher":{"@id":"https:\/\/www.mundoagropecuario.cl\/new\/#organization"},"image":{"@id":"https:\/\/www.mundoagropecuario.cl\/new\/watts-arremete-contra-colun-y-estima-que-el-fisco-deja-de-percibir-15-mil-millones-en-tributos\/#primaryimage"},"thumbnailUrl":"https:\/\/www.mundoagropecuario.cl\/new\/wp-content\/uploads\/2018\/07\/watts.jpg","keywords":["Colun","Rodolfo V\u00e9liz","Watt's"],"articleSection":["Empresa"],"inLanguage":"es"},{"@type":"WebPage","@id":"https:\/\/www.mundoagropecuario.cl\/new\/watts-arremete-contra-colun-y-estima-que-el-fisco-deja-de-percibir-15-mil-millones-en-tributos\/","url":"https:\/\/www.mundoagropecuario.cl\/new\/watts-arremete-contra-colun-y-estima-que-el-fisco-deja-de-percibir-15-mil-millones-en-tributos\/","name":"Watt's arremete contra Colun y estima que el fisco deja de percibir $15 mil millones en tributos - Mundoagropecuario","isPartOf":{"@id":"https:\/\/www.mundoagropecuario.cl\/new\/#website"},"primaryImageOfPage":{"@id":"https:\/\/www.mundoagropecuario.cl\/new\/watts-arremete-contra-colun-y-estima-que-el-fisco-deja-de-percibir-15-mil-millones-en-tributos\/#primaryimage"},"image":{"@id":"https:\/\/www.mundoagropecuario.cl\/new\/watts-arremete-contra-colun-y-estima-que-el-fisco-deja-de-percibir-15-mil-millones-en-tributos\/#primaryimage"},"thumbnailUrl":"https:\/\/www.mundoagropecuario.cl\/new\/wp-content\/uploads\/2018\/07\/watts.jpg","datePublished":"2018-07-30T13:30:36+00:00","dateModified":"2018-07-31T16:28:37+00:00","breadcrumb":{"@id":"https:\/\/www.mundoagropecuario.cl\/new\/watts-arremete-contra-colun-y-estima-que-el-fisco-deja-de-percibir-15-mil-millones-en-tributos\/#breadcrumb"},"inLanguage":"es","potentialAction":[{"@type":"ReadAction","target":["https:\/\/www.mundoagropecuario.cl\/new\/watts-arremete-contra-colun-y-estima-que-el-fisco-deja-de-percibir-15-mil-millones-en-tributos\/"]}]},{"@type":"ImageObject","inLanguage":"es","@id":"https:\/\/www.mundoagropecuario.cl\/new\/watts-arremete-contra-colun-y-estima-que-el-fisco-deja-de-percibir-15-mil-millones-en-tributos\/#primaryimage","url":"https:\/\/www.mundoagropecuario.cl\/new\/wp-content\/uploads\/2018\/07\/watts.jpg","contentUrl":"https:\/\/www.mundoagropecuario.cl\/new\/wp-content\/uploads\/2018\/07\/watts.jpg","width":720,"height":310},{"@type":"BreadcrumbList","@id":"https:\/\/www.mundoagropecuario.cl\/new\/watts-arremete-contra-colun-y-estima-que-el-fisco-deja-de-percibir-15-mil-millones-en-tributos\/#breadcrumb","itemListElement":[{"@type":"ListItem","position":1,"name":"Portada","item":"https:\/\/www.mundoagropecuario.cl\/new\/"},{"@type":"ListItem","position":2,"name":"Watt&#8217;s arremete contra Colun y estima que el fisco deja de percibir $15 mil millones en tributos"}]},{"@type":"WebSite","@id":"https:\/\/www.mundoagropecuario.cl\/new\/#website","url":"https:\/\/www.mundoagropecuario.cl\/new\/","name":"Mundoagropecuario","description":"Mundo Agropecuario","publisher":{"@id":"https:\/\/www.mundoagropecuario.cl\/new\/#organization"},"potentialAction":[{"@type":"SearchAction","target":{"@type":"EntryPoint","urlTemplate":"https:\/\/www.mundoagropecuario.cl\/new\/?s={search_term_string}"},"query-input":{"@type":"PropertyValueSpecification","valueRequired":true,"valueName":"search_term_string"}}],"inLanguage":"es"},{"@type":"Organization","@id":"https:\/\/www.mundoagropecuario.cl\/new\/#organization","name":"Revista de Agricultura","url":"https:\/\/www.mundoagropecuario.cl\/new\/","logo":{"@type":"ImageObject","inLanguage":"es","@id":"https:\/\/www.mundoagropecuario.cl\/new\/#\/schema\/logo\/image\/","url":"https:\/\/www.mundoagropecuario.cl\/new\/wp-content\/uploads\/2020\/11\/PORTAL-1-1.png","contentUrl":"https:\/\/www.mundoagropecuario.cl\/new\/wp-content\/uploads\/2020\/11\/PORTAL-1-1.png","width":1026,"height":100,"caption":"Revista de Agricultura"},"image":{"@id":"https:\/\/www.mundoagropecuario.cl\/new\/#\/schema\/logo\/image\/"},"sameAs":["https:\/\/www.facebook.com\/mundo.agropecuario.3","https:\/\/x.com\/MundoAgropecuar","https:\/\/www.linkedin.com\/in\/mundo-agropecuario-934009201\/"]},{"@type":"Person","@id":"https:\/\/www.mundoagropecuario.cl\/new\/#\/schema\/person\/0c221050801c74e45256a7a9a1ff0803","name":"periodista","url":"https:\/\/www.mundoagropecuario.cl\/new\/author\/periodista\/"}]}},"_links":{"self":[{"href":"https:\/\/www.mundoagropecuario.cl\/new\/wp-json\/wp\/v2\/posts\/7851","targetHints":{"allow":["GET"]}}],"collection":[{"href":"https:\/\/www.mundoagropecuario.cl\/new\/wp-json\/wp\/v2\/posts"}],"about":[{"href":"https:\/\/www.mundoagropecuario.cl\/new\/wp-json\/wp\/v2\/types\/post"}],"author":[{"embeddable":true,"href":"https:\/\/www.mundoagropecuario.cl\/new\/wp-json\/wp\/v2\/users\/3"}],"replies":[{"embeddable":true,"href":"https:\/\/www.mundoagropecuario.cl\/new\/wp-json\/wp\/v2\/comments?post=7851"}],"version-history":[{"count":3,"href":"https:\/\/www.mundoagropecuario.cl\/new\/wp-json\/wp\/v2\/posts\/7851\/revisions"}],"predecessor-version":[{"id":7864,"href":"https:\/\/www.mundoagropecuario.cl\/new\/wp-json\/wp\/v2\/posts\/7851\/revisions\/7864"}],"wp:featuredmedia":[{"embeddable":true,"href":"https:\/\/www.mundoagropecuario.cl\/new\/wp-json\/wp\/v2\/media\/7852"}],"wp:attachment":[{"href":"https:\/\/www.mundoagropecuario.cl\/new\/wp-json\/wp\/v2\/media?parent=7851"}],"wp:term":[{"taxonomy":"category","embeddable":true,"href":"https:\/\/www.mundoagropecuario.cl\/new\/wp-json\/wp\/v2\/categories?post=7851"},{"taxonomy":"post_tag","embeddable":true,"href":"https:\/\/www.mundoagropecuario.cl\/new\/wp-json\/wp\/v2\/tags?post=7851"}],"curies":[{"name":"wp","href":"https:\/\/api.w.org\/{rel}","templated":true}]}}