{"id":7845,"date":"2018-07-30T09:45:53","date_gmt":"2018-07-30T12:45:53","guid":{"rendered":"http:\/\/www.mundoagropecuario.cl\/new\/?p=7845"},"modified":"2018-07-31T14:20:23","modified_gmt":"2018-07-31T17:20:23","slug":"director-nacional-de-inia-vamos-a-potenciar-el-desarrollo-hortofruticola-en-el-sur-de-chile","status":"publish","type":"post","link":"https:\/\/www.mundoagropecuario.cl\/new\/director-nacional-de-inia-vamos-a-potenciar-el-desarrollo-hortofruticola-en-el-sur-de-chile\/","title":{"rendered":"Director nacional de INIA: \u201cVamos a potenciar el desarrollo hortofrut\u00edcola en el sur de Chile\u201d"},"content":{"rendered":"<blockquote><p><em>En su gira por el sur, el timonel del Instituto de Investigaciones Agropecuarias (INIA), Pedro Bustos, se refiri\u00f3 al escenario actual de la producci\u00f3n agroalimentaria en las regiones de Los R\u00edos y Los Lagos, se\u00f1alando que \u201cel cambio clim\u00e1tico ha generado grandes desaf\u00edos, sin embargo tambi\u00e9n est\u00e1 ofreciendo oportunidades de ampliar la frontera de la fruticultura y la vitivinicultura hacia el sur, generando nuevas opciones de diversificaci\u00f3n productiva. (INIA).<\/em><\/p><\/blockquote>\n<p>El director nacional del Instituto de Investigaciones Agropecuarias (INIA), Pedro Bustos record\u00f3 que las regiones de Los R\u00edos y Los Lagos tienen una vocaci\u00f3n ganadera y agr\u00edcola muy clara: en ambas regiones se produce m\u00e1s del 75% de la leche del pa\u00eds y concentra m\u00e1s de la mitad de la producci\u00f3n de carne bovina. Tambi\u00e9n son importantes los cultivos como la papa, los cereales y la producci\u00f3n ovina, no obstante, en los \u00faltimos a\u00f1os estas regiones han experimentado un notable crecimiento en la producci\u00f3n frut\u00edcola,<\/p>\n<p>&#8220;Es por eso que estamos realizando una serie de encuentros con productores y empresarios de la zona para captar sus demandas tecnol\u00f3gicas y elaborar un plan de mediano y largo plazo que permita acompa\u00f1ar el crecimiento de este sector, as\u00ed como tambi\u00e9n la horticultura, contribuyendo a diversificar la oferta productiva de las regiones de Los R\u00edos y Los Lagos\u201d, a\u00f1adi\u00f3 Pedro Bustos.<\/p>\n<p>El directivo record\u00f3 que hace una par de semanas, el director regional de INIA Remehue, Sergio Iraira, junto al coordinador nacional del Programa de Hortofruticultura del INIA, Gabriel Sell\u00e9s; a la nueva subdirectora regional de I+D, Ivette Acu\u00f1a y al especialista en fruticultura de INIA Remehue, Patricio Mej\u00edas, se reunieron con productores de avellano europeo de las regiones de Los Lagos y Los R\u00edos, para conocer sus demandas tecnol\u00f3gicas y seguir potenciando este rubro.<\/p>\n<p>En esa misma l\u00ednea, anunci\u00f3 la realizaci\u00f3n de un evento especial sobre fruticultura y vitivinicultura en Osorno. \u201cEncabezados por la subdirecci\u00f3n nacional de I+D del INIA estamos organizando una serie de eventos denominados IdeaLab, que buscan capturar la demanda tecnol\u00f3gica del sector privado. A mediados de agosto vamos a realizar en Osorno el Primer Encuentro de Fruticultura y Vitivinicultura en el sur de Chile, con presencia de especialistas de distintos centros del INIA y vamos a invitar a productores de cerezas, ar\u00e1ndanos, avellanos europeos y vides para analizar en conjunto el futuro de estos rubros\u201d, indic\u00f3.<\/p>\n<p>Bustos dio a conocer tambi\u00e9n la realizaci\u00f3n de reuniones de trabajo con representantes de los principales rubros agropecuarios de las regiones de Los R\u00edos y Los Lagos.<\/p>\n<p>\u201cAs\u00ed como nos vamos a reunir con el sector frut\u00edcola del sur, tambi\u00e9n el Director Regional de INIA Remehue est\u00e1 instalando Mesas de Trabajo con los productores de leche, carne, ovinos, frutales y hortalizas y tambi\u00e9n estamos integrados a la Mesa Regional de la Papa, que encabeza el Seremi de Agricultura de la Regi\u00f3n de Los Lagos, entre otras instancias de di\u00e1logo y planificaci\u00f3n\u201d, concluy\u00f3.<\/p>\n","protected":false},"excerpt":{"rendered":"<p>En su gira por el sur, el timonel del Instituto de Investigaciones Agropecuarias (INIA), Pedro Bustos, se refiri\u00f3 al escenario actual de la producci\u00f3n agroalimentaria en las regiones de Los&#8230;<\/p>\n","protected":false},"author":3,"featured_media":7846,"comment_status":"closed","ping_status":"closed","sticky":false,"template":"","format":"standard","meta":{"footnotes":""},"categories":[1987],"tags":[2254,2052,2253],"class_list":["post-7845","post","type-post","status-publish","format-standard","has-post-thumbnail","hentry","category-instituciones","tag-fruticultura","tag-inia","tag-pedro-bustos"],"yoast_head":"<!-- This site is optimized with the Yoast SEO plugin v26.6 - https:\/\/yoast.com\/wordpress\/plugins\/seo\/ -->\n<title>Director nacional de INIA: \u201cVamos a potenciar el desarrollo hortofrut\u00edcola en el sur de Chile\u201d - Mundoagropecuario<\/title>\n<meta name=\"robots\" content=\"index, follow, max-snippet:-1, max-image-preview:large, max-video-preview:-1\" \/>\n<link rel=\"canonical\" href=\"https:\/\/www.mundoagropecuario.cl\/new\/director-nacional-de-inia-vamos-a-potenciar-el-desarrollo-hortofruticola-en-el-sur-de-chile\/\" \/>\n<meta property=\"og:locale\" content=\"es_ES\" \/>\n<meta property=\"og:type\" content=\"article\" \/>\n<meta property=\"og:title\" content=\"Director nacional de INIA: \u201cVamos a potenciar el desarrollo hortofrut\u00edcola en el sur de Chile\u201d - Mundoagropecuario\" \/>\n<meta property=\"og:description\" content=\"En su gira por el sur, el timonel del Instituto de Investigaciones Agropecuarias (INIA), Pedro Bustos, se refiri\u00f3 al escenario actual de la producci\u00f3n agroalimentaria en las regiones de Los...\" \/>\n<meta property=\"og:url\" content=\"https:\/\/www.mundoagropecuario.cl\/new\/director-nacional-de-inia-vamos-a-potenciar-el-desarrollo-hortofruticola-en-el-sur-de-chile\/\" \/>\n<meta property=\"og:site_name\" content=\"Mundoagropecuario\" \/>\n<meta property=\"article:publisher\" content=\"https:\/\/www.facebook.com\/mundo.agropecuario.3\" \/>\n<meta property=\"article:published_time\" content=\"2018-07-30T12:45:53+00:00\" \/>\n<meta property=\"article:modified_time\" content=\"2018-07-31T17:20:23+00:00\" \/>\n<meta property=\"og:image\" content=\"https:\/\/www.mundoagropecuario.cl\/new\/wp-content\/uploads\/2018\/07\/pedrobustos.jpg\" \/>\n\t<meta property=\"og:image:width\" content=\"1000\" \/>\n\t<meta property=\"og:image:height\" content=\"667\" \/>\n\t<meta property=\"og:image:type\" content=\"image\/jpeg\" \/>\n<meta name=\"author\" content=\"periodista\" \/>\n<meta name=\"twitter:card\" content=\"summary_large_image\" \/>\n<meta name=\"twitter:creator\" content=\"@MundoAgropecuar\" \/>\n<meta name=\"twitter:site\" content=\"@MundoAgropecuar\" \/>\n<meta name=\"twitter:label1\" content=\"Escrito por\" \/>\n\t<meta name=\"twitter:data1\" content=\"periodista\" \/>\n\t<meta name=\"twitter:label2\" content=\"Tiempo de lectura\" \/>\n\t<meta name=\"twitter:data2\" content=\"3 minutos\" \/>\n<script type=\"application\/ld+json\" class=\"yoast-schema-graph\">{\"@context\":\"https:\/\/schema.org\",\"@graph\":[{\"@type\":\"Article\",\"@id\":\"https:\/\/www.mundoagropecuario.cl\/new\/director-nacional-de-inia-vamos-a-potenciar-el-desarrollo-hortofruticola-en-el-sur-de-chile\/#article\",\"isPartOf\":{\"@id\":\"https:\/\/www.mundoagropecuario.cl\/new\/director-nacional-de-inia-vamos-a-potenciar-el-desarrollo-hortofruticola-en-el-sur-de-chile\/\"},\"author\":{\"name\":\"periodista\",\"@id\":\"https:\/\/www.mundoagropecuario.cl\/new\/#\/schema\/person\/0c221050801c74e45256a7a9a1ff0803\"},\"headline\":\"Director nacional de INIA: \u201cVamos a potenciar el desarrollo hortofrut\u00edcola en el sur de Chile\u201d\",\"datePublished\":\"2018-07-30T12:45:53+00:00\",\"dateModified\":\"2018-07-31T17:20:23+00:00\",\"mainEntityOfPage\":{\"@id\":\"https:\/\/www.mundoagropecuario.cl\/new\/director-nacional-de-inia-vamos-a-potenciar-el-desarrollo-hortofruticola-en-el-sur-de-chile\/\"},\"wordCount\":538,\"publisher\":{\"@id\":\"https:\/\/www.mundoagropecuario.cl\/new\/#organization\"},\"image\":{\"@id\":\"https:\/\/www.mundoagropecuario.cl\/new\/director-nacional-de-inia-vamos-a-potenciar-el-desarrollo-hortofruticola-en-el-sur-de-chile\/#primaryimage\"},\"thumbnailUrl\":\"https:\/\/www.mundoagropecuario.cl\/new\/wp-content\/uploads\/2018\/07\/pedrobustos.jpg\",\"keywords\":[\"Fruticultura\",\"INIA\",\"Pedro Bustos\"],\"articleSection\":[\"Instituciones\"],\"inLanguage\":\"es\"},{\"@type\":\"WebPage\",\"@id\":\"https:\/\/www.mundoagropecuario.cl\/new\/director-nacional-de-inia-vamos-a-potenciar-el-desarrollo-hortofruticola-en-el-sur-de-chile\/\",\"url\":\"https:\/\/www.mundoagropecuario.cl\/new\/director-nacional-de-inia-vamos-a-potenciar-el-desarrollo-hortofruticola-en-el-sur-de-chile\/\",\"name\":\"Director nacional de INIA: \u201cVamos a potenciar el desarrollo hortofrut\u00edcola en el sur de Chile\u201d - Mundoagropecuario\",\"isPartOf\":{\"@id\":\"https:\/\/www.mundoagropecuario.cl\/new\/#website\"},\"primaryImageOfPage\":{\"@id\":\"https:\/\/www.mundoagropecuario.cl\/new\/director-nacional-de-inia-vamos-a-potenciar-el-desarrollo-hortofruticola-en-el-sur-de-chile\/#primaryimage\"},\"image\":{\"@id\":\"https:\/\/www.mundoagropecuario.cl\/new\/director-nacional-de-inia-vamos-a-potenciar-el-desarrollo-hortofruticola-en-el-sur-de-chile\/#primaryimage\"},\"thumbnailUrl\":\"https:\/\/www.mundoagropecuario.cl\/new\/wp-content\/uploads\/2018\/07\/pedrobustos.jpg\",\"datePublished\":\"2018-07-30T12:45:53+00:00\",\"dateModified\":\"2018-07-31T17:20:23+00:00\",\"breadcrumb\":{\"@id\":\"https:\/\/www.mundoagropecuario.cl\/new\/director-nacional-de-inia-vamos-a-potenciar-el-desarrollo-hortofruticola-en-el-sur-de-chile\/#breadcrumb\"},\"inLanguage\":\"es\",\"potentialAction\":[{\"@type\":\"ReadAction\",\"target\":[\"https:\/\/www.mundoagropecuario.cl\/new\/director-nacional-de-inia-vamos-a-potenciar-el-desarrollo-hortofruticola-en-el-sur-de-chile\/\"]}]},{\"@type\":\"ImageObject\",\"inLanguage\":\"es\",\"@id\":\"https:\/\/www.mundoagropecuario.cl\/new\/director-nacional-de-inia-vamos-a-potenciar-el-desarrollo-hortofruticola-en-el-sur-de-chile\/#primaryimage\",\"url\":\"https:\/\/www.mundoagropecuario.cl\/new\/wp-content\/uploads\/2018\/07\/pedrobustos.jpg\",\"contentUrl\":\"https:\/\/www.mundoagropecuario.cl\/new\/wp-content\/uploads\/2018\/07\/pedrobustos.jpg\",\"width\":600,\"height\":400},{\"@type\":\"BreadcrumbList\",\"@id\":\"https:\/\/www.mundoagropecuario.cl\/new\/director-nacional-de-inia-vamos-a-potenciar-el-desarrollo-hortofruticola-en-el-sur-de-chile\/#breadcrumb\",\"itemListElement\":[{\"@type\":\"ListItem\",\"position\":1,\"name\":\"Portada\",\"item\":\"https:\/\/www.mundoagropecuario.cl\/new\/\"},{\"@type\":\"ListItem\",\"position\":2,\"name\":\"Director nacional de INIA: \u201cVamos a potenciar el desarrollo hortofrut\u00edcola en el sur de Chile\u201d\"}]},{\"@type\":\"WebSite\",\"@id\":\"https:\/\/www.mundoagropecuario.cl\/new\/#website\",\"url\":\"https:\/\/www.mundoagropecuario.cl\/new\/\",\"name\":\"Mundoagropecuario\",\"description\":\"Mundo Agropecuario\",\"publisher\":{\"@id\":\"https:\/\/www.mundoagropecuario.cl\/new\/#organization\"},\"potentialAction\":[{\"@type\":\"SearchAction\",\"target\":{\"@type\":\"EntryPoint\",\"urlTemplate\":\"https:\/\/www.mundoagropecuario.cl\/new\/?s={search_term_string}\"},\"query-input\":{\"@type\":\"PropertyValueSpecification\",\"valueRequired\":true,\"valueName\":\"search_term_string\"}}],\"inLanguage\":\"es\"},{\"@type\":\"Organization\",\"@id\":\"https:\/\/www.mundoagropecuario.cl\/new\/#organization\",\"name\":\"Revista de Agricultura\",\"url\":\"https:\/\/www.mundoagropecuario.cl\/new\/\",\"logo\":{\"@type\":\"ImageObject\",\"inLanguage\":\"es\",\"@id\":\"https:\/\/www.mundoagropecuario.cl\/new\/#\/schema\/logo\/image\/\",\"url\":\"https:\/\/www.mundoagropecuario.cl\/new\/wp-content\/uploads\/2020\/11\/PORTAL-1-1.png\",\"contentUrl\":\"https:\/\/www.mundoagropecuario.cl\/new\/wp-content\/uploads\/2020\/11\/PORTAL-1-1.png\",\"width\":1026,\"height\":100,\"caption\":\"Revista de Agricultura\"},\"image\":{\"@id\":\"https:\/\/www.mundoagropecuario.cl\/new\/#\/schema\/logo\/image\/\"},\"sameAs\":[\"https:\/\/www.facebook.com\/mundo.agropecuario.3\",\"https:\/\/x.com\/MundoAgropecuar\",\"https:\/\/www.linkedin.com\/in\/mundo-agropecuario-934009201\/\"]},{\"@type\":\"Person\",\"@id\":\"https:\/\/www.mundoagropecuario.cl\/new\/#\/schema\/person\/0c221050801c74e45256a7a9a1ff0803\",\"name\":\"periodista\",\"url\":\"https:\/\/www.mundoagropecuario.cl\/new\/author\/periodista\/\"}]}<\/script>\n<!-- \/ Yoast SEO plugin. -->","yoast_head_json":{"title":"Director nacional de INIA: \u201cVamos a potenciar el desarrollo hortofrut\u00edcola en el sur de Chile\u201d - Mundoagropecuario","robots":{"index":"index","follow":"follow","max-snippet":"max-snippet:-1","max-image-preview":"max-image-preview:large","max-video-preview":"max-video-preview:-1"},"canonical":"https:\/\/www.mundoagropecuario.cl\/new\/director-nacional-de-inia-vamos-a-potenciar-el-desarrollo-hortofruticola-en-el-sur-de-chile\/","og_locale":"es_ES","og_type":"article","og_title":"Director nacional de INIA: \u201cVamos a potenciar el desarrollo hortofrut\u00edcola en el sur de Chile\u201d - Mundoagropecuario","og_description":"En su gira por el sur, el timonel del Instituto de Investigaciones Agropecuarias (INIA), Pedro Bustos, se refiri\u00f3 al escenario actual de la producci\u00f3n agroalimentaria en las regiones de Los...","og_url":"https:\/\/www.mundoagropecuario.cl\/new\/director-nacional-de-inia-vamos-a-potenciar-el-desarrollo-hortofruticola-en-el-sur-de-chile\/","og_site_name":"Mundoagropecuario","article_publisher":"https:\/\/www.facebook.com\/mundo.agropecuario.3","article_published_time":"2018-07-30T12:45:53+00:00","article_modified_time":"2018-07-31T17:20:23+00:00","og_image":[{"width":1000,"height":667,"url":"https:\/\/www.mundoagropecuario.cl\/new\/wp-content\/uploads\/2018\/07\/pedrobustos.jpg","type":"image\/jpeg"}],"author":"periodista","twitter_card":"summary_large_image","twitter_creator":"@MundoAgropecuar","twitter_site":"@MundoAgropecuar","twitter_misc":{"Escrito por":"periodista","Tiempo de lectura":"3 minutos"},"schema":{"@context":"https:\/\/schema.org","@graph":[{"@type":"Article","@id":"https:\/\/www.mundoagropecuario.cl\/new\/director-nacional-de-inia-vamos-a-potenciar-el-desarrollo-hortofruticola-en-el-sur-de-chile\/#article","isPartOf":{"@id":"https:\/\/www.mundoagropecuario.cl\/new\/director-nacional-de-inia-vamos-a-potenciar-el-desarrollo-hortofruticola-en-el-sur-de-chile\/"},"author":{"name":"periodista","@id":"https:\/\/www.mundoagropecuario.cl\/new\/#\/schema\/person\/0c221050801c74e45256a7a9a1ff0803"},"headline":"Director nacional de INIA: \u201cVamos a potenciar el desarrollo hortofrut\u00edcola en el sur de Chile\u201d","datePublished":"2018-07-30T12:45:53+00:00","dateModified":"2018-07-31T17:20:23+00:00","mainEntityOfPage":{"@id":"https:\/\/www.mundoagropecuario.cl\/new\/director-nacional-de-inia-vamos-a-potenciar-el-desarrollo-hortofruticola-en-el-sur-de-chile\/"},"wordCount":538,"publisher":{"@id":"https:\/\/www.mundoagropecuario.cl\/new\/#organization"},"image":{"@id":"https:\/\/www.mundoagropecuario.cl\/new\/director-nacional-de-inia-vamos-a-potenciar-el-desarrollo-hortofruticola-en-el-sur-de-chile\/#primaryimage"},"thumbnailUrl":"https:\/\/www.mundoagropecuario.cl\/new\/wp-content\/uploads\/2018\/07\/pedrobustos.jpg","keywords":["Fruticultura","INIA","Pedro Bustos"],"articleSection":["Instituciones"],"inLanguage":"es"},{"@type":"WebPage","@id":"https:\/\/www.mundoagropecuario.cl\/new\/director-nacional-de-inia-vamos-a-potenciar-el-desarrollo-hortofruticola-en-el-sur-de-chile\/","url":"https:\/\/www.mundoagropecuario.cl\/new\/director-nacional-de-inia-vamos-a-potenciar-el-desarrollo-hortofruticola-en-el-sur-de-chile\/","name":"Director nacional de INIA: \u201cVamos a potenciar el desarrollo hortofrut\u00edcola en el sur de Chile\u201d - Mundoagropecuario","isPartOf":{"@id":"https:\/\/www.mundoagropecuario.cl\/new\/#website"},"primaryImageOfPage":{"@id":"https:\/\/www.mundoagropecuario.cl\/new\/director-nacional-de-inia-vamos-a-potenciar-el-desarrollo-hortofruticola-en-el-sur-de-chile\/#primaryimage"},"image":{"@id":"https:\/\/www.mundoagropecuario.cl\/new\/director-nacional-de-inia-vamos-a-potenciar-el-desarrollo-hortofruticola-en-el-sur-de-chile\/#primaryimage"},"thumbnailUrl":"https:\/\/www.mundoagropecuario.cl\/new\/wp-content\/uploads\/2018\/07\/pedrobustos.jpg","datePublished":"2018-07-30T12:45:53+00:00","dateModified":"2018-07-31T17:20:23+00:00","breadcrumb":{"@id":"https:\/\/www.mundoagropecuario.cl\/new\/director-nacional-de-inia-vamos-a-potenciar-el-desarrollo-hortofruticola-en-el-sur-de-chile\/#breadcrumb"},"inLanguage":"es","potentialAction":[{"@type":"ReadAction","target":["https:\/\/www.mundoagropecuario.cl\/new\/director-nacional-de-inia-vamos-a-potenciar-el-desarrollo-hortofruticola-en-el-sur-de-chile\/"]}]},{"@type":"ImageObject","inLanguage":"es","@id":"https:\/\/www.mundoagropecuario.cl\/new\/director-nacional-de-inia-vamos-a-potenciar-el-desarrollo-hortofruticola-en-el-sur-de-chile\/#primaryimage","url":"https:\/\/www.mundoagropecuario.cl\/new\/wp-content\/uploads\/2018\/07\/pedrobustos.jpg","contentUrl":"https:\/\/www.mundoagropecuario.cl\/new\/wp-content\/uploads\/2018\/07\/pedrobustos.jpg","width":600,"height":400},{"@type":"BreadcrumbList","@id":"https:\/\/www.mundoagropecuario.cl\/new\/director-nacional-de-inia-vamos-a-potenciar-el-desarrollo-hortofruticola-en-el-sur-de-chile\/#breadcrumb","itemListElement":[{"@type":"ListItem","position":1,"name":"Portada","item":"https:\/\/www.mundoagropecuario.cl\/new\/"},{"@type":"ListItem","position":2,"name":"Director nacional de INIA: \u201cVamos a potenciar el desarrollo hortofrut\u00edcola en el sur de Chile\u201d"}]},{"@type":"WebSite","@id":"https:\/\/www.mundoagropecuario.cl\/new\/#website","url":"https:\/\/www.mundoagropecuario.cl\/new\/","name":"Mundoagropecuario","description":"Mundo Agropecuario","publisher":{"@id":"https:\/\/www.mundoagropecuario.cl\/new\/#organization"},"potentialAction":[{"@type":"SearchAction","target":{"@type":"EntryPoint","urlTemplate":"https:\/\/www.mundoagropecuario.cl\/new\/?s={search_term_string}"},"query-input":{"@type":"PropertyValueSpecification","valueRequired":true,"valueName":"search_term_string"}}],"inLanguage":"es"},{"@type":"Organization","@id":"https:\/\/www.mundoagropecuario.cl\/new\/#organization","name":"Revista de Agricultura","url":"https:\/\/www.mundoagropecuario.cl\/new\/","logo":{"@type":"ImageObject","inLanguage":"es","@id":"https:\/\/www.mundoagropecuario.cl\/new\/#\/schema\/logo\/image\/","url":"https:\/\/www.mundoagropecuario.cl\/new\/wp-content\/uploads\/2020\/11\/PORTAL-1-1.png","contentUrl":"https:\/\/www.mundoagropecuario.cl\/new\/wp-content\/uploads\/2020\/11\/PORTAL-1-1.png","width":1026,"height":100,"caption":"Revista de Agricultura"},"image":{"@id":"https:\/\/www.mundoagropecuario.cl\/new\/#\/schema\/logo\/image\/"},"sameAs":["https:\/\/www.facebook.com\/mundo.agropecuario.3","https:\/\/x.com\/MundoAgropecuar","https:\/\/www.linkedin.com\/in\/mundo-agropecuario-934009201\/"]},{"@type":"Person","@id":"https:\/\/www.mundoagropecuario.cl\/new\/#\/schema\/person\/0c221050801c74e45256a7a9a1ff0803","name":"periodista","url":"https:\/\/www.mundoagropecuario.cl\/new\/author\/periodista\/"}]}},"_links":{"self":[{"href":"https:\/\/www.mundoagropecuario.cl\/new\/wp-json\/wp\/v2\/posts\/7845","targetHints":{"allow":["GET"]}}],"collection":[{"href":"https:\/\/www.mundoagropecuario.cl\/new\/wp-json\/wp\/v2\/posts"}],"about":[{"href":"https:\/\/www.mundoagropecuario.cl\/new\/wp-json\/wp\/v2\/types\/post"}],"author":[{"embeddable":true,"href":"https:\/\/www.mundoagropecuario.cl\/new\/wp-json\/wp\/v2\/users\/3"}],"replies":[{"embeddable":true,"href":"https:\/\/www.mundoagropecuario.cl\/new\/wp-json\/wp\/v2\/comments?post=7845"}],"version-history":[{"count":1,"href":"https:\/\/www.mundoagropecuario.cl\/new\/wp-json\/wp\/v2\/posts\/7845\/revisions"}],"predecessor-version":[{"id":7847,"href":"https:\/\/www.mundoagropecuario.cl\/new\/wp-json\/wp\/v2\/posts\/7845\/revisions\/7847"}],"wp:featuredmedia":[{"embeddable":true,"href":"https:\/\/www.mundoagropecuario.cl\/new\/wp-json\/wp\/v2\/media\/7846"}],"wp:attachment":[{"href":"https:\/\/www.mundoagropecuario.cl\/new\/wp-json\/wp\/v2\/media?parent=7845"}],"wp:term":[{"taxonomy":"category","embeddable":true,"href":"https:\/\/www.mundoagropecuario.cl\/new\/wp-json\/wp\/v2\/categories?post=7845"},{"taxonomy":"post_tag","embeddable":true,"href":"https:\/\/www.mundoagropecuario.cl\/new\/wp-json\/wp\/v2\/tags?post=7845"}],"curies":[{"name":"wp","href":"https:\/\/api.w.org\/{rel}","templated":true}]}}