{"id":7821,"date":"2018-07-27T10:09:43","date_gmt":"2018-07-27T13:09:43","guid":{"rendered":"http:\/\/www.mundoagropecuario.cl\/new\/?p=7821"},"modified":"2018-07-31T16:23:06","modified_gmt":"2018-07-31T19:23:06","slug":"iansa-confirma-cierre-de-planta-en-linares-y-se-estiman-cuatro-mil-despidos","status":"publish","type":"post","link":"https:\/\/www.mundoagropecuario.cl\/new\/iansa-confirma-cierre-de-planta-en-linares-y-se-estiman-cuatro-mil-despidos\/","title":{"rendered":"Iansa confirma cierre de planta en Linares y se estiman cuatro mil despidos"},"content":{"rendered":"<blockquote><p><em>La planta continuar\u00e1 funcionando hasta los primeros d\u00edas de agosto, para lo cual dise\u00f1\u00f3 un plan de cierre gradual. (La Tercera).<\/em><\/p><\/blockquote>\n<p>Este jueves tras una reuni\u00f3n el directorio de Iansa inform\u00f3 que no volver\u00e1 a procesar remolacha en la planta de Linares, es decir cerrar\u00e1 la planta en la ciudad y concentrar\u00e1 -de forma definitiva- la producci\u00f3n de az\u00facar en sus centros de Los \u00c1ngeles y San Carlos.<\/p>\n<p>A trav\u00e9s de un comunicado de prensa, la compa\u00f1\u00eda inform\u00f3 que la decisi\u00f3n se basa \u201cen mejorar la eficiencia operacional del negocio azucarero\u201d y \u201cla competitividad frente a las importaciones\u201d.<\/p>\n<p>Seg\u00fan informaron, la planta continuar\u00e1 funcionando hasta los primeros d\u00edas de agosto, para lo cual dise\u00f1\u00f3 un plan de cierre gradual, que ser\u00e1 comunicado personalmente a los trabajadores afectados.<\/p>\n<p>Desde la empresa se comprometieron a financiar el 50% del costo extra que significar\u00e1 trasladar la remolacha a la planta de San Carlos, esto seg\u00fan indicaron \u201ccomo plan de apoyo a los agricultores de Talca y Linares que tengan contrato vigente o lo suscriban para la temporada 2018-2019\u201d.<\/p>\n<p>\u201cComprendemos y lamentamos profundamente los efectos que esta decisi\u00f3n tiene para nuestros trabajadores y agricultores remolacheros del Maule, zona con la que tenemos un estrecho v\u00ednculo hist\u00f3rico. Todos hemos sido testigos de la progresiva baja de hect\u00e1reas sembradas a\u00f1o a a\u00f1o, y conocemos de cerca la realidad del negocio azucarero. En el contexto actual, no es razonable seguir operando tres plantas\u201d, asegur\u00f3 la compa\u00f1\u00eda.<\/p>\n<p>El anuncio del cierre se enmarca en la reuni\u00f3n que sostuvo ayer el Ejecutivo, por medio del ministro de Agricultura, en la que el gobierno se jugaba una de las ultimas oportunidades para evitar el cierre de la planta de Iansa en Linares.<\/p>\n<p>Pero a la luz de los hechos, el objetivo del Gobierno no se ha cumplido y tendr\u00eda que comenzar a replicar el apoyo en materia de capacitaci\u00f3n y reubicaci\u00f3n de los trabajadores de Maersk, que tambi\u00e9n cerr\u00f3 sus operaciones este a\u00f1o, y\u00a0 homologarlo para los trabajadores de Iansa. Esta medida fue anunciada por el ministro del Tabjo, Nicol\u00e1s Monckeberg, en caso de que no pudieran evitar el fin de las operaciones de la azucarera.<\/p>\n","protected":false},"excerpt":{"rendered":"<p>La planta continuar\u00e1 funcionando hasta los primeros d\u00edas de agosto, para lo cual dise\u00f1\u00f3 un plan de cierre gradual. (La Tercera). Este jueves tras una reuni\u00f3n el directorio de Iansa&#8230;<\/p>\n","protected":false},"author":3,"featured_media":7822,"comment_status":"closed","ping_status":"closed","sticky":false,"template":"","format":"standard","meta":{"footnotes":""},"categories":[1950],"tags":[2222,2224],"class_list":["post-7821","post","type-post","status-publish","format-standard","has-post-thumbnail","hentry","category-empresa","tag-iansa","tag-linares"],"yoast_head":"<!-- This site is optimized with the Yoast SEO plugin v26.6 - https:\/\/yoast.com\/wordpress\/plugins\/seo\/ -->\n<title>Iansa confirma cierre de planta en Linares y se estiman cuatro mil despidos - Mundoagropecuario<\/title>\n<meta name=\"robots\" content=\"index, follow, max-snippet:-1, max-image-preview:large, max-video-preview:-1\" \/>\n<link rel=\"canonical\" href=\"https:\/\/www.mundoagropecuario.cl\/new\/iansa-confirma-cierre-de-planta-en-linares-y-se-estiman-cuatro-mil-despidos\/\" \/>\n<meta property=\"og:locale\" content=\"es_ES\" \/>\n<meta property=\"og:type\" content=\"article\" \/>\n<meta property=\"og:title\" content=\"Iansa confirma cierre de planta en Linares y se estiman cuatro mil despidos - Mundoagropecuario\" \/>\n<meta property=\"og:description\" content=\"La planta continuar\u00e1 funcionando hasta los primeros d\u00edas de agosto, para lo cual dise\u00f1\u00f3 un plan de cierre gradual. (La Tercera). Este jueves tras una reuni\u00f3n el directorio de Iansa...\" \/>\n<meta property=\"og:url\" content=\"https:\/\/www.mundoagropecuario.cl\/new\/iansa-confirma-cierre-de-planta-en-linares-y-se-estiman-cuatro-mil-despidos\/\" \/>\n<meta property=\"og:site_name\" content=\"Mundoagropecuario\" \/>\n<meta property=\"article:publisher\" content=\"https:\/\/www.facebook.com\/mundo.agropecuario.3\" \/>\n<meta property=\"article:published_time\" content=\"2018-07-27T13:09:43+00:00\" \/>\n<meta property=\"article:modified_time\" content=\"2018-07-31T19:23:06+00:00\" \/>\n<meta property=\"og:image\" content=\"https:\/\/www.mundoagropecuario.cl\/new\/wp-content\/uploads\/2018\/07\/iansa-1.jpg\" \/>\n\t<meta property=\"og:image:width\" content=\"900\" \/>\n\t<meta property=\"og:image:height\" content=\"600\" \/>\n\t<meta property=\"og:image:type\" content=\"image\/jpeg\" \/>\n<meta name=\"author\" content=\"periodista\" \/>\n<meta name=\"twitter:card\" content=\"summary_large_image\" \/>\n<meta name=\"twitter:creator\" content=\"@MundoAgropecuar\" \/>\n<meta name=\"twitter:site\" content=\"@MundoAgropecuar\" \/>\n<meta name=\"twitter:label1\" content=\"Escrito por\" \/>\n\t<meta name=\"twitter:data1\" content=\"periodista\" \/>\n\t<meta name=\"twitter:label2\" content=\"Tiempo de lectura\" \/>\n\t<meta name=\"twitter:data2\" content=\"2 minutos\" \/>\n<script type=\"application\/ld+json\" class=\"yoast-schema-graph\">{\"@context\":\"https:\/\/schema.org\",\"@graph\":[{\"@type\":\"Article\",\"@id\":\"https:\/\/www.mundoagropecuario.cl\/new\/iansa-confirma-cierre-de-planta-en-linares-y-se-estiman-cuatro-mil-despidos\/#article\",\"isPartOf\":{\"@id\":\"https:\/\/www.mundoagropecuario.cl\/new\/iansa-confirma-cierre-de-planta-en-linares-y-se-estiman-cuatro-mil-despidos\/\"},\"author\":{\"name\":\"periodista\",\"@id\":\"https:\/\/www.mundoagropecuario.cl\/new\/#\/schema\/person\/0c221050801c74e45256a7a9a1ff0803\"},\"headline\":\"Iansa confirma cierre de planta en Linares y se estiman cuatro mil despidos\",\"datePublished\":\"2018-07-27T13:09:43+00:00\",\"dateModified\":\"2018-07-31T19:23:06+00:00\",\"mainEntityOfPage\":{\"@id\":\"https:\/\/www.mundoagropecuario.cl\/new\/iansa-confirma-cierre-de-planta-en-linares-y-se-estiman-cuatro-mil-despidos\/\"},\"wordCount\":392,\"publisher\":{\"@id\":\"https:\/\/www.mundoagropecuario.cl\/new\/#organization\"},\"image\":{\"@id\":\"https:\/\/www.mundoagropecuario.cl\/new\/iansa-confirma-cierre-de-planta-en-linares-y-se-estiman-cuatro-mil-despidos\/#primaryimage\"},\"thumbnailUrl\":\"https:\/\/www.mundoagropecuario.cl\/new\/wp-content\/uploads\/2018\/07\/iansa-1.jpg\",\"keywords\":[\"Iansa\",\"Linares\"],\"articleSection\":[\"Empresa\"],\"inLanguage\":\"es\"},{\"@type\":\"WebPage\",\"@id\":\"https:\/\/www.mundoagropecuario.cl\/new\/iansa-confirma-cierre-de-planta-en-linares-y-se-estiman-cuatro-mil-despidos\/\",\"url\":\"https:\/\/www.mundoagropecuario.cl\/new\/iansa-confirma-cierre-de-planta-en-linares-y-se-estiman-cuatro-mil-despidos\/\",\"name\":\"Iansa confirma cierre de planta en Linares y se estiman cuatro mil despidos - Mundoagropecuario\",\"isPartOf\":{\"@id\":\"https:\/\/www.mundoagropecuario.cl\/new\/#website\"},\"primaryImageOfPage\":{\"@id\":\"https:\/\/www.mundoagropecuario.cl\/new\/iansa-confirma-cierre-de-planta-en-linares-y-se-estiman-cuatro-mil-despidos\/#primaryimage\"},\"image\":{\"@id\":\"https:\/\/www.mundoagropecuario.cl\/new\/iansa-confirma-cierre-de-planta-en-linares-y-se-estiman-cuatro-mil-despidos\/#primaryimage\"},\"thumbnailUrl\":\"https:\/\/www.mundoagropecuario.cl\/new\/wp-content\/uploads\/2018\/07\/iansa-1.jpg\",\"datePublished\":\"2018-07-27T13:09:43+00:00\",\"dateModified\":\"2018-07-31T19:23:06+00:00\",\"breadcrumb\":{\"@id\":\"https:\/\/www.mundoagropecuario.cl\/new\/iansa-confirma-cierre-de-planta-en-linares-y-se-estiman-cuatro-mil-despidos\/#breadcrumb\"},\"inLanguage\":\"es\",\"potentialAction\":[{\"@type\":\"ReadAction\",\"target\":[\"https:\/\/www.mundoagropecuario.cl\/new\/iansa-confirma-cierre-de-planta-en-linares-y-se-estiman-cuatro-mil-despidos\/\"]}]},{\"@type\":\"ImageObject\",\"inLanguage\":\"es\",\"@id\":\"https:\/\/www.mundoagropecuario.cl\/new\/iansa-confirma-cierre-de-planta-en-linares-y-se-estiman-cuatro-mil-despidos\/#primaryimage\",\"url\":\"https:\/\/www.mundoagropecuario.cl\/new\/wp-content\/uploads\/2018\/07\/iansa-1.jpg\",\"contentUrl\":\"https:\/\/www.mundoagropecuario.cl\/new\/wp-content\/uploads\/2018\/07\/iansa-1.jpg\",\"width\":600,\"height\":400},{\"@type\":\"BreadcrumbList\",\"@id\":\"https:\/\/www.mundoagropecuario.cl\/new\/iansa-confirma-cierre-de-planta-en-linares-y-se-estiman-cuatro-mil-despidos\/#breadcrumb\",\"itemListElement\":[{\"@type\":\"ListItem\",\"position\":1,\"name\":\"Portada\",\"item\":\"https:\/\/www.mundoagropecuario.cl\/new\/\"},{\"@type\":\"ListItem\",\"position\":2,\"name\":\"Iansa confirma cierre de planta en Linares y se estiman cuatro mil despidos\"}]},{\"@type\":\"WebSite\",\"@id\":\"https:\/\/www.mundoagropecuario.cl\/new\/#website\",\"url\":\"https:\/\/www.mundoagropecuario.cl\/new\/\",\"name\":\"Mundoagropecuario\",\"description\":\"Mundo Agropecuario\",\"publisher\":{\"@id\":\"https:\/\/www.mundoagropecuario.cl\/new\/#organization\"},\"potentialAction\":[{\"@type\":\"SearchAction\",\"target\":{\"@type\":\"EntryPoint\",\"urlTemplate\":\"https:\/\/www.mundoagropecuario.cl\/new\/?s={search_term_string}\"},\"query-input\":{\"@type\":\"PropertyValueSpecification\",\"valueRequired\":true,\"valueName\":\"search_term_string\"}}],\"inLanguage\":\"es\"},{\"@type\":\"Organization\",\"@id\":\"https:\/\/www.mundoagropecuario.cl\/new\/#organization\",\"name\":\"Revista de Agricultura\",\"url\":\"https:\/\/www.mundoagropecuario.cl\/new\/\",\"logo\":{\"@type\":\"ImageObject\",\"inLanguage\":\"es\",\"@id\":\"https:\/\/www.mundoagropecuario.cl\/new\/#\/schema\/logo\/image\/\",\"url\":\"https:\/\/www.mundoagropecuario.cl\/new\/wp-content\/uploads\/2020\/11\/PORTAL-1-1.png\",\"contentUrl\":\"https:\/\/www.mundoagropecuario.cl\/new\/wp-content\/uploads\/2020\/11\/PORTAL-1-1.png\",\"width\":1026,\"height\":100,\"caption\":\"Revista de Agricultura\"},\"image\":{\"@id\":\"https:\/\/www.mundoagropecuario.cl\/new\/#\/schema\/logo\/image\/\"},\"sameAs\":[\"https:\/\/www.facebook.com\/mundo.agropecuario.3\",\"https:\/\/x.com\/MundoAgropecuar\",\"https:\/\/www.linkedin.com\/in\/mundo-agropecuario-934009201\/\"]},{\"@type\":\"Person\",\"@id\":\"https:\/\/www.mundoagropecuario.cl\/new\/#\/schema\/person\/0c221050801c74e45256a7a9a1ff0803\",\"name\":\"periodista\",\"url\":\"https:\/\/www.mundoagropecuario.cl\/new\/author\/periodista\/\"}]}<\/script>\n<!-- \/ Yoast SEO plugin. -->","yoast_head_json":{"title":"Iansa confirma cierre de planta en Linares y se estiman cuatro mil despidos - Mundoagropecuario","robots":{"index":"index","follow":"follow","max-snippet":"max-snippet:-1","max-image-preview":"max-image-preview:large","max-video-preview":"max-video-preview:-1"},"canonical":"https:\/\/www.mundoagropecuario.cl\/new\/iansa-confirma-cierre-de-planta-en-linares-y-se-estiman-cuatro-mil-despidos\/","og_locale":"es_ES","og_type":"article","og_title":"Iansa confirma cierre de planta en Linares y se estiman cuatro mil despidos - Mundoagropecuario","og_description":"La planta continuar\u00e1 funcionando hasta los primeros d\u00edas de agosto, para lo cual dise\u00f1\u00f3 un plan de cierre gradual. (La Tercera). Este jueves tras una reuni\u00f3n el directorio de Iansa...","og_url":"https:\/\/www.mundoagropecuario.cl\/new\/iansa-confirma-cierre-de-planta-en-linares-y-se-estiman-cuatro-mil-despidos\/","og_site_name":"Mundoagropecuario","article_publisher":"https:\/\/www.facebook.com\/mundo.agropecuario.3","article_published_time":"2018-07-27T13:09:43+00:00","article_modified_time":"2018-07-31T19:23:06+00:00","og_image":[{"width":900,"height":600,"url":"https:\/\/www.mundoagropecuario.cl\/new\/wp-content\/uploads\/2018\/07\/iansa-1.jpg","type":"image\/jpeg"}],"author":"periodista","twitter_card":"summary_large_image","twitter_creator":"@MundoAgropecuar","twitter_site":"@MundoAgropecuar","twitter_misc":{"Escrito por":"periodista","Tiempo de lectura":"2 minutos"},"schema":{"@context":"https:\/\/schema.org","@graph":[{"@type":"Article","@id":"https:\/\/www.mundoagropecuario.cl\/new\/iansa-confirma-cierre-de-planta-en-linares-y-se-estiman-cuatro-mil-despidos\/#article","isPartOf":{"@id":"https:\/\/www.mundoagropecuario.cl\/new\/iansa-confirma-cierre-de-planta-en-linares-y-se-estiman-cuatro-mil-despidos\/"},"author":{"name":"periodista","@id":"https:\/\/www.mundoagropecuario.cl\/new\/#\/schema\/person\/0c221050801c74e45256a7a9a1ff0803"},"headline":"Iansa confirma cierre de planta en Linares y se estiman cuatro mil despidos","datePublished":"2018-07-27T13:09:43+00:00","dateModified":"2018-07-31T19:23:06+00:00","mainEntityOfPage":{"@id":"https:\/\/www.mundoagropecuario.cl\/new\/iansa-confirma-cierre-de-planta-en-linares-y-se-estiman-cuatro-mil-despidos\/"},"wordCount":392,"publisher":{"@id":"https:\/\/www.mundoagropecuario.cl\/new\/#organization"},"image":{"@id":"https:\/\/www.mundoagropecuario.cl\/new\/iansa-confirma-cierre-de-planta-en-linares-y-se-estiman-cuatro-mil-despidos\/#primaryimage"},"thumbnailUrl":"https:\/\/www.mundoagropecuario.cl\/new\/wp-content\/uploads\/2018\/07\/iansa-1.jpg","keywords":["Iansa","Linares"],"articleSection":["Empresa"],"inLanguage":"es"},{"@type":"WebPage","@id":"https:\/\/www.mundoagropecuario.cl\/new\/iansa-confirma-cierre-de-planta-en-linares-y-se-estiman-cuatro-mil-despidos\/","url":"https:\/\/www.mundoagropecuario.cl\/new\/iansa-confirma-cierre-de-planta-en-linares-y-se-estiman-cuatro-mil-despidos\/","name":"Iansa confirma cierre de planta en Linares y se estiman cuatro mil despidos - Mundoagropecuario","isPartOf":{"@id":"https:\/\/www.mundoagropecuario.cl\/new\/#website"},"primaryImageOfPage":{"@id":"https:\/\/www.mundoagropecuario.cl\/new\/iansa-confirma-cierre-de-planta-en-linares-y-se-estiman-cuatro-mil-despidos\/#primaryimage"},"image":{"@id":"https:\/\/www.mundoagropecuario.cl\/new\/iansa-confirma-cierre-de-planta-en-linares-y-se-estiman-cuatro-mil-despidos\/#primaryimage"},"thumbnailUrl":"https:\/\/www.mundoagropecuario.cl\/new\/wp-content\/uploads\/2018\/07\/iansa-1.jpg","datePublished":"2018-07-27T13:09:43+00:00","dateModified":"2018-07-31T19:23:06+00:00","breadcrumb":{"@id":"https:\/\/www.mundoagropecuario.cl\/new\/iansa-confirma-cierre-de-planta-en-linares-y-se-estiman-cuatro-mil-despidos\/#breadcrumb"},"inLanguage":"es","potentialAction":[{"@type":"ReadAction","target":["https:\/\/www.mundoagropecuario.cl\/new\/iansa-confirma-cierre-de-planta-en-linares-y-se-estiman-cuatro-mil-despidos\/"]}]},{"@type":"ImageObject","inLanguage":"es","@id":"https:\/\/www.mundoagropecuario.cl\/new\/iansa-confirma-cierre-de-planta-en-linares-y-se-estiman-cuatro-mil-despidos\/#primaryimage","url":"https:\/\/www.mundoagropecuario.cl\/new\/wp-content\/uploads\/2018\/07\/iansa-1.jpg","contentUrl":"https:\/\/www.mundoagropecuario.cl\/new\/wp-content\/uploads\/2018\/07\/iansa-1.jpg","width":600,"height":400},{"@type":"BreadcrumbList","@id":"https:\/\/www.mundoagropecuario.cl\/new\/iansa-confirma-cierre-de-planta-en-linares-y-se-estiman-cuatro-mil-despidos\/#breadcrumb","itemListElement":[{"@type":"ListItem","position":1,"name":"Portada","item":"https:\/\/www.mundoagropecuario.cl\/new\/"},{"@type":"ListItem","position":2,"name":"Iansa confirma cierre de planta en Linares y se estiman cuatro mil despidos"}]},{"@type":"WebSite","@id":"https:\/\/www.mundoagropecuario.cl\/new\/#website","url":"https:\/\/www.mundoagropecuario.cl\/new\/","name":"Mundoagropecuario","description":"Mundo Agropecuario","publisher":{"@id":"https:\/\/www.mundoagropecuario.cl\/new\/#organization"},"potentialAction":[{"@type":"SearchAction","target":{"@type":"EntryPoint","urlTemplate":"https:\/\/www.mundoagropecuario.cl\/new\/?s={search_term_string}"},"query-input":{"@type":"PropertyValueSpecification","valueRequired":true,"valueName":"search_term_string"}}],"inLanguage":"es"},{"@type":"Organization","@id":"https:\/\/www.mundoagropecuario.cl\/new\/#organization","name":"Revista de Agricultura","url":"https:\/\/www.mundoagropecuario.cl\/new\/","logo":{"@type":"ImageObject","inLanguage":"es","@id":"https:\/\/www.mundoagropecuario.cl\/new\/#\/schema\/logo\/image\/","url":"https:\/\/www.mundoagropecuario.cl\/new\/wp-content\/uploads\/2020\/11\/PORTAL-1-1.png","contentUrl":"https:\/\/www.mundoagropecuario.cl\/new\/wp-content\/uploads\/2020\/11\/PORTAL-1-1.png","width":1026,"height":100,"caption":"Revista de Agricultura"},"image":{"@id":"https:\/\/www.mundoagropecuario.cl\/new\/#\/schema\/logo\/image\/"},"sameAs":["https:\/\/www.facebook.com\/mundo.agropecuario.3","https:\/\/x.com\/MundoAgropecuar","https:\/\/www.linkedin.com\/in\/mundo-agropecuario-934009201\/"]},{"@type":"Person","@id":"https:\/\/www.mundoagropecuario.cl\/new\/#\/schema\/person\/0c221050801c74e45256a7a9a1ff0803","name":"periodista","url":"https:\/\/www.mundoagropecuario.cl\/new\/author\/periodista\/"}]}},"_links":{"self":[{"href":"https:\/\/www.mundoagropecuario.cl\/new\/wp-json\/wp\/v2\/posts\/7821","targetHints":{"allow":["GET"]}}],"collection":[{"href":"https:\/\/www.mundoagropecuario.cl\/new\/wp-json\/wp\/v2\/posts"}],"about":[{"href":"https:\/\/www.mundoagropecuario.cl\/new\/wp-json\/wp\/v2\/types\/post"}],"author":[{"embeddable":true,"href":"https:\/\/www.mundoagropecuario.cl\/new\/wp-json\/wp\/v2\/users\/3"}],"replies":[{"embeddable":true,"href":"https:\/\/www.mundoagropecuario.cl\/new\/wp-json\/wp\/v2\/comments?post=7821"}],"version-history":[{"count":1,"href":"https:\/\/www.mundoagropecuario.cl\/new\/wp-json\/wp\/v2\/posts\/7821\/revisions"}],"predecessor-version":[{"id":7823,"href":"https:\/\/www.mundoagropecuario.cl\/new\/wp-json\/wp\/v2\/posts\/7821\/revisions\/7823"}],"wp:featuredmedia":[{"embeddable":true,"href":"https:\/\/www.mundoagropecuario.cl\/new\/wp-json\/wp\/v2\/media\/7822"}],"wp:attachment":[{"href":"https:\/\/www.mundoagropecuario.cl\/new\/wp-json\/wp\/v2\/media?parent=7821"}],"wp:term":[{"taxonomy":"category","embeddable":true,"href":"https:\/\/www.mundoagropecuario.cl\/new\/wp-json\/wp\/v2\/categories?post=7821"},{"taxonomy":"post_tag","embeddable":true,"href":"https:\/\/www.mundoagropecuario.cl\/new\/wp-json\/wp\/v2\/tags?post=7821"}],"curies":[{"name":"wp","href":"https:\/\/api.w.org\/{rel}","templated":true}]}}