{"id":7793,"date":"2018-07-26T10:11:13","date_gmt":"2018-07-26T13:11:13","guid":{"rendered":"http:\/\/www.mundoagropecuario.cl\/new\/?p=7793"},"modified":"2018-07-31T16:30:58","modified_gmt":"2018-07-31T19:30:58","slug":"ministerio-de-agricultura-llama-a-estudiantes-a-postular-a-programa-de-perfeccionamiento-en-nueva-zelanda","status":"publish","type":"post","link":"https:\/\/www.mundoagropecuario.cl\/new\/ministerio-de-agricultura-llama-a-estudiantes-a-postular-a-programa-de-perfeccionamiento-en-nueva-zelanda\/","title":{"rendered":"Ministerio de Agricultura llama a estudiantes a postular a programa de perfeccionamiento en Nueva Zelanda"},"content":{"rendered":"<blockquote><p><em>Beca Semillero Rural 2018 es para alumnos de cuarto medio de establecimientos t\u00e9cnico-profesionales con especialidad agropecuaria. (Mundo Agropecuario).<\/em><\/p><\/blockquote>\n<p>Ganadores podr\u00e1n viajar a especializarse en lecher\u00eda o fruticultura. Hasta el pr\u00f3ximo 29 de agosto, el Ministerio de Agricultura mantendr\u00e1 abierta la convocatoria para que alumnos de cuarto medio de establecimientos t\u00e9cnico-profesionales y que cursan una especialidad agropecuaria, postulen a la Beca Semillero Rural.<\/p>\n<p>Al respecto, el seremi de Agricultura Juan Vicente Barrientos explic\u00f3 que se trata de un fondo que financia paquetes educativos en el extranjero para que estudiantes realicen una especializaci\u00f3n agropecuaria, en las \u00e1reas de ganader\u00eda en lecher\u00eda y de producci\u00f3n de fruta en Nueva Zelanda.<\/p>\n<p>\u201cLa beca est\u00e1 pensada en la formaci\u00f3n de capital humano para el sector agr\u00edcola y en el recambio generacional que necesitamos para estas actividades silvoagropecuarias. Para el Ministerio de Agricultura es una prioridad fortalecer el desarrollo rural, es uno de los lineamientos del Gobierno del Presidente Sebasti\u00e1n Pi\u00f1era y, por ello, estamos apoyando a los j\u00f3venes. Nueva Zelanda, sin duda, es una excelente plaza para traer conocimiento de primer nivel a nuestra regi\u00f3n\u201d, se\u00f1al\u00f3 la autoridad del agro.<\/p>\n<p>Joshua Paredes fue uno de los beneficiados por Semillero Rural, antes de estudiar medicina veterinaria, decidi\u00f3 postular a la beca, como alumno de Liceo Adolfo Matthei. La experiencia, asegura, lo marc\u00f3 positivamente.<\/p>\n<p>\u201cHaber estado en Nueva Zelanda le da harto peso al curr\u00edculo, me entreg\u00f3 mi primera experiencia laboral y permiti\u00f3 aprender algunos manejos en lecher\u00eda que a\u00fan en Chile no se desarrollan en profundidad\u201d, asegura el joven, quien es hijo de peque\u00f1os agricultores de la comuna de R\u00edo Negro.<\/p>\n<p>El estudiante recomienda postular a Semillero Rural a todos aquellos j\u00f3venes que tienen el deseo continuar una carrera en el sector silvoagropecuario o inter\u00e9s de trabajar en el campo. \u201cEstuve trabajando ocho meses para una compa\u00f1\u00eda, aprend\u00eda bastante ingl\u00e9s e incluso tuve que administrar por un mes y medio la lecher\u00eda donde hice el perfeccionamiento. Para el \u00e1rea de lecher\u00eda es s\u00faper recomendable, igual para quienes quieren trabajar en frutales, ya que estos est\u00e1n tomando fuerza en la regi\u00f3n de Los Lagos\u201d, dijo.<\/p>\n<p><strong>Programa<\/strong><\/p>\n<p>El programa, financiado por el Ministerio de Agricultura, incluye clases de ingl\u00e9s, especializaci\u00f3n en un rubro agr\u00edcola y la realizaci\u00f3n de una pr\u00e1ctica profesional. La regi\u00f3n de Los Lagos fue la que m\u00e1s estudiantes aport\u00f3 en esta generaci\u00f3n de alumnos de lecher\u00eda con ocho.<\/p>\n<p>M\u00e1s informaci\u00f3n en el siguiente link: <a href=\"https:\/\/www.minagri.gob.cl\/noticia\/minagri-abre-convocatoria-de-beca-semillero-rural-2018\/\">https:\/\/www.minagri.gob.cl\/noticia\/minagri-abre-convocatoria-de-beca-semillero-rural-2018\/<\/a><\/p>\n","protected":false},"excerpt":{"rendered":"<p>Beca Semillero Rural 2018 es para alumnos de cuarto medio de establecimientos t\u00e9cnico-profesionales con especialidad agropecuaria. (Mundo Agropecuario). Ganadores podr\u00e1n viajar a especializarse en lecher\u00eda o fruticultura. Hasta el pr\u00f3ximo&#8230;<\/p>\n","protected":false},"author":3,"featured_media":7794,"comment_status":"closed","ping_status":"closed","sticky":false,"template":"","format":"standard","meta":{"footnotes":""},"categories":[1987],"tags":[2035,2247],"class_list":["post-7793","post","type-post","status-publish","format-standard","has-post-thumbnail","hentry","category-instituciones","tag-minagri","tag-nueva-zelanda"],"yoast_head":"<!-- This site is optimized with the Yoast SEO plugin v26.6 - https:\/\/yoast.com\/wordpress\/plugins\/seo\/ -->\n<title>Ministerio de Agricultura llama a estudiantes a postular a programa de perfeccionamiento en Nueva Zelanda - Mundoagropecuario<\/title>\n<meta name=\"robots\" content=\"index, follow, max-snippet:-1, max-image-preview:large, max-video-preview:-1\" \/>\n<link rel=\"canonical\" href=\"https:\/\/www.mundoagropecuario.cl\/new\/ministerio-de-agricultura-llama-a-estudiantes-a-postular-a-programa-de-perfeccionamiento-en-nueva-zelanda\/\" \/>\n<meta property=\"og:locale\" content=\"es_ES\" \/>\n<meta property=\"og:type\" content=\"article\" \/>\n<meta property=\"og:title\" content=\"Ministerio de Agricultura llama a estudiantes a postular a programa de perfeccionamiento en Nueva Zelanda - Mundoagropecuario\" \/>\n<meta property=\"og:description\" content=\"Beca Semillero Rural 2018 es para alumnos de cuarto medio de establecimientos t\u00e9cnico-profesionales con especialidad agropecuaria. (Mundo Agropecuario). Ganadores podr\u00e1n viajar a especializarse en lecher\u00eda o fruticultura. Hasta el pr\u00f3ximo...\" \/>\n<meta property=\"og:url\" content=\"https:\/\/www.mundoagropecuario.cl\/new\/ministerio-de-agricultura-llama-a-estudiantes-a-postular-a-programa-de-perfeccionamiento-en-nueva-zelanda\/\" \/>\n<meta property=\"og:site_name\" content=\"Mundoagropecuario\" \/>\n<meta property=\"article:publisher\" content=\"https:\/\/www.facebook.com\/mundo.agropecuario.3\" \/>\n<meta property=\"article:published_time\" content=\"2018-07-26T13:11:13+00:00\" \/>\n<meta property=\"article:modified_time\" content=\"2018-07-31T19:30:58+00:00\" \/>\n<meta property=\"og:image\" content=\"https:\/\/www.mundoagropecuario.cl\/new\/wp-content\/uploads\/2018\/07\/nzelanda.jpg\" \/>\n\t<meta property=\"og:image:width\" content=\"1000\" \/>\n\t<meta property=\"og:image:height\" content=\"750\" \/>\n\t<meta property=\"og:image:type\" content=\"image\/jpeg\" \/>\n<meta name=\"author\" content=\"periodista\" \/>\n<meta name=\"twitter:card\" content=\"summary_large_image\" \/>\n<meta name=\"twitter:creator\" content=\"@MundoAgropecuar\" \/>\n<meta name=\"twitter:site\" content=\"@MundoAgropecuar\" \/>\n<meta name=\"twitter:label1\" content=\"Escrito por\" \/>\n\t<meta name=\"twitter:data1\" content=\"periodista\" \/>\n\t<meta name=\"twitter:label2\" content=\"Tiempo de lectura\" \/>\n\t<meta name=\"twitter:data2\" content=\"2 minutos\" \/>\n<script type=\"application\/ld+json\" class=\"yoast-schema-graph\">{\"@context\":\"https:\/\/schema.org\",\"@graph\":[{\"@type\":\"Article\",\"@id\":\"https:\/\/www.mundoagropecuario.cl\/new\/ministerio-de-agricultura-llama-a-estudiantes-a-postular-a-programa-de-perfeccionamiento-en-nueva-zelanda\/#article\",\"isPartOf\":{\"@id\":\"https:\/\/www.mundoagropecuario.cl\/new\/ministerio-de-agricultura-llama-a-estudiantes-a-postular-a-programa-de-perfeccionamiento-en-nueva-zelanda\/\"},\"author\":{\"name\":\"periodista\",\"@id\":\"https:\/\/www.mundoagropecuario.cl\/new\/#\/schema\/person\/0c221050801c74e45256a7a9a1ff0803\"},\"headline\":\"Ministerio de Agricultura llama a estudiantes a postular a programa de perfeccionamiento en Nueva Zelanda\",\"datePublished\":\"2018-07-26T13:11:13+00:00\",\"dateModified\":\"2018-07-31T19:30:58+00:00\",\"mainEntityOfPage\":{\"@id\":\"https:\/\/www.mundoagropecuario.cl\/new\/ministerio-de-agricultura-llama-a-estudiantes-a-postular-a-programa-de-perfeccionamiento-en-nueva-zelanda\/\"},\"wordCount\":461,\"publisher\":{\"@id\":\"https:\/\/www.mundoagropecuario.cl\/new\/#organization\"},\"image\":{\"@id\":\"https:\/\/www.mundoagropecuario.cl\/new\/ministerio-de-agricultura-llama-a-estudiantes-a-postular-a-programa-de-perfeccionamiento-en-nueva-zelanda\/#primaryimage\"},\"thumbnailUrl\":\"https:\/\/www.mundoagropecuario.cl\/new\/wp-content\/uploads\/2018\/07\/nzelanda.jpg\",\"keywords\":[\"Minagri\",\"Nueva Zelanda\"],\"articleSection\":[\"Instituciones\"],\"inLanguage\":\"es\"},{\"@type\":\"WebPage\",\"@id\":\"https:\/\/www.mundoagropecuario.cl\/new\/ministerio-de-agricultura-llama-a-estudiantes-a-postular-a-programa-de-perfeccionamiento-en-nueva-zelanda\/\",\"url\":\"https:\/\/www.mundoagropecuario.cl\/new\/ministerio-de-agricultura-llama-a-estudiantes-a-postular-a-programa-de-perfeccionamiento-en-nueva-zelanda\/\",\"name\":\"Ministerio de Agricultura llama a estudiantes a postular a programa de perfeccionamiento en Nueva Zelanda - Mundoagropecuario\",\"isPartOf\":{\"@id\":\"https:\/\/www.mundoagropecuario.cl\/new\/#website\"},\"primaryImageOfPage\":{\"@id\":\"https:\/\/www.mundoagropecuario.cl\/new\/ministerio-de-agricultura-llama-a-estudiantes-a-postular-a-programa-de-perfeccionamiento-en-nueva-zelanda\/#primaryimage\"},\"image\":{\"@id\":\"https:\/\/www.mundoagropecuario.cl\/new\/ministerio-de-agricultura-llama-a-estudiantes-a-postular-a-programa-de-perfeccionamiento-en-nueva-zelanda\/#primaryimage\"},\"thumbnailUrl\":\"https:\/\/www.mundoagropecuario.cl\/new\/wp-content\/uploads\/2018\/07\/nzelanda.jpg\",\"datePublished\":\"2018-07-26T13:11:13+00:00\",\"dateModified\":\"2018-07-31T19:30:58+00:00\",\"breadcrumb\":{\"@id\":\"https:\/\/www.mundoagropecuario.cl\/new\/ministerio-de-agricultura-llama-a-estudiantes-a-postular-a-programa-de-perfeccionamiento-en-nueva-zelanda\/#breadcrumb\"},\"inLanguage\":\"es\",\"potentialAction\":[{\"@type\":\"ReadAction\",\"target\":[\"https:\/\/www.mundoagropecuario.cl\/new\/ministerio-de-agricultura-llama-a-estudiantes-a-postular-a-programa-de-perfeccionamiento-en-nueva-zelanda\/\"]}]},{\"@type\":\"ImageObject\",\"inLanguage\":\"es\",\"@id\":\"https:\/\/www.mundoagropecuario.cl\/new\/ministerio-de-agricultura-llama-a-estudiantes-a-postular-a-programa-de-perfeccionamiento-en-nueva-zelanda\/#primaryimage\",\"url\":\"https:\/\/www.mundoagropecuario.cl\/new\/wp-content\/uploads\/2018\/07\/nzelanda.jpg\",\"contentUrl\":\"https:\/\/www.mundoagropecuario.cl\/new\/wp-content\/uploads\/2018\/07\/nzelanda.jpg\",\"width\":533,\"height\":400},{\"@type\":\"BreadcrumbList\",\"@id\":\"https:\/\/www.mundoagropecuario.cl\/new\/ministerio-de-agricultura-llama-a-estudiantes-a-postular-a-programa-de-perfeccionamiento-en-nueva-zelanda\/#breadcrumb\",\"itemListElement\":[{\"@type\":\"ListItem\",\"position\":1,\"name\":\"Portada\",\"item\":\"https:\/\/www.mundoagropecuario.cl\/new\/\"},{\"@type\":\"ListItem\",\"position\":2,\"name\":\"Ministerio de Agricultura llama a estudiantes a postular a programa de perfeccionamiento en Nueva Zelanda\"}]},{\"@type\":\"WebSite\",\"@id\":\"https:\/\/www.mundoagropecuario.cl\/new\/#website\",\"url\":\"https:\/\/www.mundoagropecuario.cl\/new\/\",\"name\":\"Mundoagropecuario\",\"description\":\"Mundo Agropecuario\",\"publisher\":{\"@id\":\"https:\/\/www.mundoagropecuario.cl\/new\/#organization\"},\"potentialAction\":[{\"@type\":\"SearchAction\",\"target\":{\"@type\":\"EntryPoint\",\"urlTemplate\":\"https:\/\/www.mundoagropecuario.cl\/new\/?s={search_term_string}\"},\"query-input\":{\"@type\":\"PropertyValueSpecification\",\"valueRequired\":true,\"valueName\":\"search_term_string\"}}],\"inLanguage\":\"es\"},{\"@type\":\"Organization\",\"@id\":\"https:\/\/www.mundoagropecuario.cl\/new\/#organization\",\"name\":\"Revista de Agricultura\",\"url\":\"https:\/\/www.mundoagropecuario.cl\/new\/\",\"logo\":{\"@type\":\"ImageObject\",\"inLanguage\":\"es\",\"@id\":\"https:\/\/www.mundoagropecuario.cl\/new\/#\/schema\/logo\/image\/\",\"url\":\"https:\/\/www.mundoagropecuario.cl\/new\/wp-content\/uploads\/2020\/11\/PORTAL-1-1.png\",\"contentUrl\":\"https:\/\/www.mundoagropecuario.cl\/new\/wp-content\/uploads\/2020\/11\/PORTAL-1-1.png\",\"width\":1026,\"height\":100,\"caption\":\"Revista de Agricultura\"},\"image\":{\"@id\":\"https:\/\/www.mundoagropecuario.cl\/new\/#\/schema\/logo\/image\/\"},\"sameAs\":[\"https:\/\/www.facebook.com\/mundo.agropecuario.3\",\"https:\/\/x.com\/MundoAgropecuar\",\"https:\/\/www.linkedin.com\/in\/mundo-agropecuario-934009201\/\"]},{\"@type\":\"Person\",\"@id\":\"https:\/\/www.mundoagropecuario.cl\/new\/#\/schema\/person\/0c221050801c74e45256a7a9a1ff0803\",\"name\":\"periodista\",\"url\":\"https:\/\/www.mundoagropecuario.cl\/new\/author\/periodista\/\"}]}<\/script>\n<!-- \/ Yoast SEO plugin. -->","yoast_head_json":{"title":"Ministerio de Agricultura llama a estudiantes a postular a programa de perfeccionamiento en Nueva Zelanda - Mundoagropecuario","robots":{"index":"index","follow":"follow","max-snippet":"max-snippet:-1","max-image-preview":"max-image-preview:large","max-video-preview":"max-video-preview:-1"},"canonical":"https:\/\/www.mundoagropecuario.cl\/new\/ministerio-de-agricultura-llama-a-estudiantes-a-postular-a-programa-de-perfeccionamiento-en-nueva-zelanda\/","og_locale":"es_ES","og_type":"article","og_title":"Ministerio de Agricultura llama a estudiantes a postular a programa de perfeccionamiento en Nueva Zelanda - Mundoagropecuario","og_description":"Beca Semillero Rural 2018 es para alumnos de cuarto medio de establecimientos t\u00e9cnico-profesionales con especialidad agropecuaria. (Mundo Agropecuario). Ganadores podr\u00e1n viajar a especializarse en lecher\u00eda o fruticultura. Hasta el pr\u00f3ximo...","og_url":"https:\/\/www.mundoagropecuario.cl\/new\/ministerio-de-agricultura-llama-a-estudiantes-a-postular-a-programa-de-perfeccionamiento-en-nueva-zelanda\/","og_site_name":"Mundoagropecuario","article_publisher":"https:\/\/www.facebook.com\/mundo.agropecuario.3","article_published_time":"2018-07-26T13:11:13+00:00","article_modified_time":"2018-07-31T19:30:58+00:00","og_image":[{"width":1000,"height":750,"url":"https:\/\/www.mundoagropecuario.cl\/new\/wp-content\/uploads\/2018\/07\/nzelanda.jpg","type":"image\/jpeg"}],"author":"periodista","twitter_card":"summary_large_image","twitter_creator":"@MundoAgropecuar","twitter_site":"@MundoAgropecuar","twitter_misc":{"Escrito por":"periodista","Tiempo de lectura":"2 minutos"},"schema":{"@context":"https:\/\/schema.org","@graph":[{"@type":"Article","@id":"https:\/\/www.mundoagropecuario.cl\/new\/ministerio-de-agricultura-llama-a-estudiantes-a-postular-a-programa-de-perfeccionamiento-en-nueva-zelanda\/#article","isPartOf":{"@id":"https:\/\/www.mundoagropecuario.cl\/new\/ministerio-de-agricultura-llama-a-estudiantes-a-postular-a-programa-de-perfeccionamiento-en-nueva-zelanda\/"},"author":{"name":"periodista","@id":"https:\/\/www.mundoagropecuario.cl\/new\/#\/schema\/person\/0c221050801c74e45256a7a9a1ff0803"},"headline":"Ministerio de Agricultura llama a estudiantes a postular a programa de perfeccionamiento en Nueva Zelanda","datePublished":"2018-07-26T13:11:13+00:00","dateModified":"2018-07-31T19:30:58+00:00","mainEntityOfPage":{"@id":"https:\/\/www.mundoagropecuario.cl\/new\/ministerio-de-agricultura-llama-a-estudiantes-a-postular-a-programa-de-perfeccionamiento-en-nueva-zelanda\/"},"wordCount":461,"publisher":{"@id":"https:\/\/www.mundoagropecuario.cl\/new\/#organization"},"image":{"@id":"https:\/\/www.mundoagropecuario.cl\/new\/ministerio-de-agricultura-llama-a-estudiantes-a-postular-a-programa-de-perfeccionamiento-en-nueva-zelanda\/#primaryimage"},"thumbnailUrl":"https:\/\/www.mundoagropecuario.cl\/new\/wp-content\/uploads\/2018\/07\/nzelanda.jpg","keywords":["Minagri","Nueva Zelanda"],"articleSection":["Instituciones"],"inLanguage":"es"},{"@type":"WebPage","@id":"https:\/\/www.mundoagropecuario.cl\/new\/ministerio-de-agricultura-llama-a-estudiantes-a-postular-a-programa-de-perfeccionamiento-en-nueva-zelanda\/","url":"https:\/\/www.mundoagropecuario.cl\/new\/ministerio-de-agricultura-llama-a-estudiantes-a-postular-a-programa-de-perfeccionamiento-en-nueva-zelanda\/","name":"Ministerio de Agricultura llama a estudiantes a postular a programa de perfeccionamiento en Nueva Zelanda - Mundoagropecuario","isPartOf":{"@id":"https:\/\/www.mundoagropecuario.cl\/new\/#website"},"primaryImageOfPage":{"@id":"https:\/\/www.mundoagropecuario.cl\/new\/ministerio-de-agricultura-llama-a-estudiantes-a-postular-a-programa-de-perfeccionamiento-en-nueva-zelanda\/#primaryimage"},"image":{"@id":"https:\/\/www.mundoagropecuario.cl\/new\/ministerio-de-agricultura-llama-a-estudiantes-a-postular-a-programa-de-perfeccionamiento-en-nueva-zelanda\/#primaryimage"},"thumbnailUrl":"https:\/\/www.mundoagropecuario.cl\/new\/wp-content\/uploads\/2018\/07\/nzelanda.jpg","datePublished":"2018-07-26T13:11:13+00:00","dateModified":"2018-07-31T19:30:58+00:00","breadcrumb":{"@id":"https:\/\/www.mundoagropecuario.cl\/new\/ministerio-de-agricultura-llama-a-estudiantes-a-postular-a-programa-de-perfeccionamiento-en-nueva-zelanda\/#breadcrumb"},"inLanguage":"es","potentialAction":[{"@type":"ReadAction","target":["https:\/\/www.mundoagropecuario.cl\/new\/ministerio-de-agricultura-llama-a-estudiantes-a-postular-a-programa-de-perfeccionamiento-en-nueva-zelanda\/"]}]},{"@type":"ImageObject","inLanguage":"es","@id":"https:\/\/www.mundoagropecuario.cl\/new\/ministerio-de-agricultura-llama-a-estudiantes-a-postular-a-programa-de-perfeccionamiento-en-nueva-zelanda\/#primaryimage","url":"https:\/\/www.mundoagropecuario.cl\/new\/wp-content\/uploads\/2018\/07\/nzelanda.jpg","contentUrl":"https:\/\/www.mundoagropecuario.cl\/new\/wp-content\/uploads\/2018\/07\/nzelanda.jpg","width":533,"height":400},{"@type":"BreadcrumbList","@id":"https:\/\/www.mundoagropecuario.cl\/new\/ministerio-de-agricultura-llama-a-estudiantes-a-postular-a-programa-de-perfeccionamiento-en-nueva-zelanda\/#breadcrumb","itemListElement":[{"@type":"ListItem","position":1,"name":"Portada","item":"https:\/\/www.mundoagropecuario.cl\/new\/"},{"@type":"ListItem","position":2,"name":"Ministerio de Agricultura llama a estudiantes a postular a programa de perfeccionamiento en Nueva Zelanda"}]},{"@type":"WebSite","@id":"https:\/\/www.mundoagropecuario.cl\/new\/#website","url":"https:\/\/www.mundoagropecuario.cl\/new\/","name":"Mundoagropecuario","description":"Mundo Agropecuario","publisher":{"@id":"https:\/\/www.mundoagropecuario.cl\/new\/#organization"},"potentialAction":[{"@type":"SearchAction","target":{"@type":"EntryPoint","urlTemplate":"https:\/\/www.mundoagropecuario.cl\/new\/?s={search_term_string}"},"query-input":{"@type":"PropertyValueSpecification","valueRequired":true,"valueName":"search_term_string"}}],"inLanguage":"es"},{"@type":"Organization","@id":"https:\/\/www.mundoagropecuario.cl\/new\/#organization","name":"Revista de Agricultura","url":"https:\/\/www.mundoagropecuario.cl\/new\/","logo":{"@type":"ImageObject","inLanguage":"es","@id":"https:\/\/www.mundoagropecuario.cl\/new\/#\/schema\/logo\/image\/","url":"https:\/\/www.mundoagropecuario.cl\/new\/wp-content\/uploads\/2020\/11\/PORTAL-1-1.png","contentUrl":"https:\/\/www.mundoagropecuario.cl\/new\/wp-content\/uploads\/2020\/11\/PORTAL-1-1.png","width":1026,"height":100,"caption":"Revista de Agricultura"},"image":{"@id":"https:\/\/www.mundoagropecuario.cl\/new\/#\/schema\/logo\/image\/"},"sameAs":["https:\/\/www.facebook.com\/mundo.agropecuario.3","https:\/\/x.com\/MundoAgropecuar","https:\/\/www.linkedin.com\/in\/mundo-agropecuario-934009201\/"]},{"@type":"Person","@id":"https:\/\/www.mundoagropecuario.cl\/new\/#\/schema\/person\/0c221050801c74e45256a7a9a1ff0803","name":"periodista","url":"https:\/\/www.mundoagropecuario.cl\/new\/author\/periodista\/"}]}},"_links":{"self":[{"href":"https:\/\/www.mundoagropecuario.cl\/new\/wp-json\/wp\/v2\/posts\/7793","targetHints":{"allow":["GET"]}}],"collection":[{"href":"https:\/\/www.mundoagropecuario.cl\/new\/wp-json\/wp\/v2\/posts"}],"about":[{"href":"https:\/\/www.mundoagropecuario.cl\/new\/wp-json\/wp\/v2\/types\/post"}],"author":[{"embeddable":true,"href":"https:\/\/www.mundoagropecuario.cl\/new\/wp-json\/wp\/v2\/users\/3"}],"replies":[{"embeddable":true,"href":"https:\/\/www.mundoagropecuario.cl\/new\/wp-json\/wp\/v2\/comments?post=7793"}],"version-history":[{"count":1,"href":"https:\/\/www.mundoagropecuario.cl\/new\/wp-json\/wp\/v2\/posts\/7793\/revisions"}],"predecessor-version":[{"id":7795,"href":"https:\/\/www.mundoagropecuario.cl\/new\/wp-json\/wp\/v2\/posts\/7793\/revisions\/7795"}],"wp:featuredmedia":[{"embeddable":true,"href":"https:\/\/www.mundoagropecuario.cl\/new\/wp-json\/wp\/v2\/media\/7794"}],"wp:attachment":[{"href":"https:\/\/www.mundoagropecuario.cl\/new\/wp-json\/wp\/v2\/media?parent=7793"}],"wp:term":[{"taxonomy":"category","embeddable":true,"href":"https:\/\/www.mundoagropecuario.cl\/new\/wp-json\/wp\/v2\/categories?post=7793"},{"taxonomy":"post_tag","embeddable":true,"href":"https:\/\/www.mundoagropecuario.cl\/new\/wp-json\/wp\/v2\/tags?post=7793"}],"curies":[{"name":"wp","href":"https:\/\/api.w.org\/{rel}","templated":true}]}}