{"id":7772,"date":"2018-07-25T10:06:20","date_gmt":"2018-07-25T13:06:20","guid":{"rendered":"http:\/\/www.mundoagropecuario.cl\/new\/?p=7772"},"modified":"2018-07-25T10:10:08","modified_gmt":"2018-07-25T13:10:08","slug":"ministro-walker-ad-portas-de-reunion-con-iansa-le-pedimos-a-la-empresa-que-haga-su-parte-para-no-cerrar-la-planta-de-linares-esta-temporada","status":"publish","type":"post","link":"https:\/\/www.mundoagropecuario.cl\/new\/ministro-walker-ad-portas-de-reunion-con-iansa-le-pedimos-a-la-empresa-que-haga-su-parte-para-no-cerrar-la-planta-de-linares-esta-temporada\/","title":{"rendered":"Ministro Walker ad portas de reuni\u00f3n con Iansa: \u201cLe pedimos a la empresa que haga su parte para no cerrar la planta de Linares esta temporada\u201d"},"content":{"rendered":"<blockquote><p><em>El secretario de Estado destac\u00f3 que el gobierno est\u00e1 abierto a revisar la base de c\u00e1lculo del impuesto verde que actualmente paga la agroindustria y anunci\u00f3 que ma\u00f1ana se reunir\u00e1 con los directivos. (Mundo Agropecuario).<\/em><\/p><\/blockquote>\n<p>\u201cNosotros estamos muy esperanzados en que la reuni\u00f3n que vamos a tener ma\u00f1ana con el presidente de Iansa, los directores y el gerente general. Esperamos que Iansa venga con una buena noticia dado a que el Gobierno est\u00e1 haciendo su parte. Le pedimos a la empresa que haga su parte para no cerrar la planta de Linares para esta temporada\u201d. De esta forma el Ministro de Agricultura, Antonio Walker, reforz\u00f3 el llamado a los directivos de Iansa a que acojan la petici\u00f3n que ha hecho el Gobierno de no cerrar definitivamente la planta en Linares.<\/p>\n<p>Esto, en el marco de la reuni\u00f3n que sostuvo el ministro Walker con el Intendente de la regi\u00f3n del Maule, Pablo Milad y la seremi de Agricultura, Carolina Torres, donde el secretario de Estado adem\u00e1s anunci\u00f3 que se reunir\u00e1 ma\u00f1ana con los directivos de la empresa, previo a la sesi\u00f3n del directorio de Iansa que est\u00e1 previsto para el pr\u00f3ximo jueves.<\/p>\n<p>\u201cHemos estados preocupados hace mucho tiempo respecto del cierre de la planta, hemos estado trabajando en conjunto para hacer todos los esfuerzos posibles como gobierno para que pueda continuar funcionando. Sabemos que la situaci\u00f3n de la empresa es muy dif\u00edcil y por eso es que hemos comprometido toda la ayuda posible del gobierno del presidente Pi\u00f1era, se han hecho muchas gestiones para que el Ministerio de Hacienda se abra a la posibilidad de recalcular la f\u00f3rmula para el impuesto verde y de esa forma la empresa pueda tener un menor costo y un incentivo m\u00e1s para no cerrar las puertas de la planta de Linares\u201d, explic\u00f3 Walker.<\/p>\n<p>Particularmente sobre este punto, el ministro destac\u00f3 la disposici\u00f3n que ha tenido el ministro Felipe Larra\u00edn respecto de abrirse a recalcular la f\u00f3rmula del impuesto verde, de tal forma de que la agroindustria \u201cno tenga que pagar este impuesto porque la f\u00f3rmula de c\u00e1lculo no est\u00e1 bien hecha, se hizo pensando para la termoel\u00e9ctricas que hoy no pagan un peso por este impuesto\u201d.<\/p>\n<p>Respecto a la molestia del sector remolachero por el decreto que rebaja el costo arancelario a la importaci\u00f3n de az\u00facar, Walker se\u00f1al\u00f3 que \u201cqueremos ser enf\u00e1ticos en que esta es una ley que viene del a\u00f1o 2003 y este es un decreto que firma el Ministerio de Hacienda todos los meses. Esto no altera el precio del ingreso del az\u00facar y no lo ha alterado en los \u00faltimos seis a\u00f1os (\u2026) aqu\u00ed no hay ning\u00fan cambio en las reglas del juego y lamentamos que se ocupe pol\u00edticamente el resultado de este decreto que no cambia en nada la situaci\u00f3n del precio de los aranceles que se pagan por el az\u00facar que ingresa al pa\u00eds\u201d.<\/p>\n<p>Por su parte, el intendente Milad se\u00f1al\u00f3 que a nivel regional se contin\u00faa trabajando para tratar de encontrar una soluci\u00f3n ante las repercusiones que puede generar en la zona el cierre de la planta. \u201cNosotros en un eventual cierre tenemos mecanismos de contingencia para prever todas las repercusiones, incluso para los hijos de los funcionarios que son universitarios y no tienen beca poder cubrir esto en un supuesto cierre\u201d, concluy\u00f3.<\/p>\n","protected":false},"excerpt":{"rendered":"<p>El secretario de Estado destac\u00f3 que el gobierno est\u00e1 abierto a revisar la base de c\u00e1lculo del impuesto verde que actualmente paga la agroindustria y anunci\u00f3 que ma\u00f1ana se reunir\u00e1&#8230;<\/p>\n","protected":false},"author":3,"featured_media":7773,"comment_status":"closed","ping_status":"closed","sticky":false,"template":"","format":"standard","meta":{"footnotes":""},"categories":[404],"tags":[],"class_list":["post-7772","post","type-post","status-publish","format-standard","has-post-thumbnail","hentry","category-titular-2"],"yoast_head":"<!-- This site is optimized with the Yoast SEO plugin v26.6 - https:\/\/yoast.com\/wordpress\/plugins\/seo\/ -->\n<title>Ministro Walker ad portas de reuni\u00f3n con Iansa: \u201cLe pedimos a la empresa que haga su parte para no cerrar la planta de Linares esta temporada\u201d - Mundoagropecuario<\/title>\n<meta name=\"robots\" content=\"index, follow, max-snippet:-1, max-image-preview:large, max-video-preview:-1\" \/>\n<link rel=\"canonical\" href=\"https:\/\/www.mundoagropecuario.cl\/new\/ministro-walker-ad-portas-de-reunion-con-iansa-le-pedimos-a-la-empresa-que-haga-su-parte-para-no-cerrar-la-planta-de-linares-esta-temporada\/\" \/>\n<meta property=\"og:locale\" content=\"es_ES\" \/>\n<meta property=\"og:type\" content=\"article\" \/>\n<meta property=\"og:title\" content=\"Ministro Walker ad portas de reuni\u00f3n con Iansa: \u201cLe pedimos a la empresa que haga su parte para no cerrar la planta de Linares esta temporada\u201d - Mundoagropecuario\" \/>\n<meta property=\"og:description\" content=\"El secretario de Estado destac\u00f3 que el gobierno est\u00e1 abierto a revisar la base de c\u00e1lculo del impuesto verde que actualmente paga la agroindustria y anunci\u00f3 que ma\u00f1ana se reunir\u00e1...\" \/>\n<meta property=\"og:url\" content=\"https:\/\/www.mundoagropecuario.cl\/new\/ministro-walker-ad-portas-de-reunion-con-iansa-le-pedimos-a-la-empresa-que-haga-su-parte-para-no-cerrar-la-planta-de-linares-esta-temporada\/\" \/>\n<meta property=\"og:site_name\" content=\"Mundoagropecuario\" \/>\n<meta property=\"article:publisher\" content=\"https:\/\/www.facebook.com\/mundo.agropecuario.3\" \/>\n<meta property=\"article:published_time\" content=\"2018-07-25T13:06:20+00:00\" \/>\n<meta property=\"article:modified_time\" content=\"2018-07-25T13:10:08+00:00\" \/>\n<meta property=\"og:image\" content=\"https:\/\/www.mundoagropecuario.cl\/new\/wp-content\/uploads\/2018\/07\/walker.jpg\" \/>\n\t<meta property=\"og:image:width\" content=\"1000\" \/>\n\t<meta property=\"og:image:height\" content=\"666\" \/>\n\t<meta property=\"og:image:type\" content=\"image\/jpeg\" \/>\n<meta name=\"author\" content=\"periodista\" \/>\n<meta name=\"twitter:card\" content=\"summary_large_image\" \/>\n<meta name=\"twitter:creator\" content=\"@MundoAgropecuar\" \/>\n<meta name=\"twitter:site\" content=\"@MundoAgropecuar\" \/>\n<meta name=\"twitter:label1\" content=\"Escrito por\" \/>\n\t<meta name=\"twitter:data1\" content=\"periodista\" \/>\n\t<meta name=\"twitter:label2\" content=\"Tiempo de lectura\" \/>\n\t<meta name=\"twitter:data2\" content=\"3 minutos\" \/>\n<script type=\"application\/ld+json\" class=\"yoast-schema-graph\">{\"@context\":\"https:\/\/schema.org\",\"@graph\":[{\"@type\":\"Article\",\"@id\":\"https:\/\/www.mundoagropecuario.cl\/new\/ministro-walker-ad-portas-de-reunion-con-iansa-le-pedimos-a-la-empresa-que-haga-su-parte-para-no-cerrar-la-planta-de-linares-esta-temporada\/#article\",\"isPartOf\":{\"@id\":\"https:\/\/www.mundoagropecuario.cl\/new\/ministro-walker-ad-portas-de-reunion-con-iansa-le-pedimos-a-la-empresa-que-haga-su-parte-para-no-cerrar-la-planta-de-linares-esta-temporada\/\"},\"author\":{\"name\":\"periodista\",\"@id\":\"https:\/\/www.mundoagropecuario.cl\/new\/#\/schema\/person\/0c221050801c74e45256a7a9a1ff0803\"},\"headline\":\"Ministro Walker ad portas de reuni\u00f3n con Iansa: \u201cLe pedimos a la empresa que haga su parte para no cerrar la planta de Linares esta temporada\u201d\",\"datePublished\":\"2018-07-25T13:06:20+00:00\",\"dateModified\":\"2018-07-25T13:10:08+00:00\",\"mainEntityOfPage\":{\"@id\":\"https:\/\/www.mundoagropecuario.cl\/new\/ministro-walker-ad-portas-de-reunion-con-iansa-le-pedimos-a-la-empresa-que-haga-su-parte-para-no-cerrar-la-planta-de-linares-esta-temporada\/\"},\"wordCount\":607,\"publisher\":{\"@id\":\"https:\/\/www.mundoagropecuario.cl\/new\/#organization\"},\"image\":{\"@id\":\"https:\/\/www.mundoagropecuario.cl\/new\/ministro-walker-ad-portas-de-reunion-con-iansa-le-pedimos-a-la-empresa-que-haga-su-parte-para-no-cerrar-la-planta-de-linares-esta-temporada\/#primaryimage\"},\"thumbnailUrl\":\"https:\/\/www.mundoagropecuario.cl\/new\/wp-content\/uploads\/2018\/07\/walker.jpg\",\"articleSection\":[\"Titular 2\"],\"inLanguage\":\"es\"},{\"@type\":\"WebPage\",\"@id\":\"https:\/\/www.mundoagropecuario.cl\/new\/ministro-walker-ad-portas-de-reunion-con-iansa-le-pedimos-a-la-empresa-que-haga-su-parte-para-no-cerrar-la-planta-de-linares-esta-temporada\/\",\"url\":\"https:\/\/www.mundoagropecuario.cl\/new\/ministro-walker-ad-portas-de-reunion-con-iansa-le-pedimos-a-la-empresa-que-haga-su-parte-para-no-cerrar-la-planta-de-linares-esta-temporada\/\",\"name\":\"Ministro Walker ad portas de reuni\u00f3n con Iansa: \u201cLe pedimos a la empresa que haga su parte para no cerrar la planta de Linares esta temporada\u201d - Mundoagropecuario\",\"isPartOf\":{\"@id\":\"https:\/\/www.mundoagropecuario.cl\/new\/#website\"},\"primaryImageOfPage\":{\"@id\":\"https:\/\/www.mundoagropecuario.cl\/new\/ministro-walker-ad-portas-de-reunion-con-iansa-le-pedimos-a-la-empresa-que-haga-su-parte-para-no-cerrar-la-planta-de-linares-esta-temporada\/#primaryimage\"},\"image\":{\"@id\":\"https:\/\/www.mundoagropecuario.cl\/new\/ministro-walker-ad-portas-de-reunion-con-iansa-le-pedimos-a-la-empresa-que-haga-su-parte-para-no-cerrar-la-planta-de-linares-esta-temporada\/#primaryimage\"},\"thumbnailUrl\":\"https:\/\/www.mundoagropecuario.cl\/new\/wp-content\/uploads\/2018\/07\/walker.jpg\",\"datePublished\":\"2018-07-25T13:06:20+00:00\",\"dateModified\":\"2018-07-25T13:10:08+00:00\",\"breadcrumb\":{\"@id\":\"https:\/\/www.mundoagropecuario.cl\/new\/ministro-walker-ad-portas-de-reunion-con-iansa-le-pedimos-a-la-empresa-que-haga-su-parte-para-no-cerrar-la-planta-de-linares-esta-temporada\/#breadcrumb\"},\"inLanguage\":\"es\",\"potentialAction\":[{\"@type\":\"ReadAction\",\"target\":[\"https:\/\/www.mundoagropecuario.cl\/new\/ministro-walker-ad-portas-de-reunion-con-iansa-le-pedimos-a-la-empresa-que-haga-su-parte-para-no-cerrar-la-planta-de-linares-esta-temporada\/\"]}]},{\"@type\":\"ImageObject\",\"inLanguage\":\"es\",\"@id\":\"https:\/\/www.mundoagropecuario.cl\/new\/ministro-walker-ad-portas-de-reunion-con-iansa-le-pedimos-a-la-empresa-que-haga-su-parte-para-no-cerrar-la-planta-de-linares-esta-temporada\/#primaryimage\",\"url\":\"https:\/\/www.mundoagropecuario.cl\/new\/wp-content\/uploads\/2018\/07\/walker.jpg\",\"contentUrl\":\"https:\/\/www.mundoagropecuario.cl\/new\/wp-content\/uploads\/2018\/07\/walker.jpg\",\"width\":601,\"height\":400},{\"@type\":\"BreadcrumbList\",\"@id\":\"https:\/\/www.mundoagropecuario.cl\/new\/ministro-walker-ad-portas-de-reunion-con-iansa-le-pedimos-a-la-empresa-que-haga-su-parte-para-no-cerrar-la-planta-de-linares-esta-temporada\/#breadcrumb\",\"itemListElement\":[{\"@type\":\"ListItem\",\"position\":1,\"name\":\"Portada\",\"item\":\"https:\/\/www.mundoagropecuario.cl\/new\/\"},{\"@type\":\"ListItem\",\"position\":2,\"name\":\"Ministro Walker ad portas de reuni\u00f3n con Iansa: \u201cLe pedimos a la empresa que haga su parte para no cerrar la planta de Linares esta temporada\u201d\"}]},{\"@type\":\"WebSite\",\"@id\":\"https:\/\/www.mundoagropecuario.cl\/new\/#website\",\"url\":\"https:\/\/www.mundoagropecuario.cl\/new\/\",\"name\":\"Mundoagropecuario\",\"description\":\"Mundo Agropecuario\",\"publisher\":{\"@id\":\"https:\/\/www.mundoagropecuario.cl\/new\/#organization\"},\"potentialAction\":[{\"@type\":\"SearchAction\",\"target\":{\"@type\":\"EntryPoint\",\"urlTemplate\":\"https:\/\/www.mundoagropecuario.cl\/new\/?s={search_term_string}\"},\"query-input\":{\"@type\":\"PropertyValueSpecification\",\"valueRequired\":true,\"valueName\":\"search_term_string\"}}],\"inLanguage\":\"es\"},{\"@type\":\"Organization\",\"@id\":\"https:\/\/www.mundoagropecuario.cl\/new\/#organization\",\"name\":\"Revista de Agricultura\",\"url\":\"https:\/\/www.mundoagropecuario.cl\/new\/\",\"logo\":{\"@type\":\"ImageObject\",\"inLanguage\":\"es\",\"@id\":\"https:\/\/www.mundoagropecuario.cl\/new\/#\/schema\/logo\/image\/\",\"url\":\"https:\/\/www.mundoagropecuario.cl\/new\/wp-content\/uploads\/2020\/11\/PORTAL-1-1.png\",\"contentUrl\":\"https:\/\/www.mundoagropecuario.cl\/new\/wp-content\/uploads\/2020\/11\/PORTAL-1-1.png\",\"width\":1026,\"height\":100,\"caption\":\"Revista de Agricultura\"},\"image\":{\"@id\":\"https:\/\/www.mundoagropecuario.cl\/new\/#\/schema\/logo\/image\/\"},\"sameAs\":[\"https:\/\/www.facebook.com\/mundo.agropecuario.3\",\"https:\/\/x.com\/MundoAgropecuar\",\"https:\/\/www.linkedin.com\/in\/mundo-agropecuario-934009201\/\"]},{\"@type\":\"Person\",\"@id\":\"https:\/\/www.mundoagropecuario.cl\/new\/#\/schema\/person\/0c221050801c74e45256a7a9a1ff0803\",\"name\":\"periodista\",\"url\":\"https:\/\/www.mundoagropecuario.cl\/new\/author\/periodista\/\"}]}<\/script>\n<!-- \/ Yoast SEO plugin. -->","yoast_head_json":{"title":"Ministro Walker ad portas de reuni\u00f3n con Iansa: \u201cLe pedimos a la empresa que haga su parte para no cerrar la planta de Linares esta temporada\u201d - Mundoagropecuario","robots":{"index":"index","follow":"follow","max-snippet":"max-snippet:-1","max-image-preview":"max-image-preview:large","max-video-preview":"max-video-preview:-1"},"canonical":"https:\/\/www.mundoagropecuario.cl\/new\/ministro-walker-ad-portas-de-reunion-con-iansa-le-pedimos-a-la-empresa-que-haga-su-parte-para-no-cerrar-la-planta-de-linares-esta-temporada\/","og_locale":"es_ES","og_type":"article","og_title":"Ministro Walker ad portas de reuni\u00f3n con Iansa: \u201cLe pedimos a la empresa que haga su parte para no cerrar la planta de Linares esta temporada\u201d - Mundoagropecuario","og_description":"El secretario de Estado destac\u00f3 que el gobierno est\u00e1 abierto a revisar la base de c\u00e1lculo del impuesto verde que actualmente paga la agroindustria y anunci\u00f3 que ma\u00f1ana se reunir\u00e1...","og_url":"https:\/\/www.mundoagropecuario.cl\/new\/ministro-walker-ad-portas-de-reunion-con-iansa-le-pedimos-a-la-empresa-que-haga-su-parte-para-no-cerrar-la-planta-de-linares-esta-temporada\/","og_site_name":"Mundoagropecuario","article_publisher":"https:\/\/www.facebook.com\/mundo.agropecuario.3","article_published_time":"2018-07-25T13:06:20+00:00","article_modified_time":"2018-07-25T13:10:08+00:00","og_image":[{"width":1000,"height":666,"url":"https:\/\/www.mundoagropecuario.cl\/new\/wp-content\/uploads\/2018\/07\/walker.jpg","type":"image\/jpeg"}],"author":"periodista","twitter_card":"summary_large_image","twitter_creator":"@MundoAgropecuar","twitter_site":"@MundoAgropecuar","twitter_misc":{"Escrito por":"periodista","Tiempo de lectura":"3 minutos"},"schema":{"@context":"https:\/\/schema.org","@graph":[{"@type":"Article","@id":"https:\/\/www.mundoagropecuario.cl\/new\/ministro-walker-ad-portas-de-reunion-con-iansa-le-pedimos-a-la-empresa-que-haga-su-parte-para-no-cerrar-la-planta-de-linares-esta-temporada\/#article","isPartOf":{"@id":"https:\/\/www.mundoagropecuario.cl\/new\/ministro-walker-ad-portas-de-reunion-con-iansa-le-pedimos-a-la-empresa-que-haga-su-parte-para-no-cerrar-la-planta-de-linares-esta-temporada\/"},"author":{"name":"periodista","@id":"https:\/\/www.mundoagropecuario.cl\/new\/#\/schema\/person\/0c221050801c74e45256a7a9a1ff0803"},"headline":"Ministro Walker ad portas de reuni\u00f3n con Iansa: \u201cLe pedimos a la empresa que haga su parte para no cerrar la planta de Linares esta temporada\u201d","datePublished":"2018-07-25T13:06:20+00:00","dateModified":"2018-07-25T13:10:08+00:00","mainEntityOfPage":{"@id":"https:\/\/www.mundoagropecuario.cl\/new\/ministro-walker-ad-portas-de-reunion-con-iansa-le-pedimos-a-la-empresa-que-haga-su-parte-para-no-cerrar-la-planta-de-linares-esta-temporada\/"},"wordCount":607,"publisher":{"@id":"https:\/\/www.mundoagropecuario.cl\/new\/#organization"},"image":{"@id":"https:\/\/www.mundoagropecuario.cl\/new\/ministro-walker-ad-portas-de-reunion-con-iansa-le-pedimos-a-la-empresa-que-haga-su-parte-para-no-cerrar-la-planta-de-linares-esta-temporada\/#primaryimage"},"thumbnailUrl":"https:\/\/www.mundoagropecuario.cl\/new\/wp-content\/uploads\/2018\/07\/walker.jpg","articleSection":["Titular 2"],"inLanguage":"es"},{"@type":"WebPage","@id":"https:\/\/www.mundoagropecuario.cl\/new\/ministro-walker-ad-portas-de-reunion-con-iansa-le-pedimos-a-la-empresa-que-haga-su-parte-para-no-cerrar-la-planta-de-linares-esta-temporada\/","url":"https:\/\/www.mundoagropecuario.cl\/new\/ministro-walker-ad-portas-de-reunion-con-iansa-le-pedimos-a-la-empresa-que-haga-su-parte-para-no-cerrar-la-planta-de-linares-esta-temporada\/","name":"Ministro Walker ad portas de reuni\u00f3n con Iansa: \u201cLe pedimos a la empresa que haga su parte para no cerrar la planta de Linares esta temporada\u201d - Mundoagropecuario","isPartOf":{"@id":"https:\/\/www.mundoagropecuario.cl\/new\/#website"},"primaryImageOfPage":{"@id":"https:\/\/www.mundoagropecuario.cl\/new\/ministro-walker-ad-portas-de-reunion-con-iansa-le-pedimos-a-la-empresa-que-haga-su-parte-para-no-cerrar-la-planta-de-linares-esta-temporada\/#primaryimage"},"image":{"@id":"https:\/\/www.mundoagropecuario.cl\/new\/ministro-walker-ad-portas-de-reunion-con-iansa-le-pedimos-a-la-empresa-que-haga-su-parte-para-no-cerrar-la-planta-de-linares-esta-temporada\/#primaryimage"},"thumbnailUrl":"https:\/\/www.mundoagropecuario.cl\/new\/wp-content\/uploads\/2018\/07\/walker.jpg","datePublished":"2018-07-25T13:06:20+00:00","dateModified":"2018-07-25T13:10:08+00:00","breadcrumb":{"@id":"https:\/\/www.mundoagropecuario.cl\/new\/ministro-walker-ad-portas-de-reunion-con-iansa-le-pedimos-a-la-empresa-que-haga-su-parte-para-no-cerrar-la-planta-de-linares-esta-temporada\/#breadcrumb"},"inLanguage":"es","potentialAction":[{"@type":"ReadAction","target":["https:\/\/www.mundoagropecuario.cl\/new\/ministro-walker-ad-portas-de-reunion-con-iansa-le-pedimos-a-la-empresa-que-haga-su-parte-para-no-cerrar-la-planta-de-linares-esta-temporada\/"]}]},{"@type":"ImageObject","inLanguage":"es","@id":"https:\/\/www.mundoagropecuario.cl\/new\/ministro-walker-ad-portas-de-reunion-con-iansa-le-pedimos-a-la-empresa-que-haga-su-parte-para-no-cerrar-la-planta-de-linares-esta-temporada\/#primaryimage","url":"https:\/\/www.mundoagropecuario.cl\/new\/wp-content\/uploads\/2018\/07\/walker.jpg","contentUrl":"https:\/\/www.mundoagropecuario.cl\/new\/wp-content\/uploads\/2018\/07\/walker.jpg","width":601,"height":400},{"@type":"BreadcrumbList","@id":"https:\/\/www.mundoagropecuario.cl\/new\/ministro-walker-ad-portas-de-reunion-con-iansa-le-pedimos-a-la-empresa-que-haga-su-parte-para-no-cerrar-la-planta-de-linares-esta-temporada\/#breadcrumb","itemListElement":[{"@type":"ListItem","position":1,"name":"Portada","item":"https:\/\/www.mundoagropecuario.cl\/new\/"},{"@type":"ListItem","position":2,"name":"Ministro Walker ad portas de reuni\u00f3n con Iansa: \u201cLe pedimos a la empresa que haga su parte para no cerrar la planta de Linares esta temporada\u201d"}]},{"@type":"WebSite","@id":"https:\/\/www.mundoagropecuario.cl\/new\/#website","url":"https:\/\/www.mundoagropecuario.cl\/new\/","name":"Mundoagropecuario","description":"Mundo Agropecuario","publisher":{"@id":"https:\/\/www.mundoagropecuario.cl\/new\/#organization"},"potentialAction":[{"@type":"SearchAction","target":{"@type":"EntryPoint","urlTemplate":"https:\/\/www.mundoagropecuario.cl\/new\/?s={search_term_string}"},"query-input":{"@type":"PropertyValueSpecification","valueRequired":true,"valueName":"search_term_string"}}],"inLanguage":"es"},{"@type":"Organization","@id":"https:\/\/www.mundoagropecuario.cl\/new\/#organization","name":"Revista de Agricultura","url":"https:\/\/www.mundoagropecuario.cl\/new\/","logo":{"@type":"ImageObject","inLanguage":"es","@id":"https:\/\/www.mundoagropecuario.cl\/new\/#\/schema\/logo\/image\/","url":"https:\/\/www.mundoagropecuario.cl\/new\/wp-content\/uploads\/2020\/11\/PORTAL-1-1.png","contentUrl":"https:\/\/www.mundoagropecuario.cl\/new\/wp-content\/uploads\/2020\/11\/PORTAL-1-1.png","width":1026,"height":100,"caption":"Revista de Agricultura"},"image":{"@id":"https:\/\/www.mundoagropecuario.cl\/new\/#\/schema\/logo\/image\/"},"sameAs":["https:\/\/www.facebook.com\/mundo.agropecuario.3","https:\/\/x.com\/MundoAgropecuar","https:\/\/www.linkedin.com\/in\/mundo-agropecuario-934009201\/"]},{"@type":"Person","@id":"https:\/\/www.mundoagropecuario.cl\/new\/#\/schema\/person\/0c221050801c74e45256a7a9a1ff0803","name":"periodista","url":"https:\/\/www.mundoagropecuario.cl\/new\/author\/periodista\/"}]}},"_links":{"self":[{"href":"https:\/\/www.mundoagropecuario.cl\/new\/wp-json\/wp\/v2\/posts\/7772","targetHints":{"allow":["GET"]}}],"collection":[{"href":"https:\/\/www.mundoagropecuario.cl\/new\/wp-json\/wp\/v2\/posts"}],"about":[{"href":"https:\/\/www.mundoagropecuario.cl\/new\/wp-json\/wp\/v2\/types\/post"}],"author":[{"embeddable":true,"href":"https:\/\/www.mundoagropecuario.cl\/new\/wp-json\/wp\/v2\/users\/3"}],"replies":[{"embeddable":true,"href":"https:\/\/www.mundoagropecuario.cl\/new\/wp-json\/wp\/v2\/comments?post=7772"}],"version-history":[{"count":1,"href":"https:\/\/www.mundoagropecuario.cl\/new\/wp-json\/wp\/v2\/posts\/7772\/revisions"}],"predecessor-version":[{"id":7774,"href":"https:\/\/www.mundoagropecuario.cl\/new\/wp-json\/wp\/v2\/posts\/7772\/revisions\/7774"}],"wp:featuredmedia":[{"embeddable":true,"href":"https:\/\/www.mundoagropecuario.cl\/new\/wp-json\/wp\/v2\/media\/7773"}],"wp:attachment":[{"href":"https:\/\/www.mundoagropecuario.cl\/new\/wp-json\/wp\/v2\/media?parent=7772"}],"wp:term":[{"taxonomy":"category","embeddable":true,"href":"https:\/\/www.mundoagropecuario.cl\/new\/wp-json\/wp\/v2\/categories?post=7772"},{"taxonomy":"post_tag","embeddable":true,"href":"https:\/\/www.mundoagropecuario.cl\/new\/wp-json\/wp\/v2\/tags?post=7772"}],"curies":[{"name":"wp","href":"https:\/\/api.w.org\/{rel}","templated":true}]}}